{"id":1339,"date":"2025-06-23T07:52:43","date_gmt":"2025-06-23T05:52:43","guid":{"rendered":"https:\/\/veritasinfo.org\/?p=1339"},"modified":"2025-06-23T07:52:43","modified_gmt":"2025-06-23T05:52:43","slug":"denimet-per-krime-lufte-dallime-mes-gjykatave-ne-kosove-dhe-gjykates-speciale","status":"publish","type":"post","link":"https:\/\/veritasinfo.org\/?p=1339","title":{"rendered":"D\u00ebnimet p\u00ebr krime lufte, dallime mes gjykatave n\u00eb Kosov\u00eb dhe Gjykat\u00ebs Speciale"},"content":{"rendered":"<p><strong>Prishtin\u00eb, 23 Qershor, 2025<\/strong><\/p>\n<p>Avokat\u00ebt n\u00eb Kosov\u00eb po k\u00ebrkojn\u00eb moszbatimin e Kodit penal t\u00eb Ish-Jugosllavis\u00eb n\u00eb rastet e krimeve t\u00eb luft\u00ebs. Ata thon\u00eb se kjo parktik\u00eb duhet ndryshuar, meq\u00eb n\u00eb Dhomat e Specializuara p\u00ebr Kosov\u00ebn, d\u00ebnimet p\u00ebr krime lufte nuk bazohen n\u00eb k\u00ebt\u00eb ligj dhe jan\u00eb m\u00eb t\u00eb larta.<\/p>\n<p>Para disa dit\u00ebsh, Gjykata Themelore n\u00eb Prishtin\u00eb shpalli edhe nj\u00eb aktgjykim d\u00ebnues p\u00ebr krime lufte ndaj Zoran Vukotiqit.<\/p>\n<p>Megjithata\u00eb d\u00ebnimi i shqiptuar p\u00ebr vrasjen e nj\u00eb 14-vje\u00e7ari m\u00eb 1999, ishte 15 vjet.<\/p>\n<p>\u201cLigjit t\u00eb ish Republik\u00ebs Federative penal t\u00eb Jugosllavis\u00eb, anadaj gjykata duke u bazuar n\u00eb nenet e LPJ-s\u00eb dhe kodin e procedur\u00ebs penale\u2026. \u201c<\/p>\n<p>Ky nuk \u00ebsht\u00eb rasti i vet\u00ebm, q\u00eb gjykatat n\u00eb Kosov\u00eb shqiptojn\u00eb d\u00ebnime me kaq vite, i cili \u00ebsht\u00eb m\u00eb i larti q\u00eb parasheh Kodi Penal i Ish-Jugosllavis\u00eb, n\u00eb t\u00eb cilin bazohen gjykatat e Kosov\u00ebs shkaku q\u00eb ai ka qen\u00eb n\u00eb fuqi kur vepra penale \u00ebsht\u00eb kryer.<\/p>\n<p>Kjo praktik\u00eb, sipas avokat\u00ebve duhet t\u00eb ndryshohet.<\/p>\n<p>\u201cLegjislacioni n\u00eb Kosov\u00eb apo korniza e mbetur nga e kaluara apo ligji i aplikuar n\u00eb Kosov\u00eb, e q\u00eb bazohet n\u00eb legjislacionin e ish jugosllavis\u00eb nga e kaluara mendoj se duhet t\u00eb ndryshoj\u00eb ajo pak korniz\u00eb ligjore q\u00eb ka mbet duhet t\u00eb ndryshohet, dhe Republika e Kosov\u00ebs n\u00eb munges\u00eb t\u00eb legjilsacionit adekuar pastaj \u00ebsht\u00eb e obliguar q\u00eb Gjykatat e saj t\u00eb kufizohet n\u00eb lart\u00ebsin\u00eb e sanksionit penal..\u201d, ka deklaruar Musa Damati \u2013 Avokat.<\/p>\n<p>Megjithat\u00eb nj\u00eb kod t\u00eb till\u00eb nuk e aplikojn\u00eb edhe gjyqtar\u00ebt e Dhomave t\u00eb Specializuara p\u00ebr Kosov\u00ebn, e q\u00eb sipas avokat\u00ebve, t\u00eb nj\u00ebjtit jan\u00eb duke b\u00ebr\u00eb shkelje ligjore.<\/p>\n<p>\u201cKy detyrim ligjor \u00ebsht\u00eb i p\u00ebrshkruar edhe nenin 15 p\u00ebr ligjin e dhomave t\u00eb specializuara ku fatkeq\u00ebsisht dhomat e specializuara p\u00ebr Kosov\u00ebn, t\u00eb cilat administrohen apo udh\u00ebheqen nga stafi nd\u00ebrkomb\u00ebtar, nga gjyq\u00ebtar\u00eb nd\u00ebrkomb\u00ebtar n\u00eb m\u00ebnyre krejt\u00ebsisht jo parimore nuk jan\u00eb duke e zbatuar nenin 15..\u201d, ka deklaruar Xhevdet Smakiqi \u2013 Avokat.<\/p>\n<p>\u201c\u00cbsht\u00eb n\u00eb kund\u00ebsrshtim t\u00eb plot\u00eb me parimin e legalitetit i cili edhe \u00ebsht\u00eb gurthemel i s\u00eb drejt\u00ebs penale, q\u00eb parasheh q\u00eb d\u00ebnimi i shqiptuar p\u00ebr nj\u00eb vep\u00ebr penale nuk mund t\u00eb jet\u00eb m\u00eb i ashp\u00ebr sesa q\u00eb ka qen\u00eb i p\u00ebrcaktuar me ligj n\u00eb koh\u00ebn e kryerjes s\u00eb vepr\u00ebs penale, q\u00eb dmth nuk mund t\u00eb anashkalohet ky ligj e t\u00eb zbatohet Kodi penal i Kosov\u00ebs..\u201d, ka theksuar Meshari Selimaj \u2013 Avokat.<\/p>\n<p>P\u00ebr krime lufte, Dhomat e Specializuara p\u00ebr Kosov\u00ebn, d\u00ebnuan Salih Mustaf\u00ebn me 26 vjet burgim, por q\u00eb ky d\u00ebnim i ishte ulur n\u00eb 15 vjet. Edhe Pejt\u00ebr Shala u d\u00ebnua nga Specialja p\u00ebr krime lufte, me 18 vjet burgim. (Burimi-Rtv Dukagjini)<\/p>\n","protected":false},"excerpt":{"rendered":"<p>Prishtin\u00eb, 23 Qershor, 2025 Avokat\u00ebt n\u00eb Kosov\u00eb po k\u00ebrkojn\u00eb moszbatimin e Kodit penal t\u00eb Ish-Jugosllavis\u00eb n\u00eb rastet e krimeve t\u00eb luft\u00ebs. Ata thon\u00eb se kjo<\/p>\n","protected":false},"author":2,"featured_media":1340,"comment_status":"open","ping_status":"open","sticky":false,"template":"","format":"standard","meta":{"footnotes":""},"categories":[60],"tags":[],"class_list":["post-1339","post","type-post","status-publish","format-standard","has-post-thumbnail","hentry","category-shoqerore-sq"],"yoast_head":"<!-- This site is optimized with the Yoast SEO plugin v25.3.1 - https:\/\/yoast.com\/wordpress\/plugins\/seo\/ -->\n<title>D\u00ebnimet p\u00ebr krime lufte, dallime mes gjykatave n\u00eb Kosov\u00eb dhe Gjykat\u00ebs Speciale -<\/title>\n<meta name=\"robots\" content=\"index, follow, max-snippet:-1, max-image-preview:large, max-video-preview:-1\" \/>\n<link rel=\"canonical\" href=\"https:\/\/veritasinfo.org\/?p=1339\" \/>\n<meta property=\"og:locale\" content=\"en_US\" \/>\n<meta property=\"og:type\" content=\"article\" \/>\n<meta property=\"og:title\" content=\"D\u00ebnimet p\u00ebr krime lufte, dallime mes gjykatave n\u00eb Kosov\u00eb dhe Gjykat\u00ebs Speciale -\" \/>\n<meta property=\"og:description\" content=\"Prishtin\u00eb, 23 Qershor, 2025 Avokat\u00ebt n\u00eb Kosov\u00eb po k\u00ebrkojn\u00eb moszbatimin e Kodit penal t\u00eb Ish-Jugosllavis\u00eb n\u00eb rastet e krimeve t\u00eb luft\u00ebs. Ata thon\u00eb se kjo\" \/>\n<meta property=\"og:url\" content=\"https:\/\/veritasinfo.org\/?p=1339\" \/>\n<meta property=\"article:published_time\" content=\"2025-06-23T05:52:43+00:00\" \/>\n<meta property=\"og:image\" content=\"https:\/\/veritasinfo.org\/wp-content\/uploads\/2025\/06\/gjyqi.webp\" \/>\n\t<meta property=\"og:image:width\" content=\"1663\" \/>\n\t<meta property=\"og:image:height\" content=\"935\" \/>\n\t<meta property=\"og:image:type\" content=\"image\/webp\" \/>\n<meta name=\"author\" content=\"US1\" \/>\n<meta name=\"twitter:card\" content=\"summary_large_image\" \/>\n<meta name=\"twitter:label1\" content=\"Written by\" \/>\n\t<meta name=\"twitter:data1\" content=\"US1\" \/>\n\t<meta name=\"twitter:label2\" content=\"Est. reading time\" \/>\n\t<meta name=\"twitter:data2\" content=\"3 minutes\" \/>\n<script type=\"application\/ld+json\" class=\"yoast-schema-graph\">{\"@context\":\"https:\/\/schema.org\",\"@graph\":[{\"@type\":\"WebPage\",\"@id\":\"https:\/\/veritasinfo.org\/?p=1339\",\"url\":\"https:\/\/veritasinfo.org\/?p=1339\",\"name\":\"D\u00ebnimet p\u00ebr krime lufte, dallime mes gjykatave n\u00eb Kosov\u00eb dhe Gjykat\u00ebs Speciale -\",\"isPartOf\":{\"@id\":\"https:\/\/veritasinfo.org\/#website\"},\"primaryImageOfPage\":{\"@id\":\"https:\/\/veritasinfo.org\/?p=1339#primaryimage\"},\"image\":{\"@id\":\"https:\/\/veritasinfo.org\/?p=1339#primaryimage\"},\"thumbnailUrl\":\"https:\/\/veritasinfo.org\/wp-content\/uploads\/2025\/06\/gjyqi.webp\",\"datePublished\":\"2025-06-23T05:52:43+00:00\",\"author\":{\"@id\":\"https:\/\/veritasinfo.org\/#\/schema\/person\/c2b8be262ea994d0995addca692c5e98\"},\"breadcrumb\":{\"@id\":\"https:\/\/veritasinfo.org\/?p=1339#breadcrumb\"},\"inLanguage\":\"en-US\",\"potentialAction\":[{\"@type\":\"ReadAction\",\"target\":[\"https:\/\/veritasinfo.org\/?p=1339\"]}]},{\"@type\":\"ImageObject\",\"inLanguage\":\"en-US\",\"@id\":\"https:\/\/veritasinfo.org\/?p=1339#primaryimage\",\"url\":\"https:\/\/veritasinfo.org\/wp-content\/uploads\/2025\/06\/gjyqi.webp\",\"contentUrl\":\"https:\/\/veritasinfo.org\/wp-content\/uploads\/2025\/06\/gjyqi.webp\",\"width\":1663,\"height\":935},{\"@type\":\"BreadcrumbList\",\"@id\":\"https:\/\/veritasinfo.org\/?p=1339#breadcrumb\",\"itemListElement\":[{\"@type\":\"ListItem\",\"position\":1,\"name\":\"Home\",\"item\":\"https:\/\/veritasinfo.org\/\"},{\"@type\":\"ListItem\",\"position\":2,\"name\":\"D\u00ebnimet p\u00ebr krime lufte, dallime mes gjykatave n\u00eb Kosov\u00eb dhe Gjykat\u00ebs Speciale\"}]},{\"@type\":\"WebSite\",\"@id\":\"https:\/\/veritasinfo.org\/#website\",\"url\":\"https:\/\/veritasinfo.org\/\",\"name\":\"\",\"description\":\"\",\"potentialAction\":[{\"@type\":\"SearchAction\",\"target\":{\"@type\":\"EntryPoint\",\"urlTemplate\":\"https:\/\/veritasinfo.org\/?s={search_term_string}\"},\"query-input\":{\"@type\":\"PropertyValueSpecification\",\"valueRequired\":true,\"valueName\":\"search_term_string\"}}],\"inLanguage\":\"en-US\"},{\"@type\":\"Person\",\"@id\":\"https:\/\/veritasinfo.org\/#\/schema\/person\/c2b8be262ea994d0995addca692c5e98\",\"name\":\"US1\",\"image\":{\"@type\":\"ImageObject\",\"inLanguage\":\"en-US\",\"@id\":\"https:\/\/veritasinfo.org\/#\/schema\/person\/image\/\",\"url\":\"https:\/\/secure.gravatar.com\/avatar\/4e96a59bd256abf9956eb9963ac891a47461ffb364d47b0e9aab113328fdb75b?s=96&d=mm&r=g\",\"contentUrl\":\"https:\/\/secure.gravatar.com\/avatar\/4e96a59bd256abf9956eb9963ac891a47461ffb364d47b0e9aab113328fdb75b?s=96&d=mm&r=g\",\"caption\":\"US1\"},\"url\":\"https:\/\/veritasinfo.org\/?author=2\"}]}<\/script>\n<!-- \/ Yoast SEO plugin. -->","yoast_head_json":{"title":"D\u00ebnimet p\u00ebr krime lufte, dallime mes gjykatave n\u00eb Kosov\u00eb dhe Gjykat\u00ebs Speciale -","robots":{"index":"index","follow":"follow","max-snippet":"max-snippet:-1","max-image-preview":"max-image-preview:large","max-video-preview":"max-video-preview:-1"},"canonical":"https:\/\/veritasinfo.org\/?p=1339","og_locale":"en_US","og_type":"article","og_title":"D\u00ebnimet p\u00ebr krime lufte, dallime mes gjykatave n\u00eb Kosov\u00eb dhe Gjykat\u00ebs Speciale -","og_description":"Prishtin\u00eb, 23 Qershor, 2025 Avokat\u00ebt n\u00eb Kosov\u00eb po k\u00ebrkojn\u00eb moszbatimin e Kodit penal t\u00eb Ish-Jugosllavis\u00eb n\u00eb rastet e krimeve t\u00eb luft\u00ebs. Ata thon\u00eb se kjo","og_url":"https:\/\/veritasinfo.org\/?p=1339","article_published_time":"2025-06-23T05:52:43+00:00","og_image":[{"width":1663,"height":935,"url":"https:\/\/veritasinfo.org\/wp-content\/uploads\/2025\/06\/gjyqi.webp","type":"image\/webp"}],"author":"US1","twitter_card":"summary_large_image","twitter_misc":{"Written by":"US1","Est. reading time":"3 minutes"},"schema":{"@context":"https:\/\/schema.org","@graph":[{"@type":"WebPage","@id":"https:\/\/veritasinfo.org\/?p=1339","url":"https:\/\/veritasinfo.org\/?p=1339","name":"D\u00ebnimet p\u00ebr krime lufte, dallime mes gjykatave n\u00eb Kosov\u00eb dhe Gjykat\u00ebs Speciale -","isPartOf":{"@id":"https:\/\/veritasinfo.org\/#website"},"primaryImageOfPage":{"@id":"https:\/\/veritasinfo.org\/?p=1339#primaryimage"},"image":{"@id":"https:\/\/veritasinfo.org\/?p=1339#primaryimage"},"thumbnailUrl":"https:\/\/veritasinfo.org\/wp-content\/uploads\/2025\/06\/gjyqi.webp","datePublished":"2025-06-23T05:52:43+00:00","author":{"@id":"https:\/\/veritasinfo.org\/#\/schema\/person\/c2b8be262ea994d0995addca692c5e98"},"breadcrumb":{"@id":"https:\/\/veritasinfo.org\/?p=1339#breadcrumb"},"inLanguage":"en-US","potentialAction":[{"@type":"ReadAction","target":["https:\/\/veritasinfo.org\/?p=1339"]}]},{"@type":"ImageObject","inLanguage":"en-US","@id":"https:\/\/veritasinfo.org\/?p=1339#primaryimage","url":"https:\/\/veritasinfo.org\/wp-content\/uploads\/2025\/06\/gjyqi.webp","contentUrl":"https:\/\/veritasinfo.org\/wp-content\/uploads\/2025\/06\/gjyqi.webp","width":1663,"height":935},{"@type":"BreadcrumbList","@id":"https:\/\/veritasinfo.org\/?p=1339#breadcrumb","itemListElement":[{"@type":"ListItem","position":1,"name":"Home","item":"https:\/\/veritasinfo.org\/"},{"@type":"ListItem","position":2,"name":"D\u00ebnimet p\u00ebr krime lufte, dallime mes gjykatave n\u00eb Kosov\u00eb dhe Gjykat\u00ebs Speciale"}]},{"@type":"WebSite","@id":"https:\/\/veritasinfo.org\/#website","url":"https:\/\/veritasinfo.org\/","name":"","description":"","potentialAction":[{"@type":"SearchAction","target":{"@type":"EntryPoint","urlTemplate":"https:\/\/veritasinfo.org\/?s={search_term_string}"},"query-input":{"@type":"PropertyValueSpecification","valueRequired":true,"valueName":"search_term_string"}}],"inLanguage":"en-US"},{"@type":"Person","@id":"https:\/\/veritasinfo.org\/#\/schema\/person\/c2b8be262ea994d0995addca692c5e98","name":"US1","image":{"@type":"ImageObject","inLanguage":"en-US","@id":"https:\/\/veritasinfo.org\/#\/schema\/person\/image\/","url":"https:\/\/secure.gravatar.com\/avatar\/4e96a59bd256abf9956eb9963ac891a47461ffb364d47b0e9aab113328fdb75b?s=96&d=mm&r=g","contentUrl":"https:\/\/secure.gravatar.com\/avatar\/4e96a59bd256abf9956eb9963ac891a47461ffb364d47b0e9aab113328fdb75b?s=96&d=mm&r=g","caption":"US1"},"url":"https:\/\/veritasinfo.org\/?author=2"}]}},"featured_image_urls":{"full":["https:\/\/veritasinfo.org\/wp-content\/uploads\/2025\/06\/gjyqi.webp",1663,935,false],"thumbnail":["https:\/\/veritasinfo.org\/wp-content\/uploads\/2025\/06\/gjyqi-150x150.webp",150,150,true],"medium":["https:\/\/veritasinfo.org\/wp-content\/uploads\/2025\/06\/gjyqi-300x169.webp",300,169,true],"medium_large":["https:\/\/veritasinfo.org\/wp-content\/uploads\/2025\/06\/gjyqi-768x432.webp",640,360,true],"large":["https:\/\/veritasinfo.org\/wp-content\/uploads\/2025\/06\/gjyqi-1024x576.webp",640,360,true],"1536x1536":["https:\/\/veritasinfo.org\/wp-content\/uploads\/2025\/06\/gjyqi-1536x864.webp",1536,864,true],"2048x2048":["https:\/\/veritasinfo.org\/wp-content\/uploads\/2025\/06\/gjyqi.webp",1663,935,false],"kreeti-slider-full":["https:\/\/veritasinfo.org\/wp-content\/uploads\/2025\/06\/gjyqi.webp",1280,720,false],"kreeti-featured":["https:\/\/veritasinfo.org\/wp-content\/uploads\/2025\/06\/gjyqi.webp",1024,576,false],"kreeti-medium":["https:\/\/veritasinfo.org\/wp-content\/uploads\/2025\/06\/gjyqi.webp",720,405,false],"kreeti-medium-square":["https:\/\/veritasinfo.org\/wp-content\/uploads\/2025\/06\/gjyqi.webp",350,197,false]},"author_info":{"info":["US1"]},"category_info":"<a href=\"https:\/\/veritasinfo.org\/?cat=60\" rel=\"category\">Shoq\u00ebrore<\/a>","tag_info":"Shoq\u00ebrore","comment_count":"0","_links":{"self":[{"href":"https:\/\/veritasinfo.org\/index.php?rest_route=\/wp\/v2\/posts\/1339","targetHints":{"allow":["GET"]}}],"collection":[{"href":"https:\/\/veritasinfo.org\/index.php?rest_route=\/wp\/v2\/posts"}],"about":[{"href":"https:\/\/veritasinfo.org\/index.php?rest_route=\/wp\/v2\/types\/post"}],"author":[{"embeddable":true,"href":"https:\/\/veritasinfo.org\/index.php?rest_route=\/wp\/v2\/users\/2"}],"replies":[{"embeddable":true,"href":"https:\/\/veritasinfo.org\/index.php?rest_route=%2Fwp%2Fv2%2Fcomments&post=1339"}],"version-history":[{"count":1,"href":"https:\/\/veritasinfo.org\/index.php?rest_route=\/wp\/v2\/posts\/1339\/revisions"}],"predecessor-version":[{"id":1341,"href":"https:\/\/veritasinfo.org\/index.php?rest_route=\/wp\/v2\/posts\/1339\/revisions\/1341"}],"wp:featuredmedia":[{"embeddable":true,"href":"https:\/\/veritasinfo.org\/index.php?rest_route=\/wp\/v2\/media\/1340"}],"wp:attachment":[{"href":"https:\/\/veritasinfo.org\/index.php?rest_route=%2Fwp%2Fv2%2Fmedia&parent=1339"}],"wp:term":[{"taxonomy":"category","embeddable":true,"href":"https:\/\/veritasinfo.org\/index.php?rest_route=%2Fwp%2Fv2%2Fcategories&post=1339"},{"taxonomy":"post_tag","embeddable":true,"href":"https:\/\/veritasinfo.org\/index.php?rest_route=%2Fwp%2Fv2%2Ftags&post=1339"}],"curies":[{"name":"wp","href":"https:\/\/api.w.org\/{rel}","templated":true}]}}