{"id":13371,"date":"2025-09-23T19:04:34","date_gmt":"2025-09-23T17:04:34","guid":{"rendered":"https:\/\/veritasinfo.org\/?p=13371"},"modified":"2025-09-23T19:04:34","modified_gmt":"2025-09-23T17:04:34","slug":"milan-radoicic-viziton-kosjericin-qytetaret-ne-alarm","status":"publish","type":"post","link":"https:\/\/veritasinfo.org\/?p=13371","title":{"rendered":"Milan Radoi\u00e7i\u00e7 \u201cviziton\u201d Kosjeri\u00e7in \u2013 qytetar\u00ebt n\u00eb alarm"},"content":{"rendered":"<p>Kosjeri\u00e7, 23 shtator 2025<\/p>\n<p>Grupi i qytetar\u00ebve &#8220;Njer\u00ebz t\u00eb past\u00ebr p\u00ebr nj\u00eb Kosjeri\u00e7 t\u00eb past\u00ebr&#8221; njoftoi sot se qyteti i tyre \u00ebsht\u00eb vizituar nga nj\u00eb grup, si\u00e7 thon\u00eb ata, personash t\u00eb dyshimt\u00eb, gj\u00eb q\u00eb shkaktoi shqet\u00ebsim serioz tek qytetar\u00ebt. Midis tyre, thon\u00eb ata, ishte Milan Radoi\u00e7i\u00e7, ish-n\u00ebnkryetari i List\u00ebs Serbe, i cili, sipas d\u00ebshmis\u00eb s\u00eb tij, organizoi konfliktin e armatosur n\u00eb Banjska.<\/p>\n<p>Sipas informacionit t\u00eb publikuar, vizitor\u00ebt mb\u00ebrrit\u00ebn n\u00eb Kosjeri\u00e7 rreth or\u00ebs 13:30 me disa xhipa dhe u prit\u00ebn nga biznesmeni vendas Slobodan Gjuki\u00e7, i cili i priti p\u00ebrpara kafenes\u00eb &#8220;Boing&#8221;. Pas k\u00ebsaj, si\u00e7 thuhet n\u00eb njoftim, grupi shkoi n\u00eb kafenen\u00eb &#8220;Bozhoviq&#8221;, ku u prit\u00ebn nga kryetari n\u00eb largim i komun\u00ebs Zharko Gjoki\u00e7 dhe k\u00ebshilltari i tij Dalibor Vuji\u00e7.<\/p>\n<p>Gjat\u00eb bised\u00ebs, babai i kryetarit t\u00eb komun\u00ebs iu bashkua atyre, dhe sipas njohurive t\u00eb grupit, midis vizitor\u00ebve ishte edhe Milan Radoi\u00e7i\u00e7.<\/p>\n<p>Grupi i qytetar\u00ebve thekson se gjat\u00eb q\u00ebndrimit t\u00eb tyre, vizitor\u00ebt kontrollonin mjedisin, kufizonin aksesin dhe madje pengonin daljen nga baret aty pran\u00eb, gj\u00eb q\u00eb shkaktoi nj\u00eb ndjenj\u00eb frike tek qytetar\u00ebt.<\/p>\n<p>N\u00eb njoftim, Zharko Gjokiqit i \u00a0k\u00ebrkohet t&#8217;i shpjegoj\u00eb publikut: \u201cKush jan\u00eb njer\u00ebzit q\u00eb q\u00ebndruan n\u00eb qytet? \u201cPse erdh\u00ebn dhe me \u00e7far\u00eb q\u00ebllimi? \u201cA \u00ebsht\u00eb detyra e tyre t\u00eb &#8220;mbrojn\u00eb dhe ruajn\u00eb&#8221; presidentin, dhe n\u00ebse po &#8211; nga kush? Grupi thot\u00eb se njer\u00ebzit nuk do ta mb\u00ebshtesin at\u00eb n\u00ebse &#8220;mbrojtja&#8221; q\u00eb vjen ka motive t\u00eb paqarta ose t\u00eb dyshimta.<\/p>\n<p>&nbsp;<\/p>\n","protected":false},"excerpt":{"rendered":"<p>Kosjeri\u00e7, 23 shtator 2025 Grupi i qytetar\u00ebve &#8220;Njer\u00ebz t\u00eb past\u00ebr p\u00ebr nj\u00eb Kosjeri\u00e7 t\u00eb past\u00ebr&#8221; njoftoi sot se qyteti i tyre \u00ebsht\u00eb vizituar nga nj\u00eb<\/p>\n","protected":false},"author":7,"featured_media":13372,"comment_status":"open","ping_status":"open","sticky":false,"template":"","format":"standard","meta":{"footnotes":""},"categories":[58],"tags":[],"class_list":["post-13371","post","type-post","status-publish","format-standard","has-post-thumbnail","hentry","category-politike-sq"],"yoast_head":"<!-- This site is optimized with the Yoast SEO plugin v25.3.1 - https:\/\/yoast.com\/wordpress\/plugins\/seo\/ -->\n<title>Milan Radoi\u00e7i\u00e7 \u201cviziton\u201d Kosjeri\u00e7in \u2013 qytetar\u00ebt n\u00eb alarm -<\/title>\n<meta name=\"robots\" content=\"index, follow, max-snippet:-1, max-image-preview:large, max-video-preview:-1\" \/>\n<link rel=\"canonical\" href=\"https:\/\/veritasinfo.org\/?p=13371\" \/>\n<meta property=\"og:locale\" content=\"en_US\" \/>\n<meta property=\"og:type\" content=\"article\" \/>\n<meta property=\"og:title\" content=\"Milan Radoi\u00e7i\u00e7 \u201cviziton\u201d Kosjeri\u00e7in \u2013 qytetar\u00ebt n\u00eb alarm -\" \/>\n<meta property=\"og:description\" content=\"Kosjeri\u00e7, 23 shtator 2025 Grupi i qytetar\u00ebve &#8220;Njer\u00ebz t\u00eb past\u00ebr p\u00ebr nj\u00eb Kosjeri\u00e7 t\u00eb past\u00ebr&#8221; njoftoi sot se qyteti i tyre \u00ebsht\u00eb vizituar nga nj\u00eb\" \/>\n<meta property=\"og:url\" content=\"https:\/\/veritasinfo.org\/?p=13371\" \/>\n<meta property=\"article:published_time\" content=\"2025-09-23T17:04:34+00:00\" \/>\n<meta property=\"og:image\" content=\"https:\/\/veritasinfo.org\/wp-content\/uploads\/2025\/09\/c74de84a-e980-4f84-b694-8ebeb8ff304f.jpg\" \/>\n\t<meta property=\"og:image:width\" content=\"620\" \/>\n\t<meta property=\"og:image:height\" content=\"384\" \/>\n\t<meta property=\"og:image:type\" content=\"image\/jpeg\" \/>\n<meta name=\"author\" content=\"US6\" \/>\n<meta name=\"twitter:card\" content=\"summary_large_image\" \/>\n<meta name=\"twitter:label1\" content=\"Written by\" \/>\n\t<meta name=\"twitter:data1\" content=\"US6\" \/>\n\t<meta name=\"twitter:label2\" content=\"Est. reading time\" \/>\n\t<meta name=\"twitter:data2\" content=\"2 minutes\" \/>\n<script type=\"application\/ld+json\" class=\"yoast-schema-graph\">{\"@context\":\"https:\/\/schema.org\",\"@graph\":[{\"@type\":\"WebPage\",\"@id\":\"https:\/\/veritasinfo.org\/?p=13371\",\"url\":\"https:\/\/veritasinfo.org\/?p=13371\",\"name\":\"Milan Radoi\u00e7i\u00e7 \u201cviziton\u201d Kosjeri\u00e7in \u2013 qytetar\u00ebt n\u00eb alarm -\",\"isPartOf\":{\"@id\":\"https:\/\/veritasinfo.org\/#website\"},\"primaryImageOfPage\":{\"@id\":\"https:\/\/veritasinfo.org\/?p=13371#primaryimage\"},\"image\":{\"@id\":\"https:\/\/veritasinfo.org\/?p=13371#primaryimage\"},\"thumbnailUrl\":\"https:\/\/veritasinfo.org\/wp-content\/uploads\/2025\/09\/c74de84a-e980-4f84-b694-8ebeb8ff304f.jpg\",\"datePublished\":\"2025-09-23T17:04:34+00:00\",\"author\":{\"@id\":\"https:\/\/veritasinfo.org\/#\/schema\/person\/fe199eede04c3937362892b7444747cc\"},\"breadcrumb\":{\"@id\":\"https:\/\/veritasinfo.org\/?p=13371#breadcrumb\"},\"inLanguage\":\"en-US\",\"potentialAction\":[{\"@type\":\"ReadAction\",\"target\":[\"https:\/\/veritasinfo.org\/?p=13371\"]}]},{\"@type\":\"ImageObject\",\"inLanguage\":\"en-US\",\"@id\":\"https:\/\/veritasinfo.org\/?p=13371#primaryimage\",\"url\":\"https:\/\/veritasinfo.org\/wp-content\/uploads\/2025\/09\/c74de84a-e980-4f84-b694-8ebeb8ff304f.jpg\",\"contentUrl\":\"https:\/\/veritasinfo.org\/wp-content\/uploads\/2025\/09\/c74de84a-e980-4f84-b694-8ebeb8ff304f.jpg\",\"width\":620,\"height\":384},{\"@type\":\"BreadcrumbList\",\"@id\":\"https:\/\/veritasinfo.org\/?p=13371#breadcrumb\",\"itemListElement\":[{\"@type\":\"ListItem\",\"position\":1,\"name\":\"Home\",\"item\":\"https:\/\/veritasinfo.org\/\"},{\"@type\":\"ListItem\",\"position\":2,\"name\":\"Milan Radoi\u00e7i\u00e7 \u201cviziton\u201d Kosjeri\u00e7in \u2013 qytetar\u00ebt n\u00eb alarm\"}]},{\"@type\":\"WebSite\",\"@id\":\"https:\/\/veritasinfo.org\/#website\",\"url\":\"https:\/\/veritasinfo.org\/\",\"name\":\"\",\"description\":\"\",\"potentialAction\":[{\"@type\":\"SearchAction\",\"target\":{\"@type\":\"EntryPoint\",\"urlTemplate\":\"https:\/\/veritasinfo.org\/?s={search_term_string}\"},\"query-input\":{\"@type\":\"PropertyValueSpecification\",\"valueRequired\":true,\"valueName\":\"search_term_string\"}}],\"inLanguage\":\"en-US\"},{\"@type\":\"Person\",\"@id\":\"https:\/\/veritasinfo.org\/#\/schema\/person\/fe199eede04c3937362892b7444747cc\",\"name\":\"US6\",\"image\":{\"@type\":\"ImageObject\",\"inLanguage\":\"en-US\",\"@id\":\"https:\/\/veritasinfo.org\/#\/schema\/person\/image\/\",\"url\":\"https:\/\/secure.gravatar.com\/avatar\/cb16c3c31c9d23b9b8c705964598220b3014e42ff51eb540ff23cefa3ae8c15f?s=96&d=mm&r=g\",\"contentUrl\":\"https:\/\/secure.gravatar.com\/avatar\/cb16c3c31c9d23b9b8c705964598220b3014e42ff51eb540ff23cefa3ae8c15f?s=96&d=mm&r=g\",\"caption\":\"US6\"},\"url\":\"https:\/\/veritasinfo.org\/?author=7\"}]}<\/script>\n<!-- \/ Yoast SEO plugin. -->","yoast_head_json":{"title":"Milan Radoi\u00e7i\u00e7 \u201cviziton\u201d Kosjeri\u00e7in \u2013 qytetar\u00ebt n\u00eb alarm -","robots":{"index":"index","follow":"follow","max-snippet":"max-snippet:-1","max-image-preview":"max-image-preview:large","max-video-preview":"max-video-preview:-1"},"canonical":"https:\/\/veritasinfo.org\/?p=13371","og_locale":"en_US","og_type":"article","og_title":"Milan Radoi\u00e7i\u00e7 \u201cviziton\u201d Kosjeri\u00e7in \u2013 qytetar\u00ebt n\u00eb alarm -","og_description":"Kosjeri\u00e7, 23 shtator 2025 Grupi i qytetar\u00ebve &#8220;Njer\u00ebz t\u00eb past\u00ebr p\u00ebr nj\u00eb Kosjeri\u00e7 t\u00eb past\u00ebr&#8221; njoftoi sot se qyteti i tyre \u00ebsht\u00eb vizituar nga nj\u00eb","og_url":"https:\/\/veritasinfo.org\/?p=13371","article_published_time":"2025-09-23T17:04:34+00:00","og_image":[{"width":620,"height":384,"url":"https:\/\/veritasinfo.org\/wp-content\/uploads\/2025\/09\/c74de84a-e980-4f84-b694-8ebeb8ff304f.jpg","type":"image\/jpeg"}],"author":"US6","twitter_card":"summary_large_image","twitter_misc":{"Written by":"US6","Est. reading time":"2 minutes"},"schema":{"@context":"https:\/\/schema.org","@graph":[{"@type":"WebPage","@id":"https:\/\/veritasinfo.org\/?p=13371","url":"https:\/\/veritasinfo.org\/?p=13371","name":"Milan Radoi\u00e7i\u00e7 \u201cviziton\u201d Kosjeri\u00e7in \u2013 qytetar\u00ebt n\u00eb alarm -","isPartOf":{"@id":"https:\/\/veritasinfo.org\/#website"},"primaryImageOfPage":{"@id":"https:\/\/veritasinfo.org\/?p=13371#primaryimage"},"image":{"@id":"https:\/\/veritasinfo.org\/?p=13371#primaryimage"},"thumbnailUrl":"https:\/\/veritasinfo.org\/wp-content\/uploads\/2025\/09\/c74de84a-e980-4f84-b694-8ebeb8ff304f.jpg","datePublished":"2025-09-23T17:04:34+00:00","author":{"@id":"https:\/\/veritasinfo.org\/#\/schema\/person\/fe199eede04c3937362892b7444747cc"},"breadcrumb":{"@id":"https:\/\/veritasinfo.org\/?p=13371#breadcrumb"},"inLanguage":"en-US","potentialAction":[{"@type":"ReadAction","target":["https:\/\/veritasinfo.org\/?p=13371"]}]},{"@type":"ImageObject","inLanguage":"en-US","@id":"https:\/\/veritasinfo.org\/?p=13371#primaryimage","url":"https:\/\/veritasinfo.org\/wp-content\/uploads\/2025\/09\/c74de84a-e980-4f84-b694-8ebeb8ff304f.jpg","contentUrl":"https:\/\/veritasinfo.org\/wp-content\/uploads\/2025\/09\/c74de84a-e980-4f84-b694-8ebeb8ff304f.jpg","width":620,"height":384},{"@type":"BreadcrumbList","@id":"https:\/\/veritasinfo.org\/?p=13371#breadcrumb","itemListElement":[{"@type":"ListItem","position":1,"name":"Home","item":"https:\/\/veritasinfo.org\/"},{"@type":"ListItem","position":2,"name":"Milan Radoi\u00e7i\u00e7 \u201cviziton\u201d Kosjeri\u00e7in \u2013 qytetar\u00ebt n\u00eb alarm"}]},{"@type":"WebSite","@id":"https:\/\/veritasinfo.org\/#website","url":"https:\/\/veritasinfo.org\/","name":"","description":"","potentialAction":[{"@type":"SearchAction","target":{"@type":"EntryPoint","urlTemplate":"https:\/\/veritasinfo.org\/?s={search_term_string}"},"query-input":{"@type":"PropertyValueSpecification","valueRequired":true,"valueName":"search_term_string"}}],"inLanguage":"en-US"},{"@type":"Person","@id":"https:\/\/veritasinfo.org\/#\/schema\/person\/fe199eede04c3937362892b7444747cc","name":"US6","image":{"@type":"ImageObject","inLanguage":"en-US","@id":"https:\/\/veritasinfo.org\/#\/schema\/person\/image\/","url":"https:\/\/secure.gravatar.com\/avatar\/cb16c3c31c9d23b9b8c705964598220b3014e42ff51eb540ff23cefa3ae8c15f?s=96&d=mm&r=g","contentUrl":"https:\/\/secure.gravatar.com\/avatar\/cb16c3c31c9d23b9b8c705964598220b3014e42ff51eb540ff23cefa3ae8c15f?s=96&d=mm&r=g","caption":"US6"},"url":"https:\/\/veritasinfo.org\/?author=7"}]}},"featured_image_urls":{"full":["https:\/\/veritasinfo.org\/wp-content\/uploads\/2025\/09\/c74de84a-e980-4f84-b694-8ebeb8ff304f.jpg",620,384,false],"thumbnail":["https:\/\/veritasinfo.org\/wp-content\/uploads\/2025\/09\/c74de84a-e980-4f84-b694-8ebeb8ff304f-150x150.jpg",150,150,true],"medium":["https:\/\/veritasinfo.org\/wp-content\/uploads\/2025\/09\/c74de84a-e980-4f84-b694-8ebeb8ff304f-300x186.jpg",300,186,true],"medium_large":["https:\/\/veritasinfo.org\/wp-content\/uploads\/2025\/09\/c74de84a-e980-4f84-b694-8ebeb8ff304f.jpg",620,384,false],"large":["https:\/\/veritasinfo.org\/wp-content\/uploads\/2025\/09\/c74de84a-e980-4f84-b694-8ebeb8ff304f.jpg",620,384,false],"1536x1536":["https:\/\/veritasinfo.org\/wp-content\/uploads\/2025\/09\/c74de84a-e980-4f84-b694-8ebeb8ff304f.jpg",620,384,false],"2048x2048":["https:\/\/veritasinfo.org\/wp-content\/uploads\/2025\/09\/c74de84a-e980-4f84-b694-8ebeb8ff304f.jpg",620,384,false],"kreeti-slider-full":["https:\/\/veritasinfo.org\/wp-content\/uploads\/2025\/09\/c74de84a-e980-4f84-b694-8ebeb8ff304f.jpg",620,384,false],"kreeti-featured":["https:\/\/veritasinfo.org\/wp-content\/uploads\/2025\/09\/c74de84a-e980-4f84-b694-8ebeb8ff304f.jpg",620,384,false],"kreeti-medium":["https:\/\/veritasinfo.org\/wp-content\/uploads\/2025\/09\/c74de84a-e980-4f84-b694-8ebeb8ff304f.jpg",620,384,false],"kreeti-medium-square":["https:\/\/veritasinfo.org\/wp-content\/uploads\/2025\/09\/c74de84a-e980-4f84-b694-8ebeb8ff304f.jpg",350,217,false]},"author_info":{"info":["US6"]},"category_info":"<a href=\"https:\/\/veritasinfo.org\/?cat=58\" rel=\"category\">Politik\u00eb<\/a>","tag_info":"Politik\u00eb","comment_count":"0","_links":{"self":[{"href":"https:\/\/veritasinfo.org\/index.php?rest_route=\/wp\/v2\/posts\/13371","targetHints":{"allow":["GET"]}}],"collection":[{"href":"https:\/\/veritasinfo.org\/index.php?rest_route=\/wp\/v2\/posts"}],"about":[{"href":"https:\/\/veritasinfo.org\/index.php?rest_route=\/wp\/v2\/types\/post"}],"author":[{"embeddable":true,"href":"https:\/\/veritasinfo.org\/index.php?rest_route=\/wp\/v2\/users\/7"}],"replies":[{"embeddable":true,"href":"https:\/\/veritasinfo.org\/index.php?rest_route=%2Fwp%2Fv2%2Fcomments&post=13371"}],"version-history":[{"count":1,"href":"https:\/\/veritasinfo.org\/index.php?rest_route=\/wp\/v2\/posts\/13371\/revisions"}],"predecessor-version":[{"id":13373,"href":"https:\/\/veritasinfo.org\/index.php?rest_route=\/wp\/v2\/posts\/13371\/revisions\/13373"}],"wp:featuredmedia":[{"embeddable":true,"href":"https:\/\/veritasinfo.org\/index.php?rest_route=\/wp\/v2\/media\/13372"}],"wp:attachment":[{"href":"https:\/\/veritasinfo.org\/index.php?rest_route=%2Fwp%2Fv2%2Fmedia&parent=13371"}],"wp:term":[{"taxonomy":"category","embeddable":true,"href":"https:\/\/veritasinfo.org\/index.php?rest_route=%2Fwp%2Fv2%2Fcategories&post=13371"},{"taxonomy":"post_tag","embeddable":true,"href":"https:\/\/veritasinfo.org\/index.php?rest_route=%2Fwp%2Fv2%2Ftags&post=13371"}],"curies":[{"name":"wp","href":"https:\/\/api.w.org\/{rel}","templated":true}]}}