{"id":13351,"date":"2025-09-23T18:05:06","date_gmt":"2025-09-23T16:05:06","guid":{"rendered":"https:\/\/veritasinfo.org\/?p=13351"},"modified":"2025-09-23T18:05:06","modified_gmt":"2025-09-23T16:05:06","slug":"keshilltari-i-osmanit-i-reagon-gjuriqit-e-verteta-te-djeg-prandaj-shpif","status":"publish","type":"post","link":"https:\/\/veritasinfo.org\/?p=13351","title":{"rendered":"K\u00ebshilltari i Osmanit i reagon Gjuriqit: E v\u00ebrteta t\u00eb djeg, prandaj shpif"},"content":{"rendered":"<p>Prishtin\u00eb 23 Shtator 2025<\/p>\n<p>K\u00ebshilltari i Presidentes s\u00eb Kosov\u00ebs, Rinor Nuhiu, ka reaguar ndaj ambasadorit t\u00eb Serbis\u00eb n\u00eb SHBA, Marko Gjuriq, pas deklaratave t\u00eb k\u00ebtij t\u00eb fundit kund\u00ebr Presidentes Vjosa Osmani.<\/p>\n<p>N\u00eb nj\u00eb postim n\u00eb platform\u00ebn \u201cX\u201d, Nuhiu e akuzoi Gjuriqin se po vazhdon t\u00eb shp\u00ebrndaj\u00eb g\u00ebnjeshtra, duke theksuar se ai mundohet t\u00eb mohoj\u00eb kontributin e ish-presidentit amerikan Donald Trump n\u00eb procesin e paqes Kosov\u00eb\u2013Serbi.<\/p>\n<p>\u201cMarko Gjuriq, ti vazhdon t\u00eb shpif\u00ebsh sepse e v\u00ebrteta t\u00eb djeg. Po p\u00ebrpiqesh t\u00eb mohosh kontributin e @POTUS Trump, i cili sot n\u00eb OKB foli me krenari p\u00ebr pun\u00ebn e tij p\u00ebr paqen gjat\u00eb shtat\u00eb muajve t\u00eb fundit, p\u00ebrfshir\u00eb edhe n\u00eb raportet Kosov\u00eb-Serbi\u201d, shkroi Nuhiu.<\/p>\n<aside class=\"placeholder-a-block\">\n<div id=\"00000001-bcf643a1-62b1-494d-8c92-61d33214f847\" class=\"_ap_apex_ad\" data-section=\"00000001-bcf643a1-62b1-494d-8c92-61d33214f847\" data-orig-id=\"2a7c753c-ed9f-49ca-bdda-f261d990f47c\" data-render-time=\"1758643195241\" data-ap-network=\"adpTags\" data-timeout=\"30\" data-refresh-time=\"1758643335872\">\n<div id=\"ADP_48070_300x250_00000001-bcf643a1-62b1-494d-8c92-61d33214f847\" data-google-query-id=\"CIio9_qg748DFV-aJwIdNJcaqw\">\n<div id=\"google_ads_iframe_\/103512698,22646657118\/ADP_48070_300X250_2a7c753c-ed9f-49ca-bdda-f261d990f47c_0__container__\">\n<p>Ai e cil\u00ebsoi si g\u00ebnjesht\u00ebr t\u00eb hapur pretendimin se presidentja Osmani ka marr\u00eb pjes\u00eb n\u00eb Konvent\u00ebn Demokratike.<\/p>\n<p>\u201cPor pse t\u00eb habitemi? FAKE NEWS \u00ebsht\u00eb gjith\u00e7ka q\u00eb ju b\u00ebni\u201d, shtoi ai.<\/p>\n<p>Nuhiu p\u00ebrmendi edhe paraqitjen e Osmanit n\u00eb \u201cFox &amp; Friends\u201d, duke theksuar se presidentja do t\u00eb vazhdoj\u00eb t\u00eb shpreh\u00eb mir\u00ebnjohjen e popullit t\u00eb Kosov\u00ebs p\u00ebr kontributin e Trump n\u00eb paqe dhe p\u00ebr mb\u00ebshtetjen ndaj nj\u00ebrit prej kombeve m\u00eb pro-amerikane n\u00eb bot\u00eb.<\/p>\n<p>&nbsp;<\/p>\n<\/div>\n<\/div>\n<\/div>\n<\/aside>\n","protected":false},"excerpt":{"rendered":"<p>Prishtin\u00eb 23 Shtator 2025 K\u00ebshilltari i Presidentes s\u00eb Kosov\u00ebs, Rinor Nuhiu, ka reaguar ndaj ambasadorit t\u00eb Serbis\u00eb n\u00eb SHBA, Marko Gjuriq, pas deklaratave t\u00eb k\u00ebtij<\/p>\n","protected":false},"author":6,"featured_media":13352,"comment_status":"open","ping_status":"open","sticky":false,"template":"","format":"standard","meta":{"footnotes":""},"categories":[60],"tags":[],"class_list":["post-13351","post","type-post","status-publish","format-standard","has-post-thumbnail","hentry","category-shoqerore-sq"],"yoast_head":"<!-- This site is optimized with the Yoast SEO plugin v25.3.1 - https:\/\/yoast.com\/wordpress\/plugins\/seo\/ -->\n<title>K\u00ebshilltari i Osmanit i reagon Gjuriqit: E v\u00ebrteta t\u00eb djeg, prandaj shpif -<\/title>\n<meta name=\"robots\" content=\"index, follow, max-snippet:-1, max-image-preview:large, max-video-preview:-1\" \/>\n<link rel=\"canonical\" href=\"https:\/\/veritasinfo.org\/?p=13351\" \/>\n<meta property=\"og:locale\" content=\"en_US\" \/>\n<meta property=\"og:type\" content=\"article\" \/>\n<meta property=\"og:title\" content=\"K\u00ebshilltari i Osmanit i reagon Gjuriqit: E v\u00ebrteta t\u00eb djeg, prandaj shpif -\" \/>\n<meta property=\"og:description\" content=\"Prishtin\u00eb 23 Shtator 2025 K\u00ebshilltari i Presidentes s\u00eb Kosov\u00ebs, Rinor Nuhiu, ka reaguar ndaj ambasadorit t\u00eb Serbis\u00eb n\u00eb SHBA, Marko Gjuriq, pas deklaratave t\u00eb k\u00ebtij\" \/>\n<meta property=\"og:url\" content=\"https:\/\/veritasinfo.org\/?p=13351\" \/>\n<meta property=\"article:published_time\" content=\"2025-09-23T16:05:06+00:00\" \/>\n<meta property=\"og:image\" content=\"https:\/\/veritasinfo.org\/wp-content\/uploads\/2025\/09\/vjosa-osmani-rinor-nuhiu.webp\" \/>\n\t<meta property=\"og:image:width\" content=\"1245\" \/>\n\t<meta property=\"og:image:height\" content=\"700\" \/>\n\t<meta property=\"og:image:type\" content=\"image\/webp\" \/>\n<meta name=\"author\" content=\"US5\" \/>\n<meta name=\"twitter:card\" content=\"summary_large_image\" \/>\n<meta name=\"twitter:label1\" content=\"Written by\" \/>\n\t<meta name=\"twitter:data1\" content=\"US5\" \/>\n\t<meta name=\"twitter:label2\" content=\"Est. reading time\" \/>\n\t<meta name=\"twitter:data2\" content=\"1 minute\" \/>\n<script type=\"application\/ld+json\" class=\"yoast-schema-graph\">{\"@context\":\"https:\/\/schema.org\",\"@graph\":[{\"@type\":\"WebPage\",\"@id\":\"https:\/\/veritasinfo.org\/?p=13351\",\"url\":\"https:\/\/veritasinfo.org\/?p=13351\",\"name\":\"K\u00ebshilltari i Osmanit i reagon Gjuriqit: E v\u00ebrteta t\u00eb djeg, prandaj shpif -\",\"isPartOf\":{\"@id\":\"https:\/\/veritasinfo.org\/#website\"},\"primaryImageOfPage\":{\"@id\":\"https:\/\/veritasinfo.org\/?p=13351#primaryimage\"},\"image\":{\"@id\":\"https:\/\/veritasinfo.org\/?p=13351#primaryimage\"},\"thumbnailUrl\":\"https:\/\/veritasinfo.org\/wp-content\/uploads\/2025\/09\/vjosa-osmani-rinor-nuhiu.webp\",\"datePublished\":\"2025-09-23T16:05:06+00:00\",\"author\":{\"@id\":\"https:\/\/veritasinfo.org\/#\/schema\/person\/bc442336e35414d04494ab8fb45db4c6\"},\"breadcrumb\":{\"@id\":\"https:\/\/veritasinfo.org\/?p=13351#breadcrumb\"},\"inLanguage\":\"en-US\",\"potentialAction\":[{\"@type\":\"ReadAction\",\"target\":[\"https:\/\/veritasinfo.org\/?p=13351\"]}]},{\"@type\":\"ImageObject\",\"inLanguage\":\"en-US\",\"@id\":\"https:\/\/veritasinfo.org\/?p=13351#primaryimage\",\"url\":\"https:\/\/veritasinfo.org\/wp-content\/uploads\/2025\/09\/vjosa-osmani-rinor-nuhiu.webp\",\"contentUrl\":\"https:\/\/veritasinfo.org\/wp-content\/uploads\/2025\/09\/vjosa-osmani-rinor-nuhiu.webp\",\"width\":1245,\"height\":700},{\"@type\":\"BreadcrumbList\",\"@id\":\"https:\/\/veritasinfo.org\/?p=13351#breadcrumb\",\"itemListElement\":[{\"@type\":\"ListItem\",\"position\":1,\"name\":\"Home\",\"item\":\"https:\/\/veritasinfo.org\/\"},{\"@type\":\"ListItem\",\"position\":2,\"name\":\"K\u00ebshilltari i Osmanit i reagon Gjuriqit: E v\u00ebrteta t\u00eb djeg, prandaj shpif\"}]},{\"@type\":\"WebSite\",\"@id\":\"https:\/\/veritasinfo.org\/#website\",\"url\":\"https:\/\/veritasinfo.org\/\",\"name\":\"\",\"description\":\"\",\"potentialAction\":[{\"@type\":\"SearchAction\",\"target\":{\"@type\":\"EntryPoint\",\"urlTemplate\":\"https:\/\/veritasinfo.org\/?s={search_term_string}\"},\"query-input\":{\"@type\":\"PropertyValueSpecification\",\"valueRequired\":true,\"valueName\":\"search_term_string\"}}],\"inLanguage\":\"en-US\"},{\"@type\":\"Person\",\"@id\":\"https:\/\/veritasinfo.org\/#\/schema\/person\/bc442336e35414d04494ab8fb45db4c6\",\"name\":\"US5\",\"image\":{\"@type\":\"ImageObject\",\"inLanguage\":\"en-US\",\"@id\":\"https:\/\/veritasinfo.org\/#\/schema\/person\/image\/\",\"url\":\"https:\/\/secure.gravatar.com\/avatar\/16a61e7272a0c5d001121ebb9e60e925d5816e4ac1e443ed3e640d9a6ae55d0c?s=96&d=mm&r=g\",\"contentUrl\":\"https:\/\/secure.gravatar.com\/avatar\/16a61e7272a0c5d001121ebb9e60e925d5816e4ac1e443ed3e640d9a6ae55d0c?s=96&d=mm&r=g\",\"caption\":\"US5\"},\"url\":\"https:\/\/veritasinfo.org\/?author=6\"}]}<\/script>\n<!-- \/ Yoast SEO plugin. -->","yoast_head_json":{"title":"K\u00ebshilltari i Osmanit i reagon Gjuriqit: E v\u00ebrteta t\u00eb djeg, prandaj shpif -","robots":{"index":"index","follow":"follow","max-snippet":"max-snippet:-1","max-image-preview":"max-image-preview:large","max-video-preview":"max-video-preview:-1"},"canonical":"https:\/\/veritasinfo.org\/?p=13351","og_locale":"en_US","og_type":"article","og_title":"K\u00ebshilltari i Osmanit i reagon Gjuriqit: E v\u00ebrteta t\u00eb djeg, prandaj shpif -","og_description":"Prishtin\u00eb 23 Shtator 2025 K\u00ebshilltari i Presidentes s\u00eb Kosov\u00ebs, Rinor Nuhiu, ka reaguar ndaj ambasadorit t\u00eb Serbis\u00eb n\u00eb SHBA, Marko Gjuriq, pas deklaratave t\u00eb k\u00ebtij","og_url":"https:\/\/veritasinfo.org\/?p=13351","article_published_time":"2025-09-23T16:05:06+00:00","og_image":[{"width":1245,"height":700,"url":"https:\/\/veritasinfo.org\/wp-content\/uploads\/2025\/09\/vjosa-osmani-rinor-nuhiu.webp","type":"image\/webp"}],"author":"US5","twitter_card":"summary_large_image","twitter_misc":{"Written by":"US5","Est. reading time":"1 minute"},"schema":{"@context":"https:\/\/schema.org","@graph":[{"@type":"WebPage","@id":"https:\/\/veritasinfo.org\/?p=13351","url":"https:\/\/veritasinfo.org\/?p=13351","name":"K\u00ebshilltari i Osmanit i reagon Gjuriqit: E v\u00ebrteta t\u00eb djeg, prandaj shpif -","isPartOf":{"@id":"https:\/\/veritasinfo.org\/#website"},"primaryImageOfPage":{"@id":"https:\/\/veritasinfo.org\/?p=13351#primaryimage"},"image":{"@id":"https:\/\/veritasinfo.org\/?p=13351#primaryimage"},"thumbnailUrl":"https:\/\/veritasinfo.org\/wp-content\/uploads\/2025\/09\/vjosa-osmani-rinor-nuhiu.webp","datePublished":"2025-09-23T16:05:06+00:00","author":{"@id":"https:\/\/veritasinfo.org\/#\/schema\/person\/bc442336e35414d04494ab8fb45db4c6"},"breadcrumb":{"@id":"https:\/\/veritasinfo.org\/?p=13351#breadcrumb"},"inLanguage":"en-US","potentialAction":[{"@type":"ReadAction","target":["https:\/\/veritasinfo.org\/?p=13351"]}]},{"@type":"ImageObject","inLanguage":"en-US","@id":"https:\/\/veritasinfo.org\/?p=13351#primaryimage","url":"https:\/\/veritasinfo.org\/wp-content\/uploads\/2025\/09\/vjosa-osmani-rinor-nuhiu.webp","contentUrl":"https:\/\/veritasinfo.org\/wp-content\/uploads\/2025\/09\/vjosa-osmani-rinor-nuhiu.webp","width":1245,"height":700},{"@type":"BreadcrumbList","@id":"https:\/\/veritasinfo.org\/?p=13351#breadcrumb","itemListElement":[{"@type":"ListItem","position":1,"name":"Home","item":"https:\/\/veritasinfo.org\/"},{"@type":"ListItem","position":2,"name":"K\u00ebshilltari i Osmanit i reagon Gjuriqit: E v\u00ebrteta t\u00eb djeg, prandaj shpif"}]},{"@type":"WebSite","@id":"https:\/\/veritasinfo.org\/#website","url":"https:\/\/veritasinfo.org\/","name":"","description":"","potentialAction":[{"@type":"SearchAction","target":{"@type":"EntryPoint","urlTemplate":"https:\/\/veritasinfo.org\/?s={search_term_string}"},"query-input":{"@type":"PropertyValueSpecification","valueRequired":true,"valueName":"search_term_string"}}],"inLanguage":"en-US"},{"@type":"Person","@id":"https:\/\/veritasinfo.org\/#\/schema\/person\/bc442336e35414d04494ab8fb45db4c6","name":"US5","image":{"@type":"ImageObject","inLanguage":"en-US","@id":"https:\/\/veritasinfo.org\/#\/schema\/person\/image\/","url":"https:\/\/secure.gravatar.com\/avatar\/16a61e7272a0c5d001121ebb9e60e925d5816e4ac1e443ed3e640d9a6ae55d0c?s=96&d=mm&r=g","contentUrl":"https:\/\/secure.gravatar.com\/avatar\/16a61e7272a0c5d001121ebb9e60e925d5816e4ac1e443ed3e640d9a6ae55d0c?s=96&d=mm&r=g","caption":"US5"},"url":"https:\/\/veritasinfo.org\/?author=6"}]}},"featured_image_urls":{"full":["https:\/\/veritasinfo.org\/wp-content\/uploads\/2025\/09\/vjosa-osmani-rinor-nuhiu.webp",1245,700,false],"thumbnail":["https:\/\/veritasinfo.org\/wp-content\/uploads\/2025\/09\/vjosa-osmani-rinor-nuhiu-150x150.webp",150,150,true],"medium":["https:\/\/veritasinfo.org\/wp-content\/uploads\/2025\/09\/vjosa-osmani-rinor-nuhiu-300x169.webp",300,169,true],"medium_large":["https:\/\/veritasinfo.org\/wp-content\/uploads\/2025\/09\/vjosa-osmani-rinor-nuhiu-768x432.webp",640,360,true],"large":["https:\/\/veritasinfo.org\/wp-content\/uploads\/2025\/09\/vjosa-osmani-rinor-nuhiu-1024x576.webp",640,360,true],"1536x1536":["https:\/\/veritasinfo.org\/wp-content\/uploads\/2025\/09\/vjosa-osmani-rinor-nuhiu.webp",1245,700,false],"2048x2048":["https:\/\/veritasinfo.org\/wp-content\/uploads\/2025\/09\/vjosa-osmani-rinor-nuhiu.webp",1245,700,false],"kreeti-slider-full":["https:\/\/veritasinfo.org\/wp-content\/uploads\/2025\/09\/vjosa-osmani-rinor-nuhiu.webp",1245,700,false],"kreeti-featured":["https:\/\/veritasinfo.org\/wp-content\/uploads\/2025\/09\/vjosa-osmani-rinor-nuhiu.webp",1024,576,false],"kreeti-medium":["https:\/\/veritasinfo.org\/wp-content\/uploads\/2025\/09\/vjosa-osmani-rinor-nuhiu.webp",720,405,false],"kreeti-medium-square":["https:\/\/veritasinfo.org\/wp-content\/uploads\/2025\/09\/vjosa-osmani-rinor-nuhiu.webp",350,197,false]},"author_info":{"info":["US5"]},"category_info":"<a href=\"https:\/\/veritasinfo.org\/?cat=60\" rel=\"category\">Shoq\u00ebrore<\/a>","tag_info":"Shoq\u00ebrore","comment_count":"0","_links":{"self":[{"href":"https:\/\/veritasinfo.org\/index.php?rest_route=\/wp\/v2\/posts\/13351","targetHints":{"allow":["GET"]}}],"collection":[{"href":"https:\/\/veritasinfo.org\/index.php?rest_route=\/wp\/v2\/posts"}],"about":[{"href":"https:\/\/veritasinfo.org\/index.php?rest_route=\/wp\/v2\/types\/post"}],"author":[{"embeddable":true,"href":"https:\/\/veritasinfo.org\/index.php?rest_route=\/wp\/v2\/users\/6"}],"replies":[{"embeddable":true,"href":"https:\/\/veritasinfo.org\/index.php?rest_route=%2Fwp%2Fv2%2Fcomments&post=13351"}],"version-history":[{"count":1,"href":"https:\/\/veritasinfo.org\/index.php?rest_route=\/wp\/v2\/posts\/13351\/revisions"}],"predecessor-version":[{"id":13353,"href":"https:\/\/veritasinfo.org\/index.php?rest_route=\/wp\/v2\/posts\/13351\/revisions\/13353"}],"wp:featuredmedia":[{"embeddable":true,"href":"https:\/\/veritasinfo.org\/index.php?rest_route=\/wp\/v2\/media\/13352"}],"wp:attachment":[{"href":"https:\/\/veritasinfo.org\/index.php?rest_route=%2Fwp%2Fv2%2Fmedia&parent=13351"}],"wp:term":[{"taxonomy":"category","embeddable":true,"href":"https:\/\/veritasinfo.org\/index.php?rest_route=%2Fwp%2Fv2%2Fcategories&post=13351"},{"taxonomy":"post_tag","embeddable":true,"href":"https:\/\/veritasinfo.org\/index.php?rest_route=%2Fwp%2Fv2%2Ftags&post=13351"}],"curies":[{"name":"wp","href":"https:\/\/api.w.org\/{rel}","templated":true}]}}