{"id":13344,"date":"2025-09-23T17:21:36","date_gmt":"2025-09-23T15:21:36","guid":{"rendered":"https:\/\/veritasinfo.org\/?p=13344"},"modified":"2025-09-23T17:21:36","modified_gmt":"2025-09-23T15:21:36","slug":"maqedonci-investimi-ne-ushtri-per-ta-mbrojtur-territorin-dhe-per-ti-kontribuar-paqes","status":"publish","type":"post","link":"https:\/\/veritasinfo.org\/?p=13344","title":{"rendered":"Maqedonci: Investimi n\u00eb ushtri p\u00ebr ta mbrojtur territorin dhe p\u00ebr t&#8217;i kontribuar paqes"},"content":{"rendered":"<p>Prishtin\u00eb, 23 shtator 2025<\/p>\n<p>Ministri n\u00eb detyr\u00eb i Mbrojtjes, Ejup Maqedonci ka th\u00ebn\u00eb se investimet e Qeveris\u00eb n\u00eb fush\u00ebn e mbrojtjes ka p\u00ebr q\u00ebllim ngritjen e kapacitete p\u00ebr ushtarake p\u00ebr mbrojtje t\u00eb territorit dhe kontribuar p\u00ebr siguri e paqe n\u00eb rajon dhe m\u00eb gjer\u00eb.<\/p>\n<p>Ai k\u00ebshtu \u00ebsht\u00eb shprehur n\u00eb takimet e Ministrave t\u00eb Mbrojtjes s\u00eb Evrop\u00ebs Qendrore dhe Jug-Lindore n\u00eb kuad\u00ebr t\u00eb Ministerialit t\u00eb Bashk\u00ebpunimit t\u00eb Mbrojtjes s\u00eb Evrop\u00ebs Qendrore, ku po merr pjes\u00eb me ftes\u00eb t\u00eb Z\u00ebvend\u00ebs Kryeministrit dhe Ministrit t\u00eb Mbrojtjes s\u00eb Sllovakis\u00eb, Robert Kali\u0148\u00e1k<\/p>\n<p>Maqedonci ka th\u00ebn\u00eb se ka shprehur vendosm\u00ebrin\u00eb e Kosov\u00ebs p\u00ebr an\u00ebtar\u00ebsim n\u00eb NATO dhe Bashkim Evropian.<\/p>\n<p>\u201cN\u00eb fjal\u00ebn time theksova vendosm\u00ebrin\u00eb e vendit ton\u00eb n\u00eb rrug\u00ebn e integrimit euro-atlantik, an\u00ebtar\u00ebsimit n\u00eb NATO dhe BE. Gjithashtu njoftova t\u00eb pranishmit rreth zhvillimit t\u00eb kapaciteteve mbrojt\u00ebse t\u00eb Republik\u00ebs s\u00eb Kosov\u00ebs, n\u00eb p\u00ebrputhje dhe t\u00eb nd\u00ebrveprueshme me NATO, duke theksuar se investimet e qeveris\u00eb n\u00eb mbrojtje kan\u00eb q\u00ebllim q\u00eb t\u00eb nd\u00ebrtojm\u00eb kapacitete ushtarake t\u00eb afta p\u00ebr t\u00eb mbrojtur territorin dhe jet\u00ebn e qytetar\u00ebve t\u00eb Kosov\u00ebs si dhe p\u00ebr t\u00eb kontribuar p\u00ebr paqe dhe siguri regjionale dhe globale\u201d, ka shkruar Maqedonci.<\/p>\n<p>Ai ka b\u00ebr\u00eb t\u00eb ditur se gjat\u00eb k\u00ebtij ministeriali me theks t\u00eb ve\u00e7ant\u00eb u diskutua rreth bashk\u00ebpunimit n\u00eb industrin\u00eb e mbrojtjes dhe mund\u00ebsit\u00eb tjera t\u00eb bashk\u00ebpunimit regjional.<\/p>\n","protected":false},"excerpt":{"rendered":"<p>Prishtin\u00eb, 23 shtator 2025 Ministri n\u00eb detyr\u00eb i Mbrojtjes, Ejup Maqedonci ka th\u00ebn\u00eb se investimet e Qeveris\u00eb n\u00eb fush\u00ebn e mbrojtjes ka p\u00ebr q\u00ebllim ngritjen<\/p>\n","protected":false},"author":7,"featured_media":13345,"comment_status":"open","ping_status":"open","sticky":false,"template":"","format":"standard","meta":{"footnotes":""},"categories":[93],"tags":[],"class_list":["post-13344","post","type-post","status-publish","format-standard","has-post-thumbnail","hentry","category-politika-sq"],"yoast_head":"<!-- This site is optimized with the Yoast SEO plugin v25.3.1 - https:\/\/yoast.com\/wordpress\/plugins\/seo\/ -->\n<title>Maqedonci: Investimi n\u00eb ushtri p\u00ebr ta mbrojtur territorin dhe p\u00ebr t&#039;i kontribuar paqes -<\/title>\n<meta name=\"robots\" content=\"index, follow, max-snippet:-1, max-image-preview:large, max-video-preview:-1\" \/>\n<link rel=\"canonical\" href=\"https:\/\/veritasinfo.org\/?p=13344\" \/>\n<meta property=\"og:locale\" content=\"en_US\" \/>\n<meta property=\"og:type\" content=\"article\" \/>\n<meta property=\"og:title\" content=\"Maqedonci: Investimi n\u00eb ushtri p\u00ebr ta mbrojtur territorin dhe p\u00ebr t&#039;i kontribuar paqes -\" \/>\n<meta property=\"og:description\" content=\"Prishtin\u00eb, 23 shtator 2025 Ministri n\u00eb detyr\u00eb i Mbrojtjes, Ejup Maqedonci ka th\u00ebn\u00eb se investimet e Qeveris\u00eb n\u00eb fush\u00ebn e mbrojtjes ka p\u00ebr q\u00ebllim ngritjen\" \/>\n<meta property=\"og:url\" content=\"https:\/\/veritasinfo.org\/?p=13344\" \/>\n<meta property=\"article:published_time\" content=\"2025-09-23T15:21:36+00:00\" \/>\n<meta property=\"og:image\" content=\"https:\/\/veritasinfo.org\/wp-content\/uploads\/2025\/09\/552808685_122273328686011792_6314902342585648911_n.jpg\" \/>\n\t<meta property=\"og:image:width\" content=\"2048\" \/>\n\t<meta property=\"og:image:height\" content=\"1730\" \/>\n\t<meta property=\"og:image:type\" content=\"image\/jpeg\" \/>\n<meta name=\"author\" content=\"US6\" \/>\n<meta name=\"twitter:card\" content=\"summary_large_image\" \/>\n<meta name=\"twitter:label1\" content=\"Written by\" \/>\n\t<meta name=\"twitter:data1\" content=\"US6\" \/>\n\t<meta name=\"twitter:label2\" content=\"Est. reading time\" \/>\n\t<meta name=\"twitter:data2\" content=\"2 minutes\" \/>\n<script type=\"application\/ld+json\" class=\"yoast-schema-graph\">{\"@context\":\"https:\/\/schema.org\",\"@graph\":[{\"@type\":\"WebPage\",\"@id\":\"https:\/\/veritasinfo.org\/?p=13344\",\"url\":\"https:\/\/veritasinfo.org\/?p=13344\",\"name\":\"Maqedonci: Investimi n\u00eb ushtri p\u00ebr ta mbrojtur territorin dhe p\u00ebr t'i kontribuar paqes -\",\"isPartOf\":{\"@id\":\"https:\/\/veritasinfo.org\/#website\"},\"primaryImageOfPage\":{\"@id\":\"https:\/\/veritasinfo.org\/?p=13344#primaryimage\"},\"image\":{\"@id\":\"https:\/\/veritasinfo.org\/?p=13344#primaryimage\"},\"thumbnailUrl\":\"https:\/\/veritasinfo.org\/wp-content\/uploads\/2025\/09\/552808685_122273328686011792_6314902342585648911_n.jpg\",\"datePublished\":\"2025-09-23T15:21:36+00:00\",\"author\":{\"@id\":\"https:\/\/veritasinfo.org\/#\/schema\/person\/fe199eede04c3937362892b7444747cc\"},\"breadcrumb\":{\"@id\":\"https:\/\/veritasinfo.org\/?p=13344#breadcrumb\"},\"inLanguage\":\"en-US\",\"potentialAction\":[{\"@type\":\"ReadAction\",\"target\":[\"https:\/\/veritasinfo.org\/?p=13344\"]}]},{\"@type\":\"ImageObject\",\"inLanguage\":\"en-US\",\"@id\":\"https:\/\/veritasinfo.org\/?p=13344#primaryimage\",\"url\":\"https:\/\/veritasinfo.org\/wp-content\/uploads\/2025\/09\/552808685_122273328686011792_6314902342585648911_n.jpg\",\"contentUrl\":\"https:\/\/veritasinfo.org\/wp-content\/uploads\/2025\/09\/552808685_122273328686011792_6314902342585648911_n.jpg\",\"width\":2048,\"height\":1730},{\"@type\":\"BreadcrumbList\",\"@id\":\"https:\/\/veritasinfo.org\/?p=13344#breadcrumb\",\"itemListElement\":[{\"@type\":\"ListItem\",\"position\":1,\"name\":\"Home\",\"item\":\"https:\/\/veritasinfo.org\/\"},{\"@type\":\"ListItem\",\"position\":2,\"name\":\"Maqedonci: Investimi n\u00eb ushtri p\u00ebr ta mbrojtur territorin dhe p\u00ebr t&#8217;i kontribuar paqes\"}]},{\"@type\":\"WebSite\",\"@id\":\"https:\/\/veritasinfo.org\/#website\",\"url\":\"https:\/\/veritasinfo.org\/\",\"name\":\"\",\"description\":\"\",\"potentialAction\":[{\"@type\":\"SearchAction\",\"target\":{\"@type\":\"EntryPoint\",\"urlTemplate\":\"https:\/\/veritasinfo.org\/?s={search_term_string}\"},\"query-input\":{\"@type\":\"PropertyValueSpecification\",\"valueRequired\":true,\"valueName\":\"search_term_string\"}}],\"inLanguage\":\"en-US\"},{\"@type\":\"Person\",\"@id\":\"https:\/\/veritasinfo.org\/#\/schema\/person\/fe199eede04c3937362892b7444747cc\",\"name\":\"US6\",\"image\":{\"@type\":\"ImageObject\",\"inLanguage\":\"en-US\",\"@id\":\"https:\/\/veritasinfo.org\/#\/schema\/person\/image\/\",\"url\":\"https:\/\/secure.gravatar.com\/avatar\/cb16c3c31c9d23b9b8c705964598220b3014e42ff51eb540ff23cefa3ae8c15f?s=96&d=mm&r=g\",\"contentUrl\":\"https:\/\/secure.gravatar.com\/avatar\/cb16c3c31c9d23b9b8c705964598220b3014e42ff51eb540ff23cefa3ae8c15f?s=96&d=mm&r=g\",\"caption\":\"US6\"},\"url\":\"https:\/\/veritasinfo.org\/?author=7\"}]}<\/script>\n<!-- \/ Yoast SEO plugin. -->","yoast_head_json":{"title":"Maqedonci: Investimi n\u00eb ushtri p\u00ebr ta mbrojtur territorin dhe p\u00ebr t'i kontribuar paqes -","robots":{"index":"index","follow":"follow","max-snippet":"max-snippet:-1","max-image-preview":"max-image-preview:large","max-video-preview":"max-video-preview:-1"},"canonical":"https:\/\/veritasinfo.org\/?p=13344","og_locale":"en_US","og_type":"article","og_title":"Maqedonci: Investimi n\u00eb ushtri p\u00ebr ta mbrojtur territorin dhe p\u00ebr t'i kontribuar paqes -","og_description":"Prishtin\u00eb, 23 shtator 2025 Ministri n\u00eb detyr\u00eb i Mbrojtjes, Ejup Maqedonci ka th\u00ebn\u00eb se investimet e Qeveris\u00eb n\u00eb fush\u00ebn e mbrojtjes ka p\u00ebr q\u00ebllim ngritjen","og_url":"https:\/\/veritasinfo.org\/?p=13344","article_published_time":"2025-09-23T15:21:36+00:00","og_image":[{"width":2048,"height":1730,"url":"https:\/\/veritasinfo.org\/wp-content\/uploads\/2025\/09\/552808685_122273328686011792_6314902342585648911_n.jpg","type":"image\/jpeg"}],"author":"US6","twitter_card":"summary_large_image","twitter_misc":{"Written by":"US6","Est. reading time":"2 minutes"},"schema":{"@context":"https:\/\/schema.org","@graph":[{"@type":"WebPage","@id":"https:\/\/veritasinfo.org\/?p=13344","url":"https:\/\/veritasinfo.org\/?p=13344","name":"Maqedonci: Investimi n\u00eb ushtri p\u00ebr ta mbrojtur territorin dhe p\u00ebr t'i kontribuar paqes -","isPartOf":{"@id":"https:\/\/veritasinfo.org\/#website"},"primaryImageOfPage":{"@id":"https:\/\/veritasinfo.org\/?p=13344#primaryimage"},"image":{"@id":"https:\/\/veritasinfo.org\/?p=13344#primaryimage"},"thumbnailUrl":"https:\/\/veritasinfo.org\/wp-content\/uploads\/2025\/09\/552808685_122273328686011792_6314902342585648911_n.jpg","datePublished":"2025-09-23T15:21:36+00:00","author":{"@id":"https:\/\/veritasinfo.org\/#\/schema\/person\/fe199eede04c3937362892b7444747cc"},"breadcrumb":{"@id":"https:\/\/veritasinfo.org\/?p=13344#breadcrumb"},"inLanguage":"en-US","potentialAction":[{"@type":"ReadAction","target":["https:\/\/veritasinfo.org\/?p=13344"]}]},{"@type":"ImageObject","inLanguage":"en-US","@id":"https:\/\/veritasinfo.org\/?p=13344#primaryimage","url":"https:\/\/veritasinfo.org\/wp-content\/uploads\/2025\/09\/552808685_122273328686011792_6314902342585648911_n.jpg","contentUrl":"https:\/\/veritasinfo.org\/wp-content\/uploads\/2025\/09\/552808685_122273328686011792_6314902342585648911_n.jpg","width":2048,"height":1730},{"@type":"BreadcrumbList","@id":"https:\/\/veritasinfo.org\/?p=13344#breadcrumb","itemListElement":[{"@type":"ListItem","position":1,"name":"Home","item":"https:\/\/veritasinfo.org\/"},{"@type":"ListItem","position":2,"name":"Maqedonci: Investimi n\u00eb ushtri p\u00ebr ta mbrojtur territorin dhe p\u00ebr t&#8217;i kontribuar paqes"}]},{"@type":"WebSite","@id":"https:\/\/veritasinfo.org\/#website","url":"https:\/\/veritasinfo.org\/","name":"","description":"","potentialAction":[{"@type":"SearchAction","target":{"@type":"EntryPoint","urlTemplate":"https:\/\/veritasinfo.org\/?s={search_term_string}"},"query-input":{"@type":"PropertyValueSpecification","valueRequired":true,"valueName":"search_term_string"}}],"inLanguage":"en-US"},{"@type":"Person","@id":"https:\/\/veritasinfo.org\/#\/schema\/person\/fe199eede04c3937362892b7444747cc","name":"US6","image":{"@type":"ImageObject","inLanguage":"en-US","@id":"https:\/\/veritasinfo.org\/#\/schema\/person\/image\/","url":"https:\/\/secure.gravatar.com\/avatar\/cb16c3c31c9d23b9b8c705964598220b3014e42ff51eb540ff23cefa3ae8c15f?s=96&d=mm&r=g","contentUrl":"https:\/\/secure.gravatar.com\/avatar\/cb16c3c31c9d23b9b8c705964598220b3014e42ff51eb540ff23cefa3ae8c15f?s=96&d=mm&r=g","caption":"US6"},"url":"https:\/\/veritasinfo.org\/?author=7"}]}},"featured_image_urls":{"full":["https:\/\/veritasinfo.org\/wp-content\/uploads\/2025\/09\/552808685_122273328686011792_6314902342585648911_n.jpg",2048,1730,false],"thumbnail":["https:\/\/veritasinfo.org\/wp-content\/uploads\/2025\/09\/552808685_122273328686011792_6314902342585648911_n-150x150.jpg",150,150,true],"medium":["https:\/\/veritasinfo.org\/wp-content\/uploads\/2025\/09\/552808685_122273328686011792_6314902342585648911_n-300x253.jpg",300,253,true],"medium_large":["https:\/\/veritasinfo.org\/wp-content\/uploads\/2025\/09\/552808685_122273328686011792_6314902342585648911_n-768x649.jpg",640,541,true],"large":["https:\/\/veritasinfo.org\/wp-content\/uploads\/2025\/09\/552808685_122273328686011792_6314902342585648911_n-1024x865.jpg",640,541,true],"1536x1536":["https:\/\/veritasinfo.org\/wp-content\/uploads\/2025\/09\/552808685_122273328686011792_6314902342585648911_n-1536x1298.jpg",1536,1298,true],"2048x2048":["https:\/\/veritasinfo.org\/wp-content\/uploads\/2025\/09\/552808685_122273328686011792_6314902342585648911_n.jpg",2048,1730,false],"kreeti-slider-full":["https:\/\/veritasinfo.org\/wp-content\/uploads\/2025\/09\/552808685_122273328686011792_6314902342585648911_n.jpg",852,720,false],"kreeti-featured":["https:\/\/veritasinfo.org\/wp-content\/uploads\/2025\/09\/552808685_122273328686011792_6314902342585648911_n.jpg",1024,865,false],"kreeti-medium":["https:\/\/veritasinfo.org\/wp-content\/uploads\/2025\/09\/552808685_122273328686011792_6314902342585648911_n.jpg",627,530,false],"kreeti-medium-square":["https:\/\/veritasinfo.org\/wp-content\/uploads\/2025\/09\/552808685_122273328686011792_6314902342585648911_n.jpg",350,296,false]},"author_info":{"info":["US6"]},"category_info":"<a href=\"https:\/\/veritasinfo.org\/?cat=93\" rel=\"category\">Politika<\/a>","tag_info":"Politika","comment_count":"0","_links":{"self":[{"href":"https:\/\/veritasinfo.org\/index.php?rest_route=\/wp\/v2\/posts\/13344","targetHints":{"allow":["GET"]}}],"collection":[{"href":"https:\/\/veritasinfo.org\/index.php?rest_route=\/wp\/v2\/posts"}],"about":[{"href":"https:\/\/veritasinfo.org\/index.php?rest_route=\/wp\/v2\/types\/post"}],"author":[{"embeddable":true,"href":"https:\/\/veritasinfo.org\/index.php?rest_route=\/wp\/v2\/users\/7"}],"replies":[{"embeddable":true,"href":"https:\/\/veritasinfo.org\/index.php?rest_route=%2Fwp%2Fv2%2Fcomments&post=13344"}],"version-history":[{"count":1,"href":"https:\/\/veritasinfo.org\/index.php?rest_route=\/wp\/v2\/posts\/13344\/revisions"}],"predecessor-version":[{"id":13346,"href":"https:\/\/veritasinfo.org\/index.php?rest_route=\/wp\/v2\/posts\/13344\/revisions\/13346"}],"wp:featuredmedia":[{"embeddable":true,"href":"https:\/\/veritasinfo.org\/index.php?rest_route=\/wp\/v2\/media\/13345"}],"wp:attachment":[{"href":"https:\/\/veritasinfo.org\/index.php?rest_route=%2Fwp%2Fv2%2Fmedia&parent=13344"}],"wp:term":[{"taxonomy":"category","embeddable":true,"href":"https:\/\/veritasinfo.org\/index.php?rest_route=%2Fwp%2Fv2%2Fcategories&post=13344"},{"taxonomy":"post_tag","embeddable":true,"href":"https:\/\/veritasinfo.org\/index.php?rest_route=%2Fwp%2Fv2%2Ftags&post=13344"}],"curies":[{"name":"wp","href":"https:\/\/api.w.org\/{rel}","templated":true}]}}