{"id":13338,"date":"2025-09-23T17:09:53","date_gmt":"2025-09-23T15:09:53","guid":{"rendered":"https:\/\/veritasinfo.org\/?p=13338"},"modified":"2025-09-23T17:13:38","modified_gmt":"2025-09-23T15:13:38","slug":"mpb-organizon-aktivitete-solemne-ne-shenimin-e-dyvjetorit-te-renies-heroike-te-afrim-bunjakut","status":"publish","type":"post","link":"https:\/\/veritasinfo.org\/?p=13338","title":{"rendered":"MPB organizon aktivitete solemne n\u00eb sh\u00ebnimin e dyvjetorit t\u00eb r\u00ebnies heroike t\u00eb Afrim Bunjakut"},"content":{"rendered":"<p>Prishtin\u00eb, 23 shtator 2025<\/p>\n<p>T\u00eb m\u00ebrkur\u00ebn, m\u00eb 24 shtator 2025, do t\u00eb organizohen aktivitete solemne p\u00ebr sh\u00ebnimin e dy vjetorit t\u00eb r\u00ebnies heroike t\u00eb policit Afrim Bunjaku, n\u00ebn patronatin e Ministrit n\u00eb detyr\u00eb t\u00eb Pun\u00ebve t\u00eb Brendshme, Xhelal Sve\u00e7la dhe Drejtorit t\u00eb P\u00ebrgjithsh\u00ebm t\u00eb Policis\u00eb s\u00eb Kosov\u00ebs, Gazmend Hoxha.<\/p>\n<p>Aktivitetet p\u00ebrkujtimore do t\u00eb zhvillohen n\u00eb dy momente t\u00eb r\u00ebnd\u00ebsishme gjat\u00eb dit\u00ebs:<\/p>\n<p>Homazhe te varri \u2013 Ora 10:30<\/p>\n<p>Qeveria n\u00eb detyr\u00eb me drejtorin e p\u00ebrgjithsh\u00ebm t\u00eb Policis\u00eb s\u00eb Kosov\u00ebs, korpin diplomatik dhe zyrtar\u00eb t\u00eb tjer\u00eb nga Policia e Kosov\u00ebs do t\u00eb b\u00ebjn\u00eb homazhe te varri i heroit Afrim Bunjaku.<\/p>\n<p>Gjat\u00eb ceremonis\u00eb do t\u00eb b\u00ebhet vendosja e kurorave me lule nga krer\u00ebt shtet\u00ebror s\u00eb bashku me Ministrin e Pun\u00ebve t\u00eb Brendshme dhe Drejtorin e P\u00ebrgjithsh\u00ebm t\u00eb Policis\u00eb s\u00eb Kosov\u00ebs.<\/p>\n<p>Akademia P\u00ebrkujtimore \u2013 Ora 15:00<\/p>\n<p>N\u00eb sall\u00ebn e Kuqe t\u00eb Pallatit t\u00eb Rinis\u00eb n\u00eb Prishtin\u00eb do t\u00eb organizohet nj\u00eb akademi p\u00ebrkujtimore n\u00eb nderim t\u00eb heroit Afrim Bunjaku.<\/p>\n","protected":false},"excerpt":{"rendered":"<p>Prishtin\u00eb, 23 shtator 2025 T\u00eb m\u00ebrkur\u00ebn, m\u00eb 24 shtator 2025, do t\u00eb organizohen aktivitete solemne p\u00ebr sh\u00ebnimin e dy vjetorit t\u00eb r\u00ebnies heroike t\u00eb policit<\/p>\n","protected":false},"author":7,"featured_media":13339,"comment_status":"open","ping_status":"open","sticky":false,"template":"","format":"standard","meta":{"footnotes":""},"categories":[60],"tags":[],"class_list":["post-13338","post","type-post","status-publish","format-standard","has-post-thumbnail","hentry","category-shoqerore-sq"],"yoast_head":"<!-- This site is optimized with the Yoast SEO plugin v25.3.1 - https:\/\/yoast.com\/wordpress\/plugins\/seo\/ -->\n<title>MPB organizon aktivitete solemne n\u00eb sh\u00ebnimin e dyvjetorit t\u00eb r\u00ebnies heroike t\u00eb Afrim Bunjakut -<\/title>\n<meta name=\"robots\" content=\"index, follow, max-snippet:-1, max-image-preview:large, max-video-preview:-1\" \/>\n<link rel=\"canonical\" href=\"https:\/\/veritasinfo.org\/?p=13338\" \/>\n<meta property=\"og:locale\" content=\"en_US\" \/>\n<meta property=\"og:type\" content=\"article\" \/>\n<meta property=\"og:title\" content=\"MPB organizon aktivitete solemne n\u00eb sh\u00ebnimin e dyvjetorit t\u00eb r\u00ebnies heroike t\u00eb Afrim Bunjakut -\" \/>\n<meta property=\"og:description\" content=\"Prishtin\u00eb, 23 shtator 2025 T\u00eb m\u00ebrkur\u00ebn, m\u00eb 24 shtator 2025, do t\u00eb organizohen aktivitete solemne p\u00ebr sh\u00ebnimin e dy vjetorit t\u00eb r\u00ebnies heroike t\u00eb policit\" \/>\n<meta property=\"og:url\" content=\"https:\/\/veritasinfo.org\/?p=13338\" \/>\n<meta property=\"article:published_time\" content=\"2025-09-23T15:09:53+00:00\" \/>\n<meta property=\"article:modified_time\" content=\"2025-09-23T15:13:38+00:00\" \/>\n<meta property=\"og:image\" content=\"https:\/\/veritasinfo.org\/wp-content\/uploads\/2025\/09\/afrim-bunjaku.jpeg\" \/>\n\t<meta property=\"og:image:width\" content=\"900\" \/>\n\t<meta property=\"og:image:height\" content=\"593\" \/>\n\t<meta property=\"og:image:type\" content=\"image\/jpeg\" \/>\n<meta name=\"author\" content=\"US6\" \/>\n<meta name=\"twitter:card\" content=\"summary_large_image\" \/>\n<meta name=\"twitter:label1\" content=\"Written by\" \/>\n\t<meta name=\"twitter:data1\" content=\"US6\" \/>\n\t<meta name=\"twitter:label2\" content=\"Est. reading time\" \/>\n\t<meta name=\"twitter:data2\" content=\"1 minute\" \/>\n<script type=\"application\/ld+json\" class=\"yoast-schema-graph\">{\"@context\":\"https:\/\/schema.org\",\"@graph\":[{\"@type\":\"WebPage\",\"@id\":\"https:\/\/veritasinfo.org\/?p=13338\",\"url\":\"https:\/\/veritasinfo.org\/?p=13338\",\"name\":\"MPB organizon aktivitete solemne n\u00eb sh\u00ebnimin e dyvjetorit t\u00eb r\u00ebnies heroike t\u00eb Afrim Bunjakut -\",\"isPartOf\":{\"@id\":\"https:\/\/veritasinfo.org\/#website\"},\"primaryImageOfPage\":{\"@id\":\"https:\/\/veritasinfo.org\/?p=13338#primaryimage\"},\"image\":{\"@id\":\"https:\/\/veritasinfo.org\/?p=13338#primaryimage\"},\"thumbnailUrl\":\"https:\/\/veritasinfo.org\/wp-content\/uploads\/2025\/09\/afrim-bunjaku.jpeg\",\"datePublished\":\"2025-09-23T15:09:53+00:00\",\"dateModified\":\"2025-09-23T15:13:38+00:00\",\"author\":{\"@id\":\"https:\/\/veritasinfo.org\/#\/schema\/person\/fe199eede04c3937362892b7444747cc\"},\"breadcrumb\":{\"@id\":\"https:\/\/veritasinfo.org\/?p=13338#breadcrumb\"},\"inLanguage\":\"en-US\",\"potentialAction\":[{\"@type\":\"ReadAction\",\"target\":[\"https:\/\/veritasinfo.org\/?p=13338\"]}]},{\"@type\":\"ImageObject\",\"inLanguage\":\"en-US\",\"@id\":\"https:\/\/veritasinfo.org\/?p=13338#primaryimage\",\"url\":\"https:\/\/veritasinfo.org\/wp-content\/uploads\/2025\/09\/afrim-bunjaku.jpeg\",\"contentUrl\":\"https:\/\/veritasinfo.org\/wp-content\/uploads\/2025\/09\/afrim-bunjaku.jpeg\",\"width\":900,\"height\":593},{\"@type\":\"BreadcrumbList\",\"@id\":\"https:\/\/veritasinfo.org\/?p=13338#breadcrumb\",\"itemListElement\":[{\"@type\":\"ListItem\",\"position\":1,\"name\":\"Home\",\"item\":\"https:\/\/veritasinfo.org\/\"},{\"@type\":\"ListItem\",\"position\":2,\"name\":\"MPB organizon aktivitete solemne n\u00eb sh\u00ebnimin e dyvjetorit t\u00eb r\u00ebnies heroike t\u00eb Afrim Bunjakut\"}]},{\"@type\":\"WebSite\",\"@id\":\"https:\/\/veritasinfo.org\/#website\",\"url\":\"https:\/\/veritasinfo.org\/\",\"name\":\"\",\"description\":\"\",\"potentialAction\":[{\"@type\":\"SearchAction\",\"target\":{\"@type\":\"EntryPoint\",\"urlTemplate\":\"https:\/\/veritasinfo.org\/?s={search_term_string}\"},\"query-input\":{\"@type\":\"PropertyValueSpecification\",\"valueRequired\":true,\"valueName\":\"search_term_string\"}}],\"inLanguage\":\"en-US\"},{\"@type\":\"Person\",\"@id\":\"https:\/\/veritasinfo.org\/#\/schema\/person\/fe199eede04c3937362892b7444747cc\",\"name\":\"US6\",\"image\":{\"@type\":\"ImageObject\",\"inLanguage\":\"en-US\",\"@id\":\"https:\/\/veritasinfo.org\/#\/schema\/person\/image\/\",\"url\":\"https:\/\/secure.gravatar.com\/avatar\/cb16c3c31c9d23b9b8c705964598220b3014e42ff51eb540ff23cefa3ae8c15f?s=96&d=mm&r=g\",\"contentUrl\":\"https:\/\/secure.gravatar.com\/avatar\/cb16c3c31c9d23b9b8c705964598220b3014e42ff51eb540ff23cefa3ae8c15f?s=96&d=mm&r=g\",\"caption\":\"US6\"},\"url\":\"https:\/\/veritasinfo.org\/?author=7\"}]}<\/script>\n<!-- \/ Yoast SEO plugin. -->","yoast_head_json":{"title":"MPB organizon aktivitete solemne n\u00eb sh\u00ebnimin e dyvjetorit t\u00eb r\u00ebnies heroike t\u00eb Afrim Bunjakut -","robots":{"index":"index","follow":"follow","max-snippet":"max-snippet:-1","max-image-preview":"max-image-preview:large","max-video-preview":"max-video-preview:-1"},"canonical":"https:\/\/veritasinfo.org\/?p=13338","og_locale":"en_US","og_type":"article","og_title":"MPB organizon aktivitete solemne n\u00eb sh\u00ebnimin e dyvjetorit t\u00eb r\u00ebnies heroike t\u00eb Afrim Bunjakut -","og_description":"Prishtin\u00eb, 23 shtator 2025 T\u00eb m\u00ebrkur\u00ebn, m\u00eb 24 shtator 2025, do t\u00eb organizohen aktivitete solemne p\u00ebr sh\u00ebnimin e dy vjetorit t\u00eb r\u00ebnies heroike t\u00eb policit","og_url":"https:\/\/veritasinfo.org\/?p=13338","article_published_time":"2025-09-23T15:09:53+00:00","article_modified_time":"2025-09-23T15:13:38+00:00","og_image":[{"width":900,"height":593,"url":"https:\/\/veritasinfo.org\/wp-content\/uploads\/2025\/09\/afrim-bunjaku.jpeg","type":"image\/jpeg"}],"author":"US6","twitter_card":"summary_large_image","twitter_misc":{"Written by":"US6","Est. reading time":"1 minute"},"schema":{"@context":"https:\/\/schema.org","@graph":[{"@type":"WebPage","@id":"https:\/\/veritasinfo.org\/?p=13338","url":"https:\/\/veritasinfo.org\/?p=13338","name":"MPB organizon aktivitete solemne n\u00eb sh\u00ebnimin e dyvjetorit t\u00eb r\u00ebnies heroike t\u00eb Afrim Bunjakut -","isPartOf":{"@id":"https:\/\/veritasinfo.org\/#website"},"primaryImageOfPage":{"@id":"https:\/\/veritasinfo.org\/?p=13338#primaryimage"},"image":{"@id":"https:\/\/veritasinfo.org\/?p=13338#primaryimage"},"thumbnailUrl":"https:\/\/veritasinfo.org\/wp-content\/uploads\/2025\/09\/afrim-bunjaku.jpeg","datePublished":"2025-09-23T15:09:53+00:00","dateModified":"2025-09-23T15:13:38+00:00","author":{"@id":"https:\/\/veritasinfo.org\/#\/schema\/person\/fe199eede04c3937362892b7444747cc"},"breadcrumb":{"@id":"https:\/\/veritasinfo.org\/?p=13338#breadcrumb"},"inLanguage":"en-US","potentialAction":[{"@type":"ReadAction","target":["https:\/\/veritasinfo.org\/?p=13338"]}]},{"@type":"ImageObject","inLanguage":"en-US","@id":"https:\/\/veritasinfo.org\/?p=13338#primaryimage","url":"https:\/\/veritasinfo.org\/wp-content\/uploads\/2025\/09\/afrim-bunjaku.jpeg","contentUrl":"https:\/\/veritasinfo.org\/wp-content\/uploads\/2025\/09\/afrim-bunjaku.jpeg","width":900,"height":593},{"@type":"BreadcrumbList","@id":"https:\/\/veritasinfo.org\/?p=13338#breadcrumb","itemListElement":[{"@type":"ListItem","position":1,"name":"Home","item":"https:\/\/veritasinfo.org\/"},{"@type":"ListItem","position":2,"name":"MPB organizon aktivitete solemne n\u00eb sh\u00ebnimin e dyvjetorit t\u00eb r\u00ebnies heroike t\u00eb Afrim Bunjakut"}]},{"@type":"WebSite","@id":"https:\/\/veritasinfo.org\/#website","url":"https:\/\/veritasinfo.org\/","name":"","description":"","potentialAction":[{"@type":"SearchAction","target":{"@type":"EntryPoint","urlTemplate":"https:\/\/veritasinfo.org\/?s={search_term_string}"},"query-input":{"@type":"PropertyValueSpecification","valueRequired":true,"valueName":"search_term_string"}}],"inLanguage":"en-US"},{"@type":"Person","@id":"https:\/\/veritasinfo.org\/#\/schema\/person\/fe199eede04c3937362892b7444747cc","name":"US6","image":{"@type":"ImageObject","inLanguage":"en-US","@id":"https:\/\/veritasinfo.org\/#\/schema\/person\/image\/","url":"https:\/\/secure.gravatar.com\/avatar\/cb16c3c31c9d23b9b8c705964598220b3014e42ff51eb540ff23cefa3ae8c15f?s=96&d=mm&r=g","contentUrl":"https:\/\/secure.gravatar.com\/avatar\/cb16c3c31c9d23b9b8c705964598220b3014e42ff51eb540ff23cefa3ae8c15f?s=96&d=mm&r=g","caption":"US6"},"url":"https:\/\/veritasinfo.org\/?author=7"}]}},"featured_image_urls":{"full":["https:\/\/veritasinfo.org\/wp-content\/uploads\/2025\/09\/afrim-bunjaku.jpeg",900,593,false],"thumbnail":["https:\/\/veritasinfo.org\/wp-content\/uploads\/2025\/09\/afrim-bunjaku-150x150.jpeg",150,150,true],"medium":["https:\/\/veritasinfo.org\/wp-content\/uploads\/2025\/09\/afrim-bunjaku-300x198.jpeg",300,198,true],"medium_large":["https:\/\/veritasinfo.org\/wp-content\/uploads\/2025\/09\/afrim-bunjaku-768x506.jpeg",640,422,true],"large":["https:\/\/veritasinfo.org\/wp-content\/uploads\/2025\/09\/afrim-bunjaku.jpeg",640,422,false],"1536x1536":["https:\/\/veritasinfo.org\/wp-content\/uploads\/2025\/09\/afrim-bunjaku.jpeg",900,593,false],"2048x2048":["https:\/\/veritasinfo.org\/wp-content\/uploads\/2025\/09\/afrim-bunjaku.jpeg",900,593,false],"kreeti-slider-full":["https:\/\/veritasinfo.org\/wp-content\/uploads\/2025\/09\/afrim-bunjaku.jpeg",900,593,false],"kreeti-featured":["https:\/\/veritasinfo.org\/wp-content\/uploads\/2025\/09\/afrim-bunjaku.jpeg",900,593,false],"kreeti-medium":["https:\/\/veritasinfo.org\/wp-content\/uploads\/2025\/09\/afrim-bunjaku.jpeg",720,474,false],"kreeti-medium-square":["https:\/\/veritasinfo.org\/wp-content\/uploads\/2025\/09\/afrim-bunjaku.jpeg",350,231,false]},"author_info":{"info":["US6"]},"category_info":"<a href=\"https:\/\/veritasinfo.org\/?cat=60\" rel=\"category\">Shoq\u00ebrore<\/a>","tag_info":"Shoq\u00ebrore","comment_count":"0","_links":{"self":[{"href":"https:\/\/veritasinfo.org\/index.php?rest_route=\/wp\/v2\/posts\/13338","targetHints":{"allow":["GET"]}}],"collection":[{"href":"https:\/\/veritasinfo.org\/index.php?rest_route=\/wp\/v2\/posts"}],"about":[{"href":"https:\/\/veritasinfo.org\/index.php?rest_route=\/wp\/v2\/types\/post"}],"author":[{"embeddable":true,"href":"https:\/\/veritasinfo.org\/index.php?rest_route=\/wp\/v2\/users\/7"}],"replies":[{"embeddable":true,"href":"https:\/\/veritasinfo.org\/index.php?rest_route=%2Fwp%2Fv2%2Fcomments&post=13338"}],"version-history":[{"count":2,"href":"https:\/\/veritasinfo.org\/index.php?rest_route=\/wp\/v2\/posts\/13338\/revisions"}],"predecessor-version":[{"id":13342,"href":"https:\/\/veritasinfo.org\/index.php?rest_route=\/wp\/v2\/posts\/13338\/revisions\/13342"}],"wp:featuredmedia":[{"embeddable":true,"href":"https:\/\/veritasinfo.org\/index.php?rest_route=\/wp\/v2\/media\/13339"}],"wp:attachment":[{"href":"https:\/\/veritasinfo.org\/index.php?rest_route=%2Fwp%2Fv2%2Fmedia&parent=13338"}],"wp:term":[{"taxonomy":"category","embeddable":true,"href":"https:\/\/veritasinfo.org\/index.php?rest_route=%2Fwp%2Fv2%2Fcategories&post=13338"},{"taxonomy":"post_tag","embeddable":true,"href":"https:\/\/veritasinfo.org\/index.php?rest_route=%2Fwp%2Fv2%2Ftags&post=13338"}],"curies":[{"name":"wp","href":"https:\/\/api.w.org\/{rel}","templated":true}]}}