{"id":13329,"date":"2025-09-23T15:28:45","date_gmt":"2025-09-23T13:28:45","guid":{"rendered":"https:\/\/veritasinfo.org\/?p=13329"},"modified":"2025-09-23T15:31:22","modified_gmt":"2025-09-23T13:31:22","slug":"ivan-petroviq-kandidati-per-kryetar-te-komunes-se-ranillugut-nga-levizja-popullore-serbe-nis-greve-urie-per-shkak-te-shkarkimit-nga-institucionet-ilegale-vendimi-foto","status":"publish","type":"post","link":"https:\/\/veritasinfo.org\/?p=13329","title":{"rendered":"Ivan Petroviq, kandidati p\u00ebr kryetar t\u00eb komun\u00ebs s\u00eb Ranillugut nga L\u00ebvizja Popullore Serbe, nis grev\u00eb urie p\u00ebr shkak t\u00eb shkarkimit nga institucionet ilegale (vendimi)"},"content":{"rendered":"<p>Ranillug, 23 shtator 2025<\/p>\n<p>Ivan Petroviq, kandidat p\u00ebr kryetar t\u00eb komun\u00ebs s\u00eb Ranillugut nga L\u00ebvizja Popullore Serbe, ka vendosur t\u00eb nis\u00eb nj\u00eb grev\u00eb urie pasi iu dor\u00ebzua vendimi p\u00ebr shkarkim nga p\u00ebrfaq\u00ebsuesit e List\u00ebs Serbe.<\/p>\n<p>Ajo q\u00eb e b\u00ebn situat\u00ebn m\u00eb t\u00eb r\u00ebnd\u00ebsishme \u00ebsht\u00eb se vendimi p\u00ebr shkarkim, sipas tij, \u00ebsht\u00eb l\u00ebshuar nga institucione ilegale, p\u00ebrkat\u00ebsisht paralele, t\u00eb cilat ende funksionojn\u00eb dhe ushtrojn\u00eb presion ndaj kund\u00ebrshtar\u00ebve politik\u00eb.<\/p>\n<p>Petroviq pretendon se shkarkimi \u00ebsht\u00eb politikisht i motivuar dhe p\u00ebrb\u00ebn vazhdim t\u00eb presioneve dhe diskriminimit ndaj t\u00eb gjith\u00eb atyre q\u00eb nuk p\u00ebrshtaten me politik\u00ebn e List\u00ebs Serbe. Sipas tij, ky veprim ka p\u00ebr q\u00ebllim t\u00eb dekurajoj\u00eb qytetar\u00ebt t\u00eb shprehin lirsh\u00ebm vullnetin e tyre politik n\u00eb zgjedhjet e ardhshme.<\/p>\n<p>\u201cKjo nuk \u00ebsht\u00eb vet\u00ebm nj\u00eb betej\u00eb p\u00ebr vendin tim t\u00eb pun\u00ebs, por nj\u00eb betej\u00eb p\u00ebr lirin\u00eb dhe dinjitetin e t\u00eb gjith\u00eb atyre q\u00eb duan ndryshime. Nuk do t\u00eb t\u00ebrhiqem, sepse e v\u00ebrteta dhe drejt\u00ebsia duhet t\u00eb fitojn\u00eb\u201d, ka deklaruar Petroviq p\u00ebr portalin &#8220;VERITASINFO&#8221;.<\/p>\n<p><img fetchpriority=\"high\" decoding=\"async\" class=\"alignnone wp-image-13331\" src=\"https:\/\/veritasinfo.org\/wp-content\/uploads\/2025\/09\/WhatsApp-Image-2025-09-23-at-15.11.38_2a14b68b-213x300.jpg\" alt=\"\" width=\"390\" height=\"549\" srcset=\"https:\/\/veritasinfo.org\/wp-content\/uploads\/2025\/09\/WhatsApp-Image-2025-09-23-at-15.11.38_2a14b68b-213x300.jpg 213w, https:\/\/veritasinfo.org\/wp-content\/uploads\/2025\/09\/WhatsApp-Image-2025-09-23-at-15.11.38_2a14b68b.jpg 669w\" sizes=\"(max-width: 390px) 100vw, 390px\" \/><\/p>\n<p>Ai e ka nisur grev\u00ebn e uris\u00eb p\u00ebrpara memorialit n\u00eb qend\u00ebr t\u00eb Ranillugut, ku po merr mb\u00ebshtetje nga an\u00ebtar\u00eb dhe simpatizant\u00eb t\u00eb L\u00ebvizjes Popullore Serbe, si dhe nga disa qytetar\u00eb.<\/p>\n<p>S\u00eb bashku me t\u00eb, \u00ebsht\u00eb shkarkuar edhe kandidati i partis\u00eb s\u00eb Nenad Rashiqit p\u00ebr komun\u00ebn e Ranillugut, Ivan Ristiq, i cili i \u00ebsht\u00eb bashkuar grev\u00ebs s\u00eb uris\u00eb.<\/p>\n<p>Nenad Rashiq ka njoftuar se nes\u00ebr n\u00eb or\u00ebn 11:00 do t\u2019i vizitoj\u00eb Petroviqin dhe Ristiqin p\u00ebr t\u2019iu ofruar mb\u00ebshtetje t\u00eb plot\u00eb.<\/p>\n<p>Petroviq ka theksuar se do t\u00eb q\u00ebndroj\u00eb n\u00eb grev\u00eb derisa, si\u00e7 ka th\u00ebn\u00eb ai, t\u00eb ndalet ndjekja politike dhe qytetar\u00ebve t\u2019u mund\u00ebsohet e drejta p\u00ebr zgjedhje pa shantazhe dhe presione.<\/p>\n<p>Insticuionet paralele serbe n\u00eb Kosov\u00eb kontrollohen nga Lista Serbe, me mb\u00ebshtetje t\u00eb presidentit t\u00eb Serbis\u00eb, Aleksander Vuqi\u00e7.<\/p>\n","protected":false},"excerpt":{"rendered":"<p>Ranillug, 23 shtator 2025 Ivan Petroviq, kandidat p\u00ebr kryetar t\u00eb komun\u00ebs s\u00eb Ranillugut nga L\u00ebvizja Popullore Serbe, ka vendosur t\u00eb nis\u00eb nj\u00eb grev\u00eb urie pasi<\/p>\n","protected":false},"author":7,"featured_media":13330,"comment_status":"open","ping_status":"open","sticky":false,"template":"","format":"standard","meta":{"footnotes":""},"categories":[58],"tags":[],"class_list":["post-13329","post","type-post","status-publish","format-standard","has-post-thumbnail","hentry","category-politike-sq"],"yoast_head":"<!-- This site is optimized with the Yoast SEO plugin v25.3.1 - https:\/\/yoast.com\/wordpress\/plugins\/seo\/ -->\n<title>Ivan Petroviq, kandidati p\u00ebr kryetar t\u00eb komun\u00ebs s\u00eb Ranillugut nga L\u00ebvizja Popullore Serbe, nis grev\u00eb urie p\u00ebr shkak t\u00eb shkarkimit nga institucionet ilegale (vendimi) -<\/title>\n<meta name=\"robots\" content=\"index, follow, max-snippet:-1, max-image-preview:large, max-video-preview:-1\" \/>\n<link rel=\"canonical\" href=\"https:\/\/veritasinfo.org\/?p=13329\" \/>\n<meta property=\"og:locale\" content=\"en_US\" \/>\n<meta property=\"og:type\" content=\"article\" \/>\n<meta property=\"og:title\" content=\"Ivan Petroviq, kandidati p\u00ebr kryetar t\u00eb komun\u00ebs s\u00eb Ranillugut nga L\u00ebvizja Popullore Serbe, nis grev\u00eb urie p\u00ebr shkak t\u00eb shkarkimit nga institucionet ilegale (vendimi) -\" \/>\n<meta property=\"og:description\" content=\"Ranillug, 23 shtator 2025 Ivan Petroviq, kandidat p\u00ebr kryetar t\u00eb komun\u00ebs s\u00eb Ranillugut nga L\u00ebvizja Popullore Serbe, ka vendosur t\u00eb nis\u00eb nj\u00eb grev\u00eb urie pasi\" \/>\n<meta property=\"og:url\" content=\"https:\/\/veritasinfo.org\/?p=13329\" \/>\n<meta property=\"article:published_time\" content=\"2025-09-23T13:28:45+00:00\" \/>\n<meta property=\"article:modified_time\" content=\"2025-09-23T13:31:22+00:00\" \/>\n<meta property=\"og:image\" content=\"https:\/\/veritasinfo.org\/wp-content\/uploads\/2025\/09\/WhatsApp-Image-2025-09-23-at-15.11.39_3021c919.jpg\" \/>\n\t<meta property=\"og:image:width\" content=\"1600\" \/>\n\t<meta property=\"og:image:height\" content=\"719\" \/>\n\t<meta property=\"og:image:type\" content=\"image\/jpeg\" \/>\n<meta name=\"author\" content=\"US6\" \/>\n<meta name=\"twitter:card\" content=\"summary_large_image\" \/>\n<meta name=\"twitter:label1\" content=\"Written by\" \/>\n\t<meta name=\"twitter:data1\" content=\"US6\" \/>\n\t<meta name=\"twitter:label2\" content=\"Est. reading time\" \/>\n\t<meta name=\"twitter:data2\" content=\"2 minutes\" \/>\n<script type=\"application\/ld+json\" class=\"yoast-schema-graph\">{\"@context\":\"https:\/\/schema.org\",\"@graph\":[{\"@type\":\"WebPage\",\"@id\":\"https:\/\/veritasinfo.org\/?p=13329\",\"url\":\"https:\/\/veritasinfo.org\/?p=13329\",\"name\":\"Ivan Petroviq, kandidati p\u00ebr kryetar t\u00eb komun\u00ebs s\u00eb Ranillugut nga L\u00ebvizja Popullore Serbe, nis grev\u00eb urie p\u00ebr shkak t\u00eb shkarkimit nga institucionet ilegale (vendimi) -\",\"isPartOf\":{\"@id\":\"https:\/\/veritasinfo.org\/#website\"},\"primaryImageOfPage\":{\"@id\":\"https:\/\/veritasinfo.org\/?p=13329#primaryimage\"},\"image\":{\"@id\":\"https:\/\/veritasinfo.org\/?p=13329#primaryimage\"},\"thumbnailUrl\":\"https:\/\/veritasinfo.org\/wp-content\/uploads\/2025\/09\/WhatsApp-Image-2025-09-23-at-15.11.39_3021c919.jpg\",\"datePublished\":\"2025-09-23T13:28:45+00:00\",\"dateModified\":\"2025-09-23T13:31:22+00:00\",\"author\":{\"@id\":\"https:\/\/veritasinfo.org\/#\/schema\/person\/fe199eede04c3937362892b7444747cc\"},\"breadcrumb\":{\"@id\":\"https:\/\/veritasinfo.org\/?p=13329#breadcrumb\"},\"inLanguage\":\"en-US\",\"potentialAction\":[{\"@type\":\"ReadAction\",\"target\":[\"https:\/\/veritasinfo.org\/?p=13329\"]}]},{\"@type\":\"ImageObject\",\"inLanguage\":\"en-US\",\"@id\":\"https:\/\/veritasinfo.org\/?p=13329#primaryimage\",\"url\":\"https:\/\/veritasinfo.org\/wp-content\/uploads\/2025\/09\/WhatsApp-Image-2025-09-23-at-15.11.39_3021c919.jpg\",\"contentUrl\":\"https:\/\/veritasinfo.org\/wp-content\/uploads\/2025\/09\/WhatsApp-Image-2025-09-23-at-15.11.39_3021c919.jpg\",\"width\":1600,\"height\":719},{\"@type\":\"BreadcrumbList\",\"@id\":\"https:\/\/veritasinfo.org\/?p=13329#breadcrumb\",\"itemListElement\":[{\"@type\":\"ListItem\",\"position\":1,\"name\":\"Home\",\"item\":\"https:\/\/veritasinfo.org\/\"},{\"@type\":\"ListItem\",\"position\":2,\"name\":\"Ivan Petroviq, kandidati p\u00ebr kryetar t\u00eb komun\u00ebs s\u00eb Ranillugut nga L\u00ebvizja Popullore Serbe, nis grev\u00eb urie p\u00ebr shkak t\u00eb shkarkimit nga institucionet ilegale (vendimi)\"}]},{\"@type\":\"WebSite\",\"@id\":\"https:\/\/veritasinfo.org\/#website\",\"url\":\"https:\/\/veritasinfo.org\/\",\"name\":\"\",\"description\":\"\",\"potentialAction\":[{\"@type\":\"SearchAction\",\"target\":{\"@type\":\"EntryPoint\",\"urlTemplate\":\"https:\/\/veritasinfo.org\/?s={search_term_string}\"},\"query-input\":{\"@type\":\"PropertyValueSpecification\",\"valueRequired\":true,\"valueName\":\"search_term_string\"}}],\"inLanguage\":\"en-US\"},{\"@type\":\"Person\",\"@id\":\"https:\/\/veritasinfo.org\/#\/schema\/person\/fe199eede04c3937362892b7444747cc\",\"name\":\"US6\",\"image\":{\"@type\":\"ImageObject\",\"inLanguage\":\"en-US\",\"@id\":\"https:\/\/veritasinfo.org\/#\/schema\/person\/image\/\",\"url\":\"https:\/\/secure.gravatar.com\/avatar\/cb16c3c31c9d23b9b8c705964598220b3014e42ff51eb540ff23cefa3ae8c15f?s=96&d=mm&r=g\",\"contentUrl\":\"https:\/\/secure.gravatar.com\/avatar\/cb16c3c31c9d23b9b8c705964598220b3014e42ff51eb540ff23cefa3ae8c15f?s=96&d=mm&r=g\",\"caption\":\"US6\"},\"url\":\"https:\/\/veritasinfo.org\/?author=7\"}]}<\/script>\n<!-- \/ Yoast SEO plugin. -->","yoast_head_json":{"title":"Ivan Petroviq, kandidati p\u00ebr kryetar t\u00eb komun\u00ebs s\u00eb Ranillugut nga L\u00ebvizja Popullore Serbe, nis grev\u00eb urie p\u00ebr shkak t\u00eb shkarkimit nga institucionet ilegale (vendimi) -","robots":{"index":"index","follow":"follow","max-snippet":"max-snippet:-1","max-image-preview":"max-image-preview:large","max-video-preview":"max-video-preview:-1"},"canonical":"https:\/\/veritasinfo.org\/?p=13329","og_locale":"en_US","og_type":"article","og_title":"Ivan Petroviq, kandidati p\u00ebr kryetar t\u00eb komun\u00ebs s\u00eb Ranillugut nga L\u00ebvizja Popullore Serbe, nis grev\u00eb urie p\u00ebr shkak t\u00eb shkarkimit nga institucionet ilegale (vendimi) -","og_description":"Ranillug, 23 shtator 2025 Ivan Petroviq, kandidat p\u00ebr kryetar t\u00eb komun\u00ebs s\u00eb Ranillugut nga L\u00ebvizja Popullore Serbe, ka vendosur t\u00eb nis\u00eb nj\u00eb grev\u00eb urie pasi","og_url":"https:\/\/veritasinfo.org\/?p=13329","article_published_time":"2025-09-23T13:28:45+00:00","article_modified_time":"2025-09-23T13:31:22+00:00","og_image":[{"width":1600,"height":719,"url":"https:\/\/veritasinfo.org\/wp-content\/uploads\/2025\/09\/WhatsApp-Image-2025-09-23-at-15.11.39_3021c919.jpg","type":"image\/jpeg"}],"author":"US6","twitter_card":"summary_large_image","twitter_misc":{"Written by":"US6","Est. reading time":"2 minutes"},"schema":{"@context":"https:\/\/schema.org","@graph":[{"@type":"WebPage","@id":"https:\/\/veritasinfo.org\/?p=13329","url":"https:\/\/veritasinfo.org\/?p=13329","name":"Ivan Petroviq, kandidati p\u00ebr kryetar t\u00eb komun\u00ebs s\u00eb Ranillugut nga L\u00ebvizja Popullore Serbe, nis grev\u00eb urie p\u00ebr shkak t\u00eb shkarkimit nga institucionet ilegale (vendimi) -","isPartOf":{"@id":"https:\/\/veritasinfo.org\/#website"},"primaryImageOfPage":{"@id":"https:\/\/veritasinfo.org\/?p=13329#primaryimage"},"image":{"@id":"https:\/\/veritasinfo.org\/?p=13329#primaryimage"},"thumbnailUrl":"https:\/\/veritasinfo.org\/wp-content\/uploads\/2025\/09\/WhatsApp-Image-2025-09-23-at-15.11.39_3021c919.jpg","datePublished":"2025-09-23T13:28:45+00:00","dateModified":"2025-09-23T13:31:22+00:00","author":{"@id":"https:\/\/veritasinfo.org\/#\/schema\/person\/fe199eede04c3937362892b7444747cc"},"breadcrumb":{"@id":"https:\/\/veritasinfo.org\/?p=13329#breadcrumb"},"inLanguage":"en-US","potentialAction":[{"@type":"ReadAction","target":["https:\/\/veritasinfo.org\/?p=13329"]}]},{"@type":"ImageObject","inLanguage":"en-US","@id":"https:\/\/veritasinfo.org\/?p=13329#primaryimage","url":"https:\/\/veritasinfo.org\/wp-content\/uploads\/2025\/09\/WhatsApp-Image-2025-09-23-at-15.11.39_3021c919.jpg","contentUrl":"https:\/\/veritasinfo.org\/wp-content\/uploads\/2025\/09\/WhatsApp-Image-2025-09-23-at-15.11.39_3021c919.jpg","width":1600,"height":719},{"@type":"BreadcrumbList","@id":"https:\/\/veritasinfo.org\/?p=13329#breadcrumb","itemListElement":[{"@type":"ListItem","position":1,"name":"Home","item":"https:\/\/veritasinfo.org\/"},{"@type":"ListItem","position":2,"name":"Ivan Petroviq, kandidati p\u00ebr kryetar t\u00eb komun\u00ebs s\u00eb Ranillugut nga L\u00ebvizja Popullore Serbe, nis grev\u00eb urie p\u00ebr shkak t\u00eb shkarkimit nga institucionet ilegale (vendimi)"}]},{"@type":"WebSite","@id":"https:\/\/veritasinfo.org\/#website","url":"https:\/\/veritasinfo.org\/","name":"","description":"","potentialAction":[{"@type":"SearchAction","target":{"@type":"EntryPoint","urlTemplate":"https:\/\/veritasinfo.org\/?s={search_term_string}"},"query-input":{"@type":"PropertyValueSpecification","valueRequired":true,"valueName":"search_term_string"}}],"inLanguage":"en-US"},{"@type":"Person","@id":"https:\/\/veritasinfo.org\/#\/schema\/person\/fe199eede04c3937362892b7444747cc","name":"US6","image":{"@type":"ImageObject","inLanguage":"en-US","@id":"https:\/\/veritasinfo.org\/#\/schema\/person\/image\/","url":"https:\/\/secure.gravatar.com\/avatar\/cb16c3c31c9d23b9b8c705964598220b3014e42ff51eb540ff23cefa3ae8c15f?s=96&d=mm&r=g","contentUrl":"https:\/\/secure.gravatar.com\/avatar\/cb16c3c31c9d23b9b8c705964598220b3014e42ff51eb540ff23cefa3ae8c15f?s=96&d=mm&r=g","caption":"US6"},"url":"https:\/\/veritasinfo.org\/?author=7"}]}},"featured_image_urls":{"full":["https:\/\/veritasinfo.org\/wp-content\/uploads\/2025\/09\/WhatsApp-Image-2025-09-23-at-15.11.39_3021c919.jpg",1600,719,false],"thumbnail":["https:\/\/veritasinfo.org\/wp-content\/uploads\/2025\/09\/WhatsApp-Image-2025-09-23-at-15.11.39_3021c919-150x150.jpg",150,150,true],"medium":["https:\/\/veritasinfo.org\/wp-content\/uploads\/2025\/09\/WhatsApp-Image-2025-09-23-at-15.11.39_3021c919-300x135.jpg",300,135,true],"medium_large":["https:\/\/veritasinfo.org\/wp-content\/uploads\/2025\/09\/WhatsApp-Image-2025-09-23-at-15.11.39_3021c919-768x345.jpg",640,288,true],"large":["https:\/\/veritasinfo.org\/wp-content\/uploads\/2025\/09\/WhatsApp-Image-2025-09-23-at-15.11.39_3021c919-1024x460.jpg",640,288,true],"1536x1536":["https:\/\/veritasinfo.org\/wp-content\/uploads\/2025\/09\/WhatsApp-Image-2025-09-23-at-15.11.39_3021c919-1536x690.jpg",1536,690,true],"2048x2048":["https:\/\/veritasinfo.org\/wp-content\/uploads\/2025\/09\/WhatsApp-Image-2025-09-23-at-15.11.39_3021c919.jpg",1600,719,false],"kreeti-slider-full":["https:\/\/veritasinfo.org\/wp-content\/uploads\/2025\/09\/WhatsApp-Image-2025-09-23-at-15.11.39_3021c919.jpg",1280,575,false],"kreeti-featured":["https:\/\/veritasinfo.org\/wp-content\/uploads\/2025\/09\/WhatsApp-Image-2025-09-23-at-15.11.39_3021c919.jpg",1024,460,false],"kreeti-medium":["https:\/\/veritasinfo.org\/wp-content\/uploads\/2025\/09\/WhatsApp-Image-2025-09-23-at-15.11.39_3021c919.jpg",720,324,false],"kreeti-medium-square":["https:\/\/veritasinfo.org\/wp-content\/uploads\/2025\/09\/WhatsApp-Image-2025-09-23-at-15.11.39_3021c919.jpg",350,157,false]},"author_info":{"info":["US6"]},"category_info":"<a href=\"https:\/\/veritasinfo.org\/?cat=58\" rel=\"category\">Politik\u00eb<\/a>","tag_info":"Politik\u00eb","comment_count":"0","_links":{"self":[{"href":"https:\/\/veritasinfo.org\/index.php?rest_route=\/wp\/v2\/posts\/13329","targetHints":{"allow":["GET"]}}],"collection":[{"href":"https:\/\/veritasinfo.org\/index.php?rest_route=\/wp\/v2\/posts"}],"about":[{"href":"https:\/\/veritasinfo.org\/index.php?rest_route=\/wp\/v2\/types\/post"}],"author":[{"embeddable":true,"href":"https:\/\/veritasinfo.org\/index.php?rest_route=\/wp\/v2\/users\/7"}],"replies":[{"embeddable":true,"href":"https:\/\/veritasinfo.org\/index.php?rest_route=%2Fwp%2Fv2%2Fcomments&post=13329"}],"version-history":[{"count":2,"href":"https:\/\/veritasinfo.org\/index.php?rest_route=\/wp\/v2\/posts\/13329\/revisions"}],"predecessor-version":[{"id":13337,"href":"https:\/\/veritasinfo.org\/index.php?rest_route=\/wp\/v2\/posts\/13329\/revisions\/13337"}],"wp:featuredmedia":[{"embeddable":true,"href":"https:\/\/veritasinfo.org\/index.php?rest_route=\/wp\/v2\/media\/13330"}],"wp:attachment":[{"href":"https:\/\/veritasinfo.org\/index.php?rest_route=%2Fwp%2Fv2%2Fmedia&parent=13329"}],"wp:term":[{"taxonomy":"category","embeddable":true,"href":"https:\/\/veritasinfo.org\/index.php?rest_route=%2Fwp%2Fv2%2Fcategories&post=13329"},{"taxonomy":"post_tag","embeddable":true,"href":"https:\/\/veritasinfo.org\/index.php?rest_route=%2Fwp%2Fv2%2Ftags&post=13329"}],"curies":[{"name":"wp","href":"https:\/\/api.w.org\/{rel}","templated":true}]}}