{"id":13314,"date":"2025-09-23T15:00:00","date_gmt":"2025-09-23T13:00:00","guid":{"rendered":"https:\/\/veritasinfo.org\/?p=13314"},"modified":"2025-09-23T15:00:00","modified_gmt":"2025-09-23T13:00:00","slug":"qeveria-e-serbise-financoi-muralet-kercenuese-nacionaliste-kur-ushtria-kthehet-ne-kosove","status":"publish","type":"post","link":"https:\/\/veritasinfo.org\/?p=13314","title":{"rendered":"Qeveria e Serbis\u00eb financoi muralet k\u00ebrc\u00ebnuese nacionaliste \u201cKur ushtria kthehet\u00a0n\u00eb\u00a0Kosov\u00eb\u201d"},"content":{"rendered":"<p>Beograd, 23 shtator 2025<\/p>\n<p>Inxhinieri i nd\u00ebrtimit Danijel Da\u0161i\u0107 ka deklaruar se Institucioni Shtet\u00ebror i Revizionit, gjat\u00eb kontrollit t\u00eb Ministris\u00eb s\u00eb Nd\u00ebrtimtaris\u00eb, Transportit dhe Infrastruktur\u00ebs, ka konstatuar se kjo ministri, gjat\u00eb mandatit t\u00eb Goran Vesiqit, ka shpenzuar 217.000 euro p\u00ebr pikturimin e muralit \u201cKur t\u00eb kthehet ushtria n\u00eb Kosov\u00eb\u201d. Porosit\u00ebsi ka qen\u00eb Bordi Ekzekutiv i SNS-it.<\/p>\n<p>\u201cBesoni apo jo! Institucioni Shtet\u00ebror i Revizionit, gjat\u00eb kontrollit t\u00eb ministris\u00eb s\u00eb Vesiqit p\u00ebr nd\u00ebrtimtari n\u00eb vitin 2024, ka gjetur nj\u00eb z\u00eb buxhetor &#8216;Pikturimi i hap\u00ebsirave publike&#8217; n\u00eb vler\u00eb prej 217.000 eurosh,\u201d ka shkruar Da\u0161iq n\u00eb rrjetin social X.<\/p>\n<p>Ai m\u00eb tej shtoi:<\/p>\n<p>\u201cB\u00ebhet fjal\u00eb p\u00ebr grafitet \u2018Kur t\u00eb kthehet ushtria n\u00eb Kosov\u00eb\u2019, t\u00eb cilat jan\u00eb b\u00ebr\u00eb anemban\u00eb Serbis\u00eb dhe p\u00ebrtej saj. Jan\u00eb paguar nga ministria. Porosit\u00ebsi ishte bordi ekzekutiv i SNS. Kryer\u00ebsit \u2013 t\u00eb panjohur. Fatura \u2013 nuk ka.\u201d<\/p>\n<p>Ai shtoi se Institucioni i Revizionit ka vepruar sipas ligjit dhe i ka shqiptuar nj\u00eb gjob\u00eb Ministris\u00eb s\u00eb Nd\u00ebrtimtaris\u00eb, Transportit dhe Infrastruktur\u00ebs p\u00ebr shpenzimin e palejuar t\u00eb mjeteve buxhetore n\u00eb shum\u00ebn prej 109.000 dinar\u00ebsh.<\/p>\n<p>&nbsp;<\/p>\n","protected":false},"excerpt":{"rendered":"<p>Beograd, 23 shtator 2025 Inxhinieri i nd\u00ebrtimit Danijel Da\u0161i\u0107 ka deklaruar se Institucioni Shtet\u00ebror i Revizionit, gjat\u00eb kontrollit t\u00eb Ministris\u00eb s\u00eb Nd\u00ebrtimtaris\u00eb, Transportit dhe Infrastruktur\u00ebs,<\/p>\n","protected":false},"author":7,"featured_media":13316,"comment_status":"open","ping_status":"open","sticky":false,"template":"","format":"standard","meta":{"footnotes":""},"categories":[58],"tags":[],"class_list":["post-13314","post","type-post","status-publish","format-standard","has-post-thumbnail","hentry","category-politike-sq"],"yoast_head":"<!-- This site is optimized with the Yoast SEO plugin v25.3.1 - https:\/\/yoast.com\/wordpress\/plugins\/seo\/ -->\n<title>Qeveria e Serbis\u00eb financoi muralet k\u00ebrc\u00ebnuese nacionaliste \u201cKur ushtria kthehet\u00a0n\u00eb\u00a0Kosov\u00eb\u201d -<\/title>\n<meta name=\"robots\" content=\"index, follow, max-snippet:-1, max-image-preview:large, max-video-preview:-1\" \/>\n<link rel=\"canonical\" href=\"https:\/\/veritasinfo.org\/?p=13314\" \/>\n<meta property=\"og:locale\" content=\"en_US\" \/>\n<meta property=\"og:type\" content=\"article\" \/>\n<meta property=\"og:title\" content=\"Qeveria e Serbis\u00eb financoi muralet k\u00ebrc\u00ebnuese nacionaliste \u201cKur ushtria kthehet\u00a0n\u00eb\u00a0Kosov\u00eb\u201d -\" \/>\n<meta property=\"og:description\" content=\"Beograd, 23 shtator 2025 Inxhinieri i nd\u00ebrtimit Danijel Da\u0161i\u0107 ka deklaruar se Institucioni Shtet\u00ebror i Revizionit, gjat\u00eb kontrollit t\u00eb Ministris\u00eb s\u00eb Nd\u00ebrtimtaris\u00eb, Transportit dhe Infrastruktur\u00ebs,\" \/>\n<meta property=\"og:url\" content=\"https:\/\/veritasinfo.org\/?p=13314\" \/>\n<meta property=\"article:published_time\" content=\"2025-09-23T13:00:00+00:00\" \/>\n<meta property=\"og:image\" content=\"https:\/\/veritasinfo.org\/wp-content\/uploads\/2025\/09\/G1hSjlBXAAAzABS.jpg\" \/>\n\t<meta property=\"og:image:width\" content=\"750\" \/>\n\t<meta property=\"og:image:height\" content=\"1263\" \/>\n\t<meta property=\"og:image:type\" content=\"image\/jpeg\" \/>\n<meta name=\"author\" content=\"US6\" \/>\n<meta name=\"twitter:card\" content=\"summary_large_image\" \/>\n<meta name=\"twitter:label1\" content=\"Written by\" \/>\n\t<meta name=\"twitter:data1\" content=\"US6\" \/>\n\t<meta name=\"twitter:label2\" content=\"Est. reading time\" \/>\n\t<meta name=\"twitter:data2\" content=\"1 minute\" \/>\n<script type=\"application\/ld+json\" class=\"yoast-schema-graph\">{\"@context\":\"https:\/\/schema.org\",\"@graph\":[{\"@type\":\"WebPage\",\"@id\":\"https:\/\/veritasinfo.org\/?p=13314\",\"url\":\"https:\/\/veritasinfo.org\/?p=13314\",\"name\":\"Qeveria e Serbis\u00eb financoi muralet k\u00ebrc\u00ebnuese nacionaliste \u201cKur ushtria kthehet\u00a0n\u00eb\u00a0Kosov\u00eb\u201d -\",\"isPartOf\":{\"@id\":\"https:\/\/veritasinfo.org\/#website\"},\"primaryImageOfPage\":{\"@id\":\"https:\/\/veritasinfo.org\/?p=13314#primaryimage\"},\"image\":{\"@id\":\"https:\/\/veritasinfo.org\/?p=13314#primaryimage\"},\"thumbnailUrl\":\"https:\/\/veritasinfo.org\/wp-content\/uploads\/2025\/09\/G1hSjlBXAAAzABS.jpg\",\"datePublished\":\"2025-09-23T13:00:00+00:00\",\"author\":{\"@id\":\"https:\/\/veritasinfo.org\/#\/schema\/person\/fe199eede04c3937362892b7444747cc\"},\"breadcrumb\":{\"@id\":\"https:\/\/veritasinfo.org\/?p=13314#breadcrumb\"},\"inLanguage\":\"en-US\",\"potentialAction\":[{\"@type\":\"ReadAction\",\"target\":[\"https:\/\/veritasinfo.org\/?p=13314\"]}]},{\"@type\":\"ImageObject\",\"inLanguage\":\"en-US\",\"@id\":\"https:\/\/veritasinfo.org\/?p=13314#primaryimage\",\"url\":\"https:\/\/veritasinfo.org\/wp-content\/uploads\/2025\/09\/G1hSjlBXAAAzABS.jpg\",\"contentUrl\":\"https:\/\/veritasinfo.org\/wp-content\/uploads\/2025\/09\/G1hSjlBXAAAzABS.jpg\",\"width\":750,\"height\":1263},{\"@type\":\"BreadcrumbList\",\"@id\":\"https:\/\/veritasinfo.org\/?p=13314#breadcrumb\",\"itemListElement\":[{\"@type\":\"ListItem\",\"position\":1,\"name\":\"Home\",\"item\":\"https:\/\/veritasinfo.org\/\"},{\"@type\":\"ListItem\",\"position\":2,\"name\":\"Qeveria e Serbis\u00eb financoi muralet k\u00ebrc\u00ebnuese nacionaliste \u201cKur ushtria kthehet\u00a0n\u00eb\u00a0Kosov\u00eb\u201d\"}]},{\"@type\":\"WebSite\",\"@id\":\"https:\/\/veritasinfo.org\/#website\",\"url\":\"https:\/\/veritasinfo.org\/\",\"name\":\"\",\"description\":\"\",\"potentialAction\":[{\"@type\":\"SearchAction\",\"target\":{\"@type\":\"EntryPoint\",\"urlTemplate\":\"https:\/\/veritasinfo.org\/?s={search_term_string}\"},\"query-input\":{\"@type\":\"PropertyValueSpecification\",\"valueRequired\":true,\"valueName\":\"search_term_string\"}}],\"inLanguage\":\"en-US\"},{\"@type\":\"Person\",\"@id\":\"https:\/\/veritasinfo.org\/#\/schema\/person\/fe199eede04c3937362892b7444747cc\",\"name\":\"US6\",\"image\":{\"@type\":\"ImageObject\",\"inLanguage\":\"en-US\",\"@id\":\"https:\/\/veritasinfo.org\/#\/schema\/person\/image\/\",\"url\":\"https:\/\/secure.gravatar.com\/avatar\/cb16c3c31c9d23b9b8c705964598220b3014e42ff51eb540ff23cefa3ae8c15f?s=96&d=mm&r=g\",\"contentUrl\":\"https:\/\/secure.gravatar.com\/avatar\/cb16c3c31c9d23b9b8c705964598220b3014e42ff51eb540ff23cefa3ae8c15f?s=96&d=mm&r=g\",\"caption\":\"US6\"},\"url\":\"https:\/\/veritasinfo.org\/?author=7\"}]}<\/script>\n<!-- \/ Yoast SEO plugin. -->","yoast_head_json":{"title":"Qeveria e Serbis\u00eb financoi muralet k\u00ebrc\u00ebnuese nacionaliste \u201cKur ushtria kthehet\u00a0n\u00eb\u00a0Kosov\u00eb\u201d -","robots":{"index":"index","follow":"follow","max-snippet":"max-snippet:-1","max-image-preview":"max-image-preview:large","max-video-preview":"max-video-preview:-1"},"canonical":"https:\/\/veritasinfo.org\/?p=13314","og_locale":"en_US","og_type":"article","og_title":"Qeveria e Serbis\u00eb financoi muralet k\u00ebrc\u00ebnuese nacionaliste \u201cKur ushtria kthehet\u00a0n\u00eb\u00a0Kosov\u00eb\u201d -","og_description":"Beograd, 23 shtator 2025 Inxhinieri i nd\u00ebrtimit Danijel Da\u0161i\u0107 ka deklaruar se Institucioni Shtet\u00ebror i Revizionit, gjat\u00eb kontrollit t\u00eb Ministris\u00eb s\u00eb Nd\u00ebrtimtaris\u00eb, Transportit dhe Infrastruktur\u00ebs,","og_url":"https:\/\/veritasinfo.org\/?p=13314","article_published_time":"2025-09-23T13:00:00+00:00","og_image":[{"width":750,"height":1263,"url":"https:\/\/veritasinfo.org\/wp-content\/uploads\/2025\/09\/G1hSjlBXAAAzABS.jpg","type":"image\/jpeg"}],"author":"US6","twitter_card":"summary_large_image","twitter_misc":{"Written by":"US6","Est. reading time":"1 minute"},"schema":{"@context":"https:\/\/schema.org","@graph":[{"@type":"WebPage","@id":"https:\/\/veritasinfo.org\/?p=13314","url":"https:\/\/veritasinfo.org\/?p=13314","name":"Qeveria e Serbis\u00eb financoi muralet k\u00ebrc\u00ebnuese nacionaliste \u201cKur ushtria kthehet\u00a0n\u00eb\u00a0Kosov\u00eb\u201d -","isPartOf":{"@id":"https:\/\/veritasinfo.org\/#website"},"primaryImageOfPage":{"@id":"https:\/\/veritasinfo.org\/?p=13314#primaryimage"},"image":{"@id":"https:\/\/veritasinfo.org\/?p=13314#primaryimage"},"thumbnailUrl":"https:\/\/veritasinfo.org\/wp-content\/uploads\/2025\/09\/G1hSjlBXAAAzABS.jpg","datePublished":"2025-09-23T13:00:00+00:00","author":{"@id":"https:\/\/veritasinfo.org\/#\/schema\/person\/fe199eede04c3937362892b7444747cc"},"breadcrumb":{"@id":"https:\/\/veritasinfo.org\/?p=13314#breadcrumb"},"inLanguage":"en-US","potentialAction":[{"@type":"ReadAction","target":["https:\/\/veritasinfo.org\/?p=13314"]}]},{"@type":"ImageObject","inLanguage":"en-US","@id":"https:\/\/veritasinfo.org\/?p=13314#primaryimage","url":"https:\/\/veritasinfo.org\/wp-content\/uploads\/2025\/09\/G1hSjlBXAAAzABS.jpg","contentUrl":"https:\/\/veritasinfo.org\/wp-content\/uploads\/2025\/09\/G1hSjlBXAAAzABS.jpg","width":750,"height":1263},{"@type":"BreadcrumbList","@id":"https:\/\/veritasinfo.org\/?p=13314#breadcrumb","itemListElement":[{"@type":"ListItem","position":1,"name":"Home","item":"https:\/\/veritasinfo.org\/"},{"@type":"ListItem","position":2,"name":"Qeveria e Serbis\u00eb financoi muralet k\u00ebrc\u00ebnuese nacionaliste \u201cKur ushtria kthehet\u00a0n\u00eb\u00a0Kosov\u00eb\u201d"}]},{"@type":"WebSite","@id":"https:\/\/veritasinfo.org\/#website","url":"https:\/\/veritasinfo.org\/","name":"","description":"","potentialAction":[{"@type":"SearchAction","target":{"@type":"EntryPoint","urlTemplate":"https:\/\/veritasinfo.org\/?s={search_term_string}"},"query-input":{"@type":"PropertyValueSpecification","valueRequired":true,"valueName":"search_term_string"}}],"inLanguage":"en-US"},{"@type":"Person","@id":"https:\/\/veritasinfo.org\/#\/schema\/person\/fe199eede04c3937362892b7444747cc","name":"US6","image":{"@type":"ImageObject","inLanguage":"en-US","@id":"https:\/\/veritasinfo.org\/#\/schema\/person\/image\/","url":"https:\/\/secure.gravatar.com\/avatar\/cb16c3c31c9d23b9b8c705964598220b3014e42ff51eb540ff23cefa3ae8c15f?s=96&d=mm&r=g","contentUrl":"https:\/\/secure.gravatar.com\/avatar\/cb16c3c31c9d23b9b8c705964598220b3014e42ff51eb540ff23cefa3ae8c15f?s=96&d=mm&r=g","caption":"US6"},"url":"https:\/\/veritasinfo.org\/?author=7"}]}},"featured_image_urls":{"full":["https:\/\/veritasinfo.org\/wp-content\/uploads\/2025\/09\/G1hSjlBXAAAzABS.jpg",750,1263,false],"thumbnail":["https:\/\/veritasinfo.org\/wp-content\/uploads\/2025\/09\/G1hSjlBXAAAzABS-150x150.jpg",150,150,true],"medium":["https:\/\/veritasinfo.org\/wp-content\/uploads\/2025\/09\/G1hSjlBXAAAzABS-178x300.jpg",178,300,true],"medium_large":["https:\/\/veritasinfo.org\/wp-content\/uploads\/2025\/09\/G1hSjlBXAAAzABS.jpg",640,1078,false],"large":["https:\/\/veritasinfo.org\/wp-content\/uploads\/2025\/09\/G1hSjlBXAAAzABS-608x1024.jpg",608,1024,true],"1536x1536":["https:\/\/veritasinfo.org\/wp-content\/uploads\/2025\/09\/G1hSjlBXAAAzABS.jpg",750,1263,false],"2048x2048":["https:\/\/veritasinfo.org\/wp-content\/uploads\/2025\/09\/G1hSjlBXAAAzABS.jpg",750,1263,false],"kreeti-slider-full":["https:\/\/veritasinfo.org\/wp-content\/uploads\/2025\/09\/G1hSjlBXAAAzABS.jpg",428,720,false],"kreeti-featured":["https:\/\/veritasinfo.org\/wp-content\/uploads\/2025\/09\/G1hSjlBXAAAzABS.jpg",750,1263,false],"kreeti-medium":["https:\/\/veritasinfo.org\/wp-content\/uploads\/2025\/09\/G1hSjlBXAAAzABS.jpg",315,530,false],"kreeti-medium-square":["https:\/\/veritasinfo.org\/wp-content\/uploads\/2025\/09\/G1hSjlBXAAAzABS.jpg",208,350,false]},"author_info":{"info":["US6"]},"category_info":"<a href=\"https:\/\/veritasinfo.org\/?cat=58\" rel=\"category\">Politik\u00eb<\/a>","tag_info":"Politik\u00eb","comment_count":"0","_links":{"self":[{"href":"https:\/\/veritasinfo.org\/index.php?rest_route=\/wp\/v2\/posts\/13314","targetHints":{"allow":["GET"]}}],"collection":[{"href":"https:\/\/veritasinfo.org\/index.php?rest_route=\/wp\/v2\/posts"}],"about":[{"href":"https:\/\/veritasinfo.org\/index.php?rest_route=\/wp\/v2\/types\/post"}],"author":[{"embeddable":true,"href":"https:\/\/veritasinfo.org\/index.php?rest_route=\/wp\/v2\/users\/7"}],"replies":[{"embeddable":true,"href":"https:\/\/veritasinfo.org\/index.php?rest_route=%2Fwp%2Fv2%2Fcomments&post=13314"}],"version-history":[{"count":1,"href":"https:\/\/veritasinfo.org\/index.php?rest_route=\/wp\/v2\/posts\/13314\/revisions"}],"predecessor-version":[{"id":13318,"href":"https:\/\/veritasinfo.org\/index.php?rest_route=\/wp\/v2\/posts\/13314\/revisions\/13318"}],"wp:featuredmedia":[{"embeddable":true,"href":"https:\/\/veritasinfo.org\/index.php?rest_route=\/wp\/v2\/media\/13316"}],"wp:attachment":[{"href":"https:\/\/veritasinfo.org\/index.php?rest_route=%2Fwp%2Fv2%2Fmedia&parent=13314"}],"wp:term":[{"taxonomy":"category","embeddable":true,"href":"https:\/\/veritasinfo.org\/index.php?rest_route=%2Fwp%2Fv2%2Fcategories&post=13314"},{"taxonomy":"post_tag","embeddable":true,"href":"https:\/\/veritasinfo.org\/index.php?rest_route=%2Fwp%2Fv2%2Ftags&post=13314"}],"curies":[{"name":"wp","href":"https:\/\/api.w.org\/{rel}","templated":true}]}}