{"id":13305,"date":"2025-09-23T14:14:07","date_gmt":"2025-09-23T12:14:07","guid":{"rendered":"https:\/\/veritasinfo.org\/?p=13305"},"modified":"2025-09-23T14:14:07","modified_gmt":"2025-09-23T12:14:07","slug":"srpski-zvanicnici-su-uticali-na-srpske-glasace-da-podrze-srpsku-listu","status":"publish","type":"post","link":"https:\/\/veritasinfo.org\/?p=13305&lang=sr","title":{"rendered":"\u201eSrpski zvani\u010dnici su uticali na srpske glasa\u010de da podr\u017ee Srpsku listu\u201c"},"content":{"rendered":"<p data-start=\"43\" data-end=\"146\">Pri\u0161tina, 23. septembar 2025.<\/p>\n<p data-start=\"148\" data-end=\"313\">Medijalni centar u \u010caglavici je organizovao debatu na temu \u201eDezinformacije i la\u017ene vesti u izbornim kampanjama \u2013 kako za\u0161tititi bira\u010de i o\u010duvati demokratski proces\u201c.<\/p>\n<p data-start=\"315\" data-end=\"445\">Na ovom skupu je, izme\u0111u ostalog, istaknuto da su srpski zvani\u010dnici uticali na srpske bira\u010de na Kosovu da glasaju za Srpsku listu.<\/p>\n<p data-start=\"447\" data-end=\"723\">Ambasador Francuske na Kosovu, Oliver Gu\u00e9rot, rekao je da razum i kriti\u010dko mi\u0161ljenje treba da budu najbolji na\u010din za suprotstavljanje kampanjama dezinformacija, ali imaju\u0107i u vidu da su one organizovane i finansirane, neophodna je koordinisana strategija izme\u0111u ministarstava.<\/p>\n<p data-start=\"725\" data-end=\"934\">Dodao je da se osnova francuske strategije zasniva na otkrivanju i analizi korupcije i manipulacije, dok se reakcija vr\u0161i povratkom \u010dinjenica i, kad je mogu\u0107e, uvo\u0111enjem sankcija prema onima koji su uklju\u010deni.<\/p>\n<p data-start=\"936\" data-end=\"2241\">\u201eJo\u0161 uvek smatramo da razum i kriti\u010dko mi\u0161ljenje moraju biti najbolji na\u010din da se suprotstavimo kampanjama dezinformacija. Me\u0111utim, po\u0161to su te kampanje organizovane, finansirane, pokrenute od ljudi koji su postali ve\u0161ti u tom polju, usvojili smo strategiju za borbu protiv dezinformacija kao saradnju izme\u0111u nekoliko ministarstava, uklju\u010duju\u0107i Ministarstvo evropskih poslova i jednu specijalizovanu agenciju. I francuska strategija se zasniva na nekoliko komponenti. Prva je sama \u010dinjenica da osnova bude otkrivanje i identifikacija korupcije i manipulacije. Dakle, jednostavno pra\u0107enje onoga \u0161to se de\u0161ava, a ne dopu\u0161tanje da se desi, ili razmi\u0161ljanje da to nije bitno. Osnova svakog delovanja je poznavanje onoga \u0161to se de\u0161ava. Mi smo obezbedili sredstva, ljudske resurse, da otkrijemo i analiziramo manipulacije. A drugi element je reakcija kroz vra\u0107anje \u010dinjenica i, kad je mogu\u0107e, uvo\u0111enje sankcija protiv uklju\u010denih. Kao \u0161to rekoh, i dalje verujemo da su kriti\u010dko mi\u0161ljenje i razum zdrava osnova. Ali, na\u017ealost, bilo je i razmi\u0161ljanja da bi reakcije ili pobijanje informacija mogle oja\u010dati kampanje dezinformacija. Do\u0161li smo do zaklju\u010dka da moramo nazvati la\u017e po imenu. Moramo identifikovati autore i pokazati ko su. To se mo\u017ee raditi putem interneta. To se mo\u017ee raditi i kroz akcije\u201c, rekao je on.<\/p>\n<p data-start=\"2243\" data-end=\"2522\">Govorio je i o projektima koje Francuska sprovodi na Kosovu, spomenuv\u0161i projekat \u201eShared Horizon\u201c za \u010ditav Zapadni Balkan i inicijativu za nezavisno novinarstvo gde novinari koji govore srpski i albanski rade zajedno, u\u010de jezik jedni drugih i \u010duvaju multietni\u010dki karakter zemlje.<\/p>\n<p data-start=\"2524\" data-end=\"3251\">\u201eNa kraju, jedna poslednja re\u010d o tome \u0161ta radimo ovde na Kosovu, i time \u0107u zavr\u0161iti. Ne radimo samo u Francuskoj na o\u010duvanju integriteta informacija, ve\u0107 imamo nekoliko projekata i ovde na Kosovu. Dozvolite mi da podelim ili pomenem dva od njih. Jedan je poku\u0161aj, projekat nazvan Shared Horizon za ceo Zapadni Balkan, i kamion (vozilo) vesti koje imamo sa Ivry-Denfro je deo toga, tako da ne\u0107u dugo o tome. Vi \u0107ete to uraditi bolje. I drugi je projekat koji razvijamo sa nekima od vas za nezavisno novinarstvo i da imamo novinare koji govore srpski i albanski rade zajedno, u\u010de jezik jedni od drugih. I jer, i zavr\u0161avam opet sa ovim, novinari imaju dru\u0161tvenu odgovornost u o\u010duvanju multietni\u010dkog karaktera Kosova\u201c, rekao je on.<\/p>\n<p data-start=\"3253\" data-end=\"3448\">Festim Rizanaj iz Hibrid.info je saop\u0161tio da se TikTok \u0161iroko koristi za dezinformacije i la\u017ene informacije u vezi lokalnih izbora 12. oktobra, povezuju\u0107i ovaj fenomen i sa prethodnim kampanjama.<\/p>\n<p data-start=\"3450\" data-end=\"3626\">On je naglasio da su srpski zvani\u010dnici poku\u0161ali da uti\u010du na srpske bira\u010de na Kosovu da podr\u017ee Srpsku listu, sugeri\u0161u\u0107i da postojanje Srba na Kosovu zavisi od podr\u0161ke toj listi.<\/p>\n<p data-start=\"3628\" data-end=\"4311\">\u201ePrimili smo da je za lokalne izbore 12. oktobra TikTok platforma koja se najvi\u0161e koristi za dezinformacije i la\u017ene informacije. Ovaj fenomen je bio prisutan i tokom kampanje za izbore 9. februara. Glavni formati su la\u017ene ankete, jer se koriste za stvaranje javnog mnjenja tokom izbornih kampanja i tako\u0111e za dezinformacije. Postoje la\u017ene, montirane, manipulirane i ure\u0111ene ankete. Jo\u0161 jedan fenomen na dru\u0161tvenim mre\u017eama je stvaranje ili ponovno pojavljivanje razli\u010ditih stranica i naloga koji ranije nisu bili aktivni, a vezani su za odgovaraju\u0107e partije. Manipulacija fotografijama i video zapisima je jo\u0161 jedan oblik koji smo identifikovali u ovom po\u010detku kampanje\u201c, rekao je on.<\/p>\n<p data-start=\"4313\" data-end=\"4502\">Dalje, Rizanaj je rekao: \u201eOvo je taj uticaj srpske politike i zvani\u010dnika tamo, da usmere srpske glasa\u010de ka Srpskoj listi, jer se kroz nju na neki na\u010din vezuje njihovo postojanje na Kosovu.\u201c<\/p>\n<p data-start=\"4504\" data-end=\"4575\">Sa druge strane, Tatjana Lazarevi\u0107 sa portala Kossev je imala primedbe.<\/p>\n<p data-start=\"4577\" data-end=\"4974\">\u201eMislim da ne postoji medij na Kosovu koji ima kapacitet za ozbiljno istra\u017eiva\u010dko novinarstvo, bar po mom li\u010dnom mi\u0161ljenju, ne \u017eele\u0107i da umanjim vrednost dobrih istra\u017eiva\u010dkih pri\u010da i pojedina\u010dnih visokokvalitetnih novinara \u2013 one postoje, ali sistematski ne postoji ozbiljno razvijeno istra\u017eiva\u010dko novinarstvo u Kosovu. \u0160to se ti\u010de medija na srpskom jeziku, situacija je jo\u0161 slabija\u201c, rekla je ona.<\/p>\n","protected":false},"excerpt":{"rendered":"<p>Pri\u0161tina, 23. septembar 2025. Medijalni centar u \u010caglavici je organizovao debatu na temu \u201eDezinformacije i la\u017ene vesti u izbornim kampanjama \u2013 kako za\u0161tititi bira\u010de i<\/p>\n","protected":false},"author":7,"featured_media":13303,"comment_status":"open","ping_status":"open","sticky":false,"template":"","format":"standard","meta":{"footnotes":""},"categories":[42],"tags":[],"class_list":["post-13305","post","type-post","status-publish","format-standard","has-post-thumbnail","hentry","category-blog-sr"],"yoast_head":"<!-- This site is optimized with the Yoast SEO plugin v25.3.1 - https:\/\/yoast.com\/wordpress\/plugins\/seo\/ -->\n<title>\u201eSrpski zvani\u010dnici su uticali na srpske glasa\u010de da podr\u017ee Srpsku listu\u201c -<\/title>\n<meta name=\"robots\" content=\"index, follow, max-snippet:-1, max-image-preview:large, max-video-preview:-1\" \/>\n<link rel=\"canonical\" href=\"https:\/\/veritasinfo.org\/?p=13305&lang=sr\" \/>\n<meta property=\"og:locale\" content=\"en_US\" \/>\n<meta property=\"og:type\" content=\"article\" \/>\n<meta property=\"og:title\" content=\"\u201eSrpski zvani\u010dnici su uticali na srpske glasa\u010de da podr\u017ee Srpsku listu\u201c -\" \/>\n<meta property=\"og:description\" content=\"Pri\u0161tina, 23. septembar 2025. Medijalni centar u \u010caglavici je organizovao debatu na temu \u201eDezinformacije i la\u017ene vesti u izbornim kampanjama \u2013 kako za\u0161tititi bira\u010de i\" \/>\n<meta property=\"og:url\" content=\"https:\/\/veritasinfo.org\/?p=13305&amp;lang=sr\" \/>\n<meta property=\"article:published_time\" content=\"2025-09-23T12:14:07+00:00\" \/>\n<meta property=\"og:image\" content=\"https:\/\/veritasinfo.org\/wp-content\/uploads\/2025\/09\/guerot-850x638-1.jpg\" \/>\n\t<meta property=\"og:image:width\" content=\"850\" \/>\n\t<meta property=\"og:image:height\" content=\"638\" \/>\n\t<meta property=\"og:image:type\" content=\"image\/jpeg\" \/>\n<meta name=\"author\" content=\"US6\" \/>\n<meta name=\"twitter:card\" content=\"summary_large_image\" \/>\n<meta name=\"twitter:label1\" content=\"Written by\" \/>\n\t<meta name=\"twitter:data1\" content=\"US6\" \/>\n\t<meta name=\"twitter:label2\" content=\"Est. reading time\" \/>\n\t<meta name=\"twitter:data2\" content=\"4 minutes\" \/>\n<script type=\"application\/ld+json\" class=\"yoast-schema-graph\">{\"@context\":\"https:\/\/schema.org\",\"@graph\":[{\"@type\":\"WebPage\",\"@id\":\"https:\/\/veritasinfo.org\/?p=13305&lang=sr\",\"url\":\"https:\/\/veritasinfo.org\/?p=13305&lang=sr\",\"name\":\"\u201eSrpski zvani\u010dnici su uticali na srpske glasa\u010de da podr\u017ee Srpsku listu\u201c -\",\"isPartOf\":{\"@id\":\"https:\/\/veritasinfo.org\/#website\"},\"primaryImageOfPage\":{\"@id\":\"https:\/\/veritasinfo.org\/?p=13305&lang=sr#primaryimage\"},\"image\":{\"@id\":\"https:\/\/veritasinfo.org\/?p=13305&lang=sr#primaryimage\"},\"thumbnailUrl\":\"https:\/\/veritasinfo.org\/wp-content\/uploads\/2025\/09\/guerot-850x638-1.jpg\",\"datePublished\":\"2025-09-23T12:14:07+00:00\",\"author\":{\"@id\":\"https:\/\/veritasinfo.org\/#\/schema\/person\/fe199eede04c3937362892b7444747cc\"},\"breadcrumb\":{\"@id\":\"https:\/\/veritasinfo.org\/?p=13305&lang=sr#breadcrumb\"},\"inLanguage\":\"en-US\",\"potentialAction\":[{\"@type\":\"ReadAction\",\"target\":[\"https:\/\/veritasinfo.org\/?p=13305&lang=sr\"]}]},{\"@type\":\"ImageObject\",\"inLanguage\":\"en-US\",\"@id\":\"https:\/\/veritasinfo.org\/?p=13305&lang=sr#primaryimage\",\"url\":\"https:\/\/veritasinfo.org\/wp-content\/uploads\/2025\/09\/guerot-850x638-1.jpg\",\"contentUrl\":\"https:\/\/veritasinfo.org\/wp-content\/uploads\/2025\/09\/guerot-850x638-1.jpg\",\"width\":850,\"height\":638},{\"@type\":\"BreadcrumbList\",\"@id\":\"https:\/\/veritasinfo.org\/?p=13305&lang=sr#breadcrumb\",\"itemListElement\":[{\"@type\":\"ListItem\",\"position\":1,\"name\":\"Home\",\"item\":\"https:\/\/veritasinfo.org\/\"},{\"@type\":\"ListItem\",\"position\":2,\"name\":\"\u201eSrpski zvani\u010dnici su uticali na srpske glasa\u010de da podr\u017ee Srpsku listu\u201c\"}]},{\"@type\":\"WebSite\",\"@id\":\"https:\/\/veritasinfo.org\/#website\",\"url\":\"https:\/\/veritasinfo.org\/\",\"name\":\"\",\"description\":\"\",\"potentialAction\":[{\"@type\":\"SearchAction\",\"target\":{\"@type\":\"EntryPoint\",\"urlTemplate\":\"https:\/\/veritasinfo.org\/?s={search_term_string}\"},\"query-input\":{\"@type\":\"PropertyValueSpecification\",\"valueRequired\":true,\"valueName\":\"search_term_string\"}}],\"inLanguage\":\"en-US\"},{\"@type\":\"Person\",\"@id\":\"https:\/\/veritasinfo.org\/#\/schema\/person\/fe199eede04c3937362892b7444747cc\",\"name\":\"US6\",\"image\":{\"@type\":\"ImageObject\",\"inLanguage\":\"en-US\",\"@id\":\"https:\/\/veritasinfo.org\/#\/schema\/person\/image\/\",\"url\":\"https:\/\/secure.gravatar.com\/avatar\/cb16c3c31c9d23b9b8c705964598220b3014e42ff51eb540ff23cefa3ae8c15f?s=96&d=mm&r=g\",\"contentUrl\":\"https:\/\/secure.gravatar.com\/avatar\/cb16c3c31c9d23b9b8c705964598220b3014e42ff51eb540ff23cefa3ae8c15f?s=96&d=mm&r=g\",\"caption\":\"US6\"},\"url\":\"https:\/\/veritasinfo.org\/?author=7\"}]}<\/script>\n<!-- \/ Yoast SEO plugin. -->","yoast_head_json":{"title":"\u201eSrpski zvani\u010dnici su uticali na srpske glasa\u010de da podr\u017ee Srpsku listu\u201c -","robots":{"index":"index","follow":"follow","max-snippet":"max-snippet:-1","max-image-preview":"max-image-preview:large","max-video-preview":"max-video-preview:-1"},"canonical":"https:\/\/veritasinfo.org\/?p=13305&lang=sr","og_locale":"en_US","og_type":"article","og_title":"\u201eSrpski zvani\u010dnici su uticali na srpske glasa\u010de da podr\u017ee Srpsku listu\u201c -","og_description":"Pri\u0161tina, 23. septembar 2025. Medijalni centar u \u010caglavici je organizovao debatu na temu \u201eDezinformacije i la\u017ene vesti u izbornim kampanjama \u2013 kako za\u0161tititi bira\u010de i","og_url":"https:\/\/veritasinfo.org\/?p=13305&lang=sr","article_published_time":"2025-09-23T12:14:07+00:00","og_image":[{"width":850,"height":638,"url":"https:\/\/veritasinfo.org\/wp-content\/uploads\/2025\/09\/guerot-850x638-1.jpg","type":"image\/jpeg"}],"author":"US6","twitter_card":"summary_large_image","twitter_misc":{"Written by":"US6","Est. reading time":"4 minutes"},"schema":{"@context":"https:\/\/schema.org","@graph":[{"@type":"WebPage","@id":"https:\/\/veritasinfo.org\/?p=13305&lang=sr","url":"https:\/\/veritasinfo.org\/?p=13305&lang=sr","name":"\u201eSrpski zvani\u010dnici su uticali na srpske glasa\u010de da podr\u017ee Srpsku listu\u201c -","isPartOf":{"@id":"https:\/\/veritasinfo.org\/#website"},"primaryImageOfPage":{"@id":"https:\/\/veritasinfo.org\/?p=13305&lang=sr#primaryimage"},"image":{"@id":"https:\/\/veritasinfo.org\/?p=13305&lang=sr#primaryimage"},"thumbnailUrl":"https:\/\/veritasinfo.org\/wp-content\/uploads\/2025\/09\/guerot-850x638-1.jpg","datePublished":"2025-09-23T12:14:07+00:00","author":{"@id":"https:\/\/veritasinfo.org\/#\/schema\/person\/fe199eede04c3937362892b7444747cc"},"breadcrumb":{"@id":"https:\/\/veritasinfo.org\/?p=13305&lang=sr#breadcrumb"},"inLanguage":"en-US","potentialAction":[{"@type":"ReadAction","target":["https:\/\/veritasinfo.org\/?p=13305&lang=sr"]}]},{"@type":"ImageObject","inLanguage":"en-US","@id":"https:\/\/veritasinfo.org\/?p=13305&lang=sr#primaryimage","url":"https:\/\/veritasinfo.org\/wp-content\/uploads\/2025\/09\/guerot-850x638-1.jpg","contentUrl":"https:\/\/veritasinfo.org\/wp-content\/uploads\/2025\/09\/guerot-850x638-1.jpg","width":850,"height":638},{"@type":"BreadcrumbList","@id":"https:\/\/veritasinfo.org\/?p=13305&lang=sr#breadcrumb","itemListElement":[{"@type":"ListItem","position":1,"name":"Home","item":"https:\/\/veritasinfo.org\/"},{"@type":"ListItem","position":2,"name":"\u201eSrpski zvani\u010dnici su uticali na srpske glasa\u010de da podr\u017ee Srpsku listu\u201c"}]},{"@type":"WebSite","@id":"https:\/\/veritasinfo.org\/#website","url":"https:\/\/veritasinfo.org\/","name":"","description":"","potentialAction":[{"@type":"SearchAction","target":{"@type":"EntryPoint","urlTemplate":"https:\/\/veritasinfo.org\/?s={search_term_string}"},"query-input":{"@type":"PropertyValueSpecification","valueRequired":true,"valueName":"search_term_string"}}],"inLanguage":"en-US"},{"@type":"Person","@id":"https:\/\/veritasinfo.org\/#\/schema\/person\/fe199eede04c3937362892b7444747cc","name":"US6","image":{"@type":"ImageObject","inLanguage":"en-US","@id":"https:\/\/veritasinfo.org\/#\/schema\/person\/image\/","url":"https:\/\/secure.gravatar.com\/avatar\/cb16c3c31c9d23b9b8c705964598220b3014e42ff51eb540ff23cefa3ae8c15f?s=96&d=mm&r=g","contentUrl":"https:\/\/secure.gravatar.com\/avatar\/cb16c3c31c9d23b9b8c705964598220b3014e42ff51eb540ff23cefa3ae8c15f?s=96&d=mm&r=g","caption":"US6"},"url":"https:\/\/veritasinfo.org\/?author=7"}]}},"featured_image_urls":{"full":["https:\/\/veritasinfo.org\/wp-content\/uploads\/2025\/09\/guerot-850x638-1.jpg",850,638,false],"thumbnail":["https:\/\/veritasinfo.org\/wp-content\/uploads\/2025\/09\/guerot-850x638-1-150x150.jpg",150,150,true],"medium":["https:\/\/veritasinfo.org\/wp-content\/uploads\/2025\/09\/guerot-850x638-1-300x225.jpg",300,225,true],"medium_large":["https:\/\/veritasinfo.org\/wp-content\/uploads\/2025\/09\/guerot-850x638-1-768x576.jpg",640,480,true],"large":["https:\/\/veritasinfo.org\/wp-content\/uploads\/2025\/09\/guerot-850x638-1.jpg",640,480,false],"1536x1536":["https:\/\/veritasinfo.org\/wp-content\/uploads\/2025\/09\/guerot-850x638-1.jpg",850,638,false],"2048x2048":["https:\/\/veritasinfo.org\/wp-content\/uploads\/2025\/09\/guerot-850x638-1.jpg",850,638,false],"kreeti-slider-full":["https:\/\/veritasinfo.org\/wp-content\/uploads\/2025\/09\/guerot-850x638-1.jpg",850,638,false],"kreeti-featured":["https:\/\/veritasinfo.org\/wp-content\/uploads\/2025\/09\/guerot-850x638-1.jpg",850,638,false],"kreeti-medium":["https:\/\/veritasinfo.org\/wp-content\/uploads\/2025\/09\/guerot-850x638-1.jpg",706,530,false],"kreeti-medium-square":["https:\/\/veritasinfo.org\/wp-content\/uploads\/2025\/09\/guerot-850x638-1.jpg",350,263,false]},"author_info":{"info":["US6"]},"category_info":"<a href=\"https:\/\/veritasinfo.org\/?cat=42&#038;lang=sr\" rel=\"category\">Parlamentarni izbori\u00a02025<\/a>","tag_info":"Parlamentarni izbori\u00a02025","comment_count":"0","_links":{"self":[{"href":"https:\/\/veritasinfo.org\/index.php?rest_route=\/wp\/v2\/posts\/13305","targetHints":{"allow":["GET"]}}],"collection":[{"href":"https:\/\/veritasinfo.org\/index.php?rest_route=\/wp\/v2\/posts"}],"about":[{"href":"https:\/\/veritasinfo.org\/index.php?rest_route=\/wp\/v2\/types\/post"}],"author":[{"embeddable":true,"href":"https:\/\/veritasinfo.org\/index.php?rest_route=\/wp\/v2\/users\/7"}],"replies":[{"embeddable":true,"href":"https:\/\/veritasinfo.org\/index.php?rest_route=%2Fwp%2Fv2%2Fcomments&post=13305"}],"version-history":[{"count":1,"href":"https:\/\/veritasinfo.org\/index.php?rest_route=\/wp\/v2\/posts\/13305\/revisions"}],"predecessor-version":[{"id":13306,"href":"https:\/\/veritasinfo.org\/index.php?rest_route=\/wp\/v2\/posts\/13305\/revisions\/13306"}],"wp:featuredmedia":[{"embeddable":true,"href":"https:\/\/veritasinfo.org\/index.php?rest_route=\/wp\/v2\/media\/13303"}],"wp:attachment":[{"href":"https:\/\/veritasinfo.org\/index.php?rest_route=%2Fwp%2Fv2%2Fmedia&parent=13305"}],"wp:term":[{"taxonomy":"category","embeddable":true,"href":"https:\/\/veritasinfo.org\/index.php?rest_route=%2Fwp%2Fv2%2Fcategories&post=13305"},{"taxonomy":"post_tag","embeddable":true,"href":"https:\/\/veritasinfo.org\/index.php?rest_route=%2Fwp%2Fv2%2Ftags&post=13305"}],"curies":[{"name":"wp","href":"https:\/\/api.w.org\/{rel}","templated":true}]}}