{"id":13302,"date":"2025-09-23T14:13:16","date_gmt":"2025-09-23T12:13:16","guid":{"rendered":"https:\/\/veritasinfo.org\/?p=13302"},"modified":"2025-09-23T14:13:16","modified_gmt":"2025-09-23T12:13:16","slug":"zyrtaret-serbe-kane-ndikuar-te-votuesit-serbe-drejt-listes-serbe","status":"publish","type":"post","link":"https:\/\/veritasinfo.org\/?p=13302","title":{"rendered":"\u201cZyrtar\u00ebt serb\u00eb kan\u00eb ndikuar te votuesit serb\u00eb drejt List\u00ebs Serbe\u201d"},"content":{"rendered":"<p>Prishtin\u00eb, 23 shtator 2025<\/p>\n<p>Qendra Mediale n\u00eb \u00c7agllavic\u00eb ka organizuar debate me tem\u00ebn \u201cDezinformimi dhe lajmet e rreme n\u00eb fushatat zgjedhore \u2013 si t\u00eb mbrohen votuesit dhe t\u00eb ruhet procesi demokratik\u201d.<\/p>\n<p>N\u00eb k\u00ebt\u00eb takim u theksua nd\u00ebr t\u00eb tjera se zyrtar\u00ebt serb\u00eb kan\u00eb ndikuar te votuesit serb\u00eb n\u00eb Kosov\u00eb drejt List\u00ebs Serbe.<\/p>\n<p>Ambasadori i Franc\u00ebs n\u00eb Kosov\u00eb, Oliver Gu\u00e9rot, tha se arsyeja dhe t\u00eb menduarit kritik duhet t\u00eb jen\u00eb m\u00ebnyra m\u00eb e mir\u00eb p\u00ebr t\u00eb kund\u00ebrshtuar fushatat e dezinformimit, por duke pasur parasysh q\u00eb ato jan\u00eb t\u00eb organizuara dhe t\u00eb financuara, \u00ebsht\u00eb e nevojshme nj\u00eb strategji e koordinuar nd\u00ebrministrore.<\/p>\n<p>Ai shtoi se baza e strategjis\u00eb franceze \u00ebsht\u00eb zbulimi dhe analiza e korrupsionit dhe manipulimit, nd\u00ebrsa reagimi b\u00ebhet p\u00ebrmes rikthimit t\u00eb fakteve dhe, kur \u00ebsht\u00eb e mundur, vendosjes s\u00eb sanksioneve ndaj t\u00eb p\u00ebrfshir\u00ebve.<\/p>\n<p>\u201cNe ende mendojm\u00eb se arsyeja dhe t\u00eb menduarit kritik duhet t\u00eb jen\u00eb m\u00ebnyra m\u00eb e mir\u00eb p\u00ebr t\u00eb kund\u00ebrshtuar fushatat e dezinformimit. Megjithat\u00eb, p\u00ebr shkak se k\u00ebto fushata jan\u00eb t\u00eb organizuara, t\u00eb financuara, t\u00eb zhvilluara nga njer\u00ebz q\u00eb jan\u00eb b\u00ebr\u00eb t\u00eb aft\u00eb n\u00eb k\u00ebt\u00eb fush\u00eb, ne kemi miratuar nj\u00eb strategji p\u00ebr t\u00eb luftuar dezinformimin si nj\u00eb bashk\u00ebpunim mes disa ministrive, p\u00ebrfshir\u00eb \u00c7\u00ebshtjet Evropiane dhe nj\u00eb agjenci t\u00eb specializuar. Dhe strategjia franceze bazohet n\u00eb disa komponent\u00eb. Ka tre prej tyre. E para \u00ebsht\u00eb vet\u00eb fakti se baza e saj \u00ebsht\u00eb zbulimi dhe identifikimi i korrupsionit dhe manipulimit. Pra, thjesht duke ndjekur at\u00eb q\u00eb po ndodh, jo duke e l\u00ebn\u00eb t\u00eb ndodh\u00eb, apo duke menduar se nuk \u00ebsht\u00eb \u00e7\u00ebshtje. Baza e \u00e7do veprimi \u00ebsht\u00eb njohuria e asaj q\u00eb po ndodh. Ne kemi vendosur mjete, burime njer\u00ebzore, p\u00ebr t\u00eb zbuluar dhe analizuar manipulimin. Dhe elementi i dyt\u00eb \u00ebsht\u00eb reagimi p\u00ebrmes rikthimit t\u00eb fakteve dhe, mund\u00ebsisht, vendosjes s\u00eb sanksioneve ndaj atyre q\u00eb jan\u00eb t\u00eb p\u00ebrfshir\u00eb. Si\u00e7 thash\u00eb, ne ende besojm\u00eb se t\u00eb menduarit kritik dhe arsyeja jan\u00eb baza e sh\u00ebndosh\u00eb. Por, p\u00ebr fat t\u00eb keq, ka pasur edhe reflektime n\u00ebse duke reaguar ose duke i hedhur posht\u00eb, nuk do t\u00eb forcoheshin fushatat e dezinformimit. Ne kemi arritur n\u00eb p\u00ebrfundimin se duhet t\u2019i quajm\u00eb g\u00ebnjeshtrat me em\u00ebr. Duhet t\u2019i identifikojm\u00eb autor\u00ebt dhe t\u00eb tregojm\u00eb se kush jan\u00eb. Kjo mund t\u00eb b\u00ebhet n\u00eb internet. Kjo mund t\u00eb b\u00ebhet gjithashtu p\u00ebrmes veprimeve\u201d, tha ai.<\/p>\n<p>Ai foli edhe p\u00ebr projektet q\u00eb Franca po zhvillon n\u00eb Kosov\u00eb, duke p\u00ebrmendur projektin Shared Horizon p\u00ebr t\u00ebr\u00eb Ballkanin Per\u00ebndimor dhe iniciativ\u00ebn p\u00ebr gazetari t\u00eb pavarur ku gazetar\u00eb q\u00eb flasin serbisht dhe shqip punojn\u00eb s\u00eb bashku, duke m\u00ebsuar gjuh\u00ebn e nj\u00ebri-tjetrit dhe duke ruajtur karakterin multietnik t\u00eb vendit.<\/p>\n<p>\u201cS\u00eb fundi, nj\u00eb fjal\u00eb e fundit p\u00ebr at\u00eb q\u00eb po b\u00ebjm\u00eb k\u00ebtu n\u00eb Kosov\u00eb, dhe me k\u00ebt\u00eb do ta p\u00ebrfundoj\u00eb. Ne nuk punojm\u00eb vet\u00ebm n\u00eb Franc\u00eb p\u00ebr t\u00eb ruajtur integritetin e informacionit, por kemi disa projekte edhe k\u00ebtu n\u00eb Kosov\u00eb. M\u00eb lejoni t\u00eb ndaj ose t\u00eb p\u00ebrmend dy prej tyre. Nj\u00eb \u00ebsht\u00eb nj\u00eb p\u00ebrpjekje, nj\u00eb projekt i quajtur Shared Horizon p\u00ebr t\u00ebr\u00eb Ballkanin Per\u00ebndimor, dhe kamioni i lajmeve q\u00eb kemi me Ivry-Denfro \u00ebsht\u00eb pjes\u00eb e tij, k\u00ebshtu q\u00eb nuk do t\u00eb ndalem gjat\u00eb n\u00eb k\u00ebt\u00eb. Ju do ta b\u00ebni at\u00eb m\u00eb mir\u00eb. Dhe i dyti \u00ebsht\u00eb nj\u00eb projekt q\u00eb po zhvillojm\u00eb me disa prej jush p\u00ebr gazetarin\u00eb e pavarur dhe p\u00ebr t\u00eb pasur gazetar\u00eb q\u00eb flasin serbisht dhe shqip duke punuar s\u00eb bashku, duke m\u00ebsuar gjuh\u00ebn e nj\u00ebri-tjetrit. Dhe sepse, dhe po e p\u00ebrfundoj me k\u00ebt\u00eb s\u00ebrish, gazetar\u00ebt kan\u00eb nj\u00eb p\u00ebrgjegj\u00ebsi shoq\u00ebrore n\u00eb ruajtjen e karakterit multietnik t\u00eb Kosov\u00ebs\u201d, tha ai.<\/p>\n<p>Festim Rizanaj nga Hibrid.info njoftoi se TikTok-u \u00ebsht\u00eb duke u p\u00ebrdorur gjer\u00ebsisht p\u00ebr keqinformim dhe dezinformim p\u00ebr zgjedhjet lokale t\u00eb 12 tetorit, duke e lidhur k\u00ebt\u00eb fenomen edhe me fushatat e m\u00ebparshme.<\/p>\n<p>Ai theksoi se zyrtar\u00ebt serb\u00eb kan\u00eb tentuar t\u00eb ndikojn\u00eb votuesit serb\u00eb n\u00eb Kosov\u00eb drejt List\u00ebs Serbe, duke sugjeruar se ekzistenca e serb\u00ebve n\u00eb Kosov\u00eb varet nga mb\u00ebshtetja p\u00ebr k\u00ebt\u00eb list\u00eb.<\/p>\n<p>\u201cKemi v\u00ebn\u00eb re q\u00eb p\u00ebr zgjedhjet lokale t\u00eb 12 tetorit, TikTok-u \u00ebsht\u00eb platforma q\u00eb m\u00eb s\u00eb shumti p\u00ebrdoret p\u00ebr keqinformim dhe dezinformim. Ky fenomen ka qen\u00eb prezent edhe gjat\u00eb fushat\u00ebs p\u00ebr zgjedhjet e 9 shkurtit. Format kryesore jan\u00eb sondazhet e rreme, sepse ato p\u00ebrdoren p\u00ebr t\u00eb krijuar opinion publik gjat\u00eb fushatave zgjedhore dhe gjithashtu p\u00ebr dezinformim. Ka sondazhe t\u00eb rreme, t\u00eb montuara, t\u00eb manipuluara dhe t\u00eb edituara. Nj\u00eb fenomen tjet\u00ebr n\u00eb mediat sociale \u00ebsht\u00eb krijimi ose rishfaqja e faqeve dhe llogarive t\u00eb ndryshme, t\u00eb cilat nuk kan\u00eb qen\u00eb aktive m\u00eb par\u00eb dhe q\u00eb lidhen me partit\u00eb p\u00ebrkat\u00ebse. Manipulimi i fotografive dhe videove \u00ebsht\u00eb nj\u00eb form\u00eb tjet\u00ebr q\u00eb e kemi identifikuar n\u00eb k\u00ebt\u00eb fillim fushate\u201d, tha ai.<\/p>\n<p>M\u00eb tej Rizanaj tha se \u201cKjo \u00ebsht\u00eb ai ndikim i politikave serbe dhe zyrtar\u00ebve atje, n\u00eb m\u00ebnyr\u00eb q\u00eb t\u00eb orientojn\u00eb votuesit serb\u00eb drejt List\u00ebs Serbe, pasi p\u00ebrmes saj nj\u00eb far\u00eb forme varte ekzistenca e tyre n\u00eb Kosov\u00eb\u201d.<\/p>\n<p>Nga ana tjet\u00ebr, Tatjana Lazarevic nga portali Kossev \u00a0pati ankesa.<\/p>\n<p>\u201cMendoj se nuk ka media n\u00eb Kosov\u00eb q\u00eb kan\u00eb kapacitet p\u00ebr gazetari hetuese serioze, t\u00eb pakt\u00ebn sa i p\u00ebrket mendimit tim personal, pa pasur q\u00ebllim t\u00eb n\u00ebnvler\u00ebsoj histori t\u00eb mira hetuese dhe individ\u00eb t\u00eb ve\u00e7ant\u00eb \u2013 ato ekzistojn\u00eb, por sistematikisht nuk ka nj\u00eb gazetari hetuese serioze. Pra, pa ulur vler\u00ebn e historive t\u00eb mira hetuese dhe gazetar\u00ebve t\u00eb cil\u00ebsis\u00eb s\u00eb lart\u00eb, nuk ekziston nj\u00eb baz\u00eb sistematike p\u00ebr gazetari hetuese t\u00eb zhvilluar n\u00eb Kosov\u00eb. Sa i p\u00ebrket mediave n\u00eb gjuh\u00ebn serbe, situata \u00ebsht\u00eb edhe m\u00eb e dob\u00ebt\u201d, tha ajo.<\/p>\n","protected":false},"excerpt":{"rendered":"<p>Prishtin\u00eb, 23 shtator 2025 Qendra Mediale n\u00eb \u00c7agllavic\u00eb ka organizuar debate me tem\u00ebn \u201cDezinformimi dhe lajmet e rreme n\u00eb fushatat zgjedhore \u2013 si t\u00eb mbrohen<\/p>\n","protected":false},"author":7,"featured_media":13303,"comment_status":"open","ping_status":"open","sticky":false,"template":"","format":"standard","meta":{"footnotes":""},"categories":[8],"tags":[],"class_list":["post-13302","post","type-post","status-publish","format-standard","has-post-thumbnail","hentry","category-blog-sq"],"yoast_head":"<!-- This site is optimized with the Yoast SEO plugin v25.3.1 - https:\/\/yoast.com\/wordpress\/plugins\/seo\/ -->\n<title>\u201cZyrtar\u00ebt serb\u00eb kan\u00eb ndikuar te votuesit serb\u00eb drejt List\u00ebs Serbe\u201d -<\/title>\n<meta name=\"robots\" content=\"index, follow, max-snippet:-1, max-image-preview:large, max-video-preview:-1\" \/>\n<link rel=\"canonical\" href=\"https:\/\/veritasinfo.org\/?p=13302\" \/>\n<meta property=\"og:locale\" content=\"en_US\" \/>\n<meta property=\"og:type\" content=\"article\" \/>\n<meta property=\"og:title\" content=\"\u201cZyrtar\u00ebt serb\u00eb kan\u00eb ndikuar te votuesit serb\u00eb drejt List\u00ebs Serbe\u201d -\" \/>\n<meta property=\"og:description\" content=\"Prishtin\u00eb, 23 shtator 2025 Qendra Mediale n\u00eb \u00c7agllavic\u00eb ka organizuar debate me tem\u00ebn \u201cDezinformimi dhe lajmet e rreme n\u00eb fushatat zgjedhore \u2013 si t\u00eb mbrohen\" \/>\n<meta property=\"og:url\" content=\"https:\/\/veritasinfo.org\/?p=13302\" \/>\n<meta property=\"article:published_time\" content=\"2025-09-23T12:13:16+00:00\" \/>\n<meta property=\"og:image\" content=\"https:\/\/veritasinfo.org\/wp-content\/uploads\/2025\/09\/guerot-850x638-1.jpg\" \/>\n\t<meta property=\"og:image:width\" content=\"850\" \/>\n\t<meta property=\"og:image:height\" content=\"638\" \/>\n\t<meta property=\"og:image:type\" content=\"image\/jpeg\" \/>\n<meta name=\"author\" content=\"US6\" \/>\n<meta name=\"twitter:card\" content=\"summary_large_image\" \/>\n<meta name=\"twitter:label1\" content=\"Written by\" \/>\n\t<meta name=\"twitter:data1\" content=\"US6\" \/>\n\t<meta name=\"twitter:label2\" content=\"Est. reading time\" \/>\n\t<meta name=\"twitter:data2\" content=\"5 minutes\" \/>\n<script type=\"application\/ld+json\" class=\"yoast-schema-graph\">{\"@context\":\"https:\/\/schema.org\",\"@graph\":[{\"@type\":\"WebPage\",\"@id\":\"https:\/\/veritasinfo.org\/?p=13302\",\"url\":\"https:\/\/veritasinfo.org\/?p=13302\",\"name\":\"\u201cZyrtar\u00ebt serb\u00eb kan\u00eb ndikuar te votuesit serb\u00eb drejt List\u00ebs Serbe\u201d -\",\"isPartOf\":{\"@id\":\"https:\/\/veritasinfo.org\/#website\"},\"primaryImageOfPage\":{\"@id\":\"https:\/\/veritasinfo.org\/?p=13302#primaryimage\"},\"image\":{\"@id\":\"https:\/\/veritasinfo.org\/?p=13302#primaryimage\"},\"thumbnailUrl\":\"https:\/\/veritasinfo.org\/wp-content\/uploads\/2025\/09\/guerot-850x638-1.jpg\",\"datePublished\":\"2025-09-23T12:13:16+00:00\",\"author\":{\"@id\":\"https:\/\/veritasinfo.org\/#\/schema\/person\/fe199eede04c3937362892b7444747cc\"},\"breadcrumb\":{\"@id\":\"https:\/\/veritasinfo.org\/?p=13302#breadcrumb\"},\"inLanguage\":\"en-US\",\"potentialAction\":[{\"@type\":\"ReadAction\",\"target\":[\"https:\/\/veritasinfo.org\/?p=13302\"]}]},{\"@type\":\"ImageObject\",\"inLanguage\":\"en-US\",\"@id\":\"https:\/\/veritasinfo.org\/?p=13302#primaryimage\",\"url\":\"https:\/\/veritasinfo.org\/wp-content\/uploads\/2025\/09\/guerot-850x638-1.jpg\",\"contentUrl\":\"https:\/\/veritasinfo.org\/wp-content\/uploads\/2025\/09\/guerot-850x638-1.jpg\",\"width\":850,\"height\":638},{\"@type\":\"BreadcrumbList\",\"@id\":\"https:\/\/veritasinfo.org\/?p=13302#breadcrumb\",\"itemListElement\":[{\"@type\":\"ListItem\",\"position\":1,\"name\":\"Home\",\"item\":\"https:\/\/veritasinfo.org\/\"},{\"@type\":\"ListItem\",\"position\":2,\"name\":\"\u201cZyrtar\u00ebt serb\u00eb kan\u00eb ndikuar te votuesit serb\u00eb drejt List\u00ebs Serbe\u201d\"}]},{\"@type\":\"WebSite\",\"@id\":\"https:\/\/veritasinfo.org\/#website\",\"url\":\"https:\/\/veritasinfo.org\/\",\"name\":\"\",\"description\":\"\",\"potentialAction\":[{\"@type\":\"SearchAction\",\"target\":{\"@type\":\"EntryPoint\",\"urlTemplate\":\"https:\/\/veritasinfo.org\/?s={search_term_string}\"},\"query-input\":{\"@type\":\"PropertyValueSpecification\",\"valueRequired\":true,\"valueName\":\"search_term_string\"}}],\"inLanguage\":\"en-US\"},{\"@type\":\"Person\",\"@id\":\"https:\/\/veritasinfo.org\/#\/schema\/person\/fe199eede04c3937362892b7444747cc\",\"name\":\"US6\",\"image\":{\"@type\":\"ImageObject\",\"inLanguage\":\"en-US\",\"@id\":\"https:\/\/veritasinfo.org\/#\/schema\/person\/image\/\",\"url\":\"https:\/\/secure.gravatar.com\/avatar\/cb16c3c31c9d23b9b8c705964598220b3014e42ff51eb540ff23cefa3ae8c15f?s=96&d=mm&r=g\",\"contentUrl\":\"https:\/\/secure.gravatar.com\/avatar\/cb16c3c31c9d23b9b8c705964598220b3014e42ff51eb540ff23cefa3ae8c15f?s=96&d=mm&r=g\",\"caption\":\"US6\"},\"url\":\"https:\/\/veritasinfo.org\/?author=7\"}]}<\/script>\n<!-- \/ Yoast SEO plugin. -->","yoast_head_json":{"title":"\u201cZyrtar\u00ebt serb\u00eb kan\u00eb ndikuar te votuesit serb\u00eb drejt List\u00ebs Serbe\u201d -","robots":{"index":"index","follow":"follow","max-snippet":"max-snippet:-1","max-image-preview":"max-image-preview:large","max-video-preview":"max-video-preview:-1"},"canonical":"https:\/\/veritasinfo.org\/?p=13302","og_locale":"en_US","og_type":"article","og_title":"\u201cZyrtar\u00ebt serb\u00eb kan\u00eb ndikuar te votuesit serb\u00eb drejt List\u00ebs Serbe\u201d -","og_description":"Prishtin\u00eb, 23 shtator 2025 Qendra Mediale n\u00eb \u00c7agllavic\u00eb ka organizuar debate me tem\u00ebn \u201cDezinformimi dhe lajmet e rreme n\u00eb fushatat zgjedhore \u2013 si t\u00eb mbrohen","og_url":"https:\/\/veritasinfo.org\/?p=13302","article_published_time":"2025-09-23T12:13:16+00:00","og_image":[{"width":850,"height":638,"url":"https:\/\/veritasinfo.org\/wp-content\/uploads\/2025\/09\/guerot-850x638-1.jpg","type":"image\/jpeg"}],"author":"US6","twitter_card":"summary_large_image","twitter_misc":{"Written by":"US6","Est. reading time":"5 minutes"},"schema":{"@context":"https:\/\/schema.org","@graph":[{"@type":"WebPage","@id":"https:\/\/veritasinfo.org\/?p=13302","url":"https:\/\/veritasinfo.org\/?p=13302","name":"\u201cZyrtar\u00ebt serb\u00eb kan\u00eb ndikuar te votuesit serb\u00eb drejt List\u00ebs Serbe\u201d -","isPartOf":{"@id":"https:\/\/veritasinfo.org\/#website"},"primaryImageOfPage":{"@id":"https:\/\/veritasinfo.org\/?p=13302#primaryimage"},"image":{"@id":"https:\/\/veritasinfo.org\/?p=13302#primaryimage"},"thumbnailUrl":"https:\/\/veritasinfo.org\/wp-content\/uploads\/2025\/09\/guerot-850x638-1.jpg","datePublished":"2025-09-23T12:13:16+00:00","author":{"@id":"https:\/\/veritasinfo.org\/#\/schema\/person\/fe199eede04c3937362892b7444747cc"},"breadcrumb":{"@id":"https:\/\/veritasinfo.org\/?p=13302#breadcrumb"},"inLanguage":"en-US","potentialAction":[{"@type":"ReadAction","target":["https:\/\/veritasinfo.org\/?p=13302"]}]},{"@type":"ImageObject","inLanguage":"en-US","@id":"https:\/\/veritasinfo.org\/?p=13302#primaryimage","url":"https:\/\/veritasinfo.org\/wp-content\/uploads\/2025\/09\/guerot-850x638-1.jpg","contentUrl":"https:\/\/veritasinfo.org\/wp-content\/uploads\/2025\/09\/guerot-850x638-1.jpg","width":850,"height":638},{"@type":"BreadcrumbList","@id":"https:\/\/veritasinfo.org\/?p=13302#breadcrumb","itemListElement":[{"@type":"ListItem","position":1,"name":"Home","item":"https:\/\/veritasinfo.org\/"},{"@type":"ListItem","position":2,"name":"\u201cZyrtar\u00ebt serb\u00eb kan\u00eb ndikuar te votuesit serb\u00eb drejt List\u00ebs Serbe\u201d"}]},{"@type":"WebSite","@id":"https:\/\/veritasinfo.org\/#website","url":"https:\/\/veritasinfo.org\/","name":"","description":"","potentialAction":[{"@type":"SearchAction","target":{"@type":"EntryPoint","urlTemplate":"https:\/\/veritasinfo.org\/?s={search_term_string}"},"query-input":{"@type":"PropertyValueSpecification","valueRequired":true,"valueName":"search_term_string"}}],"inLanguage":"en-US"},{"@type":"Person","@id":"https:\/\/veritasinfo.org\/#\/schema\/person\/fe199eede04c3937362892b7444747cc","name":"US6","image":{"@type":"ImageObject","inLanguage":"en-US","@id":"https:\/\/veritasinfo.org\/#\/schema\/person\/image\/","url":"https:\/\/secure.gravatar.com\/avatar\/cb16c3c31c9d23b9b8c705964598220b3014e42ff51eb540ff23cefa3ae8c15f?s=96&d=mm&r=g","contentUrl":"https:\/\/secure.gravatar.com\/avatar\/cb16c3c31c9d23b9b8c705964598220b3014e42ff51eb540ff23cefa3ae8c15f?s=96&d=mm&r=g","caption":"US6"},"url":"https:\/\/veritasinfo.org\/?author=7"}]}},"featured_image_urls":{"full":["https:\/\/veritasinfo.org\/wp-content\/uploads\/2025\/09\/guerot-850x638-1.jpg",850,638,false],"thumbnail":["https:\/\/veritasinfo.org\/wp-content\/uploads\/2025\/09\/guerot-850x638-1-150x150.jpg",150,150,true],"medium":["https:\/\/veritasinfo.org\/wp-content\/uploads\/2025\/09\/guerot-850x638-1-300x225.jpg",300,225,true],"medium_large":["https:\/\/veritasinfo.org\/wp-content\/uploads\/2025\/09\/guerot-850x638-1-768x576.jpg",640,480,true],"large":["https:\/\/veritasinfo.org\/wp-content\/uploads\/2025\/09\/guerot-850x638-1.jpg",640,480,false],"1536x1536":["https:\/\/veritasinfo.org\/wp-content\/uploads\/2025\/09\/guerot-850x638-1.jpg",850,638,false],"2048x2048":["https:\/\/veritasinfo.org\/wp-content\/uploads\/2025\/09\/guerot-850x638-1.jpg",850,638,false],"kreeti-slider-full":["https:\/\/veritasinfo.org\/wp-content\/uploads\/2025\/09\/guerot-850x638-1.jpg",850,638,false],"kreeti-featured":["https:\/\/veritasinfo.org\/wp-content\/uploads\/2025\/09\/guerot-850x638-1.jpg",850,638,false],"kreeti-medium":["https:\/\/veritasinfo.org\/wp-content\/uploads\/2025\/09\/guerot-850x638-1.jpg",706,530,false],"kreeti-medium-square":["https:\/\/veritasinfo.org\/wp-content\/uploads\/2025\/09\/guerot-850x638-1.jpg",350,263,false]},"author_info":{"info":["US6"]},"category_info":"<a href=\"https:\/\/veritasinfo.org\/?cat=8\" rel=\"category\">Zgjedhjet parlamentare 2025<\/a>","tag_info":"Zgjedhjet parlamentare 2025","comment_count":"0","_links":{"self":[{"href":"https:\/\/veritasinfo.org\/index.php?rest_route=\/wp\/v2\/posts\/13302","targetHints":{"allow":["GET"]}}],"collection":[{"href":"https:\/\/veritasinfo.org\/index.php?rest_route=\/wp\/v2\/posts"}],"about":[{"href":"https:\/\/veritasinfo.org\/index.php?rest_route=\/wp\/v2\/types\/post"}],"author":[{"embeddable":true,"href":"https:\/\/veritasinfo.org\/index.php?rest_route=\/wp\/v2\/users\/7"}],"replies":[{"embeddable":true,"href":"https:\/\/veritasinfo.org\/index.php?rest_route=%2Fwp%2Fv2%2Fcomments&post=13302"}],"version-history":[{"count":1,"href":"https:\/\/veritasinfo.org\/index.php?rest_route=\/wp\/v2\/posts\/13302\/revisions"}],"predecessor-version":[{"id":13304,"href":"https:\/\/veritasinfo.org\/index.php?rest_route=\/wp\/v2\/posts\/13302\/revisions\/13304"}],"wp:featuredmedia":[{"embeddable":true,"href":"https:\/\/veritasinfo.org\/index.php?rest_route=\/wp\/v2\/media\/13303"}],"wp:attachment":[{"href":"https:\/\/veritasinfo.org\/index.php?rest_route=%2Fwp%2Fv2%2Fmedia&parent=13302"}],"wp:term":[{"taxonomy":"category","embeddable":true,"href":"https:\/\/veritasinfo.org\/index.php?rest_route=%2Fwp%2Fv2%2Fcategories&post=13302"},{"taxonomy":"post_tag","embeddable":true,"href":"https:\/\/veritasinfo.org\/index.php?rest_route=%2Fwp%2Fv2%2Ftags&post=13302"}],"curies":[{"name":"wp","href":"https:\/\/api.w.org\/{rel}","templated":true}]}}