{"id":1330,"date":"2025-06-22T20:12:08","date_gmt":"2025-06-22T18:12:08","guid":{"rendered":"https:\/\/veritasinfo.org\/?p=1330"},"modified":"2025-06-22T20:12:08","modified_gmt":"2025-06-22T18:12:08","slug":"kthehet-ne-operim-njesia-b1-e-termocentralit-kosova-b","status":"publish","type":"post","link":"https:\/\/veritasinfo.org\/?p=1330","title":{"rendered":"Kthehet n\u00eb operim nj\u00ebsia B1 e Termocentralit Kosova B"},"content":{"rendered":"<p style=\"font-style: inherit; font-weight: 400;\"><span style=\"font-style: inherit; font-weight: inherit;\">Korporata Energjetike e Kosov\u00ebs ka njoftuar t\u00eb diel\u00ebn se nj\u00ebsia B1 e Termocentralit Kosova B \u00ebsht\u00eb kthyer n\u00eb operim, pas realizimit t\u00eb disa sanimeve.<\/span><\/p>\n<p style=\"font-style: inherit; font-weight: 400;\"><span style=\"font-style: inherit; font-weight: inherit;\">KEK-u ka njoftuar se nd\u00ebrhyrjet jan\u00eb realizuar n\u00eb koh\u00eb m\u00eb t\u00eb shkurt\u00ebr sesa q\u00eb ishte parashikuar.<\/span><\/p>\n<p style=\"font-style: inherit; font-weight: 400;\"><span style=\"font-style: inherit; font-weight: inherit;\">\u201cKjo nd\u00ebrhyrje e suksesshme d\u00ebshmon edhe nj\u00eb her\u00eb kapacitetin dhe p\u00ebrgatitjen profesionale t\u00eb stafit t\u00eb KEK sh.a., si dhe aft\u00ebsin\u00eb p\u00ebr menaxhimin me p\u00ebrgjegj\u00ebsi t\u00eb proceseve t\u00eb nd\u00ebrlikuara teknike n\u00eb funksion t\u00eb siguris\u00eb s\u00eb furnizimit me energji\u201d, thuhet n\u00eb njoftimin e Korporat\u00ebs Energjetike.<\/span><\/p>\n<p style=\"font-style: inherit; font-weight: 400;\"><span style=\"font-style: inherit; font-weight: inherit;\">Kryeshefi Ekzekutiv i KEK-ut, Gramos Hasani, u tha se i ka fal\u00ebnderuar punonj\u00ebsit.<\/span><\/p>\n<p style=\"font-style: inherit; font-weight: 400;\"><span style=\"font-style: inherit; font-weight: inherit;\">\u201cKy sukses \u00ebsht\u00eb rezultat i pun\u00ebs ekipore dhe p\u00ebrkushtimit t\u00eb secilit prej jush. Ju fal\u00ebnderoj thell\u00ebsisht p\u00ebr profesionalizmin dhe vullnetin q\u00eb treguat n\u00eb k\u00ebt\u00eb nd\u00ebrhyrje kaq t\u00eb r\u00ebnd\u00ebsishme dhe sfiduese. Menaxhmenti dhe un\u00eb personalisht kemi qen\u00eb pran\u00eb jush gjat\u00eb gjith\u00eb koh\u00ebs p\u00ebr t\u00eb ofruar p\u00ebrkrahjen ton\u00eb, dhe sot ndjehemi krenar\u00eb p\u00ebr ju!\u201d, <\/span><span style=\"font-style: inherit; font-weight: inherit;\">ka th\u00ebn\u00eb ai.<\/span><\/p>\n<p style=\"font-style: inherit; font-weight: 400;\"><span style=\"font-style: inherit; font-weight: inherit;\"><b><strong style=\"font-style: inherit;\">Njoftimi i KEK-ut:<\/strong><\/b><\/span><\/p>\n<p style=\"font-style: inherit; font-weight: 400;\"><span style=\"font-style: inherit; font-weight: inherit;\">Punimet kryesore t\u00eb realizuara gjat\u00eb k\u00ebsaj periudhe p\u00ebrfshijn\u00eb:<\/span><\/p>\n<ul>\n<li style=\"font-style: inherit; font-weight: 400;\"><span style=\"font-style: inherit; font-weight: inherit;\"> Sanimi i rrjedhjeve n\u00eb kaldaj\u00eb, me nd\u00ebrrimin e rreth 30 gypave t\u00eb d\u00ebmtuar n\u00eb nivele t\u00eb ndryshme;<\/span><\/li>\n<li style=\"font-style: inherit; font-weight: 400;\"><span style=\"font-style: inherit; font-weight: inherit;\"> Sanimi i rrjedhjeve n\u00eb kondenzator, me eliminimin e rreth 410 gypave me rrjedhje;<\/span><\/li>\n<li style=\"font-style: inherit; font-weight: 400;\"><span style=\"font-style: inherit; font-weight: inherit;\"> Intervenime n\u00eb skar\u00ebn 1 dhe 2, me q\u00ebllim p\u00ebrmir\u00ebsimi t\u00eb performanc\u00ebs s\u00eb djegies;<\/span><\/li>\n<li style=\"font-style: inherit; font-weight: 400;\"><span style=\"font-style: inherit; font-weight: inherit;\"> Riparime n\u00eb barrier\u00ebn termike t\u00eb pomp\u00ebs furnizuese PF1;<\/span><\/li>\n<li style=\"font-style: inherit; font-weight: 400;\"><span style=\"font-style: inherit; font-weight: inherit;\"> Sanimi i defekteve n\u00eb filtrin elektrik, n\u00eb 7 nga 8 fushat e tij, me angazhim t\u00eb pand\u00ebrprer\u00eb teknik.<\/span><\/li>\n<\/ul>\n","protected":false},"excerpt":{"rendered":"<p>Korporata Energjetike e Kosov\u00ebs ka njoftuar t\u00eb diel\u00ebn se nj\u00ebsia B1 e Termocentralit Kosova B \u00ebsht\u00eb kthyer n\u00eb operim, pas realizimit t\u00eb disa sanimeve. KEK-u<\/p>\n","protected":false},"author":1,"featured_media":1332,"comment_status":"open","ping_status":"open","sticky":false,"template":"","format":"standard","meta":{"footnotes":""},"categories":[60],"tags":[],"class_list":["post-1330","post","type-post","status-publish","format-standard","has-post-thumbnail","hentry","category-shoqerore-sq"],"yoast_head":"<!-- This site is optimized with the Yoast SEO plugin v25.3.1 - https:\/\/yoast.com\/wordpress\/plugins\/seo\/ -->\n<title>Kthehet n\u00eb operim nj\u00ebsia B1 e Termocentralit Kosova B -<\/title>\n<meta name=\"robots\" content=\"index, follow, max-snippet:-1, max-image-preview:large, max-video-preview:-1\" \/>\n<link rel=\"canonical\" href=\"https:\/\/veritasinfo.org\/?p=1330\" \/>\n<meta property=\"og:locale\" content=\"en_US\" \/>\n<meta property=\"og:type\" content=\"article\" \/>\n<meta property=\"og:title\" content=\"Kthehet n\u00eb operim nj\u00ebsia B1 e Termocentralit Kosova B -\" \/>\n<meta property=\"og:description\" content=\"Korporata Energjetike e Kosov\u00ebs ka njoftuar t\u00eb diel\u00ebn se nj\u00ebsia B1 e Termocentralit Kosova B \u00ebsht\u00eb kthyer n\u00eb operim, pas realizimit t\u00eb disa sanimeve. KEK-u\" \/>\n<meta property=\"og:url\" content=\"https:\/\/veritasinfo.org\/?p=1330\" \/>\n<meta property=\"article:published_time\" content=\"2025-06-22T18:12:08+00:00\" \/>\n<meta property=\"og:image\" content=\"https:\/\/veritasinfo.org\/wp-content\/uploads\/2025\/06\/IMG_0097.jpeg\" \/>\n\t<meta property=\"og:image:width\" content=\"600\" \/>\n\t<meta property=\"og:image:height\" content=\"360\" \/>\n\t<meta property=\"og:image:type\" content=\"image\/jpeg\" \/>\n<meta name=\"author\" content=\"admin\" \/>\n<meta name=\"twitter:card\" content=\"summary_large_image\" \/>\n<meta name=\"twitter:label1\" content=\"Written by\" \/>\n\t<meta name=\"twitter:data1\" content=\"admin\" \/>\n\t<meta name=\"twitter:label2\" content=\"Est. reading time\" \/>\n\t<meta name=\"twitter:data2\" content=\"2 minutes\" \/>\n<script type=\"application\/ld+json\" class=\"yoast-schema-graph\">{\"@context\":\"https:\/\/schema.org\",\"@graph\":[{\"@type\":\"WebPage\",\"@id\":\"https:\/\/veritasinfo.org\/?p=1330\",\"url\":\"https:\/\/veritasinfo.org\/?p=1330\",\"name\":\"Kthehet n\u00eb operim nj\u00ebsia B1 e Termocentralit Kosova B -\",\"isPartOf\":{\"@id\":\"https:\/\/veritasinfo.org\/#website\"},\"primaryImageOfPage\":{\"@id\":\"https:\/\/veritasinfo.org\/?p=1330#primaryimage\"},\"image\":{\"@id\":\"https:\/\/veritasinfo.org\/?p=1330#primaryimage\"},\"thumbnailUrl\":\"https:\/\/veritasinfo.org\/wp-content\/uploads\/2025\/06\/IMG_0097.jpeg\",\"datePublished\":\"2025-06-22T18:12:08+00:00\",\"author\":{\"@id\":\"https:\/\/veritasinfo.org\/#\/schema\/person\/7701f8c088bece422266b100a712374f\"},\"breadcrumb\":{\"@id\":\"https:\/\/veritasinfo.org\/?p=1330#breadcrumb\"},\"inLanguage\":\"en-US\",\"potentialAction\":[{\"@type\":\"ReadAction\",\"target\":[\"https:\/\/veritasinfo.org\/?p=1330\"]}]},{\"@type\":\"ImageObject\",\"inLanguage\":\"en-US\",\"@id\":\"https:\/\/veritasinfo.org\/?p=1330#primaryimage\",\"url\":\"https:\/\/veritasinfo.org\/wp-content\/uploads\/2025\/06\/IMG_0097.jpeg\",\"contentUrl\":\"https:\/\/veritasinfo.org\/wp-content\/uploads\/2025\/06\/IMG_0097.jpeg\",\"width\":600,\"height\":360},{\"@type\":\"BreadcrumbList\",\"@id\":\"https:\/\/veritasinfo.org\/?p=1330#breadcrumb\",\"itemListElement\":[{\"@type\":\"ListItem\",\"position\":1,\"name\":\"Home\",\"item\":\"https:\/\/veritasinfo.org\/\"},{\"@type\":\"ListItem\",\"position\":2,\"name\":\"Kthehet n\u00eb operim nj\u00ebsia B1 e Termocentralit Kosova B\"}]},{\"@type\":\"WebSite\",\"@id\":\"https:\/\/veritasinfo.org\/#website\",\"url\":\"https:\/\/veritasinfo.org\/\",\"name\":\"\",\"description\":\"\",\"potentialAction\":[{\"@type\":\"SearchAction\",\"target\":{\"@type\":\"EntryPoint\",\"urlTemplate\":\"https:\/\/veritasinfo.org\/?s={search_term_string}\"},\"query-input\":{\"@type\":\"PropertyValueSpecification\",\"valueRequired\":true,\"valueName\":\"search_term_string\"}}],\"inLanguage\":\"en-US\"},{\"@type\":\"Person\",\"@id\":\"https:\/\/veritasinfo.org\/#\/schema\/person\/7701f8c088bece422266b100a712374f\",\"name\":\"admin\",\"image\":{\"@type\":\"ImageObject\",\"inLanguage\":\"en-US\",\"@id\":\"https:\/\/veritasinfo.org\/#\/schema\/person\/image\/\",\"url\":\"https:\/\/secure.gravatar.com\/avatar\/ea53aa3bf6c9a12d5fde8ce4deff43fef3885ae33cf60184161a50d6987cfd2f?s=96&d=mm&r=g\",\"contentUrl\":\"https:\/\/secure.gravatar.com\/avatar\/ea53aa3bf6c9a12d5fde8ce4deff43fef3885ae33cf60184161a50d6987cfd2f?s=96&d=mm&r=g\",\"caption\":\"admin\"},\"sameAs\":[\"https:\/\/veritasinfo.org\"],\"url\":\"https:\/\/veritasinfo.org\/?author=1\"}]}<\/script>\n<!-- \/ Yoast SEO plugin. -->","yoast_head_json":{"title":"Kthehet n\u00eb operim nj\u00ebsia B1 e Termocentralit Kosova B -","robots":{"index":"index","follow":"follow","max-snippet":"max-snippet:-1","max-image-preview":"max-image-preview:large","max-video-preview":"max-video-preview:-1"},"canonical":"https:\/\/veritasinfo.org\/?p=1330","og_locale":"en_US","og_type":"article","og_title":"Kthehet n\u00eb operim nj\u00ebsia B1 e Termocentralit Kosova B -","og_description":"Korporata Energjetike e Kosov\u00ebs ka njoftuar t\u00eb diel\u00ebn se nj\u00ebsia B1 e Termocentralit Kosova B \u00ebsht\u00eb kthyer n\u00eb operim, pas realizimit t\u00eb disa sanimeve. KEK-u","og_url":"https:\/\/veritasinfo.org\/?p=1330","article_published_time":"2025-06-22T18:12:08+00:00","og_image":[{"width":600,"height":360,"url":"https:\/\/veritasinfo.org\/wp-content\/uploads\/2025\/06\/IMG_0097.jpeg","type":"image\/jpeg"}],"author":"admin","twitter_card":"summary_large_image","twitter_misc":{"Written by":"admin","Est. reading time":"2 minutes"},"schema":{"@context":"https:\/\/schema.org","@graph":[{"@type":"WebPage","@id":"https:\/\/veritasinfo.org\/?p=1330","url":"https:\/\/veritasinfo.org\/?p=1330","name":"Kthehet n\u00eb operim nj\u00ebsia B1 e Termocentralit Kosova B -","isPartOf":{"@id":"https:\/\/veritasinfo.org\/#website"},"primaryImageOfPage":{"@id":"https:\/\/veritasinfo.org\/?p=1330#primaryimage"},"image":{"@id":"https:\/\/veritasinfo.org\/?p=1330#primaryimage"},"thumbnailUrl":"https:\/\/veritasinfo.org\/wp-content\/uploads\/2025\/06\/IMG_0097.jpeg","datePublished":"2025-06-22T18:12:08+00:00","author":{"@id":"https:\/\/veritasinfo.org\/#\/schema\/person\/7701f8c088bece422266b100a712374f"},"breadcrumb":{"@id":"https:\/\/veritasinfo.org\/?p=1330#breadcrumb"},"inLanguage":"en-US","potentialAction":[{"@type":"ReadAction","target":["https:\/\/veritasinfo.org\/?p=1330"]}]},{"@type":"ImageObject","inLanguage":"en-US","@id":"https:\/\/veritasinfo.org\/?p=1330#primaryimage","url":"https:\/\/veritasinfo.org\/wp-content\/uploads\/2025\/06\/IMG_0097.jpeg","contentUrl":"https:\/\/veritasinfo.org\/wp-content\/uploads\/2025\/06\/IMG_0097.jpeg","width":600,"height":360},{"@type":"BreadcrumbList","@id":"https:\/\/veritasinfo.org\/?p=1330#breadcrumb","itemListElement":[{"@type":"ListItem","position":1,"name":"Home","item":"https:\/\/veritasinfo.org\/"},{"@type":"ListItem","position":2,"name":"Kthehet n\u00eb operim nj\u00ebsia B1 e Termocentralit Kosova B"}]},{"@type":"WebSite","@id":"https:\/\/veritasinfo.org\/#website","url":"https:\/\/veritasinfo.org\/","name":"","description":"","potentialAction":[{"@type":"SearchAction","target":{"@type":"EntryPoint","urlTemplate":"https:\/\/veritasinfo.org\/?s={search_term_string}"},"query-input":{"@type":"PropertyValueSpecification","valueRequired":true,"valueName":"search_term_string"}}],"inLanguage":"en-US"},{"@type":"Person","@id":"https:\/\/veritasinfo.org\/#\/schema\/person\/7701f8c088bece422266b100a712374f","name":"admin","image":{"@type":"ImageObject","inLanguage":"en-US","@id":"https:\/\/veritasinfo.org\/#\/schema\/person\/image\/","url":"https:\/\/secure.gravatar.com\/avatar\/ea53aa3bf6c9a12d5fde8ce4deff43fef3885ae33cf60184161a50d6987cfd2f?s=96&d=mm&r=g","contentUrl":"https:\/\/secure.gravatar.com\/avatar\/ea53aa3bf6c9a12d5fde8ce4deff43fef3885ae33cf60184161a50d6987cfd2f?s=96&d=mm&r=g","caption":"admin"},"sameAs":["https:\/\/veritasinfo.org"],"url":"https:\/\/veritasinfo.org\/?author=1"}]}},"featured_image_urls":{"full":["https:\/\/veritasinfo.org\/wp-content\/uploads\/2025\/06\/IMG_0097.jpeg",600,360,false],"thumbnail":["https:\/\/veritasinfo.org\/wp-content\/uploads\/2025\/06\/IMG_0097-150x150.jpeg",150,150,true],"medium":["https:\/\/veritasinfo.org\/wp-content\/uploads\/2025\/06\/IMG_0097-300x180.jpeg",300,180,true],"medium_large":["https:\/\/veritasinfo.org\/wp-content\/uploads\/2025\/06\/IMG_0097.jpeg",600,360,false],"large":["https:\/\/veritasinfo.org\/wp-content\/uploads\/2025\/06\/IMG_0097.jpeg",600,360,false],"1536x1536":["https:\/\/veritasinfo.org\/wp-content\/uploads\/2025\/06\/IMG_0097.jpeg",600,360,false],"2048x2048":["https:\/\/veritasinfo.org\/wp-content\/uploads\/2025\/06\/IMG_0097.jpeg",600,360,false],"kreeti-slider-full":["https:\/\/veritasinfo.org\/wp-content\/uploads\/2025\/06\/IMG_0097.jpeg",600,360,false],"kreeti-featured":["https:\/\/veritasinfo.org\/wp-content\/uploads\/2025\/06\/IMG_0097.jpeg",600,360,false],"kreeti-medium":["https:\/\/veritasinfo.org\/wp-content\/uploads\/2025\/06\/IMG_0097.jpeg",600,360,false],"kreeti-medium-square":["https:\/\/veritasinfo.org\/wp-content\/uploads\/2025\/06\/IMG_0097.jpeg",350,210,false]},"author_info":{"info":["admin"]},"category_info":"<a href=\"https:\/\/veritasinfo.org\/?cat=60\" rel=\"category\">Shoq\u00ebrore<\/a>","tag_info":"Shoq\u00ebrore","comment_count":"0","_links":{"self":[{"href":"https:\/\/veritasinfo.org\/index.php?rest_route=\/wp\/v2\/posts\/1330","targetHints":{"allow":["GET"]}}],"collection":[{"href":"https:\/\/veritasinfo.org\/index.php?rest_route=\/wp\/v2\/posts"}],"about":[{"href":"https:\/\/veritasinfo.org\/index.php?rest_route=\/wp\/v2\/types\/post"}],"author":[{"embeddable":true,"href":"https:\/\/veritasinfo.org\/index.php?rest_route=\/wp\/v2\/users\/1"}],"replies":[{"embeddable":true,"href":"https:\/\/veritasinfo.org\/index.php?rest_route=%2Fwp%2Fv2%2Fcomments&post=1330"}],"version-history":[{"count":1,"href":"https:\/\/veritasinfo.org\/index.php?rest_route=\/wp\/v2\/posts\/1330\/revisions"}],"predecessor-version":[{"id":1333,"href":"https:\/\/veritasinfo.org\/index.php?rest_route=\/wp\/v2\/posts\/1330\/revisions\/1333"}],"wp:featuredmedia":[{"embeddable":true,"href":"https:\/\/veritasinfo.org\/index.php?rest_route=\/wp\/v2\/media\/1332"}],"wp:attachment":[{"href":"https:\/\/veritasinfo.org\/index.php?rest_route=%2Fwp%2Fv2%2Fmedia&parent=1330"}],"wp:term":[{"taxonomy":"category","embeddable":true,"href":"https:\/\/veritasinfo.org\/index.php?rest_route=%2Fwp%2Fv2%2Fcategories&post=1330"},{"taxonomy":"post_tag","embeddable":true,"href":"https:\/\/veritasinfo.org\/index.php?rest_route=%2Fwp%2Fv2%2Ftags&post=1330"}],"curies":[{"name":"wp","href":"https:\/\/api.w.org\/{rel}","templated":true}]}}