{"id":1326,"date":"2025-06-22T18:09:42","date_gmt":"2025-06-22T16:09:42","guid":{"rendered":"https:\/\/veritasinfo.org\/?p=1326"},"modified":"2025-06-22T20:04:15","modified_gmt":"2025-06-22T18:04:15","slug":"arsenijevic-reagon-per-akuzat-nje-ngjarje-e-inscenuar","status":"publish","type":"post","link":"https:\/\/veritasinfo.org\/?p=1326","title":{"rendered":"Arsenijeviq mohon lidhjen me arm\u00ebt e gjetura, autoritetet theksojn\u00eb seriozitetin e hetimeve"},"content":{"rendered":"<p>Aleksandar Arsenijevic, lider i njohur i opozit\u00ebs nga partia Demokracia serbe, ka reaguar pas njoftimit t\u00eb ministrit t\u00eb Brendsh\u00ebm t\u00eb Kosov\u00ebs, Xhelal Sve\u00e7la, se n\u00eb nj\u00eb objekt q\u00eb i p\u00ebrket atij jan\u00eb gjetur arm\u00eb.<\/p>\n<p>\u201c\u00cbsht\u00eb nj\u00eb inskenim klasik politik p\u00ebr t\u00eb m\u00eb p\u00ebrjashtuar nga skena,\u201d tha Arsenijevic p\u00ebr Alternativ\u00ebn. Ai shtoi se stalla ku u gjet\u00ebn arm\u00ebt ka qen\u00eb e hapur q\u00eb nga tetori i vitit t\u00eb kaluar, dhe se kali i tij ka qen\u00eb aty vet\u00ebm 15 dit\u00eb m\u00eb par\u00eb.<\/p>\n<p>Ai theksoi ve\u00e7an\u00ebrisht se banor\u00ebt e fshatit Vala\u00e7 kishin njoftuar policin\u00eb muajin e kaluar p\u00ebr l\u00ebvizje t\u00eb dyshimta t\u00eb personave t\u00eb panjohur n\u00eb at\u00eb zon\u00eb.<\/p>\n<p>Arsenijevic tha gjithashtu se nj\u00eb vit m\u00eb par\u00eb kishte informuar z\u00ebvend\u00ebs komandantin e Policis\u00eb s\u00eb Kosov\u00ebs p\u00ebr Veri, Veton Eljshanin, p\u00ebr k\u00ebrc\u00ebnimet n\u00eb lidhje me objektet n\u00eb Mali Zve\u00e7an ku kishte q\u00ebndruar m\u00eb par\u00eb.<\/p>\n<p>\u201cP\u00ebr k\u00ebt\u00eb arsye mendoj se \u00ebsht\u00eb nj\u00eb inskenim klasik. Videoja me flamurin rus q\u00eb publikoi ministri Sve\u00e7la m\u00eb tronditi edhe m\u00eb shum\u00eb dhe e shoh si nj\u00eb argument shtes\u00eb q\u00eb kjo \u00ebsht\u00eb nj\u00eb ngjarje e inskenuar,\u201d tha ai.<\/p>\n<p>Kur u pyet n\u00ebse beson se kjo ka lidhje me zgjedhjet lokale q\u00eb po afrojn\u00eb, Arsenijevic u p\u00ebrgjigj me po.<\/p>\n<p>\u201cPlot\u00ebsisht. Qartazi kjo hap rrug\u00ebn p\u00ebr opsione t\u00eb tjera politike, duke l\u00ebn\u00eb serb\u00ebt t\u00eb pambrojtur,\u201d tha ai.<\/p>\n<p>Ai gjithashtu konfirmoi se n\u00eb momentin e bastisjes nuk ishte n\u00eb Kosov\u00eb, por kishte udh\u00ebtuar nga Kosova t\u00eb premten dhe lajmin e mori n\u00eb rrug\u00eb p\u00ebr n\u00eb familjen e tij n\u00eb Sombor.<\/p>\n<p>\u201cNuk kam shkuar asnj\u00ebher\u00eb n\u00eb nj\u00eb poligon t\u00eb lejuar p\u00ebr t\u00eb sht\u00ebn\u00eb me arm\u00eb, e jo m\u00eb q\u00eb t\u00eb kem ndonj\u00eb arm\u00eb pran\u00eb. N\u00ebse do t\u00eb v\u00ebreja di\u00e7ka t\u00eb dyshimt\u00eb, vet\u00eb do ta kisha raportuar n\u00eb polici,\u201d shtoi Arsenijevic.<\/p>\n<p>Ai komentoi edhe pjes\u00ebn e deklarat\u00ebs s\u00eb policis\u00eb ku thuhet se kan\u00eb vepruar pas marrjes s\u00eb informacionit.<\/p>\n<p>\u201cNj\u00eb d\u00ebshmitar gjat\u00eb bastisjes m\u00eb tha se ata shkuan direkt n\u00eb vendin dhe filluan t\u00eb g\u00ebrmojn\u00eb. K\u00ebrkoj q\u00eb personi q\u00eb ka dh\u00ebn\u00eb informacionin t\u00eb paditet p\u00ebr shpifje,\u201d p\u00ebrfundoi Arsenijevic.<\/p>\n<p>&nbsp;<\/p>\n<p>&nbsp;<\/p>\n","protected":false},"excerpt":{"rendered":"<p>Aleksandar Arsenijevic, lider i njohur i opozit\u00ebs nga partia Demokracia serbe, ka reaguar pas njoftimit t\u00eb ministrit t\u00eb Brendsh\u00ebm t\u00eb Kosov\u00ebs, Xhelal Sve\u00e7la, se n\u00eb<\/p>\n","protected":false},"author":1,"featured_media":1324,"comment_status":"open","ping_status":"open","sticky":false,"template":"","format":"standard","meta":{"footnotes":""},"categories":[60],"tags":[],"class_list":["post-1326","post","type-post","status-publish","format-standard","has-post-thumbnail","hentry","category-shoqerore-sq"],"yoast_head":"<!-- This site is optimized with the Yoast SEO plugin v25.3.1 - https:\/\/yoast.com\/wordpress\/plugins\/seo\/ -->\n<title>Arsenijeviq mohon lidhjen me arm\u00ebt e gjetura, autoritetet theksojn\u00eb seriozitetin e hetimeve -<\/title>\n<meta name=\"robots\" content=\"index, follow, max-snippet:-1, max-image-preview:large, max-video-preview:-1\" \/>\n<link rel=\"canonical\" href=\"https:\/\/veritasinfo.org\/?p=1326\" \/>\n<meta property=\"og:locale\" content=\"en_US\" \/>\n<meta property=\"og:type\" content=\"article\" \/>\n<meta property=\"og:title\" content=\"Arsenijeviq mohon lidhjen me arm\u00ebt e gjetura, autoritetet theksojn\u00eb seriozitetin e hetimeve -\" \/>\n<meta property=\"og:description\" content=\"Aleksandar Arsenijevic, lider i njohur i opozit\u00ebs nga partia Demokracia serbe, ka reaguar pas njoftimit t\u00eb ministrit t\u00eb Brendsh\u00ebm t\u00eb Kosov\u00ebs, Xhelal Sve\u00e7la, se n\u00eb\" \/>\n<meta property=\"og:url\" content=\"https:\/\/veritasinfo.org\/?p=1326\" \/>\n<meta property=\"article:published_time\" content=\"2025-06-22T16:09:42+00:00\" \/>\n<meta property=\"article:modified_time\" content=\"2025-06-22T18:04:15+00:00\" \/>\n<meta property=\"og:image\" content=\"https:\/\/veritasinfo.org\/wp-content\/uploads\/2025\/06\/aleksandar-arsenijevic-1-e1724354826151-1000x560-2.jpg\" \/>\n\t<meta property=\"og:image:width\" content=\"1000\" \/>\n\t<meta property=\"og:image:height\" content=\"560\" \/>\n\t<meta property=\"og:image:type\" content=\"image\/jpeg\" \/>\n<meta name=\"author\" content=\"admin\" \/>\n<meta name=\"twitter:card\" content=\"summary_large_image\" \/>\n<meta name=\"twitter:label1\" content=\"Written by\" \/>\n\t<meta name=\"twitter:data1\" content=\"admin\" \/>\n\t<meta name=\"twitter:label2\" content=\"Est. reading time\" \/>\n\t<meta name=\"twitter:data2\" content=\"2 minutes\" \/>\n<script type=\"application\/ld+json\" class=\"yoast-schema-graph\">{\"@context\":\"https:\/\/schema.org\",\"@graph\":[{\"@type\":\"WebPage\",\"@id\":\"https:\/\/veritasinfo.org\/?p=1326\",\"url\":\"https:\/\/veritasinfo.org\/?p=1326\",\"name\":\"Arsenijeviq mohon lidhjen me arm\u00ebt e gjetura, autoritetet theksojn\u00eb seriozitetin e hetimeve -\",\"isPartOf\":{\"@id\":\"https:\/\/veritasinfo.org\/#website\"},\"primaryImageOfPage\":{\"@id\":\"https:\/\/veritasinfo.org\/?p=1326#primaryimage\"},\"image\":{\"@id\":\"https:\/\/veritasinfo.org\/?p=1326#primaryimage\"},\"thumbnailUrl\":\"https:\/\/veritasinfo.org\/wp-content\/uploads\/2025\/06\/aleksandar-arsenijevic-1-e1724354826151-1000x560-2.jpg\",\"datePublished\":\"2025-06-22T16:09:42+00:00\",\"dateModified\":\"2025-06-22T18:04:15+00:00\",\"author\":{\"@id\":\"https:\/\/veritasinfo.org\/#\/schema\/person\/7701f8c088bece422266b100a712374f\"},\"breadcrumb\":{\"@id\":\"https:\/\/veritasinfo.org\/?p=1326#breadcrumb\"},\"inLanguage\":\"en-US\",\"potentialAction\":[{\"@type\":\"ReadAction\",\"target\":[\"https:\/\/veritasinfo.org\/?p=1326\"]}]},{\"@type\":\"ImageObject\",\"inLanguage\":\"en-US\",\"@id\":\"https:\/\/veritasinfo.org\/?p=1326#primaryimage\",\"url\":\"https:\/\/veritasinfo.org\/wp-content\/uploads\/2025\/06\/aleksandar-arsenijevic-1-e1724354826151-1000x560-2.jpg\",\"contentUrl\":\"https:\/\/veritasinfo.org\/wp-content\/uploads\/2025\/06\/aleksandar-arsenijevic-1-e1724354826151-1000x560-2.jpg\",\"width\":1000,\"height\":560},{\"@type\":\"BreadcrumbList\",\"@id\":\"https:\/\/veritasinfo.org\/?p=1326#breadcrumb\",\"itemListElement\":[{\"@type\":\"ListItem\",\"position\":1,\"name\":\"Home\",\"item\":\"https:\/\/veritasinfo.org\/\"},{\"@type\":\"ListItem\",\"position\":2,\"name\":\"Arsenijeviq mohon lidhjen me arm\u00ebt e gjetura, autoritetet theksojn\u00eb seriozitetin e hetimeve\"}]},{\"@type\":\"WebSite\",\"@id\":\"https:\/\/veritasinfo.org\/#website\",\"url\":\"https:\/\/veritasinfo.org\/\",\"name\":\"\",\"description\":\"\",\"potentialAction\":[{\"@type\":\"SearchAction\",\"target\":{\"@type\":\"EntryPoint\",\"urlTemplate\":\"https:\/\/veritasinfo.org\/?s={search_term_string}\"},\"query-input\":{\"@type\":\"PropertyValueSpecification\",\"valueRequired\":true,\"valueName\":\"search_term_string\"}}],\"inLanguage\":\"en-US\"},{\"@type\":\"Person\",\"@id\":\"https:\/\/veritasinfo.org\/#\/schema\/person\/7701f8c088bece422266b100a712374f\",\"name\":\"admin\",\"image\":{\"@type\":\"ImageObject\",\"inLanguage\":\"en-US\",\"@id\":\"https:\/\/veritasinfo.org\/#\/schema\/person\/image\/\",\"url\":\"https:\/\/secure.gravatar.com\/avatar\/ea53aa3bf6c9a12d5fde8ce4deff43fef3885ae33cf60184161a50d6987cfd2f?s=96&d=mm&r=g\",\"contentUrl\":\"https:\/\/secure.gravatar.com\/avatar\/ea53aa3bf6c9a12d5fde8ce4deff43fef3885ae33cf60184161a50d6987cfd2f?s=96&d=mm&r=g\",\"caption\":\"admin\"},\"sameAs\":[\"https:\/\/veritasinfo.org\"],\"url\":\"https:\/\/veritasinfo.org\/?author=1\"}]}<\/script>\n<!-- \/ Yoast SEO plugin. -->","yoast_head_json":{"title":"Arsenijeviq mohon lidhjen me arm\u00ebt e gjetura, autoritetet theksojn\u00eb seriozitetin e hetimeve -","robots":{"index":"index","follow":"follow","max-snippet":"max-snippet:-1","max-image-preview":"max-image-preview:large","max-video-preview":"max-video-preview:-1"},"canonical":"https:\/\/veritasinfo.org\/?p=1326","og_locale":"en_US","og_type":"article","og_title":"Arsenijeviq mohon lidhjen me arm\u00ebt e gjetura, autoritetet theksojn\u00eb seriozitetin e hetimeve -","og_description":"Aleksandar Arsenijevic, lider i njohur i opozit\u00ebs nga partia Demokracia serbe, ka reaguar pas njoftimit t\u00eb ministrit t\u00eb Brendsh\u00ebm t\u00eb Kosov\u00ebs, Xhelal Sve\u00e7la, se n\u00eb","og_url":"https:\/\/veritasinfo.org\/?p=1326","article_published_time":"2025-06-22T16:09:42+00:00","article_modified_time":"2025-06-22T18:04:15+00:00","og_image":[{"width":1000,"height":560,"url":"https:\/\/veritasinfo.org\/wp-content\/uploads\/2025\/06\/aleksandar-arsenijevic-1-e1724354826151-1000x560-2.jpg","type":"image\/jpeg"}],"author":"admin","twitter_card":"summary_large_image","twitter_misc":{"Written by":"admin","Est. reading time":"2 minutes"},"schema":{"@context":"https:\/\/schema.org","@graph":[{"@type":"WebPage","@id":"https:\/\/veritasinfo.org\/?p=1326","url":"https:\/\/veritasinfo.org\/?p=1326","name":"Arsenijeviq mohon lidhjen me arm\u00ebt e gjetura, autoritetet theksojn\u00eb seriozitetin e hetimeve -","isPartOf":{"@id":"https:\/\/veritasinfo.org\/#website"},"primaryImageOfPage":{"@id":"https:\/\/veritasinfo.org\/?p=1326#primaryimage"},"image":{"@id":"https:\/\/veritasinfo.org\/?p=1326#primaryimage"},"thumbnailUrl":"https:\/\/veritasinfo.org\/wp-content\/uploads\/2025\/06\/aleksandar-arsenijevic-1-e1724354826151-1000x560-2.jpg","datePublished":"2025-06-22T16:09:42+00:00","dateModified":"2025-06-22T18:04:15+00:00","author":{"@id":"https:\/\/veritasinfo.org\/#\/schema\/person\/7701f8c088bece422266b100a712374f"},"breadcrumb":{"@id":"https:\/\/veritasinfo.org\/?p=1326#breadcrumb"},"inLanguage":"en-US","potentialAction":[{"@type":"ReadAction","target":["https:\/\/veritasinfo.org\/?p=1326"]}]},{"@type":"ImageObject","inLanguage":"en-US","@id":"https:\/\/veritasinfo.org\/?p=1326#primaryimage","url":"https:\/\/veritasinfo.org\/wp-content\/uploads\/2025\/06\/aleksandar-arsenijevic-1-e1724354826151-1000x560-2.jpg","contentUrl":"https:\/\/veritasinfo.org\/wp-content\/uploads\/2025\/06\/aleksandar-arsenijevic-1-e1724354826151-1000x560-2.jpg","width":1000,"height":560},{"@type":"BreadcrumbList","@id":"https:\/\/veritasinfo.org\/?p=1326#breadcrumb","itemListElement":[{"@type":"ListItem","position":1,"name":"Home","item":"https:\/\/veritasinfo.org\/"},{"@type":"ListItem","position":2,"name":"Arsenijeviq mohon lidhjen me arm\u00ebt e gjetura, autoritetet theksojn\u00eb seriozitetin e hetimeve"}]},{"@type":"WebSite","@id":"https:\/\/veritasinfo.org\/#website","url":"https:\/\/veritasinfo.org\/","name":"","description":"","potentialAction":[{"@type":"SearchAction","target":{"@type":"EntryPoint","urlTemplate":"https:\/\/veritasinfo.org\/?s={search_term_string}"},"query-input":{"@type":"PropertyValueSpecification","valueRequired":true,"valueName":"search_term_string"}}],"inLanguage":"en-US"},{"@type":"Person","@id":"https:\/\/veritasinfo.org\/#\/schema\/person\/7701f8c088bece422266b100a712374f","name":"admin","image":{"@type":"ImageObject","inLanguage":"en-US","@id":"https:\/\/veritasinfo.org\/#\/schema\/person\/image\/","url":"https:\/\/secure.gravatar.com\/avatar\/ea53aa3bf6c9a12d5fde8ce4deff43fef3885ae33cf60184161a50d6987cfd2f?s=96&d=mm&r=g","contentUrl":"https:\/\/secure.gravatar.com\/avatar\/ea53aa3bf6c9a12d5fde8ce4deff43fef3885ae33cf60184161a50d6987cfd2f?s=96&d=mm&r=g","caption":"admin"},"sameAs":["https:\/\/veritasinfo.org"],"url":"https:\/\/veritasinfo.org\/?author=1"}]}},"featured_image_urls":{"full":["https:\/\/veritasinfo.org\/wp-content\/uploads\/2025\/06\/aleksandar-arsenijevic-1-e1724354826151-1000x560-2.jpg",1000,560,false],"thumbnail":["https:\/\/veritasinfo.org\/wp-content\/uploads\/2025\/06\/aleksandar-arsenijevic-1-e1724354826151-1000x560-2-150x150.jpg",150,150,true],"medium":["https:\/\/veritasinfo.org\/wp-content\/uploads\/2025\/06\/aleksandar-arsenijevic-1-e1724354826151-1000x560-2-300x168.jpg",300,168,true],"medium_large":["https:\/\/veritasinfo.org\/wp-content\/uploads\/2025\/06\/aleksandar-arsenijevic-1-e1724354826151-1000x560-2-768x430.jpg",640,358,true],"large":["https:\/\/veritasinfo.org\/wp-content\/uploads\/2025\/06\/aleksandar-arsenijevic-1-e1724354826151-1000x560-2.jpg",640,358,false],"1536x1536":["https:\/\/veritasinfo.org\/wp-content\/uploads\/2025\/06\/aleksandar-arsenijevic-1-e1724354826151-1000x560-2.jpg",1000,560,false],"2048x2048":["https:\/\/veritasinfo.org\/wp-content\/uploads\/2025\/06\/aleksandar-arsenijevic-1-e1724354826151-1000x560-2.jpg",1000,560,false],"kreeti-slider-full":["https:\/\/veritasinfo.org\/wp-content\/uploads\/2025\/06\/aleksandar-arsenijevic-1-e1724354826151-1000x560-2.jpg",1000,560,false],"kreeti-featured":["https:\/\/veritasinfo.org\/wp-content\/uploads\/2025\/06\/aleksandar-arsenijevic-1-e1724354826151-1000x560-2.jpg",1000,560,false],"kreeti-medium":["https:\/\/veritasinfo.org\/wp-content\/uploads\/2025\/06\/aleksandar-arsenijevic-1-e1724354826151-1000x560-2.jpg",720,403,false],"kreeti-medium-square":["https:\/\/veritasinfo.org\/wp-content\/uploads\/2025\/06\/aleksandar-arsenijevic-1-e1724354826151-1000x560-2.jpg",350,196,false]},"author_info":{"info":["admin"]},"category_info":"<a href=\"https:\/\/veritasinfo.org\/?cat=60\" rel=\"category\">Shoq\u00ebrore<\/a>","tag_info":"Shoq\u00ebrore","comment_count":"0","_links":{"self":[{"href":"https:\/\/veritasinfo.org\/index.php?rest_route=\/wp\/v2\/posts\/1326","targetHints":{"allow":["GET"]}}],"collection":[{"href":"https:\/\/veritasinfo.org\/index.php?rest_route=\/wp\/v2\/posts"}],"about":[{"href":"https:\/\/veritasinfo.org\/index.php?rest_route=\/wp\/v2\/types\/post"}],"author":[{"embeddable":true,"href":"https:\/\/veritasinfo.org\/index.php?rest_route=\/wp\/v2\/users\/1"}],"replies":[{"embeddable":true,"href":"https:\/\/veritasinfo.org\/index.php?rest_route=%2Fwp%2Fv2%2Fcomments&post=1326"}],"version-history":[{"count":2,"href":"https:\/\/veritasinfo.org\/index.php?rest_route=\/wp\/v2\/posts\/1326\/revisions"}],"predecessor-version":[{"id":1328,"href":"https:\/\/veritasinfo.org\/index.php?rest_route=\/wp\/v2\/posts\/1326\/revisions\/1328"}],"wp:featuredmedia":[{"embeddable":true,"href":"https:\/\/veritasinfo.org\/index.php?rest_route=\/wp\/v2\/media\/1324"}],"wp:attachment":[{"href":"https:\/\/veritasinfo.org\/index.php?rest_route=%2Fwp%2Fv2%2Fmedia&parent=1326"}],"wp:term":[{"taxonomy":"category","embeddable":true,"href":"https:\/\/veritasinfo.org\/index.php?rest_route=%2Fwp%2Fv2%2Fcategories&post=1326"},{"taxonomy":"post_tag","embeddable":true,"href":"https:\/\/veritasinfo.org\/index.php?rest_route=%2Fwp%2Fv2%2Ftags&post=1326"}],"curies":[{"name":"wp","href":"https:\/\/api.w.org\/{rel}","templated":true}]}}