{"id":13246,"date":"2025-09-23T10:13:03","date_gmt":"2025-09-23T08:13:03","guid":{"rendered":"https:\/\/veritasinfo.org\/?p=13246"},"modified":"2025-09-23T10:13:03","modified_gmt":"2025-09-23T08:13:03","slug":"gervalla-ne-nju-jork-ne-kuader-sesionit-te-80-te-te-kombeve-te-bashkuara","status":"publish","type":"post","link":"https:\/\/veritasinfo.org\/?p=13246","title":{"rendered":"G\u00ebrvalla n\u00eb Nju Jork, n\u00eb kuad\u00ebr Sesionit t\u00eb 80-t\u00eb t\u00eb Kombeve t\u00eb Bashkuara"},"content":{"rendered":"<p>Prishtin\u00eb, 23 shtator 2025<\/p>\n<p>Z\u00ebvend\u00ebskryeministrja dhe Ministrja n\u00eb detyr\u00eb e Pun\u00ebve t\u00eb Jashtme dhe Diaspor\u00ebs, Donika G\u00ebrvalla, ka udh\u00ebtuar p\u00ebr n\u00eb Nju Jork n\u00eb kuad\u00ebr t\u00eb Jav\u00ebs s\u00eb Nivelit t\u00eb Lart\u00eb t\u00eb sesionit t\u00eb 80-t\u00eb t\u00eb Asambles\u00eb s\u00eb P\u00ebrgjithshme t\u00eb Kombeve t\u00eb Bashkuara, njofton MPJD.<\/p>\n<p>Sipas njoftimit gjat\u00eb k\u00ebsaj jave, Ministrja G\u00ebrvalla do t\u00eb zhvilloj\u00eb nj\u00eb s\u00ebr\u00eb takimesh me p\u00ebrfaq\u00ebsues t\u00eb lart\u00eb t\u00eb shteteve dhe organizatave nd\u00ebrkomb\u00ebtare, ku do t\u00eb adresohen sfidat m\u00eb t\u00eb r\u00ebnd\u00ebsishme t\u00eb rendit global, nga siguria e \u00e7\u00ebshtjet rajonale e deri te zhvillimi ekonomik dhe forcimi i bashk\u00ebpunimit mes shtetesh.<\/p>\n<p>G\u00ebrvalla do t\u00eb jet\u00eb pjes\u00eb aktive e tryezave shum\u00ebpal\u00ebshe rreth politikave globale t\u00eb siguris\u00eb, dinamikave gjeopolitike dhe sfidat n\u00eb vitet n\u00eb vijim.<\/p>\n<p>\u201cN\u00eb vazhdim\u00ebsi, Republika e Kosov\u00ebs mbetet e p\u00ebrkushtuar ndaj paqes, stabilitetit dhe t\u00eb ardhmes s\u00eb rendit nd\u00ebrkomb\u00ebtar\u201d, thuhet n\u00eb njoftim.<\/p>\n<p>&nbsp;<\/p>\n","protected":false},"excerpt":{"rendered":"<p>Prishtin\u00eb, 23 shtator 2025 Z\u00ebvend\u00ebskryeministrja dhe Ministrja n\u00eb detyr\u00eb e Pun\u00ebve t\u00eb Jashtme dhe Diaspor\u00ebs, Donika G\u00ebrvalla, ka udh\u00ebtuar p\u00ebr n\u00eb Nju Jork n\u00eb kuad\u00ebr<\/p>\n","protected":false},"author":7,"featured_media":13247,"comment_status":"open","ping_status":"open","sticky":false,"template":"","format":"standard","meta":{"footnotes":""},"categories":[58],"tags":[],"class_list":["post-13246","post","type-post","status-publish","format-standard","has-post-thumbnail","hentry","category-politike-sq"],"yoast_head":"<!-- This site is optimized with the Yoast SEO plugin v25.3.1 - https:\/\/yoast.com\/wordpress\/plugins\/seo\/ -->\n<title>G\u00ebrvalla n\u00eb Nju Jork, n\u00eb kuad\u00ebr Sesionit t\u00eb 80-t\u00eb t\u00eb Kombeve t\u00eb Bashkuara -<\/title>\n<meta name=\"robots\" content=\"index, follow, max-snippet:-1, max-image-preview:large, max-video-preview:-1\" \/>\n<link rel=\"canonical\" href=\"https:\/\/veritasinfo.org\/?p=13246\" \/>\n<meta property=\"og:locale\" content=\"en_US\" \/>\n<meta property=\"og:type\" content=\"article\" \/>\n<meta property=\"og:title\" content=\"G\u00ebrvalla n\u00eb Nju Jork, n\u00eb kuad\u00ebr Sesionit t\u00eb 80-t\u00eb t\u00eb Kombeve t\u00eb Bashkuara -\" \/>\n<meta property=\"og:description\" content=\"Prishtin\u00eb, 23 shtator 2025 Z\u00ebvend\u00ebskryeministrja dhe Ministrja n\u00eb detyr\u00eb e Pun\u00ebve t\u00eb Jashtme dhe Diaspor\u00ebs, Donika G\u00ebrvalla, ka udh\u00ebtuar p\u00ebr n\u00eb Nju Jork n\u00eb kuad\u00ebr\" \/>\n<meta property=\"og:url\" content=\"https:\/\/veritasinfo.org\/?p=13246\" \/>\n<meta property=\"article:published_time\" content=\"2025-09-23T08:13:03+00:00\" \/>\n<meta property=\"og:image\" content=\"https:\/\/veritasinfo.org\/wp-content\/uploads\/2025\/09\/704795-5JsdeUTksk.jpg\" \/>\n\t<meta property=\"og:image:width\" content=\"780\" \/>\n\t<meta property=\"og:image:height\" content=\"500\" \/>\n\t<meta property=\"og:image:type\" content=\"image\/jpeg\" \/>\n<meta name=\"author\" content=\"US6\" \/>\n<meta name=\"twitter:card\" content=\"summary_large_image\" \/>\n<meta name=\"twitter:label1\" content=\"Written by\" \/>\n\t<meta name=\"twitter:data1\" content=\"US6\" \/>\n\t<meta name=\"twitter:label2\" content=\"Est. reading time\" \/>\n\t<meta name=\"twitter:data2\" content=\"1 minute\" \/>\n<script type=\"application\/ld+json\" class=\"yoast-schema-graph\">{\"@context\":\"https:\/\/schema.org\",\"@graph\":[{\"@type\":\"WebPage\",\"@id\":\"https:\/\/veritasinfo.org\/?p=13246\",\"url\":\"https:\/\/veritasinfo.org\/?p=13246\",\"name\":\"G\u00ebrvalla n\u00eb Nju Jork, n\u00eb kuad\u00ebr Sesionit t\u00eb 80-t\u00eb t\u00eb Kombeve t\u00eb Bashkuara -\",\"isPartOf\":{\"@id\":\"https:\/\/veritasinfo.org\/#website\"},\"primaryImageOfPage\":{\"@id\":\"https:\/\/veritasinfo.org\/?p=13246#primaryimage\"},\"image\":{\"@id\":\"https:\/\/veritasinfo.org\/?p=13246#primaryimage\"},\"thumbnailUrl\":\"https:\/\/veritasinfo.org\/wp-content\/uploads\/2025\/09\/704795-5JsdeUTksk.jpg\",\"datePublished\":\"2025-09-23T08:13:03+00:00\",\"author\":{\"@id\":\"https:\/\/veritasinfo.org\/#\/schema\/person\/fe199eede04c3937362892b7444747cc\"},\"breadcrumb\":{\"@id\":\"https:\/\/veritasinfo.org\/?p=13246#breadcrumb\"},\"inLanguage\":\"en-US\",\"potentialAction\":[{\"@type\":\"ReadAction\",\"target\":[\"https:\/\/veritasinfo.org\/?p=13246\"]}]},{\"@type\":\"ImageObject\",\"inLanguage\":\"en-US\",\"@id\":\"https:\/\/veritasinfo.org\/?p=13246#primaryimage\",\"url\":\"https:\/\/veritasinfo.org\/wp-content\/uploads\/2025\/09\/704795-5JsdeUTksk.jpg\",\"contentUrl\":\"https:\/\/veritasinfo.org\/wp-content\/uploads\/2025\/09\/704795-5JsdeUTksk.jpg\",\"width\":780,\"height\":500},{\"@type\":\"BreadcrumbList\",\"@id\":\"https:\/\/veritasinfo.org\/?p=13246#breadcrumb\",\"itemListElement\":[{\"@type\":\"ListItem\",\"position\":1,\"name\":\"Home\",\"item\":\"https:\/\/veritasinfo.org\/\"},{\"@type\":\"ListItem\",\"position\":2,\"name\":\"G\u00ebrvalla n\u00eb Nju Jork, n\u00eb kuad\u00ebr Sesionit t\u00eb 80-t\u00eb t\u00eb Kombeve t\u00eb Bashkuara\"}]},{\"@type\":\"WebSite\",\"@id\":\"https:\/\/veritasinfo.org\/#website\",\"url\":\"https:\/\/veritasinfo.org\/\",\"name\":\"\",\"description\":\"\",\"potentialAction\":[{\"@type\":\"SearchAction\",\"target\":{\"@type\":\"EntryPoint\",\"urlTemplate\":\"https:\/\/veritasinfo.org\/?s={search_term_string}\"},\"query-input\":{\"@type\":\"PropertyValueSpecification\",\"valueRequired\":true,\"valueName\":\"search_term_string\"}}],\"inLanguage\":\"en-US\"},{\"@type\":\"Person\",\"@id\":\"https:\/\/veritasinfo.org\/#\/schema\/person\/fe199eede04c3937362892b7444747cc\",\"name\":\"US6\",\"image\":{\"@type\":\"ImageObject\",\"inLanguage\":\"en-US\",\"@id\":\"https:\/\/veritasinfo.org\/#\/schema\/person\/image\/\",\"url\":\"https:\/\/secure.gravatar.com\/avatar\/cb16c3c31c9d23b9b8c705964598220b3014e42ff51eb540ff23cefa3ae8c15f?s=96&d=mm&r=g\",\"contentUrl\":\"https:\/\/secure.gravatar.com\/avatar\/cb16c3c31c9d23b9b8c705964598220b3014e42ff51eb540ff23cefa3ae8c15f?s=96&d=mm&r=g\",\"caption\":\"US6\"},\"url\":\"https:\/\/veritasinfo.org\/?author=7\"}]}<\/script>\n<!-- \/ Yoast SEO plugin. -->","yoast_head_json":{"title":"G\u00ebrvalla n\u00eb Nju Jork, n\u00eb kuad\u00ebr Sesionit t\u00eb 80-t\u00eb t\u00eb Kombeve t\u00eb Bashkuara -","robots":{"index":"index","follow":"follow","max-snippet":"max-snippet:-1","max-image-preview":"max-image-preview:large","max-video-preview":"max-video-preview:-1"},"canonical":"https:\/\/veritasinfo.org\/?p=13246","og_locale":"en_US","og_type":"article","og_title":"G\u00ebrvalla n\u00eb Nju Jork, n\u00eb kuad\u00ebr Sesionit t\u00eb 80-t\u00eb t\u00eb Kombeve t\u00eb Bashkuara -","og_description":"Prishtin\u00eb, 23 shtator 2025 Z\u00ebvend\u00ebskryeministrja dhe Ministrja n\u00eb detyr\u00eb e Pun\u00ebve t\u00eb Jashtme dhe Diaspor\u00ebs, Donika G\u00ebrvalla, ka udh\u00ebtuar p\u00ebr n\u00eb Nju Jork n\u00eb kuad\u00ebr","og_url":"https:\/\/veritasinfo.org\/?p=13246","article_published_time":"2025-09-23T08:13:03+00:00","og_image":[{"width":780,"height":500,"url":"https:\/\/veritasinfo.org\/wp-content\/uploads\/2025\/09\/704795-5JsdeUTksk.jpg","type":"image\/jpeg"}],"author":"US6","twitter_card":"summary_large_image","twitter_misc":{"Written by":"US6","Est. reading time":"1 minute"},"schema":{"@context":"https:\/\/schema.org","@graph":[{"@type":"WebPage","@id":"https:\/\/veritasinfo.org\/?p=13246","url":"https:\/\/veritasinfo.org\/?p=13246","name":"G\u00ebrvalla n\u00eb Nju Jork, n\u00eb kuad\u00ebr Sesionit t\u00eb 80-t\u00eb t\u00eb Kombeve t\u00eb Bashkuara -","isPartOf":{"@id":"https:\/\/veritasinfo.org\/#website"},"primaryImageOfPage":{"@id":"https:\/\/veritasinfo.org\/?p=13246#primaryimage"},"image":{"@id":"https:\/\/veritasinfo.org\/?p=13246#primaryimage"},"thumbnailUrl":"https:\/\/veritasinfo.org\/wp-content\/uploads\/2025\/09\/704795-5JsdeUTksk.jpg","datePublished":"2025-09-23T08:13:03+00:00","author":{"@id":"https:\/\/veritasinfo.org\/#\/schema\/person\/fe199eede04c3937362892b7444747cc"},"breadcrumb":{"@id":"https:\/\/veritasinfo.org\/?p=13246#breadcrumb"},"inLanguage":"en-US","potentialAction":[{"@type":"ReadAction","target":["https:\/\/veritasinfo.org\/?p=13246"]}]},{"@type":"ImageObject","inLanguage":"en-US","@id":"https:\/\/veritasinfo.org\/?p=13246#primaryimage","url":"https:\/\/veritasinfo.org\/wp-content\/uploads\/2025\/09\/704795-5JsdeUTksk.jpg","contentUrl":"https:\/\/veritasinfo.org\/wp-content\/uploads\/2025\/09\/704795-5JsdeUTksk.jpg","width":780,"height":500},{"@type":"BreadcrumbList","@id":"https:\/\/veritasinfo.org\/?p=13246#breadcrumb","itemListElement":[{"@type":"ListItem","position":1,"name":"Home","item":"https:\/\/veritasinfo.org\/"},{"@type":"ListItem","position":2,"name":"G\u00ebrvalla n\u00eb Nju Jork, n\u00eb kuad\u00ebr Sesionit t\u00eb 80-t\u00eb t\u00eb Kombeve t\u00eb Bashkuara"}]},{"@type":"WebSite","@id":"https:\/\/veritasinfo.org\/#website","url":"https:\/\/veritasinfo.org\/","name":"","description":"","potentialAction":[{"@type":"SearchAction","target":{"@type":"EntryPoint","urlTemplate":"https:\/\/veritasinfo.org\/?s={search_term_string}"},"query-input":{"@type":"PropertyValueSpecification","valueRequired":true,"valueName":"search_term_string"}}],"inLanguage":"en-US"},{"@type":"Person","@id":"https:\/\/veritasinfo.org\/#\/schema\/person\/fe199eede04c3937362892b7444747cc","name":"US6","image":{"@type":"ImageObject","inLanguage":"en-US","@id":"https:\/\/veritasinfo.org\/#\/schema\/person\/image\/","url":"https:\/\/secure.gravatar.com\/avatar\/cb16c3c31c9d23b9b8c705964598220b3014e42ff51eb540ff23cefa3ae8c15f?s=96&d=mm&r=g","contentUrl":"https:\/\/secure.gravatar.com\/avatar\/cb16c3c31c9d23b9b8c705964598220b3014e42ff51eb540ff23cefa3ae8c15f?s=96&d=mm&r=g","caption":"US6"},"url":"https:\/\/veritasinfo.org\/?author=7"}]}},"featured_image_urls":{"full":["https:\/\/veritasinfo.org\/wp-content\/uploads\/2025\/09\/704795-5JsdeUTksk.jpg",780,500,false],"thumbnail":["https:\/\/veritasinfo.org\/wp-content\/uploads\/2025\/09\/704795-5JsdeUTksk-150x150.jpg",150,150,true],"medium":["https:\/\/veritasinfo.org\/wp-content\/uploads\/2025\/09\/704795-5JsdeUTksk-300x192.jpg",300,192,true],"medium_large":["https:\/\/veritasinfo.org\/wp-content\/uploads\/2025\/09\/704795-5JsdeUTksk-768x492.jpg",640,410,true],"large":["https:\/\/veritasinfo.org\/wp-content\/uploads\/2025\/09\/704795-5JsdeUTksk.jpg",640,410,false],"1536x1536":["https:\/\/veritasinfo.org\/wp-content\/uploads\/2025\/09\/704795-5JsdeUTksk.jpg",780,500,false],"2048x2048":["https:\/\/veritasinfo.org\/wp-content\/uploads\/2025\/09\/704795-5JsdeUTksk.jpg",780,500,false],"kreeti-slider-full":["https:\/\/veritasinfo.org\/wp-content\/uploads\/2025\/09\/704795-5JsdeUTksk.jpg",780,500,false],"kreeti-featured":["https:\/\/veritasinfo.org\/wp-content\/uploads\/2025\/09\/704795-5JsdeUTksk.jpg",780,500,false],"kreeti-medium":["https:\/\/veritasinfo.org\/wp-content\/uploads\/2025\/09\/704795-5JsdeUTksk.jpg",720,462,false],"kreeti-medium-square":["https:\/\/veritasinfo.org\/wp-content\/uploads\/2025\/09\/704795-5JsdeUTksk.jpg",350,224,false]},"author_info":{"info":["US6"]},"category_info":"<a href=\"https:\/\/veritasinfo.org\/?cat=58\" rel=\"category\">Politik\u00eb<\/a>","tag_info":"Politik\u00eb","comment_count":"0","_links":{"self":[{"href":"https:\/\/veritasinfo.org\/index.php?rest_route=\/wp\/v2\/posts\/13246","targetHints":{"allow":["GET"]}}],"collection":[{"href":"https:\/\/veritasinfo.org\/index.php?rest_route=\/wp\/v2\/posts"}],"about":[{"href":"https:\/\/veritasinfo.org\/index.php?rest_route=\/wp\/v2\/types\/post"}],"author":[{"embeddable":true,"href":"https:\/\/veritasinfo.org\/index.php?rest_route=\/wp\/v2\/users\/7"}],"replies":[{"embeddable":true,"href":"https:\/\/veritasinfo.org\/index.php?rest_route=%2Fwp%2Fv2%2Fcomments&post=13246"}],"version-history":[{"count":1,"href":"https:\/\/veritasinfo.org\/index.php?rest_route=\/wp\/v2\/posts\/13246\/revisions"}],"predecessor-version":[{"id":13248,"href":"https:\/\/veritasinfo.org\/index.php?rest_route=\/wp\/v2\/posts\/13246\/revisions\/13248"}],"wp:featuredmedia":[{"embeddable":true,"href":"https:\/\/veritasinfo.org\/index.php?rest_route=\/wp\/v2\/media\/13247"}],"wp:attachment":[{"href":"https:\/\/veritasinfo.org\/index.php?rest_route=%2Fwp%2Fv2%2Fmedia&parent=13246"}],"wp:term":[{"taxonomy":"category","embeddable":true,"href":"https:\/\/veritasinfo.org\/index.php?rest_route=%2Fwp%2Fv2%2Fcategories&post=13246"},{"taxonomy":"post_tag","embeddable":true,"href":"https:\/\/veritasinfo.org\/index.php?rest_route=%2Fwp%2Fv2%2Ftags&post=13246"}],"curies":[{"name":"wp","href":"https:\/\/api.w.org\/{rel}","templated":true}]}}