{"id":13211,"date":"2025-09-23T07:39:15","date_gmt":"2025-09-23T05:39:15","guid":{"rendered":"https:\/\/veritasinfo.org\/?p=13211"},"modified":"2025-09-23T07:45:55","modified_gmt":"2025-09-23T05:45:55","slug":"pas-njohjes-se-palestines-nje-keshilltar-i-laburisteve-kerkon-nga-spanja-ta-njohe-kosoven","status":"publish","type":"post","link":"https:\/\/veritasinfo.org\/?p=13211","title":{"rendered":"Pas njohjes s\u00eb Palestin\u00ebs, nj\u00eb k\u00ebshilltar i Laburist\u00ebve k\u00ebrkon nga Spanja ta njoh\u00eb Kosov\u00ebn"},"content":{"rendered":"<p data-start=\"143\" data-end=\"373\">Prishtin\u00eb, 23 shtator 2025<\/p>\n<p data-start=\"143\" data-end=\"373\">N\u00eb nj\u00eb postim n\u00eb rrjetin X, ku kryeministri spanjoll Pedro S\u00e1nchez p\u00ebrsh\u00ebndeti njohjen e Palestin\u00ebs nga Mbret\u00ebria e Bashkuar, Kanadaja dhe Australia, Pula komentoi se njohja e Palestin\u00ebs nga Spanja hapi rrug\u00ebn p\u00ebr shtetet e tjera.<\/p>\n<p data-start=\"375\" data-end=\"495\">\u201cMegjithat\u00eb, mosnjohja e Kosov\u00ebs nga Spanja e forcon paq\u00ebndrueshm\u00ebrin\u00eb n\u00eb nj\u00eb pjes\u00eb tashm\u00eb t\u00eb paq\u00ebndrueshme t\u00eb Evrop\u00ebs.\u201d<\/p>\n<p data-start=\"497\" data-end=\"766\" data-is-last-node=\"\" data-is-only-node=\"\">\u201cN\u00ebse siguria e Evrop\u00ebs do t\u00eb jet\u00eb n\u00eb qend\u00ebr t\u00eb strategjis\u00eb s\u00eb Mbret\u00ebris\u00eb s\u00eb Bashkuar, at\u00ebher\u00eb ajo duhet t\u00eb p\u00ebrpiqet ta p\u00ebrfshij\u00eb Spanj\u00ebn n\u00eb k\u00ebt\u00eb \u00e7\u00ebshtje,\u201d shkroi Pula, i cili \u00ebsht\u00eb edhe drejtor i organizat\u00ebs <em data-start=\"706\" data-end=\"720\">Rud Petersen<\/em>, nj\u00eb organ evropian p\u00ebr komunikim strategjik.<\/p>\n","protected":false},"excerpt":{"rendered":"<p>Prishtin\u00eb, 23 shtator 2025 N\u00eb nj\u00eb postim n\u00eb rrjetin X, ku kryeministri spanjoll Pedro S\u00e1nchez p\u00ebrsh\u00ebndeti njohjen e Palestin\u00ebs nga Mbret\u00ebria e Bashkuar, Kanadaja dhe<\/p>\n","protected":false},"author":7,"featured_media":13212,"comment_status":"open","ping_status":"open","sticky":false,"template":"","format":"standard","meta":{"footnotes":""},"categories":[58],"tags":[],"class_list":["post-13211","post","type-post","status-publish","format-standard","has-post-thumbnail","hentry","category-politike-sq"],"yoast_head":"<!-- This site is optimized with the Yoast SEO plugin v25.3.1 - https:\/\/yoast.com\/wordpress\/plugins\/seo\/ -->\n<title>Pas njohjes s\u00eb Palestin\u00ebs, nj\u00eb k\u00ebshilltar i Laburist\u00ebve k\u00ebrkon nga Spanja ta njoh\u00eb Kosov\u00ebn -<\/title>\n<meta name=\"robots\" content=\"index, follow, max-snippet:-1, max-image-preview:large, max-video-preview:-1\" \/>\n<link rel=\"canonical\" href=\"https:\/\/veritasinfo.org\/?p=13211\" \/>\n<meta property=\"og:locale\" content=\"en_US\" \/>\n<meta property=\"og:type\" content=\"article\" \/>\n<meta property=\"og:title\" content=\"Pas njohjes s\u00eb Palestin\u00ebs, nj\u00eb k\u00ebshilltar i Laburist\u00ebve k\u00ebrkon nga Spanja ta njoh\u00eb Kosov\u00ebn -\" \/>\n<meta property=\"og:description\" content=\"Prishtin\u00eb, 23 shtator 2025 N\u00eb nj\u00eb postim n\u00eb rrjetin X, ku kryeministri spanjoll Pedro S\u00e1nchez p\u00ebrsh\u00ebndeti njohjen e Palestin\u00ebs nga Mbret\u00ebria e Bashkuar, Kanadaja dhe\" \/>\n<meta property=\"og:url\" content=\"https:\/\/veritasinfo.org\/?p=13211\" \/>\n<meta property=\"article:published_time\" content=\"2025-09-23T05:39:15+00:00\" \/>\n<meta property=\"article:modified_time\" content=\"2025-09-23T05:45:55+00:00\" \/>\n<meta property=\"og:image\" content=\"https:\/\/veritasinfo.org\/wp-content\/uploads\/2025\/09\/WhatsApp-Image-2025-09-23-at-07.11.53_9d027cb7.jpg\" \/>\n\t<meta property=\"og:image:width\" content=\"946\" \/>\n\t<meta property=\"og:image:height\" content=\"953\" \/>\n\t<meta property=\"og:image:type\" content=\"image\/jpeg\" \/>\n<meta name=\"author\" content=\"US6\" \/>\n<meta name=\"twitter:card\" content=\"summary_large_image\" \/>\n<meta name=\"twitter:label1\" content=\"Written by\" \/>\n\t<meta name=\"twitter:data1\" content=\"US6\" \/>\n\t<meta name=\"twitter:label2\" content=\"Est. reading time\" \/>\n\t<meta name=\"twitter:data2\" content=\"1 minute\" \/>\n<script type=\"application\/ld+json\" class=\"yoast-schema-graph\">{\"@context\":\"https:\/\/schema.org\",\"@graph\":[{\"@type\":\"WebPage\",\"@id\":\"https:\/\/veritasinfo.org\/?p=13211\",\"url\":\"https:\/\/veritasinfo.org\/?p=13211\",\"name\":\"Pas njohjes s\u00eb Palestin\u00ebs, nj\u00eb k\u00ebshilltar i Laburist\u00ebve k\u00ebrkon nga Spanja ta njoh\u00eb Kosov\u00ebn -\",\"isPartOf\":{\"@id\":\"https:\/\/veritasinfo.org\/#website\"},\"primaryImageOfPage\":{\"@id\":\"https:\/\/veritasinfo.org\/?p=13211#primaryimage\"},\"image\":{\"@id\":\"https:\/\/veritasinfo.org\/?p=13211#primaryimage\"},\"thumbnailUrl\":\"https:\/\/veritasinfo.org\/wp-content\/uploads\/2025\/09\/WhatsApp-Image-2025-09-23-at-07.11.53_9d027cb7.jpg\",\"datePublished\":\"2025-09-23T05:39:15+00:00\",\"dateModified\":\"2025-09-23T05:45:55+00:00\",\"author\":{\"@id\":\"https:\/\/veritasinfo.org\/#\/schema\/person\/fe199eede04c3937362892b7444747cc\"},\"breadcrumb\":{\"@id\":\"https:\/\/veritasinfo.org\/?p=13211#breadcrumb\"},\"inLanguage\":\"en-US\",\"potentialAction\":[{\"@type\":\"ReadAction\",\"target\":[\"https:\/\/veritasinfo.org\/?p=13211\"]}]},{\"@type\":\"ImageObject\",\"inLanguage\":\"en-US\",\"@id\":\"https:\/\/veritasinfo.org\/?p=13211#primaryimage\",\"url\":\"https:\/\/veritasinfo.org\/wp-content\/uploads\/2025\/09\/WhatsApp-Image-2025-09-23-at-07.11.53_9d027cb7.jpg\",\"contentUrl\":\"https:\/\/veritasinfo.org\/wp-content\/uploads\/2025\/09\/WhatsApp-Image-2025-09-23-at-07.11.53_9d027cb7.jpg\",\"width\":946,\"height\":953},{\"@type\":\"BreadcrumbList\",\"@id\":\"https:\/\/veritasinfo.org\/?p=13211#breadcrumb\",\"itemListElement\":[{\"@type\":\"ListItem\",\"position\":1,\"name\":\"Home\",\"item\":\"https:\/\/veritasinfo.org\/\"},{\"@type\":\"ListItem\",\"position\":2,\"name\":\"Pas njohjes s\u00eb Palestin\u00ebs, nj\u00eb k\u00ebshilltar i Laburist\u00ebve k\u00ebrkon nga Spanja ta njoh\u00eb Kosov\u00ebn\"}]},{\"@type\":\"WebSite\",\"@id\":\"https:\/\/veritasinfo.org\/#website\",\"url\":\"https:\/\/veritasinfo.org\/\",\"name\":\"\",\"description\":\"\",\"potentialAction\":[{\"@type\":\"SearchAction\",\"target\":{\"@type\":\"EntryPoint\",\"urlTemplate\":\"https:\/\/veritasinfo.org\/?s={search_term_string}\"},\"query-input\":{\"@type\":\"PropertyValueSpecification\",\"valueRequired\":true,\"valueName\":\"search_term_string\"}}],\"inLanguage\":\"en-US\"},{\"@type\":\"Person\",\"@id\":\"https:\/\/veritasinfo.org\/#\/schema\/person\/fe199eede04c3937362892b7444747cc\",\"name\":\"US6\",\"image\":{\"@type\":\"ImageObject\",\"inLanguage\":\"en-US\",\"@id\":\"https:\/\/veritasinfo.org\/#\/schema\/person\/image\/\",\"url\":\"https:\/\/secure.gravatar.com\/avatar\/cb16c3c31c9d23b9b8c705964598220b3014e42ff51eb540ff23cefa3ae8c15f?s=96&d=mm&r=g\",\"contentUrl\":\"https:\/\/secure.gravatar.com\/avatar\/cb16c3c31c9d23b9b8c705964598220b3014e42ff51eb540ff23cefa3ae8c15f?s=96&d=mm&r=g\",\"caption\":\"US6\"},\"url\":\"https:\/\/veritasinfo.org\/?author=7\"}]}<\/script>\n<!-- \/ Yoast SEO plugin. -->","yoast_head_json":{"title":"Pas njohjes s\u00eb Palestin\u00ebs, nj\u00eb k\u00ebshilltar i Laburist\u00ebve k\u00ebrkon nga Spanja ta njoh\u00eb Kosov\u00ebn -","robots":{"index":"index","follow":"follow","max-snippet":"max-snippet:-1","max-image-preview":"max-image-preview:large","max-video-preview":"max-video-preview:-1"},"canonical":"https:\/\/veritasinfo.org\/?p=13211","og_locale":"en_US","og_type":"article","og_title":"Pas njohjes s\u00eb Palestin\u00ebs, nj\u00eb k\u00ebshilltar i Laburist\u00ebve k\u00ebrkon nga Spanja ta njoh\u00eb Kosov\u00ebn -","og_description":"Prishtin\u00eb, 23 shtator 2025 N\u00eb nj\u00eb postim n\u00eb rrjetin X, ku kryeministri spanjoll Pedro S\u00e1nchez p\u00ebrsh\u00ebndeti njohjen e Palestin\u00ebs nga Mbret\u00ebria e Bashkuar, Kanadaja dhe","og_url":"https:\/\/veritasinfo.org\/?p=13211","article_published_time":"2025-09-23T05:39:15+00:00","article_modified_time":"2025-09-23T05:45:55+00:00","og_image":[{"width":946,"height":953,"url":"https:\/\/veritasinfo.org\/wp-content\/uploads\/2025\/09\/WhatsApp-Image-2025-09-23-at-07.11.53_9d027cb7.jpg","type":"image\/jpeg"}],"author":"US6","twitter_card":"summary_large_image","twitter_misc":{"Written by":"US6","Est. reading time":"1 minute"},"schema":{"@context":"https:\/\/schema.org","@graph":[{"@type":"WebPage","@id":"https:\/\/veritasinfo.org\/?p=13211","url":"https:\/\/veritasinfo.org\/?p=13211","name":"Pas njohjes s\u00eb Palestin\u00ebs, nj\u00eb k\u00ebshilltar i Laburist\u00ebve k\u00ebrkon nga Spanja ta njoh\u00eb Kosov\u00ebn -","isPartOf":{"@id":"https:\/\/veritasinfo.org\/#website"},"primaryImageOfPage":{"@id":"https:\/\/veritasinfo.org\/?p=13211#primaryimage"},"image":{"@id":"https:\/\/veritasinfo.org\/?p=13211#primaryimage"},"thumbnailUrl":"https:\/\/veritasinfo.org\/wp-content\/uploads\/2025\/09\/WhatsApp-Image-2025-09-23-at-07.11.53_9d027cb7.jpg","datePublished":"2025-09-23T05:39:15+00:00","dateModified":"2025-09-23T05:45:55+00:00","author":{"@id":"https:\/\/veritasinfo.org\/#\/schema\/person\/fe199eede04c3937362892b7444747cc"},"breadcrumb":{"@id":"https:\/\/veritasinfo.org\/?p=13211#breadcrumb"},"inLanguage":"en-US","potentialAction":[{"@type":"ReadAction","target":["https:\/\/veritasinfo.org\/?p=13211"]}]},{"@type":"ImageObject","inLanguage":"en-US","@id":"https:\/\/veritasinfo.org\/?p=13211#primaryimage","url":"https:\/\/veritasinfo.org\/wp-content\/uploads\/2025\/09\/WhatsApp-Image-2025-09-23-at-07.11.53_9d027cb7.jpg","contentUrl":"https:\/\/veritasinfo.org\/wp-content\/uploads\/2025\/09\/WhatsApp-Image-2025-09-23-at-07.11.53_9d027cb7.jpg","width":946,"height":953},{"@type":"BreadcrumbList","@id":"https:\/\/veritasinfo.org\/?p=13211#breadcrumb","itemListElement":[{"@type":"ListItem","position":1,"name":"Home","item":"https:\/\/veritasinfo.org\/"},{"@type":"ListItem","position":2,"name":"Pas njohjes s\u00eb Palestin\u00ebs, nj\u00eb k\u00ebshilltar i Laburist\u00ebve k\u00ebrkon nga Spanja ta njoh\u00eb Kosov\u00ebn"}]},{"@type":"WebSite","@id":"https:\/\/veritasinfo.org\/#website","url":"https:\/\/veritasinfo.org\/","name":"","description":"","potentialAction":[{"@type":"SearchAction","target":{"@type":"EntryPoint","urlTemplate":"https:\/\/veritasinfo.org\/?s={search_term_string}"},"query-input":{"@type":"PropertyValueSpecification","valueRequired":true,"valueName":"search_term_string"}}],"inLanguage":"en-US"},{"@type":"Person","@id":"https:\/\/veritasinfo.org\/#\/schema\/person\/fe199eede04c3937362892b7444747cc","name":"US6","image":{"@type":"ImageObject","inLanguage":"en-US","@id":"https:\/\/veritasinfo.org\/#\/schema\/person\/image\/","url":"https:\/\/secure.gravatar.com\/avatar\/cb16c3c31c9d23b9b8c705964598220b3014e42ff51eb540ff23cefa3ae8c15f?s=96&d=mm&r=g","contentUrl":"https:\/\/secure.gravatar.com\/avatar\/cb16c3c31c9d23b9b8c705964598220b3014e42ff51eb540ff23cefa3ae8c15f?s=96&d=mm&r=g","caption":"US6"},"url":"https:\/\/veritasinfo.org\/?author=7"}]}},"featured_image_urls":{"full":["https:\/\/veritasinfo.org\/wp-content\/uploads\/2025\/09\/WhatsApp-Image-2025-09-23-at-07.11.53_9d027cb7.jpg",946,953,false],"thumbnail":["https:\/\/veritasinfo.org\/wp-content\/uploads\/2025\/09\/WhatsApp-Image-2025-09-23-at-07.11.53_9d027cb7-150x150.jpg",150,150,true],"medium":["https:\/\/veritasinfo.org\/wp-content\/uploads\/2025\/09\/WhatsApp-Image-2025-09-23-at-07.11.53_9d027cb7-298x300.jpg",298,300,true],"medium_large":["https:\/\/veritasinfo.org\/wp-content\/uploads\/2025\/09\/WhatsApp-Image-2025-09-23-at-07.11.53_9d027cb7-768x774.jpg",640,645,true],"large":["https:\/\/veritasinfo.org\/wp-content\/uploads\/2025\/09\/WhatsApp-Image-2025-09-23-at-07.11.53_9d027cb7.jpg",640,645,false],"1536x1536":["https:\/\/veritasinfo.org\/wp-content\/uploads\/2025\/09\/WhatsApp-Image-2025-09-23-at-07.11.53_9d027cb7.jpg",946,953,false],"2048x2048":["https:\/\/veritasinfo.org\/wp-content\/uploads\/2025\/09\/WhatsApp-Image-2025-09-23-at-07.11.53_9d027cb7.jpg",946,953,false],"kreeti-slider-full":["https:\/\/veritasinfo.org\/wp-content\/uploads\/2025\/09\/WhatsApp-Image-2025-09-23-at-07.11.53_9d027cb7.jpg",715,720,false],"kreeti-featured":["https:\/\/veritasinfo.org\/wp-content\/uploads\/2025\/09\/WhatsApp-Image-2025-09-23-at-07.11.53_9d027cb7.jpg",946,953,false],"kreeti-medium":["https:\/\/veritasinfo.org\/wp-content\/uploads\/2025\/09\/WhatsApp-Image-2025-09-23-at-07.11.53_9d027cb7.jpg",526,530,false],"kreeti-medium-square":["https:\/\/veritasinfo.org\/wp-content\/uploads\/2025\/09\/WhatsApp-Image-2025-09-23-at-07.11.53_9d027cb7.jpg",347,350,false]},"author_info":{"info":["US6"]},"category_info":"<a href=\"https:\/\/veritasinfo.org\/?cat=58\" rel=\"category\">Politik\u00eb<\/a>","tag_info":"Politik\u00eb","comment_count":"0","_links":{"self":[{"href":"https:\/\/veritasinfo.org\/index.php?rest_route=\/wp\/v2\/posts\/13211","targetHints":{"allow":["GET"]}}],"collection":[{"href":"https:\/\/veritasinfo.org\/index.php?rest_route=\/wp\/v2\/posts"}],"about":[{"href":"https:\/\/veritasinfo.org\/index.php?rest_route=\/wp\/v2\/types\/post"}],"author":[{"embeddable":true,"href":"https:\/\/veritasinfo.org\/index.php?rest_route=\/wp\/v2\/users\/7"}],"replies":[{"embeddable":true,"href":"https:\/\/veritasinfo.org\/index.php?rest_route=%2Fwp%2Fv2%2Fcomments&post=13211"}],"version-history":[{"count":2,"href":"https:\/\/veritasinfo.org\/index.php?rest_route=\/wp\/v2\/posts\/13211\/revisions"}],"predecessor-version":[{"id":13216,"href":"https:\/\/veritasinfo.org\/index.php?rest_route=\/wp\/v2\/posts\/13211\/revisions\/13216"}],"wp:featuredmedia":[{"embeddable":true,"href":"https:\/\/veritasinfo.org\/index.php?rest_route=\/wp\/v2\/media\/13212"}],"wp:attachment":[{"href":"https:\/\/veritasinfo.org\/index.php?rest_route=%2Fwp%2Fv2%2Fmedia&parent=13211"}],"wp:term":[{"taxonomy":"category","embeddable":true,"href":"https:\/\/veritasinfo.org\/index.php?rest_route=%2Fwp%2Fv2%2Fcategories&post=13211"},{"taxonomy":"post_tag","embeddable":true,"href":"https:\/\/veritasinfo.org\/index.php?rest_route=%2Fwp%2Fv2%2Ftags&post=13211"}],"curies":[{"name":"wp","href":"https:\/\/api.w.org\/{rel}","templated":true}]}}