{"id":13192,"date":"2025-09-22T21:36:18","date_gmt":"2025-09-22T19:36:18","guid":{"rendered":"https:\/\/veritasinfo.org\/?p=13192"},"modified":"2025-09-22T21:36:18","modified_gmt":"2025-09-22T19:36:18","slug":"kurti-kosova-nder-vendet-me-te-sigurta-tregues-i-forces-se-institucioneve","status":"publish","type":"post","link":"https:\/\/veritasinfo.org\/?p=13192","title":{"rendered":"Kurti: Kosova nd\u00ebr vendet m\u00eb t\u00eb sigurta, tregues i forc\u00ebs s\u00eb institucioneve"},"content":{"rendered":"<p>Prishtin\u00eb, 22 shtator 2025<\/p>\n<p>Kryeministri n\u00eb detyr\u00eb, Albin Kurti, ka reaguar pas publikimit t\u00eb \u2018Global Safety Report 2025\u2019 nga Instituti Gallup, ku Kosova \u00ebsht\u00eb renditur e para n\u00eb Evrop\u00eb n\u00eb Indeksin e Ligjit dhe Rendit, si dhe e treta n\u00eb bot\u00eb p\u00ebr ecje vet\u00ebm gjat\u00eb nat\u00ebs.<\/p>\n<p>P\u00ebrmes nj\u00eb postimi n\u00eb platform\u00ebn X, Kurti tha se ky \u00ebsht\u00eb nj\u00eb tregues i madh se qytetar\u00ebt e Kosov\u00ebs po e g\u00ebzojn\u00eb nj\u00ebr\u00ebn prej t\u00eb drejtave m\u00eb t\u00eb r\u00ebnd\u00ebsishme \u2013 sigurin\u00eb. Ai theksoi se vendi yn\u00eb \u00ebsht\u00eb renditur edhe n\u00eb mesin e dhjet\u00eb vendeve m\u00eb t\u00eb sigurta n\u00eb bot\u00eb p\u00ebr ecje vet\u00ebm gjat\u00eb nat\u00ebs.<\/p>\n<p>\u201cKy \u00ebsht\u00eb nj\u00eb tregues i madh se qytetar\u00ebt tan\u00eb po e g\u00ebzojn\u00eb nj\u00eb nga t\u00eb drejtat m\u00eb t\u00eb r\u00ebnd\u00ebsishme, dhe reflekton forc\u00ebn e institucioneve tona\u201d, shkroi Kurti n\u00eb platform\u00ebn X.<\/p>\n<p>Indeksi i organizat\u00ebs amerikane Gallup mat perceptimin e qytetar\u00ebve lidhur me sigurin\u00eb e tyre personale, besimin q\u00eb kan\u00eb te policia dhe gjasat p\u00ebr t\u00eb qen\u00eb viktim\u00eb e krimeve t\u00eb dhunshme ose vjedhjeve. Pik\u00ebrisht n\u00eb k\u00ebta tregues, Kosova ka sh\u00ebnuar progres t\u00eb jasht\u00ebzakonsh\u00ebm, duke tejkaluar shumic\u00ebn e vendeve t\u00eb Evrop\u00ebs dhe bot\u00ebs.<\/p>\n<p>Ky vler\u00ebsim pritet t\u00eb ket\u00eb ndikim t\u00eb drejtp\u00ebrdrejt\u00eb n\u00eb p\u00ebrforcimin e imazhit t\u00eb Kosov\u00ebs si nj\u00eb vend i sigurt p\u00ebr t\u00eb jetuar, p\u00ebr t\u00eb vizituar dhe p\u00ebr t\u00eb investuar.<\/p>\n","protected":false},"excerpt":{"rendered":"<p>Prishtin\u00eb, 22 shtator 2025 Kryeministri n\u00eb detyr\u00eb, Albin Kurti, ka reaguar pas publikimit t\u00eb \u2018Global Safety Report 2025\u2019 nga Instituti Gallup, ku Kosova \u00ebsht\u00eb renditur<\/p>\n","protected":false},"author":7,"featured_media":11805,"comment_status":"open","ping_status":"open","sticky":false,"template":"","format":"standard","meta":{"footnotes":""},"categories":[58],"tags":[],"class_list":["post-13192","post","type-post","status-publish","format-standard","has-post-thumbnail","hentry","category-politike-sq"],"yoast_head":"<!-- This site is optimized with the Yoast SEO plugin v25.3.1 - https:\/\/yoast.com\/wordpress\/plugins\/seo\/ -->\n<title>Kurti: Kosova nd\u00ebr vendet m\u00eb t\u00eb sigurta, tregues i forc\u00ebs s\u00eb institucioneve -<\/title>\n<meta name=\"robots\" content=\"index, follow, max-snippet:-1, max-image-preview:large, max-video-preview:-1\" \/>\n<link rel=\"canonical\" href=\"https:\/\/veritasinfo.org\/?p=13192\" \/>\n<meta property=\"og:locale\" content=\"en_US\" \/>\n<meta property=\"og:type\" content=\"article\" \/>\n<meta property=\"og:title\" content=\"Kurti: Kosova nd\u00ebr vendet m\u00eb t\u00eb sigurta, tregues i forc\u00ebs s\u00eb institucioneve -\" \/>\n<meta property=\"og:description\" content=\"Prishtin\u00eb, 22 shtator 2025 Kryeministri n\u00eb detyr\u00eb, Albin Kurti, ka reaguar pas publikimit t\u00eb \u2018Global Safety Report 2025\u2019 nga Instituti Gallup, ku Kosova \u00ebsht\u00eb renditur\" \/>\n<meta property=\"og:url\" content=\"https:\/\/veritasinfo.org\/?p=13192\" \/>\n<meta property=\"article:published_time\" content=\"2025-09-22T19:36:18+00:00\" \/>\n<meta property=\"og:image\" content=\"https:\/\/veritasinfo.org\/wp-content\/uploads\/2025\/09\/jerzt6u-1140x570-1.png\" \/>\n\t<meta property=\"og:image:width\" content=\"1140\" \/>\n\t<meta property=\"og:image:height\" content=\"570\" \/>\n\t<meta property=\"og:image:type\" content=\"image\/png\" \/>\n<meta name=\"author\" content=\"US6\" \/>\n<meta name=\"twitter:card\" content=\"summary_large_image\" \/>\n<meta name=\"twitter:label1\" content=\"Written by\" \/>\n\t<meta name=\"twitter:data1\" content=\"US6\" \/>\n\t<meta name=\"twitter:label2\" content=\"Est. reading time\" \/>\n\t<meta name=\"twitter:data2\" content=\"2 minutes\" \/>\n<script type=\"application\/ld+json\" class=\"yoast-schema-graph\">{\"@context\":\"https:\/\/schema.org\",\"@graph\":[{\"@type\":\"WebPage\",\"@id\":\"https:\/\/veritasinfo.org\/?p=13192\",\"url\":\"https:\/\/veritasinfo.org\/?p=13192\",\"name\":\"Kurti: Kosova nd\u00ebr vendet m\u00eb t\u00eb sigurta, tregues i forc\u00ebs s\u00eb institucioneve -\",\"isPartOf\":{\"@id\":\"https:\/\/veritasinfo.org\/#website\"},\"primaryImageOfPage\":{\"@id\":\"https:\/\/veritasinfo.org\/?p=13192#primaryimage\"},\"image\":{\"@id\":\"https:\/\/veritasinfo.org\/?p=13192#primaryimage\"},\"thumbnailUrl\":\"https:\/\/veritasinfo.org\/wp-content\/uploads\/2025\/09\/jerzt6u-1140x570-1.png\",\"datePublished\":\"2025-09-22T19:36:18+00:00\",\"author\":{\"@id\":\"https:\/\/veritasinfo.org\/#\/schema\/person\/fe199eede04c3937362892b7444747cc\"},\"breadcrumb\":{\"@id\":\"https:\/\/veritasinfo.org\/?p=13192#breadcrumb\"},\"inLanguage\":\"en-US\",\"potentialAction\":[{\"@type\":\"ReadAction\",\"target\":[\"https:\/\/veritasinfo.org\/?p=13192\"]}]},{\"@type\":\"ImageObject\",\"inLanguage\":\"en-US\",\"@id\":\"https:\/\/veritasinfo.org\/?p=13192#primaryimage\",\"url\":\"https:\/\/veritasinfo.org\/wp-content\/uploads\/2025\/09\/jerzt6u-1140x570-1.png\",\"contentUrl\":\"https:\/\/veritasinfo.org\/wp-content\/uploads\/2025\/09\/jerzt6u-1140x570-1.png\",\"width\":1140,\"height\":570},{\"@type\":\"BreadcrumbList\",\"@id\":\"https:\/\/veritasinfo.org\/?p=13192#breadcrumb\",\"itemListElement\":[{\"@type\":\"ListItem\",\"position\":1,\"name\":\"Home\",\"item\":\"https:\/\/veritasinfo.org\/\"},{\"@type\":\"ListItem\",\"position\":2,\"name\":\"Kurti: Kosova nd\u00ebr vendet m\u00eb t\u00eb sigurta, tregues i forc\u00ebs s\u00eb institucioneve\"}]},{\"@type\":\"WebSite\",\"@id\":\"https:\/\/veritasinfo.org\/#website\",\"url\":\"https:\/\/veritasinfo.org\/\",\"name\":\"\",\"description\":\"\",\"potentialAction\":[{\"@type\":\"SearchAction\",\"target\":{\"@type\":\"EntryPoint\",\"urlTemplate\":\"https:\/\/veritasinfo.org\/?s={search_term_string}\"},\"query-input\":{\"@type\":\"PropertyValueSpecification\",\"valueRequired\":true,\"valueName\":\"search_term_string\"}}],\"inLanguage\":\"en-US\"},{\"@type\":\"Person\",\"@id\":\"https:\/\/veritasinfo.org\/#\/schema\/person\/fe199eede04c3937362892b7444747cc\",\"name\":\"US6\",\"image\":{\"@type\":\"ImageObject\",\"inLanguage\":\"en-US\",\"@id\":\"https:\/\/veritasinfo.org\/#\/schema\/person\/image\/\",\"url\":\"https:\/\/secure.gravatar.com\/avatar\/cb16c3c31c9d23b9b8c705964598220b3014e42ff51eb540ff23cefa3ae8c15f?s=96&d=mm&r=g\",\"contentUrl\":\"https:\/\/secure.gravatar.com\/avatar\/cb16c3c31c9d23b9b8c705964598220b3014e42ff51eb540ff23cefa3ae8c15f?s=96&d=mm&r=g\",\"caption\":\"US6\"},\"url\":\"https:\/\/veritasinfo.org\/?author=7\"}]}<\/script>\n<!-- \/ Yoast SEO plugin. -->","yoast_head_json":{"title":"Kurti: Kosova nd\u00ebr vendet m\u00eb t\u00eb sigurta, tregues i forc\u00ebs s\u00eb institucioneve -","robots":{"index":"index","follow":"follow","max-snippet":"max-snippet:-1","max-image-preview":"max-image-preview:large","max-video-preview":"max-video-preview:-1"},"canonical":"https:\/\/veritasinfo.org\/?p=13192","og_locale":"en_US","og_type":"article","og_title":"Kurti: Kosova nd\u00ebr vendet m\u00eb t\u00eb sigurta, tregues i forc\u00ebs s\u00eb institucioneve -","og_description":"Prishtin\u00eb, 22 shtator 2025 Kryeministri n\u00eb detyr\u00eb, Albin Kurti, ka reaguar pas publikimit t\u00eb \u2018Global Safety Report 2025\u2019 nga Instituti Gallup, ku Kosova \u00ebsht\u00eb renditur","og_url":"https:\/\/veritasinfo.org\/?p=13192","article_published_time":"2025-09-22T19:36:18+00:00","og_image":[{"width":1140,"height":570,"url":"https:\/\/veritasinfo.org\/wp-content\/uploads\/2025\/09\/jerzt6u-1140x570-1.png","type":"image\/png"}],"author":"US6","twitter_card":"summary_large_image","twitter_misc":{"Written by":"US6","Est. reading time":"2 minutes"},"schema":{"@context":"https:\/\/schema.org","@graph":[{"@type":"WebPage","@id":"https:\/\/veritasinfo.org\/?p=13192","url":"https:\/\/veritasinfo.org\/?p=13192","name":"Kurti: Kosova nd\u00ebr vendet m\u00eb t\u00eb sigurta, tregues i forc\u00ebs s\u00eb institucioneve -","isPartOf":{"@id":"https:\/\/veritasinfo.org\/#website"},"primaryImageOfPage":{"@id":"https:\/\/veritasinfo.org\/?p=13192#primaryimage"},"image":{"@id":"https:\/\/veritasinfo.org\/?p=13192#primaryimage"},"thumbnailUrl":"https:\/\/veritasinfo.org\/wp-content\/uploads\/2025\/09\/jerzt6u-1140x570-1.png","datePublished":"2025-09-22T19:36:18+00:00","author":{"@id":"https:\/\/veritasinfo.org\/#\/schema\/person\/fe199eede04c3937362892b7444747cc"},"breadcrumb":{"@id":"https:\/\/veritasinfo.org\/?p=13192#breadcrumb"},"inLanguage":"en-US","potentialAction":[{"@type":"ReadAction","target":["https:\/\/veritasinfo.org\/?p=13192"]}]},{"@type":"ImageObject","inLanguage":"en-US","@id":"https:\/\/veritasinfo.org\/?p=13192#primaryimage","url":"https:\/\/veritasinfo.org\/wp-content\/uploads\/2025\/09\/jerzt6u-1140x570-1.png","contentUrl":"https:\/\/veritasinfo.org\/wp-content\/uploads\/2025\/09\/jerzt6u-1140x570-1.png","width":1140,"height":570},{"@type":"BreadcrumbList","@id":"https:\/\/veritasinfo.org\/?p=13192#breadcrumb","itemListElement":[{"@type":"ListItem","position":1,"name":"Home","item":"https:\/\/veritasinfo.org\/"},{"@type":"ListItem","position":2,"name":"Kurti: Kosova nd\u00ebr vendet m\u00eb t\u00eb sigurta, tregues i forc\u00ebs s\u00eb institucioneve"}]},{"@type":"WebSite","@id":"https:\/\/veritasinfo.org\/#website","url":"https:\/\/veritasinfo.org\/","name":"","description":"","potentialAction":[{"@type":"SearchAction","target":{"@type":"EntryPoint","urlTemplate":"https:\/\/veritasinfo.org\/?s={search_term_string}"},"query-input":{"@type":"PropertyValueSpecification","valueRequired":true,"valueName":"search_term_string"}}],"inLanguage":"en-US"},{"@type":"Person","@id":"https:\/\/veritasinfo.org\/#\/schema\/person\/fe199eede04c3937362892b7444747cc","name":"US6","image":{"@type":"ImageObject","inLanguage":"en-US","@id":"https:\/\/veritasinfo.org\/#\/schema\/person\/image\/","url":"https:\/\/secure.gravatar.com\/avatar\/cb16c3c31c9d23b9b8c705964598220b3014e42ff51eb540ff23cefa3ae8c15f?s=96&d=mm&r=g","contentUrl":"https:\/\/secure.gravatar.com\/avatar\/cb16c3c31c9d23b9b8c705964598220b3014e42ff51eb540ff23cefa3ae8c15f?s=96&d=mm&r=g","caption":"US6"},"url":"https:\/\/veritasinfo.org\/?author=7"}]}},"featured_image_urls":{"full":["https:\/\/veritasinfo.org\/wp-content\/uploads\/2025\/09\/jerzt6u-1140x570-1.png",1140,570,false],"thumbnail":["https:\/\/veritasinfo.org\/wp-content\/uploads\/2025\/09\/jerzt6u-1140x570-1-150x150.png",150,150,true],"medium":["https:\/\/veritasinfo.org\/wp-content\/uploads\/2025\/09\/jerzt6u-1140x570-1-300x150.png",300,150,true],"medium_large":["https:\/\/veritasinfo.org\/wp-content\/uploads\/2025\/09\/jerzt6u-1140x570-1-768x384.png",640,320,true],"large":["https:\/\/veritasinfo.org\/wp-content\/uploads\/2025\/09\/jerzt6u-1140x570-1-1024x512.png",640,320,true],"1536x1536":["https:\/\/veritasinfo.org\/wp-content\/uploads\/2025\/09\/jerzt6u-1140x570-1.png",1140,570,false],"2048x2048":["https:\/\/veritasinfo.org\/wp-content\/uploads\/2025\/09\/jerzt6u-1140x570-1.png",1140,570,false],"kreeti-slider-full":["https:\/\/veritasinfo.org\/wp-content\/uploads\/2025\/09\/jerzt6u-1140x570-1.png",1140,570,false],"kreeti-featured":["https:\/\/veritasinfo.org\/wp-content\/uploads\/2025\/09\/jerzt6u-1140x570-1.png",1024,512,false],"kreeti-medium":["https:\/\/veritasinfo.org\/wp-content\/uploads\/2025\/09\/jerzt6u-1140x570-1.png",720,360,false],"kreeti-medium-square":["https:\/\/veritasinfo.org\/wp-content\/uploads\/2025\/09\/jerzt6u-1140x570-1.png",350,175,false]},"author_info":{"info":["US6"]},"category_info":"<a href=\"https:\/\/veritasinfo.org\/?cat=58\" rel=\"category\">Politik\u00eb<\/a>","tag_info":"Politik\u00eb","comment_count":"0","_links":{"self":[{"href":"https:\/\/veritasinfo.org\/index.php?rest_route=\/wp\/v2\/posts\/13192","targetHints":{"allow":["GET"]}}],"collection":[{"href":"https:\/\/veritasinfo.org\/index.php?rest_route=\/wp\/v2\/posts"}],"about":[{"href":"https:\/\/veritasinfo.org\/index.php?rest_route=\/wp\/v2\/types\/post"}],"author":[{"embeddable":true,"href":"https:\/\/veritasinfo.org\/index.php?rest_route=\/wp\/v2\/users\/7"}],"replies":[{"embeddable":true,"href":"https:\/\/veritasinfo.org\/index.php?rest_route=%2Fwp%2Fv2%2Fcomments&post=13192"}],"version-history":[{"count":1,"href":"https:\/\/veritasinfo.org\/index.php?rest_route=\/wp\/v2\/posts\/13192\/revisions"}],"predecessor-version":[{"id":13193,"href":"https:\/\/veritasinfo.org\/index.php?rest_route=\/wp\/v2\/posts\/13192\/revisions\/13193"}],"wp:featuredmedia":[{"embeddable":true,"href":"https:\/\/veritasinfo.org\/index.php?rest_route=\/wp\/v2\/media\/11805"}],"wp:attachment":[{"href":"https:\/\/veritasinfo.org\/index.php?rest_route=%2Fwp%2Fv2%2Fmedia&parent=13192"}],"wp:term":[{"taxonomy":"category","embeddable":true,"href":"https:\/\/veritasinfo.org\/index.php?rest_route=%2Fwp%2Fv2%2Fcategories&post=13192"},{"taxonomy":"post_tag","embeddable":true,"href":"https:\/\/veritasinfo.org\/index.php?rest_route=%2Fwp%2Fv2%2Ftags&post=13192"}],"curies":[{"name":"wp","href":"https:\/\/api.w.org\/{rel}","templated":true}]}}