{"id":13184,"date":"2025-09-22T19:41:11","date_gmt":"2025-09-22T17:41:11","guid":{"rendered":"https:\/\/veritasinfo.org\/?p=13184"},"modified":"2025-09-22T19:41:11","modified_gmt":"2025-09-22T17:41:11","slug":"kandidati-per-kryetar-te-leposaviqit-lista-serbe-na-ka-sjelle-deri-ketu-ne-kosove-ka-mbetur-vetem-nje-grusht-mjerimi","status":"publish","type":"post","link":"https:\/\/veritasinfo.org\/?p=13184","title":{"rendered":"Kandidati p\u00ebr kryetar t\u00eb Leposaviqit: Lista Serbe na ka sjell\u00eb deri k\u00ebtu, n\u00eb Kosov\u00eb ka mbetur vet\u00ebm nj\u00eb \u201cgrusht mjerimi\u201d"},"content":{"rendered":"<p>Leposaviq, 22 shtator 2025<\/p>\n<p>M\u00eb 12 tetor n\u00eb Kosov\u00eb do t\u00eb mbahen zgjedhjet e para lokale q\u00eb nga viti 2023, kur serb\u00ebt bojkotuan votimet n\u00eb pjes\u00ebn veriore t\u00eb Republik\u00ebs s\u00eb Kosov\u00ebs, dhe m\u00eb par\u00eb kishin braktisur institucionet e shtetit. N\u00eb k\u00ebto zgjedhje jan\u00eb kandiduar 12 parti dhe iniciativa serbe, dhe n\u00eb veri t\u00eb Kosov\u00ebs garojn\u00eb 21 kandidat\u00eb serb\u00eb \u2013 nd\u00ebr ta edhe p\u00ebrfaq\u00ebsuesi i L\u00ebvizjes \u201cRr\u00ebnj\u00ebt\u201d, Ivan Vu\u00e7koviq.<\/p>\n<p>Ai deklaron se Lista Serbe, p\u00ebrmes l\u00ebvizjeve t\u00eb saj t\u00eb gabuara politike, e ka sjell\u00eb popullin n\u00eb nj\u00eb pozit\u00eb t\u00eb pafavorshme, p\u00ebr shkak t\u00eb s\u00eb cil\u00ebs n\u00eb Kosov\u00eb ka mbetur vet\u00ebm nj\u00eb \u201cgrusht mjerimi\u201d.<\/p>\n<p>Vu\u00e7koviq thot\u00eb se \u00ebsht\u00eb kandiduar p\u00ebr kryetar t\u00eb Leposaviqit p\u00ebr shkak t\u00eb \u201cpolitik\u00ebs nga nevoja\u201d dhe p\u00ebr shkak t\u00eb mend\u00ebsis\u00eb s\u00eb deritanishme nj\u00ebpartiake, q\u00eb \u00ebsht\u00eb krijuar nga dominimi i nj\u00eb liste t\u00eb vetme.<\/p>\n<p>\u201cDuhet t\u00eb b\u00ebjm\u00eb di\u00e7ka, \u00e7far\u00ebdo qoft\u00eb, t\u00eb jemi z\u00ebri i arsyes dhe q\u00eb t\u00eb d\u00ebgjohet mendimi kritik. P\u00ebrndryshe, mend\u00ebsia nj\u00ebpartiake na ka sjell\u00eb n\u00eb k\u00ebt\u00eb gjendje,\u201d thot\u00eb Vu\u00e7koviq.<\/p>\n<p>Ai mendon se mund\u00ebsia p\u00ebr t\u00eb votuar p\u00ebr opsione t\u00eb tjera p\u00ebrve\u00e7 List\u00ebs Serbe \u00ebsht\u00eb thelbi i demokracis\u00eb, pluralizmit t\u00eb mendimit dhe q\u00ebndrimit kritik ndaj politik\u00ebs.<\/p>\n<p>\u201cK\u00ebtu \u00ebsht\u00eb b\u00ebr\u00eb norm\u00eb q\u00eb kushdo q\u00eb mendon ndryshe, e prish unitetin. Por n\u00eb fakt, vet\u00eb Lista Serbe e ka prishur at\u00eb unitet nd\u00ebr vite, duke u p\u00ebrpjekur ta imponoj\u00eb sipas mas\u00ebs s\u00eb vet. Asnj\u00eb nga k\u00ebto parti politike apo individ\u00eb q\u00eb jan\u00eb kandiduar nuk besoj se kan\u00eb q\u00ebllime t\u00eb k\u00ebqija ndaj qytetar\u00ebve t\u00eb Leposaviqit,\u201d thot\u00eb ai, duke shpjeguar se gjendja e keqe e njer\u00ebzve n\u00eb Kosov\u00eb \u00ebsht\u00eb pasoj\u00eb e politik\u00ebs s\u00eb keqmenaxhuar.<\/p>\n<p>Ai shton se shum\u00eb aktor\u00eb politik\u00eb m\u00eb par\u00eb jan\u00eb shtyr\u00eb n\u00eb margjinat, por tani kan\u00eb guxuar t\u00eb dalin dhe t\u00eb ndihmojn\u00eb popullin q\u00eb t\u00eb luftoj\u00eb p\u00ebr nj\u00eb pozit\u00eb m\u00eb t\u00eb mir\u00eb.<\/p>\n<p>\u201cUn\u00eb i njoh t\u00eb gjith\u00eb k\u00ebta njer\u00ebz q\u00eb jan\u00eb kandiduar n\u00eb Leposaviq, dhe e di q\u00eb kan\u00eb t\u00eb nj\u00ebjtin q\u00ebllim. Ka edhe nga ata q\u00eb kan\u00eb qen\u00eb pjes\u00eb e List\u00ebs Serbe, por m\u00eb pas jan\u00eb p\u00ebrplasur dhe jan\u00eb distancuar \u2013 por ajo \u00ebsht\u00eb puna e tyre. Ajo q\u00eb di \u00ebsht\u00eb se ekzistojn\u00eb disa lista dhe individ\u00eb q\u00eb nd\u00ebr vite kan\u00eb treguar, le t\u00eb themi, parime t\u00eb veprimit,\u201d shprehet i bindur Vu\u00e7koviq.<\/p>\n<p>Ai kritikon edhe List\u00ebn Serbe, t\u00eb cil\u00ebn e konsideron p\u00ebrgjegj\u00ebse p\u00ebr situat\u00ebn e v\u00ebshtir\u00eb t\u00eb popullat\u00ebs, q\u00eb sipas tij \u00ebsht\u00eb m\u00eb e r\u00ebnd\u00eb se para tre vitesh, kur kjo list\u00eb doli nga institucionet.<\/p>\n<p>\u201cLista Serbe lan duart nga gjith\u00e7ka \u2013 dol\u00ebn nga Kuvendi para tre vitesh, kur situata ishte e v\u00ebshtir\u00eb, dhe tani kur \u00ebsht\u00eb dhjet\u00ebfish m\u00eb e v\u00ebshtir\u00eb, kan\u00eb ende pak dinjitet p\u00ebr t\u2019u ofruar di\u00e7ka qytetar\u00ebve, edhe pse pik\u00ebrisht ata na kan\u00eb sjell\u00eb deri k\u00ebtu,\u201d thekson ai.<\/p>\n<p>Vu\u00e7koviq thot\u00eb se nuk i kan\u00eb kushtuar r\u00ebnd\u00ebsi mb\u00ebshtetjes q\u00eb kund\u00ebrshtar\u00ebt e tyre marrin nga Republika e Serbis\u00eb, sepse po ta b\u00ebnin, nuk do t\u00eb kishin guxuar t\u00eb kandidojn\u00eb \u2013 pasi jan\u00eb t\u00eb vet\u00ebdijsh\u00ebm se ata q\u00eb kan\u00eb buxhetin e shtetit jan\u00eb m\u00eb t\u00eb fort\u00eb.<\/p>\n","protected":false},"excerpt":{"rendered":"<p>Leposaviq, 22 shtator 2025 M\u00eb 12 tetor n\u00eb Kosov\u00eb do t\u00eb mbahen zgjedhjet e para lokale q\u00eb nga viti 2023, kur serb\u00ebt bojkotuan votimet n\u00eb<\/p>\n","protected":false},"author":7,"featured_media":13182,"comment_status":"open","ping_status":"open","sticky":false,"template":"","format":"standard","meta":{"footnotes":""},"categories":[8],"tags":[],"class_list":["post-13184","post","type-post","status-publish","format-standard","has-post-thumbnail","hentry","category-blog-sq"],"yoast_head":"<!-- This site is optimized with the Yoast SEO plugin v25.3.1 - https:\/\/yoast.com\/wordpress\/plugins\/seo\/ -->\n<title>Kandidati p\u00ebr kryetar t\u00eb Leposaviqit: Lista Serbe na ka sjell\u00eb deri k\u00ebtu, n\u00eb Kosov\u00eb ka mbetur vet\u00ebm nj\u00eb \u201cgrusht mjerimi\u201d -<\/title>\n<meta name=\"robots\" content=\"index, follow, max-snippet:-1, max-image-preview:large, max-video-preview:-1\" \/>\n<link rel=\"canonical\" href=\"https:\/\/veritasinfo.org\/?p=13184\" \/>\n<meta property=\"og:locale\" content=\"en_US\" \/>\n<meta property=\"og:type\" content=\"article\" \/>\n<meta property=\"og:title\" content=\"Kandidati p\u00ebr kryetar t\u00eb Leposaviqit: Lista Serbe na ka sjell\u00eb deri k\u00ebtu, n\u00eb Kosov\u00eb ka mbetur vet\u00ebm nj\u00eb \u201cgrusht mjerimi\u201d -\" \/>\n<meta property=\"og:description\" content=\"Leposaviq, 22 shtator 2025 M\u00eb 12 tetor n\u00eb Kosov\u00eb do t\u00eb mbahen zgjedhjet e para lokale q\u00eb nga viti 2023, kur serb\u00ebt bojkotuan votimet n\u00eb\" \/>\n<meta property=\"og:url\" content=\"https:\/\/veritasinfo.org\/?p=13184\" \/>\n<meta property=\"article:published_time\" content=\"2025-09-22T17:41:11+00:00\" \/>\n<meta property=\"og:image\" content=\"https:\/\/veritasinfo.org\/wp-content\/uploads\/2025\/09\/547380118_1192509636244451_3078904274113598855_n.jpg\" \/>\n\t<meta property=\"og:image:width\" content=\"2048\" \/>\n\t<meta property=\"og:image:height\" content=\"1361\" \/>\n\t<meta property=\"og:image:type\" content=\"image\/jpeg\" \/>\n<meta name=\"author\" content=\"US6\" \/>\n<meta name=\"twitter:card\" content=\"summary_large_image\" \/>\n<meta name=\"twitter:label1\" content=\"Written by\" \/>\n\t<meta name=\"twitter:data1\" content=\"US6\" \/>\n\t<meta name=\"twitter:label2\" content=\"Est. reading time\" \/>\n\t<meta name=\"twitter:data2\" content=\"3 minutes\" \/>\n<script type=\"application\/ld+json\" class=\"yoast-schema-graph\">{\"@context\":\"https:\/\/schema.org\",\"@graph\":[{\"@type\":\"WebPage\",\"@id\":\"https:\/\/veritasinfo.org\/?p=13184\",\"url\":\"https:\/\/veritasinfo.org\/?p=13184\",\"name\":\"Kandidati p\u00ebr kryetar t\u00eb Leposaviqit: Lista Serbe na ka sjell\u00eb deri k\u00ebtu, n\u00eb Kosov\u00eb ka mbetur vet\u00ebm nj\u00eb \u201cgrusht mjerimi\u201d -\",\"isPartOf\":{\"@id\":\"https:\/\/veritasinfo.org\/#website\"},\"primaryImageOfPage\":{\"@id\":\"https:\/\/veritasinfo.org\/?p=13184#primaryimage\"},\"image\":{\"@id\":\"https:\/\/veritasinfo.org\/?p=13184#primaryimage\"},\"thumbnailUrl\":\"https:\/\/veritasinfo.org\/wp-content\/uploads\/2025\/09\/547380118_1192509636244451_3078904274113598855_n.jpg\",\"datePublished\":\"2025-09-22T17:41:11+00:00\",\"author\":{\"@id\":\"https:\/\/veritasinfo.org\/#\/schema\/person\/fe199eede04c3937362892b7444747cc\"},\"breadcrumb\":{\"@id\":\"https:\/\/veritasinfo.org\/?p=13184#breadcrumb\"},\"inLanguage\":\"en-US\",\"potentialAction\":[{\"@type\":\"ReadAction\",\"target\":[\"https:\/\/veritasinfo.org\/?p=13184\"]}]},{\"@type\":\"ImageObject\",\"inLanguage\":\"en-US\",\"@id\":\"https:\/\/veritasinfo.org\/?p=13184#primaryimage\",\"url\":\"https:\/\/veritasinfo.org\/wp-content\/uploads\/2025\/09\/547380118_1192509636244451_3078904274113598855_n.jpg\",\"contentUrl\":\"https:\/\/veritasinfo.org\/wp-content\/uploads\/2025\/09\/547380118_1192509636244451_3078904274113598855_n.jpg\",\"width\":2048,\"height\":1361},{\"@type\":\"BreadcrumbList\",\"@id\":\"https:\/\/veritasinfo.org\/?p=13184#breadcrumb\",\"itemListElement\":[{\"@type\":\"ListItem\",\"position\":1,\"name\":\"Home\",\"item\":\"https:\/\/veritasinfo.org\/\"},{\"@type\":\"ListItem\",\"position\":2,\"name\":\"Kandidati p\u00ebr kryetar t\u00eb Leposaviqit: Lista Serbe na ka sjell\u00eb deri k\u00ebtu, n\u00eb Kosov\u00eb ka mbetur vet\u00ebm nj\u00eb \u201cgrusht mjerimi\u201d\"}]},{\"@type\":\"WebSite\",\"@id\":\"https:\/\/veritasinfo.org\/#website\",\"url\":\"https:\/\/veritasinfo.org\/\",\"name\":\"\",\"description\":\"\",\"potentialAction\":[{\"@type\":\"SearchAction\",\"target\":{\"@type\":\"EntryPoint\",\"urlTemplate\":\"https:\/\/veritasinfo.org\/?s={search_term_string}\"},\"query-input\":{\"@type\":\"PropertyValueSpecification\",\"valueRequired\":true,\"valueName\":\"search_term_string\"}}],\"inLanguage\":\"en-US\"},{\"@type\":\"Person\",\"@id\":\"https:\/\/veritasinfo.org\/#\/schema\/person\/fe199eede04c3937362892b7444747cc\",\"name\":\"US6\",\"image\":{\"@type\":\"ImageObject\",\"inLanguage\":\"en-US\",\"@id\":\"https:\/\/veritasinfo.org\/#\/schema\/person\/image\/\",\"url\":\"https:\/\/secure.gravatar.com\/avatar\/cb16c3c31c9d23b9b8c705964598220b3014e42ff51eb540ff23cefa3ae8c15f?s=96&d=mm&r=g\",\"contentUrl\":\"https:\/\/secure.gravatar.com\/avatar\/cb16c3c31c9d23b9b8c705964598220b3014e42ff51eb540ff23cefa3ae8c15f?s=96&d=mm&r=g\",\"caption\":\"US6\"},\"url\":\"https:\/\/veritasinfo.org\/?author=7\"}]}<\/script>\n<!-- \/ Yoast SEO plugin. -->","yoast_head_json":{"title":"Kandidati p\u00ebr kryetar t\u00eb Leposaviqit: Lista Serbe na ka sjell\u00eb deri k\u00ebtu, n\u00eb Kosov\u00eb ka mbetur vet\u00ebm nj\u00eb \u201cgrusht mjerimi\u201d -","robots":{"index":"index","follow":"follow","max-snippet":"max-snippet:-1","max-image-preview":"max-image-preview:large","max-video-preview":"max-video-preview:-1"},"canonical":"https:\/\/veritasinfo.org\/?p=13184","og_locale":"en_US","og_type":"article","og_title":"Kandidati p\u00ebr kryetar t\u00eb Leposaviqit: Lista Serbe na ka sjell\u00eb deri k\u00ebtu, n\u00eb Kosov\u00eb ka mbetur vet\u00ebm nj\u00eb \u201cgrusht mjerimi\u201d -","og_description":"Leposaviq, 22 shtator 2025 M\u00eb 12 tetor n\u00eb Kosov\u00eb do t\u00eb mbahen zgjedhjet e para lokale q\u00eb nga viti 2023, kur serb\u00ebt bojkotuan votimet n\u00eb","og_url":"https:\/\/veritasinfo.org\/?p=13184","article_published_time":"2025-09-22T17:41:11+00:00","og_image":[{"width":2048,"height":1361,"url":"https:\/\/veritasinfo.org\/wp-content\/uploads\/2025\/09\/547380118_1192509636244451_3078904274113598855_n.jpg","type":"image\/jpeg"}],"author":"US6","twitter_card":"summary_large_image","twitter_misc":{"Written by":"US6","Est. reading time":"3 minutes"},"schema":{"@context":"https:\/\/schema.org","@graph":[{"@type":"WebPage","@id":"https:\/\/veritasinfo.org\/?p=13184","url":"https:\/\/veritasinfo.org\/?p=13184","name":"Kandidati p\u00ebr kryetar t\u00eb Leposaviqit: Lista Serbe na ka sjell\u00eb deri k\u00ebtu, n\u00eb Kosov\u00eb ka mbetur vet\u00ebm nj\u00eb \u201cgrusht mjerimi\u201d -","isPartOf":{"@id":"https:\/\/veritasinfo.org\/#website"},"primaryImageOfPage":{"@id":"https:\/\/veritasinfo.org\/?p=13184#primaryimage"},"image":{"@id":"https:\/\/veritasinfo.org\/?p=13184#primaryimage"},"thumbnailUrl":"https:\/\/veritasinfo.org\/wp-content\/uploads\/2025\/09\/547380118_1192509636244451_3078904274113598855_n.jpg","datePublished":"2025-09-22T17:41:11+00:00","author":{"@id":"https:\/\/veritasinfo.org\/#\/schema\/person\/fe199eede04c3937362892b7444747cc"},"breadcrumb":{"@id":"https:\/\/veritasinfo.org\/?p=13184#breadcrumb"},"inLanguage":"en-US","potentialAction":[{"@type":"ReadAction","target":["https:\/\/veritasinfo.org\/?p=13184"]}]},{"@type":"ImageObject","inLanguage":"en-US","@id":"https:\/\/veritasinfo.org\/?p=13184#primaryimage","url":"https:\/\/veritasinfo.org\/wp-content\/uploads\/2025\/09\/547380118_1192509636244451_3078904274113598855_n.jpg","contentUrl":"https:\/\/veritasinfo.org\/wp-content\/uploads\/2025\/09\/547380118_1192509636244451_3078904274113598855_n.jpg","width":2048,"height":1361},{"@type":"BreadcrumbList","@id":"https:\/\/veritasinfo.org\/?p=13184#breadcrumb","itemListElement":[{"@type":"ListItem","position":1,"name":"Home","item":"https:\/\/veritasinfo.org\/"},{"@type":"ListItem","position":2,"name":"Kandidati p\u00ebr kryetar t\u00eb Leposaviqit: Lista Serbe na ka sjell\u00eb deri k\u00ebtu, n\u00eb Kosov\u00eb ka mbetur vet\u00ebm nj\u00eb \u201cgrusht mjerimi\u201d"}]},{"@type":"WebSite","@id":"https:\/\/veritasinfo.org\/#website","url":"https:\/\/veritasinfo.org\/","name":"","description":"","potentialAction":[{"@type":"SearchAction","target":{"@type":"EntryPoint","urlTemplate":"https:\/\/veritasinfo.org\/?s={search_term_string}"},"query-input":{"@type":"PropertyValueSpecification","valueRequired":true,"valueName":"search_term_string"}}],"inLanguage":"en-US"},{"@type":"Person","@id":"https:\/\/veritasinfo.org\/#\/schema\/person\/fe199eede04c3937362892b7444747cc","name":"US6","image":{"@type":"ImageObject","inLanguage":"en-US","@id":"https:\/\/veritasinfo.org\/#\/schema\/person\/image\/","url":"https:\/\/secure.gravatar.com\/avatar\/cb16c3c31c9d23b9b8c705964598220b3014e42ff51eb540ff23cefa3ae8c15f?s=96&d=mm&r=g","contentUrl":"https:\/\/secure.gravatar.com\/avatar\/cb16c3c31c9d23b9b8c705964598220b3014e42ff51eb540ff23cefa3ae8c15f?s=96&d=mm&r=g","caption":"US6"},"url":"https:\/\/veritasinfo.org\/?author=7"}]}},"featured_image_urls":{"full":["https:\/\/veritasinfo.org\/wp-content\/uploads\/2025\/09\/547380118_1192509636244451_3078904274113598855_n.jpg",2048,1361,false],"thumbnail":["https:\/\/veritasinfo.org\/wp-content\/uploads\/2025\/09\/547380118_1192509636244451_3078904274113598855_n-150x150.jpg",150,150,true],"medium":["https:\/\/veritasinfo.org\/wp-content\/uploads\/2025\/09\/547380118_1192509636244451_3078904274113598855_n-300x199.jpg",300,199,true],"medium_large":["https:\/\/veritasinfo.org\/wp-content\/uploads\/2025\/09\/547380118_1192509636244451_3078904274113598855_n-768x510.jpg",640,425,true],"large":["https:\/\/veritasinfo.org\/wp-content\/uploads\/2025\/09\/547380118_1192509636244451_3078904274113598855_n-1024x681.jpg",640,426,true],"1536x1536":["https:\/\/veritasinfo.org\/wp-content\/uploads\/2025\/09\/547380118_1192509636244451_3078904274113598855_n-1536x1021.jpg",1536,1021,true],"2048x2048":["https:\/\/veritasinfo.org\/wp-content\/uploads\/2025\/09\/547380118_1192509636244451_3078904274113598855_n.jpg",2048,1361,false],"kreeti-slider-full":["https:\/\/veritasinfo.org\/wp-content\/uploads\/2025\/09\/547380118_1192509636244451_3078904274113598855_n.jpg",1083,720,false],"kreeti-featured":["https:\/\/veritasinfo.org\/wp-content\/uploads\/2025\/09\/547380118_1192509636244451_3078904274113598855_n.jpg",1024,681,false],"kreeti-medium":["https:\/\/veritasinfo.org\/wp-content\/uploads\/2025\/09\/547380118_1192509636244451_3078904274113598855_n.jpg",720,478,false],"kreeti-medium-square":["https:\/\/veritasinfo.org\/wp-content\/uploads\/2025\/09\/547380118_1192509636244451_3078904274113598855_n.jpg",350,233,false]},"author_info":{"info":["US6"]},"category_info":"<a href=\"https:\/\/veritasinfo.org\/?cat=8\" rel=\"category\">Zgjedhjet parlamentare 2025<\/a>","tag_info":"Zgjedhjet parlamentare 2025","comment_count":"0","_links":{"self":[{"href":"https:\/\/veritasinfo.org\/index.php?rest_route=\/wp\/v2\/posts\/13184","targetHints":{"allow":["GET"]}}],"collection":[{"href":"https:\/\/veritasinfo.org\/index.php?rest_route=\/wp\/v2\/posts"}],"about":[{"href":"https:\/\/veritasinfo.org\/index.php?rest_route=\/wp\/v2\/types\/post"}],"author":[{"embeddable":true,"href":"https:\/\/veritasinfo.org\/index.php?rest_route=\/wp\/v2\/users\/7"}],"replies":[{"embeddable":true,"href":"https:\/\/veritasinfo.org\/index.php?rest_route=%2Fwp%2Fv2%2Fcomments&post=13184"}],"version-history":[{"count":1,"href":"https:\/\/veritasinfo.org\/index.php?rest_route=\/wp\/v2\/posts\/13184\/revisions"}],"predecessor-version":[{"id":13185,"href":"https:\/\/veritasinfo.org\/index.php?rest_route=\/wp\/v2\/posts\/13184\/revisions\/13185"}],"wp:featuredmedia":[{"embeddable":true,"href":"https:\/\/veritasinfo.org\/index.php?rest_route=\/wp\/v2\/media\/13182"}],"wp:attachment":[{"href":"https:\/\/veritasinfo.org\/index.php?rest_route=%2Fwp%2Fv2%2Fmedia&parent=13184"}],"wp:term":[{"taxonomy":"category","embeddable":true,"href":"https:\/\/veritasinfo.org\/index.php?rest_route=%2Fwp%2Fv2%2Fcategories&post=13184"},{"taxonomy":"post_tag","embeddable":true,"href":"https:\/\/veritasinfo.org\/index.php?rest_route=%2Fwp%2Fv2%2Ftags&post=13184"}],"curies":[{"name":"wp","href":"https:\/\/api.w.org\/{rel}","templated":true}]}}