{"id":13181,"date":"2025-09-22T19:35:46","date_gmt":"2025-09-22T17:35:46","guid":{"rendered":"https:\/\/veritasinfo.org\/?p=13181"},"modified":"2025-09-22T19:35:46","modified_gmt":"2025-09-22T17:35:46","slug":"kandidat-za-gradonacelnika-leposavica-srpska-lista-nas-je-dovela-dovde-na-kosovu-ostala-samo-saka-jada","status":"publish","type":"post","link":"https:\/\/veritasinfo.org\/?p=13181&lang=sr","title":{"rendered":"Kandidat za gradona\u010delnika Leposavi\u0107a: Srpska lista nas je dovela dovde, na Kosovu ostala samo \u201e\u0161aka jada\u201c"},"content":{"rendered":"<p>Leposavi\u0107, 22 septembar 2025<\/p>\n<p>Na Kosovu \u0107e 12. oktobra biti odr\u017eani prvi lokalni izbori od kada su Srbi 2023. bojkotovali glasanje na severu, a nakon \u0161to su prethodno napustili institucije. Na izborima se kandidovalo 12 srpskih stranaka i inicijativa, te se sada na Severu Kosova nadme\u0107e 21 srpski kandidat, od kojih je i predstavnik gra\u0111anske inicijative \u201cKoreni\u201d Ivan Vu\u010dkovi\u0107. On ka\u017ee kako je Srpska lista lo\u0161im politi\u010dkim potezima gra\u0111ane dovela u nepovoljnu poziciju, zbog koje ih je na Kosovu ostalo tek \u201c\u0161aka jada\u201d.<\/p>\n<p>Da se kandiduje za gradona\u010delnika Leposavi\u0107a navelo ga je, kako ka\u017ee, \u201cpolitika iz nu\u017ede\u201d i dosada\u0161nje jednoumlje koje je uzrokovala zastupljenost samo jedne dominantne liste.<\/p>\n<p>\u201cMoramo da uradimo ne\u0161to, bilo \u0161ta, da budemo glas razuma i da se \u010duje ta kriti\u010dka misao. Ina\u010de jednoumlje nas je dovelo dovde gde jesmo\u201d, ka\u017ee Vu\u010deti\u0107.<\/p>\n<p>On smatra da je mogu\u0107nost da se glasa i za druge opcije, a ne samo za Srpsku listu, smisao demokratije, pluralizma misli i kriti\u010dkog stava, te odnosa prema politici.<\/p>\n<p>\u201cTo je ovde ustaljena norma, da neko ko druga\u010dije misli naru\u0161ava neko jedinstvo, a u stvari Srpska lista svih ovih godine naru\u0161ava to jedinstvo, poku\u0161ava da nametne da jedinstvo bude po njihovoj meri. Niko od ovih politi\u010dkih partija i pojedinaca koji su se kandidovali ne mislim da misle lo\u0161e gra\u0111anima Leposavi\u0107a\u201d,\u00a0ka\u017ee sagovornik \u00a0i obja\u0161njava da je ljude koji \u017eive na Kosovu u lo\u0161u situaciju dovelo lo\u0161e vo\u0111enje politike.<\/p>\n<p>Ka\u017ee kako su mnogi politi\u010dki faktori i do sada bili skrajnuti po strani, ali da su ti ljudi sada odva\u017eili i iza\u0161li da pomognu stanovni\u0161tvu da se izbore za bolji polo\u017eaj.<\/p>\n<p>\u201cJa znam sve ove ljude, koji su se kandidovali na izbore u Leposavi\u0107u, da su iz istih namera. Postoje i oni koji su bili uz Srpsku listu, pa su se posle posva\u0111ali i okrenuli \u0107urak, ali to je ve\u0107 njihova stvar. Ono \u0161to ja znam je da postoji nekoliko lista i nekoliko pojedinaca koji su svih ovih godina pokazivali, da ka\u017eemo, upravo princip delovanja\u201d, uveren je Vu\u010deti\u0107.<\/p>\n<p>On upu\u0107uje i kritiku usmerenu prema Srpskoj listi, za koju ka\u017ee da je kriva \u0161to se stanovni\u0161tvo nalazi u lo\u0161em polo\u017eaju, \u010dak gorem nego pre tri godine kada su oni iza\u0161li iz institucija.<\/p>\n<p>\u201cSrpska lista pere ruke od svega, iza\u0161li su iz Skup\u0161tine pre tri godine, kada je situacija, da ka\u017eem, bila te\u0161ka, a sada kada je situacija deset puta te\u017ea imaju i to malo \u010dasti da nude ne\u0161to gra\u0111anima, iako su nas oni doveli dovde\u201d, nagla\u0161ava sagovornik.<\/p>\n<p>Ka\u017ee da nisu gledali na podr\u0161ku koju protivnici dobijaju iz od Republike Srbije, jer da jesu \u2013 ne bi se ni kandidovali jer, kako obja\u0161njava, svesni su da su oni koji koriste bud\u017eet dr\u017eave ja\u010di.<\/p>\n<p>\u201cOno \u0161to mi isti\u010demo u kampanji jeste da probamo da uradimo ne\u0161to, jer ovo \u0161to je ovde ostalo, a re\u0107i \u0107u vrlo figurativno, je \u0161aka jada koja se bori sa problemima, prosto mora da promeni filozofiju \u017eivota. Ovde su ljudi ucenjeni, kao u celoj Srbiji, ovde su oni ljudi koji su zaposljeni na ko zna kakav na\u010din i prosto pristaju na onih 40 hiljada\u201d, ka\u017ee Vu\u010dkovi\u0107.<\/p>\n","protected":false},"excerpt":{"rendered":"<p>Leposavi\u0107, 22 septembar 2025 Na Kosovu \u0107e 12. oktobra biti odr\u017eani prvi lokalni izbori od kada su Srbi 2023. bojkotovali glasanje na severu, a nakon<\/p>\n","protected":false},"author":7,"featured_media":13182,"comment_status":"open","ping_status":"open","sticky":false,"template":"","format":"standard","meta":{"footnotes":""},"categories":[42],"tags":[],"class_list":["post-13181","post","type-post","status-publish","format-standard","has-post-thumbnail","hentry","category-blog-sr"],"yoast_head":"<!-- This site is optimized with the Yoast SEO plugin v25.3.1 - https:\/\/yoast.com\/wordpress\/plugins\/seo\/ -->\n<title>Kandidat za gradona\u010delnika Leposavi\u0107a: Srpska lista nas je dovela dovde, na Kosovu ostala samo \u201e\u0161aka jada\u201c -<\/title>\n<meta name=\"robots\" content=\"index, follow, max-snippet:-1, max-image-preview:large, max-video-preview:-1\" \/>\n<link rel=\"canonical\" href=\"https:\/\/veritasinfo.org\/?p=13181&lang=sr\" \/>\n<meta property=\"og:locale\" content=\"en_US\" \/>\n<meta property=\"og:type\" content=\"article\" \/>\n<meta property=\"og:title\" content=\"Kandidat za gradona\u010delnika Leposavi\u0107a: Srpska lista nas je dovela dovde, na Kosovu ostala samo \u201e\u0161aka jada\u201c -\" \/>\n<meta property=\"og:description\" content=\"Leposavi\u0107, 22 septembar 2025 Na Kosovu \u0107e 12. oktobra biti odr\u017eani prvi lokalni izbori od kada su Srbi 2023. bojkotovali glasanje na severu, a nakon\" \/>\n<meta property=\"og:url\" content=\"https:\/\/veritasinfo.org\/?p=13181&amp;lang=sr\" \/>\n<meta property=\"article:published_time\" content=\"2025-09-22T17:35:46+00:00\" \/>\n<meta property=\"og:image\" content=\"https:\/\/veritasinfo.org\/wp-content\/uploads\/2025\/09\/547380118_1192509636244451_3078904274113598855_n.jpg\" \/>\n\t<meta property=\"og:image:width\" content=\"2048\" \/>\n\t<meta property=\"og:image:height\" content=\"1361\" \/>\n\t<meta property=\"og:image:type\" content=\"image\/jpeg\" \/>\n<meta name=\"author\" content=\"US6\" \/>\n<meta name=\"twitter:card\" content=\"summary_large_image\" \/>\n<meta name=\"twitter:label1\" content=\"Written by\" \/>\n\t<meta name=\"twitter:data1\" content=\"US6\" \/>\n\t<meta name=\"twitter:label2\" content=\"Est. reading time\" \/>\n\t<meta name=\"twitter:data2\" content=\"3 minutes\" \/>\n<script type=\"application\/ld+json\" class=\"yoast-schema-graph\">{\"@context\":\"https:\/\/schema.org\",\"@graph\":[{\"@type\":\"WebPage\",\"@id\":\"https:\/\/veritasinfo.org\/?p=13181&lang=sr\",\"url\":\"https:\/\/veritasinfo.org\/?p=13181&lang=sr\",\"name\":\"Kandidat za gradona\u010delnika Leposavi\u0107a: Srpska lista nas je dovela dovde, na Kosovu ostala samo \u201e\u0161aka jada\u201c -\",\"isPartOf\":{\"@id\":\"https:\/\/veritasinfo.org\/#website\"},\"primaryImageOfPage\":{\"@id\":\"https:\/\/veritasinfo.org\/?p=13181&lang=sr#primaryimage\"},\"image\":{\"@id\":\"https:\/\/veritasinfo.org\/?p=13181&lang=sr#primaryimage\"},\"thumbnailUrl\":\"https:\/\/veritasinfo.org\/wp-content\/uploads\/2025\/09\/547380118_1192509636244451_3078904274113598855_n.jpg\",\"datePublished\":\"2025-09-22T17:35:46+00:00\",\"author\":{\"@id\":\"https:\/\/veritasinfo.org\/#\/schema\/person\/fe199eede04c3937362892b7444747cc\"},\"breadcrumb\":{\"@id\":\"https:\/\/veritasinfo.org\/?p=13181&lang=sr#breadcrumb\"},\"inLanguage\":\"en-US\",\"potentialAction\":[{\"@type\":\"ReadAction\",\"target\":[\"https:\/\/veritasinfo.org\/?p=13181&lang=sr\"]}]},{\"@type\":\"ImageObject\",\"inLanguage\":\"en-US\",\"@id\":\"https:\/\/veritasinfo.org\/?p=13181&lang=sr#primaryimage\",\"url\":\"https:\/\/veritasinfo.org\/wp-content\/uploads\/2025\/09\/547380118_1192509636244451_3078904274113598855_n.jpg\",\"contentUrl\":\"https:\/\/veritasinfo.org\/wp-content\/uploads\/2025\/09\/547380118_1192509636244451_3078904274113598855_n.jpg\",\"width\":2048,\"height\":1361},{\"@type\":\"BreadcrumbList\",\"@id\":\"https:\/\/veritasinfo.org\/?p=13181&lang=sr#breadcrumb\",\"itemListElement\":[{\"@type\":\"ListItem\",\"position\":1,\"name\":\"Home\",\"item\":\"https:\/\/veritasinfo.org\/\"},{\"@type\":\"ListItem\",\"position\":2,\"name\":\"Kandidat za gradona\u010delnika Leposavi\u0107a: Srpska lista nas je dovela dovde, na Kosovu ostala samo \u201e\u0161aka jada\u201c\"}]},{\"@type\":\"WebSite\",\"@id\":\"https:\/\/veritasinfo.org\/#website\",\"url\":\"https:\/\/veritasinfo.org\/\",\"name\":\"\",\"description\":\"\",\"potentialAction\":[{\"@type\":\"SearchAction\",\"target\":{\"@type\":\"EntryPoint\",\"urlTemplate\":\"https:\/\/veritasinfo.org\/?s={search_term_string}\"},\"query-input\":{\"@type\":\"PropertyValueSpecification\",\"valueRequired\":true,\"valueName\":\"search_term_string\"}}],\"inLanguage\":\"en-US\"},{\"@type\":\"Person\",\"@id\":\"https:\/\/veritasinfo.org\/#\/schema\/person\/fe199eede04c3937362892b7444747cc\",\"name\":\"US6\",\"image\":{\"@type\":\"ImageObject\",\"inLanguage\":\"en-US\",\"@id\":\"https:\/\/veritasinfo.org\/#\/schema\/person\/image\/\",\"url\":\"https:\/\/secure.gravatar.com\/avatar\/cb16c3c31c9d23b9b8c705964598220b3014e42ff51eb540ff23cefa3ae8c15f?s=96&d=mm&r=g\",\"contentUrl\":\"https:\/\/secure.gravatar.com\/avatar\/cb16c3c31c9d23b9b8c705964598220b3014e42ff51eb540ff23cefa3ae8c15f?s=96&d=mm&r=g\",\"caption\":\"US6\"},\"url\":\"https:\/\/veritasinfo.org\/?author=7\"}]}<\/script>\n<!-- \/ Yoast SEO plugin. -->","yoast_head_json":{"title":"Kandidat za gradona\u010delnika Leposavi\u0107a: Srpska lista nas je dovela dovde, na Kosovu ostala samo \u201e\u0161aka jada\u201c -","robots":{"index":"index","follow":"follow","max-snippet":"max-snippet:-1","max-image-preview":"max-image-preview:large","max-video-preview":"max-video-preview:-1"},"canonical":"https:\/\/veritasinfo.org\/?p=13181&lang=sr","og_locale":"en_US","og_type":"article","og_title":"Kandidat za gradona\u010delnika Leposavi\u0107a: Srpska lista nas je dovela dovde, na Kosovu ostala samo \u201e\u0161aka jada\u201c -","og_description":"Leposavi\u0107, 22 septembar 2025 Na Kosovu \u0107e 12. oktobra biti odr\u017eani prvi lokalni izbori od kada su Srbi 2023. bojkotovali glasanje na severu, a nakon","og_url":"https:\/\/veritasinfo.org\/?p=13181&lang=sr","article_published_time":"2025-09-22T17:35:46+00:00","og_image":[{"width":2048,"height":1361,"url":"https:\/\/veritasinfo.org\/wp-content\/uploads\/2025\/09\/547380118_1192509636244451_3078904274113598855_n.jpg","type":"image\/jpeg"}],"author":"US6","twitter_card":"summary_large_image","twitter_misc":{"Written by":"US6","Est. reading time":"3 minutes"},"schema":{"@context":"https:\/\/schema.org","@graph":[{"@type":"WebPage","@id":"https:\/\/veritasinfo.org\/?p=13181&lang=sr","url":"https:\/\/veritasinfo.org\/?p=13181&lang=sr","name":"Kandidat za gradona\u010delnika Leposavi\u0107a: Srpska lista nas je dovela dovde, na Kosovu ostala samo \u201e\u0161aka jada\u201c -","isPartOf":{"@id":"https:\/\/veritasinfo.org\/#website"},"primaryImageOfPage":{"@id":"https:\/\/veritasinfo.org\/?p=13181&lang=sr#primaryimage"},"image":{"@id":"https:\/\/veritasinfo.org\/?p=13181&lang=sr#primaryimage"},"thumbnailUrl":"https:\/\/veritasinfo.org\/wp-content\/uploads\/2025\/09\/547380118_1192509636244451_3078904274113598855_n.jpg","datePublished":"2025-09-22T17:35:46+00:00","author":{"@id":"https:\/\/veritasinfo.org\/#\/schema\/person\/fe199eede04c3937362892b7444747cc"},"breadcrumb":{"@id":"https:\/\/veritasinfo.org\/?p=13181&lang=sr#breadcrumb"},"inLanguage":"en-US","potentialAction":[{"@type":"ReadAction","target":["https:\/\/veritasinfo.org\/?p=13181&lang=sr"]}]},{"@type":"ImageObject","inLanguage":"en-US","@id":"https:\/\/veritasinfo.org\/?p=13181&lang=sr#primaryimage","url":"https:\/\/veritasinfo.org\/wp-content\/uploads\/2025\/09\/547380118_1192509636244451_3078904274113598855_n.jpg","contentUrl":"https:\/\/veritasinfo.org\/wp-content\/uploads\/2025\/09\/547380118_1192509636244451_3078904274113598855_n.jpg","width":2048,"height":1361},{"@type":"BreadcrumbList","@id":"https:\/\/veritasinfo.org\/?p=13181&lang=sr#breadcrumb","itemListElement":[{"@type":"ListItem","position":1,"name":"Home","item":"https:\/\/veritasinfo.org\/"},{"@type":"ListItem","position":2,"name":"Kandidat za gradona\u010delnika Leposavi\u0107a: Srpska lista nas je dovela dovde, na Kosovu ostala samo \u201e\u0161aka jada\u201c"}]},{"@type":"WebSite","@id":"https:\/\/veritasinfo.org\/#website","url":"https:\/\/veritasinfo.org\/","name":"","description":"","potentialAction":[{"@type":"SearchAction","target":{"@type":"EntryPoint","urlTemplate":"https:\/\/veritasinfo.org\/?s={search_term_string}"},"query-input":{"@type":"PropertyValueSpecification","valueRequired":true,"valueName":"search_term_string"}}],"inLanguage":"en-US"},{"@type":"Person","@id":"https:\/\/veritasinfo.org\/#\/schema\/person\/fe199eede04c3937362892b7444747cc","name":"US6","image":{"@type":"ImageObject","inLanguage":"en-US","@id":"https:\/\/veritasinfo.org\/#\/schema\/person\/image\/","url":"https:\/\/secure.gravatar.com\/avatar\/cb16c3c31c9d23b9b8c705964598220b3014e42ff51eb540ff23cefa3ae8c15f?s=96&d=mm&r=g","contentUrl":"https:\/\/secure.gravatar.com\/avatar\/cb16c3c31c9d23b9b8c705964598220b3014e42ff51eb540ff23cefa3ae8c15f?s=96&d=mm&r=g","caption":"US6"},"url":"https:\/\/veritasinfo.org\/?author=7"}]}},"featured_image_urls":{"full":["https:\/\/veritasinfo.org\/wp-content\/uploads\/2025\/09\/547380118_1192509636244451_3078904274113598855_n.jpg",2048,1361,false],"thumbnail":["https:\/\/veritasinfo.org\/wp-content\/uploads\/2025\/09\/547380118_1192509636244451_3078904274113598855_n-150x150.jpg",150,150,true],"medium":["https:\/\/veritasinfo.org\/wp-content\/uploads\/2025\/09\/547380118_1192509636244451_3078904274113598855_n-300x199.jpg",300,199,true],"medium_large":["https:\/\/veritasinfo.org\/wp-content\/uploads\/2025\/09\/547380118_1192509636244451_3078904274113598855_n-768x510.jpg",640,425,true],"large":["https:\/\/veritasinfo.org\/wp-content\/uploads\/2025\/09\/547380118_1192509636244451_3078904274113598855_n-1024x681.jpg",640,426,true],"1536x1536":["https:\/\/veritasinfo.org\/wp-content\/uploads\/2025\/09\/547380118_1192509636244451_3078904274113598855_n-1536x1021.jpg",1536,1021,true],"2048x2048":["https:\/\/veritasinfo.org\/wp-content\/uploads\/2025\/09\/547380118_1192509636244451_3078904274113598855_n.jpg",2048,1361,false],"kreeti-slider-full":["https:\/\/veritasinfo.org\/wp-content\/uploads\/2025\/09\/547380118_1192509636244451_3078904274113598855_n.jpg",1083,720,false],"kreeti-featured":["https:\/\/veritasinfo.org\/wp-content\/uploads\/2025\/09\/547380118_1192509636244451_3078904274113598855_n.jpg",1024,681,false],"kreeti-medium":["https:\/\/veritasinfo.org\/wp-content\/uploads\/2025\/09\/547380118_1192509636244451_3078904274113598855_n.jpg",720,478,false],"kreeti-medium-square":["https:\/\/veritasinfo.org\/wp-content\/uploads\/2025\/09\/547380118_1192509636244451_3078904274113598855_n.jpg",350,233,false]},"author_info":{"info":["US6"]},"category_info":"<a href=\"https:\/\/veritasinfo.org\/?cat=42&#038;lang=sr\" rel=\"category\">Parlamentarni izbori\u00a02025<\/a>","tag_info":"Parlamentarni izbori\u00a02025","comment_count":"0","_links":{"self":[{"href":"https:\/\/veritasinfo.org\/index.php?rest_route=\/wp\/v2\/posts\/13181","targetHints":{"allow":["GET"]}}],"collection":[{"href":"https:\/\/veritasinfo.org\/index.php?rest_route=\/wp\/v2\/posts"}],"about":[{"href":"https:\/\/veritasinfo.org\/index.php?rest_route=\/wp\/v2\/types\/post"}],"author":[{"embeddable":true,"href":"https:\/\/veritasinfo.org\/index.php?rest_route=\/wp\/v2\/users\/7"}],"replies":[{"embeddable":true,"href":"https:\/\/veritasinfo.org\/index.php?rest_route=%2Fwp%2Fv2%2Fcomments&post=13181"}],"version-history":[{"count":1,"href":"https:\/\/veritasinfo.org\/index.php?rest_route=\/wp\/v2\/posts\/13181\/revisions"}],"predecessor-version":[{"id":13183,"href":"https:\/\/veritasinfo.org\/index.php?rest_route=\/wp\/v2\/posts\/13181\/revisions\/13183"}],"wp:featuredmedia":[{"embeddable":true,"href":"https:\/\/veritasinfo.org\/index.php?rest_route=\/wp\/v2\/media\/13182"}],"wp:attachment":[{"href":"https:\/\/veritasinfo.org\/index.php?rest_route=%2Fwp%2Fv2%2Fmedia&parent=13181"}],"wp:term":[{"taxonomy":"category","embeddable":true,"href":"https:\/\/veritasinfo.org\/index.php?rest_route=%2Fwp%2Fv2%2Fcategories&post=13181"},{"taxonomy":"post_tag","embeddable":true,"href":"https:\/\/veritasinfo.org\/index.php?rest_route=%2Fwp%2Fv2%2Ftags&post=13181"}],"curies":[{"name":"wp","href":"https:\/\/api.w.org\/{rel}","templated":true}]}}