{"id":13145,"date":"2025-09-22T16:39:02","date_gmt":"2025-09-22T14:39:02","guid":{"rendered":"https:\/\/veritasinfo.org\/?p=13145"},"modified":"2025-09-22T16:39:02","modified_gmt":"2025-09-22T14:39:02","slug":"kurti-reagon-per-vdekjen-e-enver-petrovcit-sot-kosova-humbi-nje-thesar-kombetar","status":"publish","type":"post","link":"https:\/\/veritasinfo.org\/?p=13145","title":{"rendered":"Kurti reagon p\u00ebr vdekjen e Enver Petrovcit: Sot Kosova humbi nj\u00eb thesar komb\u00ebtar"},"content":{"rendered":"<p>Prishtin\u00eb 22 Shtator 2025<\/p>\n<p>Kryeministri n\u00eb detyr\u00eb, Albin Kurti ka reaguar p\u00ebr vdekjen e aktorit dhe regjisorit, Enver Petrovci, duke th\u00ebn\u00eb se sot Kosova ka humbur nj\u00eb thesar komb\u00ebtar.<\/p>\n<p>Kurti ka theksuar se para vepr\u00ebs s\u00eb Petrovcit shtrihet nj\u00eb kaleidoskop artistik i pamas\u00eb, i cili, sipas tij, me rolet dhe profesionalizmin e p\u00ebrpikt\u00eb, e ka ngritiur teatrin dhe filmin kosovar n\u00eb sken\u00ebn vendore, rajonale dhe evropiane.<\/p>\n<p>\u201cMe dhimbje e pik\u00ebllim mora lajmin p\u00ebr ndarjen nga jeta t\u00eb aktorit, regjisorit dhe pedagogut ton\u00eb Enver Petrovci. Kujtesa energjike dhe qart\u00ebsia e mendimit e b\u00ebnin t\u00eb ve\u00e7ant\u00eb: n\u00eb \u00e7do takim p\u00ebr\u00e7onte frym\u00ebzim me liri shprehjeje, kurse me v\u00ebshtrime lucide e humor vitruoz ndri\u00e7onte \u00e7do bised\u00eb. Para vepr\u00ebs s\u00eb tij shtrihet nj\u00eb kaleidoskop artistik i pamas\u00eb. Ai ishte themelues i Teatrit \u201cDodona\u201d dhe i Shkoll\u00ebs s\u00eb Aktrimit, profesor n\u00eb deg\u00ebn e aktrimit n\u00eb Universitetin e Prishtin\u00ebs, i dashur p\u00ebr aq shum\u00eb gjenerata student\u00ebsh. Me rolet e tij t\u00eb paharrueshme dhe profesionalizmin e p\u00ebrpikt\u00eb, ai e ngriti teatrin dhe filmin ton\u00eb n\u00eb sken\u00ebn vendore, rajonale dhe evropiane.<br \/>\nSot Kosova humbi nj\u00eb thesar komb\u00ebtar, por trash\u00ebgimia e tij artistike do t\u00eb mbetet e gjall\u00eb, pasuri e p\u00ebrbashk\u00ebt q\u00eb institucionet tona dhe komuniteti i artist\u00ebve do ta ruajn\u00eb e p\u00ebrcjellin brez pas brezi. Ngush\u00ebllime t\u00eb p\u00ebrzem\u00ebrta familjes, koleg\u00ebve dhe t\u00eb gjith\u00eb artdash\u00ebsve\u201d, ka shkruar Kurti n\u00eb Facebook.<\/p>\n","protected":false},"excerpt":{"rendered":"<p>Prishtin\u00eb 22 Shtator 2025 Kryeministri n\u00eb detyr\u00eb, Albin Kurti ka reaguar p\u00ebr vdekjen e aktorit dhe regjisorit, Enver Petrovci, duke th\u00ebn\u00eb se sot Kosova ka<\/p>\n","protected":false},"author":6,"featured_media":13146,"comment_status":"open","ping_status":"open","sticky":false,"template":"","format":"standard","meta":{"footnotes":""},"categories":[60],"tags":[],"class_list":["post-13145","post","type-post","status-publish","format-standard","has-post-thumbnail","hentry","category-shoqerore-sq"],"yoast_head":"<!-- This site is optimized with the Yoast SEO plugin v25.3.1 - https:\/\/yoast.com\/wordpress\/plugins\/seo\/ -->\n<title>Kurti reagon p\u00ebr vdekjen e Enver Petrovcit: Sot Kosova humbi nj\u00eb thesar komb\u00ebtar -<\/title>\n<meta name=\"robots\" content=\"index, follow, max-snippet:-1, max-image-preview:large, max-video-preview:-1\" \/>\n<link rel=\"canonical\" href=\"https:\/\/veritasinfo.org\/?p=13145\" \/>\n<meta property=\"og:locale\" content=\"en_US\" \/>\n<meta property=\"og:type\" content=\"article\" \/>\n<meta property=\"og:title\" content=\"Kurti reagon p\u00ebr vdekjen e Enver Petrovcit: Sot Kosova humbi nj\u00eb thesar komb\u00ebtar -\" \/>\n<meta property=\"og:description\" content=\"Prishtin\u00eb 22 Shtator 2025 Kryeministri n\u00eb detyr\u00eb, Albin Kurti ka reaguar p\u00ebr vdekjen e aktorit dhe regjisorit, Enver Petrovci, duke th\u00ebn\u00eb se sot Kosova ka\" \/>\n<meta property=\"og:url\" content=\"https:\/\/veritasinfo.org\/?p=13145\" \/>\n<meta property=\"article:published_time\" content=\"2025-09-22T14:39:02+00:00\" \/>\n<meta property=\"og:image\" content=\"https:\/\/veritasinfo.org\/wp-content\/uploads\/2025\/09\/ael.jpg\" \/>\n\t<meta property=\"og:image:width\" content=\"750\" \/>\n\t<meta property=\"og:image:height\" content=\"500\" \/>\n\t<meta property=\"og:image:type\" content=\"image\/jpeg\" \/>\n<meta name=\"author\" content=\"US5\" \/>\n<meta name=\"twitter:card\" content=\"summary_large_image\" \/>\n<meta name=\"twitter:label1\" content=\"Written by\" \/>\n\t<meta name=\"twitter:data1\" content=\"US5\" \/>\n\t<meta name=\"twitter:label2\" content=\"Est. reading time\" \/>\n\t<meta name=\"twitter:data2\" content=\"2 minutes\" \/>\n<script type=\"application\/ld+json\" class=\"yoast-schema-graph\">{\"@context\":\"https:\/\/schema.org\",\"@graph\":[{\"@type\":\"WebPage\",\"@id\":\"https:\/\/veritasinfo.org\/?p=13145\",\"url\":\"https:\/\/veritasinfo.org\/?p=13145\",\"name\":\"Kurti reagon p\u00ebr vdekjen e Enver Petrovcit: Sot Kosova humbi nj\u00eb thesar komb\u00ebtar -\",\"isPartOf\":{\"@id\":\"https:\/\/veritasinfo.org\/#website\"},\"primaryImageOfPage\":{\"@id\":\"https:\/\/veritasinfo.org\/?p=13145#primaryimage\"},\"image\":{\"@id\":\"https:\/\/veritasinfo.org\/?p=13145#primaryimage\"},\"thumbnailUrl\":\"https:\/\/veritasinfo.org\/wp-content\/uploads\/2025\/09\/ael.jpg\",\"datePublished\":\"2025-09-22T14:39:02+00:00\",\"author\":{\"@id\":\"https:\/\/veritasinfo.org\/#\/schema\/person\/bc442336e35414d04494ab8fb45db4c6\"},\"breadcrumb\":{\"@id\":\"https:\/\/veritasinfo.org\/?p=13145#breadcrumb\"},\"inLanguage\":\"en-US\",\"potentialAction\":[{\"@type\":\"ReadAction\",\"target\":[\"https:\/\/veritasinfo.org\/?p=13145\"]}]},{\"@type\":\"ImageObject\",\"inLanguage\":\"en-US\",\"@id\":\"https:\/\/veritasinfo.org\/?p=13145#primaryimage\",\"url\":\"https:\/\/veritasinfo.org\/wp-content\/uploads\/2025\/09\/ael.jpg\",\"contentUrl\":\"https:\/\/veritasinfo.org\/wp-content\/uploads\/2025\/09\/ael.jpg\",\"width\":750,\"height\":500},{\"@type\":\"BreadcrumbList\",\"@id\":\"https:\/\/veritasinfo.org\/?p=13145#breadcrumb\",\"itemListElement\":[{\"@type\":\"ListItem\",\"position\":1,\"name\":\"Home\",\"item\":\"https:\/\/veritasinfo.org\/\"},{\"@type\":\"ListItem\",\"position\":2,\"name\":\"Kurti reagon p\u00ebr vdekjen e Enver Petrovcit: Sot Kosova humbi nj\u00eb thesar komb\u00ebtar\"}]},{\"@type\":\"WebSite\",\"@id\":\"https:\/\/veritasinfo.org\/#website\",\"url\":\"https:\/\/veritasinfo.org\/\",\"name\":\"\",\"description\":\"\",\"potentialAction\":[{\"@type\":\"SearchAction\",\"target\":{\"@type\":\"EntryPoint\",\"urlTemplate\":\"https:\/\/veritasinfo.org\/?s={search_term_string}\"},\"query-input\":{\"@type\":\"PropertyValueSpecification\",\"valueRequired\":true,\"valueName\":\"search_term_string\"}}],\"inLanguage\":\"en-US\"},{\"@type\":\"Person\",\"@id\":\"https:\/\/veritasinfo.org\/#\/schema\/person\/bc442336e35414d04494ab8fb45db4c6\",\"name\":\"US5\",\"image\":{\"@type\":\"ImageObject\",\"inLanguage\":\"en-US\",\"@id\":\"https:\/\/veritasinfo.org\/#\/schema\/person\/image\/\",\"url\":\"https:\/\/secure.gravatar.com\/avatar\/16a61e7272a0c5d001121ebb9e60e925d5816e4ac1e443ed3e640d9a6ae55d0c?s=96&d=mm&r=g\",\"contentUrl\":\"https:\/\/secure.gravatar.com\/avatar\/16a61e7272a0c5d001121ebb9e60e925d5816e4ac1e443ed3e640d9a6ae55d0c?s=96&d=mm&r=g\",\"caption\":\"US5\"},\"url\":\"https:\/\/veritasinfo.org\/?author=6\"}]}<\/script>\n<!-- \/ Yoast SEO plugin. -->","yoast_head_json":{"title":"Kurti reagon p\u00ebr vdekjen e Enver Petrovcit: Sot Kosova humbi nj\u00eb thesar komb\u00ebtar -","robots":{"index":"index","follow":"follow","max-snippet":"max-snippet:-1","max-image-preview":"max-image-preview:large","max-video-preview":"max-video-preview:-1"},"canonical":"https:\/\/veritasinfo.org\/?p=13145","og_locale":"en_US","og_type":"article","og_title":"Kurti reagon p\u00ebr vdekjen e Enver Petrovcit: Sot Kosova humbi nj\u00eb thesar komb\u00ebtar -","og_description":"Prishtin\u00eb 22 Shtator 2025 Kryeministri n\u00eb detyr\u00eb, Albin Kurti ka reaguar p\u00ebr vdekjen e aktorit dhe regjisorit, Enver Petrovci, duke th\u00ebn\u00eb se sot Kosova ka","og_url":"https:\/\/veritasinfo.org\/?p=13145","article_published_time":"2025-09-22T14:39:02+00:00","og_image":[{"width":750,"height":500,"url":"https:\/\/veritasinfo.org\/wp-content\/uploads\/2025\/09\/ael.jpg","type":"image\/jpeg"}],"author":"US5","twitter_card":"summary_large_image","twitter_misc":{"Written by":"US5","Est. reading time":"2 minutes"},"schema":{"@context":"https:\/\/schema.org","@graph":[{"@type":"WebPage","@id":"https:\/\/veritasinfo.org\/?p=13145","url":"https:\/\/veritasinfo.org\/?p=13145","name":"Kurti reagon p\u00ebr vdekjen e Enver Petrovcit: Sot Kosova humbi nj\u00eb thesar komb\u00ebtar -","isPartOf":{"@id":"https:\/\/veritasinfo.org\/#website"},"primaryImageOfPage":{"@id":"https:\/\/veritasinfo.org\/?p=13145#primaryimage"},"image":{"@id":"https:\/\/veritasinfo.org\/?p=13145#primaryimage"},"thumbnailUrl":"https:\/\/veritasinfo.org\/wp-content\/uploads\/2025\/09\/ael.jpg","datePublished":"2025-09-22T14:39:02+00:00","author":{"@id":"https:\/\/veritasinfo.org\/#\/schema\/person\/bc442336e35414d04494ab8fb45db4c6"},"breadcrumb":{"@id":"https:\/\/veritasinfo.org\/?p=13145#breadcrumb"},"inLanguage":"en-US","potentialAction":[{"@type":"ReadAction","target":["https:\/\/veritasinfo.org\/?p=13145"]}]},{"@type":"ImageObject","inLanguage":"en-US","@id":"https:\/\/veritasinfo.org\/?p=13145#primaryimage","url":"https:\/\/veritasinfo.org\/wp-content\/uploads\/2025\/09\/ael.jpg","contentUrl":"https:\/\/veritasinfo.org\/wp-content\/uploads\/2025\/09\/ael.jpg","width":750,"height":500},{"@type":"BreadcrumbList","@id":"https:\/\/veritasinfo.org\/?p=13145#breadcrumb","itemListElement":[{"@type":"ListItem","position":1,"name":"Home","item":"https:\/\/veritasinfo.org\/"},{"@type":"ListItem","position":2,"name":"Kurti reagon p\u00ebr vdekjen e Enver Petrovcit: Sot Kosova humbi nj\u00eb thesar komb\u00ebtar"}]},{"@type":"WebSite","@id":"https:\/\/veritasinfo.org\/#website","url":"https:\/\/veritasinfo.org\/","name":"","description":"","potentialAction":[{"@type":"SearchAction","target":{"@type":"EntryPoint","urlTemplate":"https:\/\/veritasinfo.org\/?s={search_term_string}"},"query-input":{"@type":"PropertyValueSpecification","valueRequired":true,"valueName":"search_term_string"}}],"inLanguage":"en-US"},{"@type":"Person","@id":"https:\/\/veritasinfo.org\/#\/schema\/person\/bc442336e35414d04494ab8fb45db4c6","name":"US5","image":{"@type":"ImageObject","inLanguage":"en-US","@id":"https:\/\/veritasinfo.org\/#\/schema\/person\/image\/","url":"https:\/\/secure.gravatar.com\/avatar\/16a61e7272a0c5d001121ebb9e60e925d5816e4ac1e443ed3e640d9a6ae55d0c?s=96&d=mm&r=g","contentUrl":"https:\/\/secure.gravatar.com\/avatar\/16a61e7272a0c5d001121ebb9e60e925d5816e4ac1e443ed3e640d9a6ae55d0c?s=96&d=mm&r=g","caption":"US5"},"url":"https:\/\/veritasinfo.org\/?author=6"}]}},"featured_image_urls":{"full":["https:\/\/veritasinfo.org\/wp-content\/uploads\/2025\/09\/ael.jpg",750,500,false],"thumbnail":["https:\/\/veritasinfo.org\/wp-content\/uploads\/2025\/09\/ael-150x150.jpg",150,150,true],"medium":["https:\/\/veritasinfo.org\/wp-content\/uploads\/2025\/09\/ael-300x200.jpg",300,200,true],"medium_large":["https:\/\/veritasinfo.org\/wp-content\/uploads\/2025\/09\/ael.jpg",640,427,false],"large":["https:\/\/veritasinfo.org\/wp-content\/uploads\/2025\/09\/ael.jpg",640,427,false],"1536x1536":["https:\/\/veritasinfo.org\/wp-content\/uploads\/2025\/09\/ael.jpg",750,500,false],"2048x2048":["https:\/\/veritasinfo.org\/wp-content\/uploads\/2025\/09\/ael.jpg",750,500,false],"kreeti-slider-full":["https:\/\/veritasinfo.org\/wp-content\/uploads\/2025\/09\/ael.jpg",750,500,false],"kreeti-featured":["https:\/\/veritasinfo.org\/wp-content\/uploads\/2025\/09\/ael.jpg",750,500,false],"kreeti-medium":["https:\/\/veritasinfo.org\/wp-content\/uploads\/2025\/09\/ael.jpg",720,480,false],"kreeti-medium-square":["https:\/\/veritasinfo.org\/wp-content\/uploads\/2025\/09\/ael.jpg",350,233,false]},"author_info":{"info":["US5"]},"category_info":"<a href=\"https:\/\/veritasinfo.org\/?cat=60\" rel=\"category\">Shoq\u00ebrore<\/a>","tag_info":"Shoq\u00ebrore","comment_count":"0","_links":{"self":[{"href":"https:\/\/veritasinfo.org\/index.php?rest_route=\/wp\/v2\/posts\/13145","targetHints":{"allow":["GET"]}}],"collection":[{"href":"https:\/\/veritasinfo.org\/index.php?rest_route=\/wp\/v2\/posts"}],"about":[{"href":"https:\/\/veritasinfo.org\/index.php?rest_route=\/wp\/v2\/types\/post"}],"author":[{"embeddable":true,"href":"https:\/\/veritasinfo.org\/index.php?rest_route=\/wp\/v2\/users\/6"}],"replies":[{"embeddable":true,"href":"https:\/\/veritasinfo.org\/index.php?rest_route=%2Fwp%2Fv2%2Fcomments&post=13145"}],"version-history":[{"count":1,"href":"https:\/\/veritasinfo.org\/index.php?rest_route=\/wp\/v2\/posts\/13145\/revisions"}],"predecessor-version":[{"id":13147,"href":"https:\/\/veritasinfo.org\/index.php?rest_route=\/wp\/v2\/posts\/13145\/revisions\/13147"}],"wp:featuredmedia":[{"embeddable":true,"href":"https:\/\/veritasinfo.org\/index.php?rest_route=\/wp\/v2\/media\/13146"}],"wp:attachment":[{"href":"https:\/\/veritasinfo.org\/index.php?rest_route=%2Fwp%2Fv2%2Fmedia&parent=13145"}],"wp:term":[{"taxonomy":"category","embeddable":true,"href":"https:\/\/veritasinfo.org\/index.php?rest_route=%2Fwp%2Fv2%2Fcategories&post=13145"},{"taxonomy":"post_tag","embeddable":true,"href":"https:\/\/veritasinfo.org\/index.php?rest_route=%2Fwp%2Fv2%2Ftags&post=13145"}],"curies":[{"name":"wp","href":"https:\/\/api.w.org\/{rel}","templated":true}]}}