{"id":13131,"date":"2025-09-22T16:23:56","date_gmt":"2025-09-22T14:23:56","guid":{"rendered":"https:\/\/veritasinfo.org\/?p=13131"},"modified":"2025-09-22T16:23:56","modified_gmt":"2025-09-22T14:23:56","slug":"presidentja-osmani-ngushellon-familjen-petrovci","status":"publish","type":"post","link":"https:\/\/veritasinfo.org\/?p=13131","title":{"rendered":"Presidentja Osmani ngush\u00ebllon Familjen Petrovci"},"content":{"rendered":"<p>Prishtin\u00eb, 22 shtator 2025<\/p>\n<p>Presidentja e Republik\u00ebs s\u00eb Kosov\u00ebs, Vjosa Osmani, ka ngush\u00eblluar familjen Petrovci p\u00ebr ndarjen nga jeta t\u00eb aktorit dhe regjisorit, Enver Petrovci<\/p>\n<p>\u201cMe pik\u00ebllim t\u00eb thell\u00eb mor\u00ebm lajmin p\u00ebr ndarjen nga jeta t\u00eb aktorit dhe regjisorit, Enver Petrovci. Ai mbetet nj\u00eb nd\u00ebr figurat m\u00eb t\u00eb shquara t\u00eb kultur\u00ebs son\u00eb.<\/p>\n<p>Me talentin dhe vepr\u00ebn e tij i dha artit ton\u00eb profesionaliz\u00ebm dhe dinjitet.<\/p>\n<p>Kujtimi dhe kontributi i tij do t\u00eb jetojn\u00eb p\u00ebrher\u00eb n\u00eb skenat tona dhe n\u00eb kujtes\u00ebn e popullit t\u00eb Kosov\u00ebs.<\/p>\n<p>Ju shpreh ngush\u00ebllime t\u00eb sinqerta familjes Petrovci, miqve dhe gjith\u00eb komunitetit kulturor.<\/p>\n<p>N\u00eb k\u00ebto \u00e7aste t\u00eb r\u00ebnda p\u00ebr familjen, bashk\u00ebndjej me ju dhe ju inkurajoj q\u00eb t\u00eb gjeni forc\u00eb n\u00eb p\u00ebrballimin e dhimbjes.<\/p>\n<p>I p\u00ebrhersh\u00ebm qoft\u00eb kujtimi p\u00ebr Enver Petrovcin!\u201d, thuhet n\u00eb telegramin e ngush\u00ebllimit<\/p>\n","protected":false},"excerpt":{"rendered":"<p>Prishtin\u00eb, 22 shtator 2025 Presidentja e Republik\u00ebs s\u00eb Kosov\u00ebs, Vjosa Osmani, ka ngush\u00eblluar familjen Petrovci p\u00ebr ndarjen nga jeta t\u00eb aktorit dhe regjisorit, Enver Petrovci<\/p>\n","protected":false},"author":7,"featured_media":13132,"comment_status":"open","ping_status":"open","sticky":false,"template":"","format":"standard","meta":{"footnotes":""},"categories":[54],"tags":[],"class_list":["post-13131","post","type-post","status-publish","format-standard","has-post-thumbnail","hentry","category-kulture-sq"],"yoast_head":"<!-- This site is optimized with the Yoast SEO plugin v25.3.1 - https:\/\/yoast.com\/wordpress\/plugins\/seo\/ -->\n<title>Presidentja Osmani ngush\u00ebllon Familjen Petrovci -<\/title>\n<meta name=\"robots\" content=\"index, follow, max-snippet:-1, max-image-preview:large, max-video-preview:-1\" \/>\n<link rel=\"canonical\" href=\"https:\/\/veritasinfo.org\/?p=13131\" \/>\n<meta property=\"og:locale\" content=\"en_US\" \/>\n<meta property=\"og:type\" content=\"article\" \/>\n<meta property=\"og:title\" content=\"Presidentja Osmani ngush\u00ebllon Familjen Petrovci -\" \/>\n<meta property=\"og:description\" content=\"Prishtin\u00eb, 22 shtator 2025 Presidentja e Republik\u00ebs s\u00eb Kosov\u00ebs, Vjosa Osmani, ka ngush\u00eblluar familjen Petrovci p\u00ebr ndarjen nga jeta t\u00eb aktorit dhe regjisorit, Enver Petrovci\" \/>\n<meta property=\"og:url\" content=\"https:\/\/veritasinfo.org\/?p=13131\" \/>\n<meta property=\"article:published_time\" content=\"2025-09-22T14:23:56+00:00\" \/>\n<meta property=\"og:image\" content=\"https:\/\/veritasinfo.org\/wp-content\/uploads\/2025\/09\/Enver-Petrovci.jpg\" \/>\n\t<meta property=\"og:image:width\" content=\"1005\" \/>\n\t<meta property=\"og:image:height\" content=\"559\" \/>\n\t<meta property=\"og:image:type\" content=\"image\/jpeg\" \/>\n<meta name=\"author\" content=\"US6\" \/>\n<meta name=\"twitter:card\" content=\"summary_large_image\" \/>\n<meta name=\"twitter:label1\" content=\"Written by\" \/>\n\t<meta name=\"twitter:data1\" content=\"US6\" \/>\n\t<meta name=\"twitter:label2\" content=\"Est. reading time\" \/>\n\t<meta name=\"twitter:data2\" content=\"1 minute\" \/>\n<script type=\"application\/ld+json\" class=\"yoast-schema-graph\">{\"@context\":\"https:\/\/schema.org\",\"@graph\":[{\"@type\":\"WebPage\",\"@id\":\"https:\/\/veritasinfo.org\/?p=13131\",\"url\":\"https:\/\/veritasinfo.org\/?p=13131\",\"name\":\"Presidentja Osmani ngush\u00ebllon Familjen Petrovci -\",\"isPartOf\":{\"@id\":\"https:\/\/veritasinfo.org\/#website\"},\"primaryImageOfPage\":{\"@id\":\"https:\/\/veritasinfo.org\/?p=13131#primaryimage\"},\"image\":{\"@id\":\"https:\/\/veritasinfo.org\/?p=13131#primaryimage\"},\"thumbnailUrl\":\"https:\/\/veritasinfo.org\/wp-content\/uploads\/2025\/09\/Enver-Petrovci.jpg\",\"datePublished\":\"2025-09-22T14:23:56+00:00\",\"author\":{\"@id\":\"https:\/\/veritasinfo.org\/#\/schema\/person\/fe199eede04c3937362892b7444747cc\"},\"breadcrumb\":{\"@id\":\"https:\/\/veritasinfo.org\/?p=13131#breadcrumb\"},\"inLanguage\":\"en-US\",\"potentialAction\":[{\"@type\":\"ReadAction\",\"target\":[\"https:\/\/veritasinfo.org\/?p=13131\"]}]},{\"@type\":\"ImageObject\",\"inLanguage\":\"en-US\",\"@id\":\"https:\/\/veritasinfo.org\/?p=13131#primaryimage\",\"url\":\"https:\/\/veritasinfo.org\/wp-content\/uploads\/2025\/09\/Enver-Petrovci.jpg\",\"contentUrl\":\"https:\/\/veritasinfo.org\/wp-content\/uploads\/2025\/09\/Enver-Petrovci.jpg\",\"width\":1005,\"height\":559},{\"@type\":\"BreadcrumbList\",\"@id\":\"https:\/\/veritasinfo.org\/?p=13131#breadcrumb\",\"itemListElement\":[{\"@type\":\"ListItem\",\"position\":1,\"name\":\"Home\",\"item\":\"https:\/\/veritasinfo.org\/\"},{\"@type\":\"ListItem\",\"position\":2,\"name\":\"Presidentja Osmani ngush\u00ebllon Familjen Petrovci\"}]},{\"@type\":\"WebSite\",\"@id\":\"https:\/\/veritasinfo.org\/#website\",\"url\":\"https:\/\/veritasinfo.org\/\",\"name\":\"\",\"description\":\"\",\"potentialAction\":[{\"@type\":\"SearchAction\",\"target\":{\"@type\":\"EntryPoint\",\"urlTemplate\":\"https:\/\/veritasinfo.org\/?s={search_term_string}\"},\"query-input\":{\"@type\":\"PropertyValueSpecification\",\"valueRequired\":true,\"valueName\":\"search_term_string\"}}],\"inLanguage\":\"en-US\"},{\"@type\":\"Person\",\"@id\":\"https:\/\/veritasinfo.org\/#\/schema\/person\/fe199eede04c3937362892b7444747cc\",\"name\":\"US6\",\"image\":{\"@type\":\"ImageObject\",\"inLanguage\":\"en-US\",\"@id\":\"https:\/\/veritasinfo.org\/#\/schema\/person\/image\/\",\"url\":\"https:\/\/secure.gravatar.com\/avatar\/cb16c3c31c9d23b9b8c705964598220b3014e42ff51eb540ff23cefa3ae8c15f?s=96&d=mm&r=g\",\"contentUrl\":\"https:\/\/secure.gravatar.com\/avatar\/cb16c3c31c9d23b9b8c705964598220b3014e42ff51eb540ff23cefa3ae8c15f?s=96&d=mm&r=g\",\"caption\":\"US6\"},\"url\":\"https:\/\/veritasinfo.org\/?author=7\"}]}<\/script>\n<!-- \/ Yoast SEO plugin. -->","yoast_head_json":{"title":"Presidentja Osmani ngush\u00ebllon Familjen Petrovci -","robots":{"index":"index","follow":"follow","max-snippet":"max-snippet:-1","max-image-preview":"max-image-preview:large","max-video-preview":"max-video-preview:-1"},"canonical":"https:\/\/veritasinfo.org\/?p=13131","og_locale":"en_US","og_type":"article","og_title":"Presidentja Osmani ngush\u00ebllon Familjen Petrovci -","og_description":"Prishtin\u00eb, 22 shtator 2025 Presidentja e Republik\u00ebs s\u00eb Kosov\u00ebs, Vjosa Osmani, ka ngush\u00eblluar familjen Petrovci p\u00ebr ndarjen nga jeta t\u00eb aktorit dhe regjisorit, Enver Petrovci","og_url":"https:\/\/veritasinfo.org\/?p=13131","article_published_time":"2025-09-22T14:23:56+00:00","og_image":[{"width":1005,"height":559,"url":"https:\/\/veritasinfo.org\/wp-content\/uploads\/2025\/09\/Enver-Petrovci.jpg","type":"image\/jpeg"}],"author":"US6","twitter_card":"summary_large_image","twitter_misc":{"Written by":"US6","Est. reading time":"1 minute"},"schema":{"@context":"https:\/\/schema.org","@graph":[{"@type":"WebPage","@id":"https:\/\/veritasinfo.org\/?p=13131","url":"https:\/\/veritasinfo.org\/?p=13131","name":"Presidentja Osmani ngush\u00ebllon Familjen Petrovci -","isPartOf":{"@id":"https:\/\/veritasinfo.org\/#website"},"primaryImageOfPage":{"@id":"https:\/\/veritasinfo.org\/?p=13131#primaryimage"},"image":{"@id":"https:\/\/veritasinfo.org\/?p=13131#primaryimage"},"thumbnailUrl":"https:\/\/veritasinfo.org\/wp-content\/uploads\/2025\/09\/Enver-Petrovci.jpg","datePublished":"2025-09-22T14:23:56+00:00","author":{"@id":"https:\/\/veritasinfo.org\/#\/schema\/person\/fe199eede04c3937362892b7444747cc"},"breadcrumb":{"@id":"https:\/\/veritasinfo.org\/?p=13131#breadcrumb"},"inLanguage":"en-US","potentialAction":[{"@type":"ReadAction","target":["https:\/\/veritasinfo.org\/?p=13131"]}]},{"@type":"ImageObject","inLanguage":"en-US","@id":"https:\/\/veritasinfo.org\/?p=13131#primaryimage","url":"https:\/\/veritasinfo.org\/wp-content\/uploads\/2025\/09\/Enver-Petrovci.jpg","contentUrl":"https:\/\/veritasinfo.org\/wp-content\/uploads\/2025\/09\/Enver-Petrovci.jpg","width":1005,"height":559},{"@type":"BreadcrumbList","@id":"https:\/\/veritasinfo.org\/?p=13131#breadcrumb","itemListElement":[{"@type":"ListItem","position":1,"name":"Home","item":"https:\/\/veritasinfo.org\/"},{"@type":"ListItem","position":2,"name":"Presidentja Osmani ngush\u00ebllon Familjen Petrovci"}]},{"@type":"WebSite","@id":"https:\/\/veritasinfo.org\/#website","url":"https:\/\/veritasinfo.org\/","name":"","description":"","potentialAction":[{"@type":"SearchAction","target":{"@type":"EntryPoint","urlTemplate":"https:\/\/veritasinfo.org\/?s={search_term_string}"},"query-input":{"@type":"PropertyValueSpecification","valueRequired":true,"valueName":"search_term_string"}}],"inLanguage":"en-US"},{"@type":"Person","@id":"https:\/\/veritasinfo.org\/#\/schema\/person\/fe199eede04c3937362892b7444747cc","name":"US6","image":{"@type":"ImageObject","inLanguage":"en-US","@id":"https:\/\/veritasinfo.org\/#\/schema\/person\/image\/","url":"https:\/\/secure.gravatar.com\/avatar\/cb16c3c31c9d23b9b8c705964598220b3014e42ff51eb540ff23cefa3ae8c15f?s=96&d=mm&r=g","contentUrl":"https:\/\/secure.gravatar.com\/avatar\/cb16c3c31c9d23b9b8c705964598220b3014e42ff51eb540ff23cefa3ae8c15f?s=96&d=mm&r=g","caption":"US6"},"url":"https:\/\/veritasinfo.org\/?author=7"}]}},"featured_image_urls":{"full":["https:\/\/veritasinfo.org\/wp-content\/uploads\/2025\/09\/Enver-Petrovci.jpg",1005,559,false],"thumbnail":["https:\/\/veritasinfo.org\/wp-content\/uploads\/2025\/09\/Enver-Petrovci-150x150.jpg",150,150,true],"medium":["https:\/\/veritasinfo.org\/wp-content\/uploads\/2025\/09\/Enver-Petrovci-300x167.jpg",300,167,true],"medium_large":["https:\/\/veritasinfo.org\/wp-content\/uploads\/2025\/09\/Enver-Petrovci-768x427.jpg",640,356,true],"large":["https:\/\/veritasinfo.org\/wp-content\/uploads\/2025\/09\/Enver-Petrovci.jpg",640,356,false],"1536x1536":["https:\/\/veritasinfo.org\/wp-content\/uploads\/2025\/09\/Enver-Petrovci.jpg",1005,559,false],"2048x2048":["https:\/\/veritasinfo.org\/wp-content\/uploads\/2025\/09\/Enver-Petrovci.jpg",1005,559,false],"kreeti-slider-full":["https:\/\/veritasinfo.org\/wp-content\/uploads\/2025\/09\/Enver-Petrovci.jpg",1005,559,false],"kreeti-featured":["https:\/\/veritasinfo.org\/wp-content\/uploads\/2025\/09\/Enver-Petrovci.jpg",1005,559,false],"kreeti-medium":["https:\/\/veritasinfo.org\/wp-content\/uploads\/2025\/09\/Enver-Petrovci.jpg",720,400,false],"kreeti-medium-square":["https:\/\/veritasinfo.org\/wp-content\/uploads\/2025\/09\/Enver-Petrovci.jpg",350,195,false]},"author_info":{"info":["US6"]},"category_info":"<a href=\"https:\/\/veritasinfo.org\/?cat=54\" rel=\"category\">Kultur\u00eb<\/a>","tag_info":"Kultur\u00eb","comment_count":"0","_links":{"self":[{"href":"https:\/\/veritasinfo.org\/index.php?rest_route=\/wp\/v2\/posts\/13131","targetHints":{"allow":["GET"]}}],"collection":[{"href":"https:\/\/veritasinfo.org\/index.php?rest_route=\/wp\/v2\/posts"}],"about":[{"href":"https:\/\/veritasinfo.org\/index.php?rest_route=\/wp\/v2\/types\/post"}],"author":[{"embeddable":true,"href":"https:\/\/veritasinfo.org\/index.php?rest_route=\/wp\/v2\/users\/7"}],"replies":[{"embeddable":true,"href":"https:\/\/veritasinfo.org\/index.php?rest_route=%2Fwp%2Fv2%2Fcomments&post=13131"}],"version-history":[{"count":1,"href":"https:\/\/veritasinfo.org\/index.php?rest_route=\/wp\/v2\/posts\/13131\/revisions"}],"predecessor-version":[{"id":13133,"href":"https:\/\/veritasinfo.org\/index.php?rest_route=\/wp\/v2\/posts\/13131\/revisions\/13133"}],"wp:featuredmedia":[{"embeddable":true,"href":"https:\/\/veritasinfo.org\/index.php?rest_route=\/wp\/v2\/media\/13132"}],"wp:attachment":[{"href":"https:\/\/veritasinfo.org\/index.php?rest_route=%2Fwp%2Fv2%2Fmedia&parent=13131"}],"wp:term":[{"taxonomy":"category","embeddable":true,"href":"https:\/\/veritasinfo.org\/index.php?rest_route=%2Fwp%2Fv2%2Fcategories&post=13131"},{"taxonomy":"post_tag","embeddable":true,"href":"https:\/\/veritasinfo.org\/index.php?rest_route=%2Fwp%2Fv2%2Ftags&post=13131"}],"curies":[{"name":"wp","href":"https:\/\/api.w.org\/{rel}","templated":true}]}}