{"id":1313,"date":"2025-06-22T16:55:26","date_gmt":"2025-06-22T14:55:26","guid":{"rendered":"https:\/\/veritasinfo.org\/?p=1313"},"modified":"2025-06-22T16:57:13","modified_gmt":"2025-06-22T14:57:13","slug":"policia-bastis-pronat-e-alaksandar-arsenijeviqit-ne-zvecan-dhe-vallaqe","status":"publish","type":"post","link":"https:\/\/veritasinfo.org\/?p=1313","title":{"rendered":"Policia bastis pronat e Alaksandar Arsenijeviqit n\u00eb Zve\u00e7an dhe Vallaq\u00eb"},"content":{"rendered":"<p><strong>Zve\u00e7an, 22 Qershor, 2025<\/strong><\/p>\n<p>Policia e Kosov\u00ebs ka kontrolluar disa lokacione dhe ka gjetur nj\u00eb arm\u00eb n\u00eb nj\u00eb, n\u00eb fshatin Vala\u00e7, t\u00eb komun\u00ebs s\u00eb Zve\u00e7anit. Portali \u201cVeritas info\u201d merr vesh se bastisjet jan\u00eb kryer n\u00eb Restoranin \u201cSfension\u201d n\u00eb Zve\u00e7an dhe n\u00eb nj\u00eb ferm\u00eb kuajsh n\u00eb fshatin Vallaq\u00eb.<\/p>\n<p>T\u00eb dyja k\u00ebto prona i p\u00ebrkasin kryetarit t\u00eb Partis\u00eb Demokracia serbe, Aleksandar Arsenijeviq, p\u00ebrakat\u00ebsisht babait t\u00eb tij t\u00eb ndjer\u00eb.<\/p>\n<p>Portali m\u00ebson se n\u00eb fshatin Vallaq\u00eb, Arsenijeviq mban nja ferm\u00eb kuajsh ku edhe jan gjetur arm\u00ebt.<\/p>\n<p><img fetchpriority=\"high\" decoding=\"async\" class=\"alignnone size-full wp-image-1315\" src=\"https:\/\/veritasinfo.org\/wp-content\/uploads\/2025\/06\/restorani.jpg\" alt=\"\" width=\"168\" height=\"299\" \/><\/p>\n<p>Edhe pse z\u00ebv\u00ebndes komandanti i policis\u00eb p\u00ebr rajon e Mitrovic\u00ebs, Veton Elshani e ka konfirmuar bastisjen, ai nuk ka dh\u00ebn\u00eb detaje t\u00eb holl\u00ebsishme, mir\u00ebpo portali \u201cVERITAS INFO\u201d m\u00ebson se prona i p\u00ebrket kryetarit t\u00eb Demokracis\u00eb serbe, Aleksandar Arsenijeviq, i cili n\u00eb momentin e bastisjes ndodhej n\u00eb Serbi n\u00eb nj\u00eb seminar.<\/p>\n<p>\u201cK\u00ebrkuam disa vende, nd\u00ebrsa gjet\u00ebm arm\u00eb n\u00eb Valla\u00e7. Asnj\u00eb arrestim p\u00ebr momentin nuk \u00ebsht\u00eb b\u00ebr\u00eb. Kaq mund t\u00eb them p\u00ebr momentin\u201d, \u2013 tha z\u00ebvend\u00ebskomandanti i policis\u00eb s\u00eb Kosov\u00ebs p\u00ebr rajonin e veriut Veton Elshani.<\/p>\n<p>I pyetur p\u00ebr t\u00eb komentuar situat\u00ebn Arsnijeviq ka th\u00ebn\u00eb shkurt se e e t\u00ebr\u00eb kjo \u00ebsht\u00eb nj\u00eb montim \u201c\u00cbsht\u00eb nj\u00eb montim i past\u00ebr kjo situat\u00eb\u201d tha p\u00ebr \u201cVeritas info\u201d, shkurt Arsenijeviq.<\/p>\n<p><strong><img decoding=\"async\" class=\"alignnone size-medium wp-image-1316 lazyload\" data-src=\"https:\/\/veritasinfo.org\/wp-content\/uploads\/2025\/06\/Aleksandar-Arsenijeviq-780x439-1-300x169.jpg\" alt=\"\" width=\"300\" height=\"169\" data-srcset=\"https:\/\/veritasinfo.org\/wp-content\/uploads\/2025\/06\/Aleksandar-Arsenijeviq-780x439-1-300x169.jpg 300w, https:\/\/veritasinfo.org\/wp-content\/uploads\/2025\/06\/Aleksandar-Arsenijeviq-780x439-1-768x432.jpg 768w, https:\/\/veritasinfo.org\/wp-content\/uploads\/2025\/06\/Aleksandar-Arsenijeviq-780x439-1.jpg 780w\" data-sizes=\"(max-width: 300px) 100vw, 300px\" src=\"data:image\/gif;base64,R0lGODlhAQABAAAAACH5BAEKAAEALAAAAAABAAEAAAICTAEAOw==\" style=\"--smush-placeholder-width: 300px; --smush-placeholder-aspect-ratio: 300\/169;\" \/><\/strong><\/p>\n<p>&nbsp;<\/p>\n<p>&nbsp;<\/p>\n<p>&nbsp;<\/p>\n","protected":false},"excerpt":{"rendered":"<p>Zve\u00e7an, 22 Qershor, 2025 Policia e Kosov\u00ebs ka kontrolluar disa lokacione dhe ka gjetur nj\u00eb arm\u00eb n\u00eb nj\u00eb, n\u00eb fshatin Vala\u00e7, t\u00eb komun\u00ebs s\u00eb Zve\u00e7anit.<\/p>\n","protected":false},"author":2,"featured_media":1319,"comment_status":"open","ping_status":"open","sticky":false,"template":"","format":"standard","meta":{"footnotes":""},"categories":[60],"tags":[],"class_list":["post-1313","post","type-post","status-publish","format-standard","has-post-thumbnail","hentry","category-shoqerore-sq"],"yoast_head":"<!-- This site is optimized with the Yoast SEO plugin v25.3.1 - https:\/\/yoast.com\/wordpress\/plugins\/seo\/ -->\n<title>Policia bastis pronat e Alaksandar Arsenijeviqit n\u00eb Zve\u00e7an dhe Vallaq\u00eb -<\/title>\n<meta name=\"robots\" content=\"index, follow, max-snippet:-1, max-image-preview:large, max-video-preview:-1\" \/>\n<link rel=\"canonical\" href=\"https:\/\/veritasinfo.org\/?p=1313\" \/>\n<meta property=\"og:locale\" content=\"en_US\" \/>\n<meta property=\"og:type\" content=\"article\" \/>\n<meta property=\"og:title\" content=\"Policia bastis pronat e Alaksandar Arsenijeviqit n\u00eb Zve\u00e7an dhe Vallaq\u00eb -\" \/>\n<meta property=\"og:description\" content=\"Zve\u00e7an, 22 Qershor, 2025 Policia e Kosov\u00ebs ka kontrolluar disa lokacione dhe ka gjetur nj\u00eb arm\u00eb n\u00eb nj\u00eb, n\u00eb fshatin Vala\u00e7, t\u00eb komun\u00ebs s\u00eb Zve\u00e7anit.\" \/>\n<meta property=\"og:url\" content=\"https:\/\/veritasinfo.org\/?p=1313\" \/>\n<meta property=\"article:published_time\" content=\"2025-06-22T14:55:26+00:00\" \/>\n<meta property=\"article:modified_time\" content=\"2025-06-22T14:57:13+00:00\" \/>\n<meta property=\"og:image\" content=\"https:\/\/veritasinfo.org\/wp-content\/uploads\/2025\/06\/ferma-vallaqe-1.jpg\" \/>\n\t<meta property=\"og:image:width\" content=\"720\" \/>\n\t<meta property=\"og:image:height\" content=\"715\" \/>\n\t<meta property=\"og:image:type\" content=\"image\/jpeg\" \/>\n<meta name=\"author\" content=\"US1\" \/>\n<meta name=\"twitter:card\" content=\"summary_large_image\" \/>\n<meta name=\"twitter:label1\" content=\"Written by\" \/>\n\t<meta name=\"twitter:data1\" content=\"US1\" \/>\n\t<meta name=\"twitter:label2\" content=\"Est. reading time\" \/>\n\t<meta name=\"twitter:data2\" content=\"2 minutes\" \/>\n<script type=\"application\/ld+json\" class=\"yoast-schema-graph\">{\"@context\":\"https:\/\/schema.org\",\"@graph\":[{\"@type\":\"WebPage\",\"@id\":\"https:\/\/veritasinfo.org\/?p=1313\",\"url\":\"https:\/\/veritasinfo.org\/?p=1313\",\"name\":\"Policia bastis pronat e Alaksandar Arsenijeviqit n\u00eb Zve\u00e7an dhe Vallaq\u00eb -\",\"isPartOf\":{\"@id\":\"https:\/\/veritasinfo.org\/#website\"},\"primaryImageOfPage\":{\"@id\":\"https:\/\/veritasinfo.org\/?p=1313#primaryimage\"},\"image\":{\"@id\":\"https:\/\/veritasinfo.org\/?p=1313#primaryimage\"},\"thumbnailUrl\":\"https:\/\/veritasinfo.org\/wp-content\/uploads\/2025\/06\/ferma-vallaqe-1.jpg\",\"datePublished\":\"2025-06-22T14:55:26+00:00\",\"dateModified\":\"2025-06-22T14:57:13+00:00\",\"author\":{\"@id\":\"https:\/\/veritasinfo.org\/#\/schema\/person\/c2b8be262ea994d0995addca692c5e98\"},\"breadcrumb\":{\"@id\":\"https:\/\/veritasinfo.org\/?p=1313#breadcrumb\"},\"inLanguage\":\"en-US\",\"potentialAction\":[{\"@type\":\"ReadAction\",\"target\":[\"https:\/\/veritasinfo.org\/?p=1313\"]}]},{\"@type\":\"ImageObject\",\"inLanguage\":\"en-US\",\"@id\":\"https:\/\/veritasinfo.org\/?p=1313#primaryimage\",\"url\":\"https:\/\/veritasinfo.org\/wp-content\/uploads\/2025\/06\/ferma-vallaqe-1.jpg\",\"contentUrl\":\"https:\/\/veritasinfo.org\/wp-content\/uploads\/2025\/06\/ferma-vallaqe-1.jpg\",\"width\":720,\"height\":715},{\"@type\":\"BreadcrumbList\",\"@id\":\"https:\/\/veritasinfo.org\/?p=1313#breadcrumb\",\"itemListElement\":[{\"@type\":\"ListItem\",\"position\":1,\"name\":\"Home\",\"item\":\"https:\/\/veritasinfo.org\/\"},{\"@type\":\"ListItem\",\"position\":2,\"name\":\"Policia bastis pronat e Alaksandar Arsenijeviqit n\u00eb Zve\u00e7an dhe Vallaq\u00eb\"}]},{\"@type\":\"WebSite\",\"@id\":\"https:\/\/veritasinfo.org\/#website\",\"url\":\"https:\/\/veritasinfo.org\/\",\"name\":\"\",\"description\":\"\",\"potentialAction\":[{\"@type\":\"SearchAction\",\"target\":{\"@type\":\"EntryPoint\",\"urlTemplate\":\"https:\/\/veritasinfo.org\/?s={search_term_string}\"},\"query-input\":{\"@type\":\"PropertyValueSpecification\",\"valueRequired\":true,\"valueName\":\"search_term_string\"}}],\"inLanguage\":\"en-US\"},{\"@type\":\"Person\",\"@id\":\"https:\/\/veritasinfo.org\/#\/schema\/person\/c2b8be262ea994d0995addca692c5e98\",\"name\":\"US1\",\"image\":{\"@type\":\"ImageObject\",\"inLanguage\":\"en-US\",\"@id\":\"https:\/\/veritasinfo.org\/#\/schema\/person\/image\/\",\"url\":\"https:\/\/secure.gravatar.com\/avatar\/4e96a59bd256abf9956eb9963ac891a47461ffb364d47b0e9aab113328fdb75b?s=96&d=mm&r=g\",\"contentUrl\":\"https:\/\/secure.gravatar.com\/avatar\/4e96a59bd256abf9956eb9963ac891a47461ffb364d47b0e9aab113328fdb75b?s=96&d=mm&r=g\",\"caption\":\"US1\"},\"url\":\"https:\/\/veritasinfo.org\/?author=2\"}]}<\/script>\n<!-- \/ Yoast SEO plugin. -->","yoast_head_json":{"title":"Policia bastis pronat e Alaksandar Arsenijeviqit n\u00eb Zve\u00e7an dhe Vallaq\u00eb -","robots":{"index":"index","follow":"follow","max-snippet":"max-snippet:-1","max-image-preview":"max-image-preview:large","max-video-preview":"max-video-preview:-1"},"canonical":"https:\/\/veritasinfo.org\/?p=1313","og_locale":"en_US","og_type":"article","og_title":"Policia bastis pronat e Alaksandar Arsenijeviqit n\u00eb Zve\u00e7an dhe Vallaq\u00eb -","og_description":"Zve\u00e7an, 22 Qershor, 2025 Policia e Kosov\u00ebs ka kontrolluar disa lokacione dhe ka gjetur nj\u00eb arm\u00eb n\u00eb nj\u00eb, n\u00eb fshatin Vala\u00e7, t\u00eb komun\u00ebs s\u00eb Zve\u00e7anit.","og_url":"https:\/\/veritasinfo.org\/?p=1313","article_published_time":"2025-06-22T14:55:26+00:00","article_modified_time":"2025-06-22T14:57:13+00:00","og_image":[{"width":720,"height":715,"url":"https:\/\/veritasinfo.org\/wp-content\/uploads\/2025\/06\/ferma-vallaqe-1.jpg","type":"image\/jpeg"}],"author":"US1","twitter_card":"summary_large_image","twitter_misc":{"Written by":"US1","Est. reading time":"2 minutes"},"schema":{"@context":"https:\/\/schema.org","@graph":[{"@type":"WebPage","@id":"https:\/\/veritasinfo.org\/?p=1313","url":"https:\/\/veritasinfo.org\/?p=1313","name":"Policia bastis pronat e Alaksandar Arsenijeviqit n\u00eb Zve\u00e7an dhe Vallaq\u00eb -","isPartOf":{"@id":"https:\/\/veritasinfo.org\/#website"},"primaryImageOfPage":{"@id":"https:\/\/veritasinfo.org\/?p=1313#primaryimage"},"image":{"@id":"https:\/\/veritasinfo.org\/?p=1313#primaryimage"},"thumbnailUrl":"https:\/\/veritasinfo.org\/wp-content\/uploads\/2025\/06\/ferma-vallaqe-1.jpg","datePublished":"2025-06-22T14:55:26+00:00","dateModified":"2025-06-22T14:57:13+00:00","author":{"@id":"https:\/\/veritasinfo.org\/#\/schema\/person\/c2b8be262ea994d0995addca692c5e98"},"breadcrumb":{"@id":"https:\/\/veritasinfo.org\/?p=1313#breadcrumb"},"inLanguage":"en-US","potentialAction":[{"@type":"ReadAction","target":["https:\/\/veritasinfo.org\/?p=1313"]}]},{"@type":"ImageObject","inLanguage":"en-US","@id":"https:\/\/veritasinfo.org\/?p=1313#primaryimage","url":"https:\/\/veritasinfo.org\/wp-content\/uploads\/2025\/06\/ferma-vallaqe-1.jpg","contentUrl":"https:\/\/veritasinfo.org\/wp-content\/uploads\/2025\/06\/ferma-vallaqe-1.jpg","width":720,"height":715},{"@type":"BreadcrumbList","@id":"https:\/\/veritasinfo.org\/?p=1313#breadcrumb","itemListElement":[{"@type":"ListItem","position":1,"name":"Home","item":"https:\/\/veritasinfo.org\/"},{"@type":"ListItem","position":2,"name":"Policia bastis pronat e Alaksandar Arsenijeviqit n\u00eb Zve\u00e7an dhe Vallaq\u00eb"}]},{"@type":"WebSite","@id":"https:\/\/veritasinfo.org\/#website","url":"https:\/\/veritasinfo.org\/","name":"","description":"","potentialAction":[{"@type":"SearchAction","target":{"@type":"EntryPoint","urlTemplate":"https:\/\/veritasinfo.org\/?s={search_term_string}"},"query-input":{"@type":"PropertyValueSpecification","valueRequired":true,"valueName":"search_term_string"}}],"inLanguage":"en-US"},{"@type":"Person","@id":"https:\/\/veritasinfo.org\/#\/schema\/person\/c2b8be262ea994d0995addca692c5e98","name":"US1","image":{"@type":"ImageObject","inLanguage":"en-US","@id":"https:\/\/veritasinfo.org\/#\/schema\/person\/image\/","url":"https:\/\/secure.gravatar.com\/avatar\/4e96a59bd256abf9956eb9963ac891a47461ffb364d47b0e9aab113328fdb75b?s=96&d=mm&r=g","contentUrl":"https:\/\/secure.gravatar.com\/avatar\/4e96a59bd256abf9956eb9963ac891a47461ffb364d47b0e9aab113328fdb75b?s=96&d=mm&r=g","caption":"US1"},"url":"https:\/\/veritasinfo.org\/?author=2"}]}},"featured_image_urls":{"full":["https:\/\/veritasinfo.org\/wp-content\/uploads\/2025\/06\/ferma-vallaqe-1.jpg",720,715,false],"thumbnail":["https:\/\/veritasinfo.org\/wp-content\/uploads\/2025\/06\/ferma-vallaqe-1-150x150.jpg",150,150,true],"medium":["https:\/\/veritasinfo.org\/wp-content\/uploads\/2025\/06\/ferma-vallaqe-1-300x298.jpg",300,298,true],"medium_large":["https:\/\/veritasinfo.org\/wp-content\/uploads\/2025\/06\/ferma-vallaqe-1.jpg",640,636,false],"large":["https:\/\/veritasinfo.org\/wp-content\/uploads\/2025\/06\/ferma-vallaqe-1.jpg",640,636,false],"1536x1536":["https:\/\/veritasinfo.org\/wp-content\/uploads\/2025\/06\/ferma-vallaqe-1.jpg",720,715,false],"2048x2048":["https:\/\/veritasinfo.org\/wp-content\/uploads\/2025\/06\/ferma-vallaqe-1.jpg",720,715,false],"kreeti-slider-full":["https:\/\/veritasinfo.org\/wp-content\/uploads\/2025\/06\/ferma-vallaqe-1.jpg",720,715,false],"kreeti-featured":["https:\/\/veritasinfo.org\/wp-content\/uploads\/2025\/06\/ferma-vallaqe-1.jpg",720,715,false],"kreeti-medium":["https:\/\/veritasinfo.org\/wp-content\/uploads\/2025\/06\/ferma-vallaqe-1.jpg",534,530,false],"kreeti-medium-square":["https:\/\/veritasinfo.org\/wp-content\/uploads\/2025\/06\/ferma-vallaqe-1.jpg",350,348,false]},"author_info":{"info":["US1"]},"category_info":"<a href=\"https:\/\/veritasinfo.org\/?cat=60\" rel=\"category\">Shoq\u00ebrore<\/a>","tag_info":"Shoq\u00ebrore","comment_count":"0","_links":{"self":[{"href":"https:\/\/veritasinfo.org\/index.php?rest_route=\/wp\/v2\/posts\/1313","targetHints":{"allow":["GET"]}}],"collection":[{"href":"https:\/\/veritasinfo.org\/index.php?rest_route=\/wp\/v2\/posts"}],"about":[{"href":"https:\/\/veritasinfo.org\/index.php?rest_route=\/wp\/v2\/types\/post"}],"author":[{"embeddable":true,"href":"https:\/\/veritasinfo.org\/index.php?rest_route=\/wp\/v2\/users\/2"}],"replies":[{"embeddable":true,"href":"https:\/\/veritasinfo.org\/index.php?rest_route=%2Fwp%2Fv2%2Fcomments&post=1313"}],"version-history":[{"count":1,"href":"https:\/\/veritasinfo.org\/index.php?rest_route=\/wp\/v2\/posts\/1313\/revisions"}],"predecessor-version":[{"id":1317,"href":"https:\/\/veritasinfo.org\/index.php?rest_route=\/wp\/v2\/posts\/1313\/revisions\/1317"}],"wp:featuredmedia":[{"embeddable":true,"href":"https:\/\/veritasinfo.org\/index.php?rest_route=\/wp\/v2\/media\/1319"}],"wp:attachment":[{"href":"https:\/\/veritasinfo.org\/index.php?rest_route=%2Fwp%2Fv2%2Fmedia&parent=1313"}],"wp:term":[{"taxonomy":"category","embeddable":true,"href":"https:\/\/veritasinfo.org\/index.php?rest_route=%2Fwp%2Fv2%2Fcategories&post=1313"},{"taxonomy":"post_tag","embeddable":true,"href":"https:\/\/veritasinfo.org\/index.php?rest_route=%2Fwp%2Fv2%2Ftags&post=1313"}],"curies":[{"name":"wp","href":"https:\/\/api.w.org\/{rel}","templated":true}]}}