{"id":13056,"date":"2025-09-22T07:47:40","date_gmt":"2025-09-22T05:47:40","guid":{"rendered":"https:\/\/veritasinfo.org\/?p=13056"},"modified":"2025-09-22T07:47:40","modified_gmt":"2025-09-22T05:47:40","slug":"gjermania-i-kthen-shpinen-vucicit","status":"publish","type":"post","link":"https:\/\/veritasinfo.org\/?p=13056","title":{"rendered":"Gjermania i kthen shpin\u00ebn Vu\u00e7i\u00e7it"},"content":{"rendered":"<p><strong>Berlin 22 shtator 2025<\/strong><\/p>\n<p>Koh\u00ebt e fundit, n\u00eb publikun politik gjerman po shfaqen gjithnj\u00eb e m\u00eb shpesh shenja se establishmenti politik po largohet ngadal\u00eb nga Aleksandar Vu\u00e7i\u00e7 si garantues i siguris\u00eb n\u00eb rajon.<\/p>\n<p>E vetmja parti q\u00eb devijon nga ky trend \u00ebsht\u00eb AfD, shkruan Deutsche Welle. Bundestagu nuk e fshehu zhg\u00ebnjimin e tij me zhvillimin e situat\u00ebs n\u00eb Serbi dhe n\u00eb rajon. Ai e akuzoi drejtp\u00ebrdrejt Vu\u00e7i\u00e7in p\u00ebr destabilizim.<\/p>\n<p>Pika e fundit duket se ka qen\u00eb udh\u00ebtimi i fundit i Vu\u00e7i\u00e7it n\u00eb Pekin, p\u00ebr t\u00eb sh\u00ebnuar 80-vjetorin e fitores ndaj fashizmit, ku u takua me nj\u00eb num\u00ebr udh\u00ebheq\u00ebsish autoritar\u00eb, dhe nj\u00eb takim ve\u00e7an\u00ebrisht i p\u00ebrzem\u00ebrt me Vladimir Putinin, nj\u00eb njeri t\u00eb cilin politikani gjerman Friedrich Merz (CDU) e quajti s\u00eb fundmi &#8220;krimineli m\u00eb i madh i luft\u00ebs i sot\u00ebm&#8221;.<\/p>\n<p>P\u00ebrve\u00e7 k\u00ebsaj, Vu\u00e7i\u00e7 e quajti P\u00ebrfaq\u00ebsuesin e Lart\u00eb p\u00ebr Bosnj\u00eb dhe Hercegovin\u00ebn, Christian Schmidt, &#8220;Gauleiter&#8221; dhe an\u00ebtar\u00ebt e Parlamentit Evropian q\u00eb mor\u00ebn pjes\u00eb n\u00eb protestat n\u00eb Serbi &#8220;llum&#8221;.<\/p>\n<p>N\u00eb debatin e fundit n\u00eb Berlin, Adis Ahmetovi\u0107, z\u00ebdh\u00ebn\u00ebsi i SPD-s\u00eb n\u00eb Bundestag, nuk e fshehu zhg\u00ebnjimin e tij me zhvillimin e situat\u00ebs n\u00eb Serbi dhe n\u00eb rajon. Ai e akuzoi drejtp\u00ebrdrejt Vu\u00e7i\u00e7in p\u00ebr destabilizim.<\/p>\n<p>&#8220;Vu\u00e7i\u00e7 \u00ebsht\u00eb b\u00ebr\u00eb nj\u00eb faktor destabilizimi&#8221;, deklaroi Adis Ahmetovi\u0107 n\u00eb prezantimin e tij.<\/p>\n","protected":false},"excerpt":{"rendered":"<p>Berlin 22 shtator 2025 Koh\u00ebt e fundit, n\u00eb publikun politik gjerman po shfaqen gjithnj\u00eb e m\u00eb shpesh shenja se establishmenti politik po largohet ngadal\u00eb nga<\/p>\n","protected":false},"author":2,"featured_media":13057,"comment_status":"open","ping_status":"open","sticky":false,"template":"","format":"standard","meta":{"footnotes":""},"categories":[58],"tags":[],"class_list":["post-13056","post","type-post","status-publish","format-standard","has-post-thumbnail","hentry","category-politike-sq"],"yoast_head":"<!-- This site is optimized with the Yoast SEO plugin v25.3.1 - https:\/\/yoast.com\/wordpress\/plugins\/seo\/ -->\n<title>Gjermania i kthen shpin\u00ebn Vu\u00e7i\u00e7it -<\/title>\n<meta name=\"robots\" content=\"index, follow, max-snippet:-1, max-image-preview:large, max-video-preview:-1\" \/>\n<link rel=\"canonical\" href=\"https:\/\/veritasinfo.org\/?p=13056\" \/>\n<meta property=\"og:locale\" content=\"en_US\" \/>\n<meta property=\"og:type\" content=\"article\" \/>\n<meta property=\"og:title\" content=\"Gjermania i kthen shpin\u00ebn Vu\u00e7i\u00e7it -\" \/>\n<meta property=\"og:description\" content=\"Berlin 22 shtator 2025 Koh\u00ebt e fundit, n\u00eb publikun politik gjerman po shfaqen gjithnj\u00eb e m\u00eb shpesh shenja se establishmenti politik po largohet ngadal\u00eb nga\" \/>\n<meta property=\"og:url\" content=\"https:\/\/veritasinfo.org\/?p=13056\" \/>\n<meta property=\"article:published_time\" content=\"2025-09-22T05:47:40+00:00\" \/>\n<meta property=\"og:image\" content=\"https:\/\/veritasinfo.org\/wp-content\/uploads\/2025\/09\/adis.jpg\" \/>\n\t<meta property=\"og:image:width\" content=\"1240\" \/>\n\t<meta property=\"og:image:height\" content=\"698\" \/>\n\t<meta property=\"og:image:type\" content=\"image\/jpeg\" \/>\n<meta name=\"author\" content=\"US1\" \/>\n<meta name=\"twitter:card\" content=\"summary_large_image\" \/>\n<meta name=\"twitter:label1\" content=\"Written by\" \/>\n\t<meta name=\"twitter:data1\" content=\"US1\" \/>\n\t<meta name=\"twitter:label2\" content=\"Est. reading time\" \/>\n\t<meta name=\"twitter:data2\" content=\"1 minute\" \/>\n<script type=\"application\/ld+json\" class=\"yoast-schema-graph\">{\"@context\":\"https:\/\/schema.org\",\"@graph\":[{\"@type\":\"WebPage\",\"@id\":\"https:\/\/veritasinfo.org\/?p=13056\",\"url\":\"https:\/\/veritasinfo.org\/?p=13056\",\"name\":\"Gjermania i kthen shpin\u00ebn Vu\u00e7i\u00e7it -\",\"isPartOf\":{\"@id\":\"https:\/\/veritasinfo.org\/#website\"},\"primaryImageOfPage\":{\"@id\":\"https:\/\/veritasinfo.org\/?p=13056#primaryimage\"},\"image\":{\"@id\":\"https:\/\/veritasinfo.org\/?p=13056#primaryimage\"},\"thumbnailUrl\":\"https:\/\/veritasinfo.org\/wp-content\/uploads\/2025\/09\/adis.jpg\",\"datePublished\":\"2025-09-22T05:47:40+00:00\",\"author\":{\"@id\":\"https:\/\/veritasinfo.org\/#\/schema\/person\/c2b8be262ea994d0995addca692c5e98\"},\"breadcrumb\":{\"@id\":\"https:\/\/veritasinfo.org\/?p=13056#breadcrumb\"},\"inLanguage\":\"en-US\",\"potentialAction\":[{\"@type\":\"ReadAction\",\"target\":[\"https:\/\/veritasinfo.org\/?p=13056\"]}]},{\"@type\":\"ImageObject\",\"inLanguage\":\"en-US\",\"@id\":\"https:\/\/veritasinfo.org\/?p=13056#primaryimage\",\"url\":\"https:\/\/veritasinfo.org\/wp-content\/uploads\/2025\/09\/adis.jpg\",\"contentUrl\":\"https:\/\/veritasinfo.org\/wp-content\/uploads\/2025\/09\/adis.jpg\",\"width\":1240,\"height\":698},{\"@type\":\"BreadcrumbList\",\"@id\":\"https:\/\/veritasinfo.org\/?p=13056#breadcrumb\",\"itemListElement\":[{\"@type\":\"ListItem\",\"position\":1,\"name\":\"Home\",\"item\":\"https:\/\/veritasinfo.org\/\"},{\"@type\":\"ListItem\",\"position\":2,\"name\":\"Gjermania i kthen shpin\u00ebn Vu\u00e7i\u00e7it\"}]},{\"@type\":\"WebSite\",\"@id\":\"https:\/\/veritasinfo.org\/#website\",\"url\":\"https:\/\/veritasinfo.org\/\",\"name\":\"\",\"description\":\"\",\"potentialAction\":[{\"@type\":\"SearchAction\",\"target\":{\"@type\":\"EntryPoint\",\"urlTemplate\":\"https:\/\/veritasinfo.org\/?s={search_term_string}\"},\"query-input\":{\"@type\":\"PropertyValueSpecification\",\"valueRequired\":true,\"valueName\":\"search_term_string\"}}],\"inLanguage\":\"en-US\"},{\"@type\":\"Person\",\"@id\":\"https:\/\/veritasinfo.org\/#\/schema\/person\/c2b8be262ea994d0995addca692c5e98\",\"name\":\"US1\",\"image\":{\"@type\":\"ImageObject\",\"inLanguage\":\"en-US\",\"@id\":\"https:\/\/veritasinfo.org\/#\/schema\/person\/image\/\",\"url\":\"https:\/\/secure.gravatar.com\/avatar\/4e96a59bd256abf9956eb9963ac891a47461ffb364d47b0e9aab113328fdb75b?s=96&d=mm&r=g\",\"contentUrl\":\"https:\/\/secure.gravatar.com\/avatar\/4e96a59bd256abf9956eb9963ac891a47461ffb364d47b0e9aab113328fdb75b?s=96&d=mm&r=g\",\"caption\":\"US1\"},\"url\":\"https:\/\/veritasinfo.org\/?author=2\"}]}<\/script>\n<!-- \/ Yoast SEO plugin. -->","yoast_head_json":{"title":"Gjermania i kthen shpin\u00ebn Vu\u00e7i\u00e7it -","robots":{"index":"index","follow":"follow","max-snippet":"max-snippet:-1","max-image-preview":"max-image-preview:large","max-video-preview":"max-video-preview:-1"},"canonical":"https:\/\/veritasinfo.org\/?p=13056","og_locale":"en_US","og_type":"article","og_title":"Gjermania i kthen shpin\u00ebn Vu\u00e7i\u00e7it -","og_description":"Berlin 22 shtator 2025 Koh\u00ebt e fundit, n\u00eb publikun politik gjerman po shfaqen gjithnj\u00eb e m\u00eb shpesh shenja se establishmenti politik po largohet ngadal\u00eb nga","og_url":"https:\/\/veritasinfo.org\/?p=13056","article_published_time":"2025-09-22T05:47:40+00:00","og_image":[{"width":1240,"height":698,"url":"https:\/\/veritasinfo.org\/wp-content\/uploads\/2025\/09\/adis.jpg","type":"image\/jpeg"}],"author":"US1","twitter_card":"summary_large_image","twitter_misc":{"Written by":"US1","Est. reading time":"1 minute"},"schema":{"@context":"https:\/\/schema.org","@graph":[{"@type":"WebPage","@id":"https:\/\/veritasinfo.org\/?p=13056","url":"https:\/\/veritasinfo.org\/?p=13056","name":"Gjermania i kthen shpin\u00ebn Vu\u00e7i\u00e7it -","isPartOf":{"@id":"https:\/\/veritasinfo.org\/#website"},"primaryImageOfPage":{"@id":"https:\/\/veritasinfo.org\/?p=13056#primaryimage"},"image":{"@id":"https:\/\/veritasinfo.org\/?p=13056#primaryimage"},"thumbnailUrl":"https:\/\/veritasinfo.org\/wp-content\/uploads\/2025\/09\/adis.jpg","datePublished":"2025-09-22T05:47:40+00:00","author":{"@id":"https:\/\/veritasinfo.org\/#\/schema\/person\/c2b8be262ea994d0995addca692c5e98"},"breadcrumb":{"@id":"https:\/\/veritasinfo.org\/?p=13056#breadcrumb"},"inLanguage":"en-US","potentialAction":[{"@type":"ReadAction","target":["https:\/\/veritasinfo.org\/?p=13056"]}]},{"@type":"ImageObject","inLanguage":"en-US","@id":"https:\/\/veritasinfo.org\/?p=13056#primaryimage","url":"https:\/\/veritasinfo.org\/wp-content\/uploads\/2025\/09\/adis.jpg","contentUrl":"https:\/\/veritasinfo.org\/wp-content\/uploads\/2025\/09\/adis.jpg","width":1240,"height":698},{"@type":"BreadcrumbList","@id":"https:\/\/veritasinfo.org\/?p=13056#breadcrumb","itemListElement":[{"@type":"ListItem","position":1,"name":"Home","item":"https:\/\/veritasinfo.org\/"},{"@type":"ListItem","position":2,"name":"Gjermania i kthen shpin\u00ebn Vu\u00e7i\u00e7it"}]},{"@type":"WebSite","@id":"https:\/\/veritasinfo.org\/#website","url":"https:\/\/veritasinfo.org\/","name":"","description":"","potentialAction":[{"@type":"SearchAction","target":{"@type":"EntryPoint","urlTemplate":"https:\/\/veritasinfo.org\/?s={search_term_string}"},"query-input":{"@type":"PropertyValueSpecification","valueRequired":true,"valueName":"search_term_string"}}],"inLanguage":"en-US"},{"@type":"Person","@id":"https:\/\/veritasinfo.org\/#\/schema\/person\/c2b8be262ea994d0995addca692c5e98","name":"US1","image":{"@type":"ImageObject","inLanguage":"en-US","@id":"https:\/\/veritasinfo.org\/#\/schema\/person\/image\/","url":"https:\/\/secure.gravatar.com\/avatar\/4e96a59bd256abf9956eb9963ac891a47461ffb364d47b0e9aab113328fdb75b?s=96&d=mm&r=g","contentUrl":"https:\/\/secure.gravatar.com\/avatar\/4e96a59bd256abf9956eb9963ac891a47461ffb364d47b0e9aab113328fdb75b?s=96&d=mm&r=g","caption":"US1"},"url":"https:\/\/veritasinfo.org\/?author=2"}]}},"featured_image_urls":{"full":["https:\/\/veritasinfo.org\/wp-content\/uploads\/2025\/09\/adis.jpg",1240,698,false],"thumbnail":["https:\/\/veritasinfo.org\/wp-content\/uploads\/2025\/09\/adis-150x150.jpg",150,150,true],"medium":["https:\/\/veritasinfo.org\/wp-content\/uploads\/2025\/09\/adis-300x169.jpg",300,169,true],"medium_large":["https:\/\/veritasinfo.org\/wp-content\/uploads\/2025\/09\/adis-768x432.jpg",640,360,true],"large":["https:\/\/veritasinfo.org\/wp-content\/uploads\/2025\/09\/adis-1024x576.jpg",640,360,true],"1536x1536":["https:\/\/veritasinfo.org\/wp-content\/uploads\/2025\/09\/adis.jpg",1240,698,false],"2048x2048":["https:\/\/veritasinfo.org\/wp-content\/uploads\/2025\/09\/adis.jpg",1240,698,false],"kreeti-slider-full":["https:\/\/veritasinfo.org\/wp-content\/uploads\/2025\/09\/adis.jpg",1240,698,false],"kreeti-featured":["https:\/\/veritasinfo.org\/wp-content\/uploads\/2025\/09\/adis.jpg",1024,576,false],"kreeti-medium":["https:\/\/veritasinfo.org\/wp-content\/uploads\/2025\/09\/adis.jpg",720,405,false],"kreeti-medium-square":["https:\/\/veritasinfo.org\/wp-content\/uploads\/2025\/09\/adis.jpg",350,197,false]},"author_info":{"info":["US1"]},"category_info":"<a href=\"https:\/\/veritasinfo.org\/?cat=58\" rel=\"category\">Politik\u00eb<\/a>","tag_info":"Politik\u00eb","comment_count":"0","_links":{"self":[{"href":"https:\/\/veritasinfo.org\/index.php?rest_route=\/wp\/v2\/posts\/13056","targetHints":{"allow":["GET"]}}],"collection":[{"href":"https:\/\/veritasinfo.org\/index.php?rest_route=\/wp\/v2\/posts"}],"about":[{"href":"https:\/\/veritasinfo.org\/index.php?rest_route=\/wp\/v2\/types\/post"}],"author":[{"embeddable":true,"href":"https:\/\/veritasinfo.org\/index.php?rest_route=\/wp\/v2\/users\/2"}],"replies":[{"embeddable":true,"href":"https:\/\/veritasinfo.org\/index.php?rest_route=%2Fwp%2Fv2%2Fcomments&post=13056"}],"version-history":[{"count":1,"href":"https:\/\/veritasinfo.org\/index.php?rest_route=\/wp\/v2\/posts\/13056\/revisions"}],"predecessor-version":[{"id":13058,"href":"https:\/\/veritasinfo.org\/index.php?rest_route=\/wp\/v2\/posts\/13056\/revisions\/13058"}],"wp:featuredmedia":[{"embeddable":true,"href":"https:\/\/veritasinfo.org\/index.php?rest_route=\/wp\/v2\/media\/13057"}],"wp:attachment":[{"href":"https:\/\/veritasinfo.org\/index.php?rest_route=%2Fwp%2Fv2%2Fmedia&parent=13056"}],"wp:term":[{"taxonomy":"category","embeddable":true,"href":"https:\/\/veritasinfo.org\/index.php?rest_route=%2Fwp%2Fv2%2Fcategories&post=13056"},{"taxonomy":"post_tag","embeddable":true,"href":"https:\/\/veritasinfo.org\/index.php?rest_route=%2Fwp%2Fv2%2Ftags&post=13056"}],"curies":[{"name":"wp","href":"https:\/\/api.w.org\/{rel}","templated":true}]}}