{"id":13042,"date":"2025-09-22T07:25:49","date_gmt":"2025-09-22T05:25:49","guid":{"rendered":"https:\/\/veritasinfo.org\/?p=13042"},"modified":"2025-09-22T07:25:49","modified_gmt":"2025-09-22T05:25:49","slug":"canak-serbia-sot-drejtohet-nga-kriminele-nen-kontrollin-personal-te-presidentit","status":"publish","type":"post","link":"https:\/\/veritasinfo.org\/?p=13042","title":{"rendered":"\u00c7anak: Serbia sot drejtohet nga kriminel\u00eb n\u00ebn kontrollin personal t\u00eb presidentit"},"content":{"rendered":"<p>Prishtin\u00eb, 22 shtator 2025<\/p>\n<p>N\u00eb nj\u00eb bised\u00eb n\u00eb podcastin PIK\u00cb, Nenad \u00c7anak, themelues i Lidhjes Socialdemokrate t\u00eb Vojvodin\u00ebs, ka th\u00ebn\u00eb se pushteti aktual n\u00eb Serbi \u00ebsht\u00eb kapur nga kriminel\u00eb, t\u00eb cil\u00ebt veprojn\u00eb n\u00ebn kontrollin e drejtp\u00ebrdrejt\u00eb dhe jo-institucional t\u00eb presidentit Aleksandar Vu\u00e7iq.<\/p>\n<p>\u201cPushteti ekzekutiv q\u00eb e vuri n\u00ebn k\u00ebmb\u00ebt e tij, u mor nga kriminel\u00eb q\u00eb jan\u00eb n\u00ebn kontrollin personal t\u00eb nj\u00eb grushti njer\u00ebzish, t\u00eb udh\u00ebhequr nga kryetari aktual i shtetit\u201d, deklaroi \u00c7anak, duke p\u00ebrmendur emra konkret\u00eb si Milan Radoi\u00e7iq dhe Zvonko Veselinoviq, t\u00eb cil\u00ebt, sipas tij, nuk kan\u00eb nevoj\u00eb t\u00eb \u201cv\u00ebrtetohen\u201d si kriminel\u00eb, sepse veprimet e tyre tashm\u00eb jan\u00eb t\u00eb njohura dhe t\u00eb dokumentuara.<\/p>\n<p>Ai vuri n\u00eb pah edhe rolin e figurave si Vojislav Shesheli, t\u00eb cilin e quajti nj\u00eb \u201ckriminel lufte n\u00eb pension\u201d, q\u00eb, edhe pse ka vuajtur d\u00ebnimin n\u00eb Hag\u00eb, sot shfaqet si qytetar me t\u00eb drejta t\u00eb plota dhe influenc\u00eb politike.<\/p>\n<p>\u201cN\u00ebse ky burr\u00eb e ka vuajtur d\u00ebnimin, at\u00ebher\u00eb le t\u2019i pun\u00ebsojm\u00eb t\u00eb gjith\u00eb pedofil\u00ebt e d\u00ebnuar n\u00eb \u00e7erdhe\u201d, u shpreh me ironi \u00c7anak.<\/p>\n<p>P\u00ebrmes shembullit t\u00eb m\u00ebnyr\u00ebs se si funksionon sot pun\u00ebsimi n\u00eb policin\u00eb serbe, ai ilustroi degradimin e institucioneve shtet\u00ebrore. Sipas tij, njer\u00ebz pa asnj\u00eb p\u00ebrgatitje profesionale, t\u00eb rekrutuar nga sh\u00ebrbimi sekret BIA me rekomandime politike nga SNS (Partia Progresive Serbe), marrin gradat m\u00eb t\u00eb larta n\u00eb polici brenda pak muajsh.<\/p>\n<p>\u201cK\u00ebta njer\u00ebz deri dje shisnin vetura n\u00ebp\u00ebr sallone\u201d, u shpreh ai, duke p\u00ebrmendur rastin e nj\u00eb figure q\u00eb ai e quajti \u201cshefi i dajakxhinjv\u201d, i cili sot ka grad\u00ebn e oficerit t\u00eb lart\u00eb dhe akuzohet p\u00ebr sjellje t\u00eb dhunshme dhe k\u00ebrc\u00ebnime ndaj studenteve t\u00eb arrestuara.<\/p>\n<p>N\u00eb kontrast me k\u00ebt\u00eb realitet, \u00c7anak e krahasoi regjimin aktual me at\u00eb t\u00eb Sllobodan Millosheviqit, duke th\u00ebn\u00eb se ndon\u00ebse ky i fundit shkaktoi d\u00ebme t\u00eb m\u00ebdha dhe luft\u00ebra t\u00eb tmerrshme, ai s\u00eb paku mb\u00ebshtetej mbi institucione shtet\u00ebrore.<\/p>\n<p>\u201cVu\u00e7iqi nuk mb\u00ebshtetet tek institucionet, por te kriminel\u00ebt q\u00eb i kan\u00eb grabitur ato\u201d, ka th\u00ebn\u00eb ai.<\/p>\n<p>&nbsp;<\/p>\n","protected":false},"excerpt":{"rendered":"<p>Prishtin\u00eb, 22 shtator 2025 N\u00eb nj\u00eb bised\u00eb n\u00eb podcastin PIK\u00cb, Nenad \u00c7anak, themelues i Lidhjes Socialdemokrate t\u00eb Vojvodin\u00ebs, ka th\u00ebn\u00eb se pushteti aktual n\u00eb Serbi<\/p>\n","protected":false},"author":7,"featured_media":13043,"comment_status":"open","ping_status":"open","sticky":false,"template":"","format":"standard","meta":{"footnotes":""},"categories":[58],"tags":[],"class_list":["post-13042","post","type-post","status-publish","format-standard","has-post-thumbnail","hentry","category-politike-sq"],"yoast_head":"<!-- This site is optimized with the Yoast SEO plugin v25.3.1 - https:\/\/yoast.com\/wordpress\/plugins\/seo\/ -->\n<title>\u00c7anak: Serbia sot drejtohet nga kriminel\u00eb n\u00ebn kontrollin personal t\u00eb presidentit -<\/title>\n<meta name=\"robots\" content=\"index, follow, max-snippet:-1, max-image-preview:large, max-video-preview:-1\" \/>\n<link rel=\"canonical\" href=\"https:\/\/veritasinfo.org\/?p=13042\" \/>\n<meta property=\"og:locale\" content=\"en_US\" \/>\n<meta property=\"og:type\" content=\"article\" \/>\n<meta property=\"og:title\" content=\"\u00c7anak: Serbia sot drejtohet nga kriminel\u00eb n\u00ebn kontrollin personal t\u00eb presidentit -\" \/>\n<meta property=\"og:description\" content=\"Prishtin\u00eb, 22 shtator 2025 N\u00eb nj\u00eb bised\u00eb n\u00eb podcastin PIK\u00cb, Nenad \u00c7anak, themelues i Lidhjes Socialdemokrate t\u00eb Vojvodin\u00ebs, ka th\u00ebn\u00eb se pushteti aktual n\u00eb Serbi\" \/>\n<meta property=\"og:url\" content=\"https:\/\/veritasinfo.org\/?p=13042\" \/>\n<meta property=\"article:published_time\" content=\"2025-09-22T05:25:49+00:00\" \/>\n<meta property=\"og:image\" content=\"https:\/\/veritasinfo.org\/wp-content\/uploads\/2025\/09\/nenad3.jpg\" \/>\n\t<meta property=\"og:image:width\" content=\"864\" \/>\n\t<meta property=\"og:image:height\" content=\"486\" \/>\n\t<meta property=\"og:image:type\" content=\"image\/jpeg\" \/>\n<meta name=\"author\" content=\"US6\" \/>\n<meta name=\"twitter:card\" content=\"summary_large_image\" \/>\n<meta name=\"twitter:label1\" content=\"Written by\" \/>\n\t<meta name=\"twitter:data1\" content=\"US6\" \/>\n\t<meta name=\"twitter:label2\" content=\"Est. reading time\" \/>\n\t<meta name=\"twitter:data2\" content=\"2 minutes\" \/>\n<script type=\"application\/ld+json\" class=\"yoast-schema-graph\">{\"@context\":\"https:\/\/schema.org\",\"@graph\":[{\"@type\":\"WebPage\",\"@id\":\"https:\/\/veritasinfo.org\/?p=13042\",\"url\":\"https:\/\/veritasinfo.org\/?p=13042\",\"name\":\"\u00c7anak: Serbia sot drejtohet nga kriminel\u00eb n\u00ebn kontrollin personal t\u00eb presidentit -\",\"isPartOf\":{\"@id\":\"https:\/\/veritasinfo.org\/#website\"},\"primaryImageOfPage\":{\"@id\":\"https:\/\/veritasinfo.org\/?p=13042#primaryimage\"},\"image\":{\"@id\":\"https:\/\/veritasinfo.org\/?p=13042#primaryimage\"},\"thumbnailUrl\":\"https:\/\/veritasinfo.org\/wp-content\/uploads\/2025\/09\/nenad3.jpg\",\"datePublished\":\"2025-09-22T05:25:49+00:00\",\"author\":{\"@id\":\"https:\/\/veritasinfo.org\/#\/schema\/person\/fe199eede04c3937362892b7444747cc\"},\"breadcrumb\":{\"@id\":\"https:\/\/veritasinfo.org\/?p=13042#breadcrumb\"},\"inLanguage\":\"en-US\",\"potentialAction\":[{\"@type\":\"ReadAction\",\"target\":[\"https:\/\/veritasinfo.org\/?p=13042\"]}]},{\"@type\":\"ImageObject\",\"inLanguage\":\"en-US\",\"@id\":\"https:\/\/veritasinfo.org\/?p=13042#primaryimage\",\"url\":\"https:\/\/veritasinfo.org\/wp-content\/uploads\/2025\/09\/nenad3.jpg\",\"contentUrl\":\"https:\/\/veritasinfo.org\/wp-content\/uploads\/2025\/09\/nenad3.jpg\",\"width\":864,\"height\":486},{\"@type\":\"BreadcrumbList\",\"@id\":\"https:\/\/veritasinfo.org\/?p=13042#breadcrumb\",\"itemListElement\":[{\"@type\":\"ListItem\",\"position\":1,\"name\":\"Home\",\"item\":\"https:\/\/veritasinfo.org\/\"},{\"@type\":\"ListItem\",\"position\":2,\"name\":\"\u00c7anak: Serbia sot drejtohet nga kriminel\u00eb n\u00ebn kontrollin personal t\u00eb presidentit\"}]},{\"@type\":\"WebSite\",\"@id\":\"https:\/\/veritasinfo.org\/#website\",\"url\":\"https:\/\/veritasinfo.org\/\",\"name\":\"\",\"description\":\"\",\"potentialAction\":[{\"@type\":\"SearchAction\",\"target\":{\"@type\":\"EntryPoint\",\"urlTemplate\":\"https:\/\/veritasinfo.org\/?s={search_term_string}\"},\"query-input\":{\"@type\":\"PropertyValueSpecification\",\"valueRequired\":true,\"valueName\":\"search_term_string\"}}],\"inLanguage\":\"en-US\"},{\"@type\":\"Person\",\"@id\":\"https:\/\/veritasinfo.org\/#\/schema\/person\/fe199eede04c3937362892b7444747cc\",\"name\":\"US6\",\"image\":{\"@type\":\"ImageObject\",\"inLanguage\":\"en-US\",\"@id\":\"https:\/\/veritasinfo.org\/#\/schema\/person\/image\/\",\"url\":\"https:\/\/secure.gravatar.com\/avatar\/cb16c3c31c9d23b9b8c705964598220b3014e42ff51eb540ff23cefa3ae8c15f?s=96&d=mm&r=g\",\"contentUrl\":\"https:\/\/secure.gravatar.com\/avatar\/cb16c3c31c9d23b9b8c705964598220b3014e42ff51eb540ff23cefa3ae8c15f?s=96&d=mm&r=g\",\"caption\":\"US6\"},\"url\":\"https:\/\/veritasinfo.org\/?author=7\"}]}<\/script>\n<!-- \/ Yoast SEO plugin. -->","yoast_head_json":{"title":"\u00c7anak: Serbia sot drejtohet nga kriminel\u00eb n\u00ebn kontrollin personal t\u00eb presidentit -","robots":{"index":"index","follow":"follow","max-snippet":"max-snippet:-1","max-image-preview":"max-image-preview:large","max-video-preview":"max-video-preview:-1"},"canonical":"https:\/\/veritasinfo.org\/?p=13042","og_locale":"en_US","og_type":"article","og_title":"\u00c7anak: Serbia sot drejtohet nga kriminel\u00eb n\u00ebn kontrollin personal t\u00eb presidentit -","og_description":"Prishtin\u00eb, 22 shtator 2025 N\u00eb nj\u00eb bised\u00eb n\u00eb podcastin PIK\u00cb, Nenad \u00c7anak, themelues i Lidhjes Socialdemokrate t\u00eb Vojvodin\u00ebs, ka th\u00ebn\u00eb se pushteti aktual n\u00eb Serbi","og_url":"https:\/\/veritasinfo.org\/?p=13042","article_published_time":"2025-09-22T05:25:49+00:00","og_image":[{"width":864,"height":486,"url":"https:\/\/veritasinfo.org\/wp-content\/uploads\/2025\/09\/nenad3.jpg","type":"image\/jpeg"}],"author":"US6","twitter_card":"summary_large_image","twitter_misc":{"Written by":"US6","Est. reading time":"2 minutes"},"schema":{"@context":"https:\/\/schema.org","@graph":[{"@type":"WebPage","@id":"https:\/\/veritasinfo.org\/?p=13042","url":"https:\/\/veritasinfo.org\/?p=13042","name":"\u00c7anak: Serbia sot drejtohet nga kriminel\u00eb n\u00ebn kontrollin personal t\u00eb presidentit -","isPartOf":{"@id":"https:\/\/veritasinfo.org\/#website"},"primaryImageOfPage":{"@id":"https:\/\/veritasinfo.org\/?p=13042#primaryimage"},"image":{"@id":"https:\/\/veritasinfo.org\/?p=13042#primaryimage"},"thumbnailUrl":"https:\/\/veritasinfo.org\/wp-content\/uploads\/2025\/09\/nenad3.jpg","datePublished":"2025-09-22T05:25:49+00:00","author":{"@id":"https:\/\/veritasinfo.org\/#\/schema\/person\/fe199eede04c3937362892b7444747cc"},"breadcrumb":{"@id":"https:\/\/veritasinfo.org\/?p=13042#breadcrumb"},"inLanguage":"en-US","potentialAction":[{"@type":"ReadAction","target":["https:\/\/veritasinfo.org\/?p=13042"]}]},{"@type":"ImageObject","inLanguage":"en-US","@id":"https:\/\/veritasinfo.org\/?p=13042#primaryimage","url":"https:\/\/veritasinfo.org\/wp-content\/uploads\/2025\/09\/nenad3.jpg","contentUrl":"https:\/\/veritasinfo.org\/wp-content\/uploads\/2025\/09\/nenad3.jpg","width":864,"height":486},{"@type":"BreadcrumbList","@id":"https:\/\/veritasinfo.org\/?p=13042#breadcrumb","itemListElement":[{"@type":"ListItem","position":1,"name":"Home","item":"https:\/\/veritasinfo.org\/"},{"@type":"ListItem","position":2,"name":"\u00c7anak: Serbia sot drejtohet nga kriminel\u00eb n\u00ebn kontrollin personal t\u00eb presidentit"}]},{"@type":"WebSite","@id":"https:\/\/veritasinfo.org\/#website","url":"https:\/\/veritasinfo.org\/","name":"","description":"","potentialAction":[{"@type":"SearchAction","target":{"@type":"EntryPoint","urlTemplate":"https:\/\/veritasinfo.org\/?s={search_term_string}"},"query-input":{"@type":"PropertyValueSpecification","valueRequired":true,"valueName":"search_term_string"}}],"inLanguage":"en-US"},{"@type":"Person","@id":"https:\/\/veritasinfo.org\/#\/schema\/person\/fe199eede04c3937362892b7444747cc","name":"US6","image":{"@type":"ImageObject","inLanguage":"en-US","@id":"https:\/\/veritasinfo.org\/#\/schema\/person\/image\/","url":"https:\/\/secure.gravatar.com\/avatar\/cb16c3c31c9d23b9b8c705964598220b3014e42ff51eb540ff23cefa3ae8c15f?s=96&d=mm&r=g","contentUrl":"https:\/\/secure.gravatar.com\/avatar\/cb16c3c31c9d23b9b8c705964598220b3014e42ff51eb540ff23cefa3ae8c15f?s=96&d=mm&r=g","caption":"US6"},"url":"https:\/\/veritasinfo.org\/?author=7"}]}},"featured_image_urls":{"full":["https:\/\/veritasinfo.org\/wp-content\/uploads\/2025\/09\/nenad3.jpg",864,486,false],"thumbnail":["https:\/\/veritasinfo.org\/wp-content\/uploads\/2025\/09\/nenad3-150x150.jpg",150,150,true],"medium":["https:\/\/veritasinfo.org\/wp-content\/uploads\/2025\/09\/nenad3-300x169.jpg",300,169,true],"medium_large":["https:\/\/veritasinfo.org\/wp-content\/uploads\/2025\/09\/nenad3-768x432.jpg",640,360,true],"large":["https:\/\/veritasinfo.org\/wp-content\/uploads\/2025\/09\/nenad3.jpg",640,360,false],"1536x1536":["https:\/\/veritasinfo.org\/wp-content\/uploads\/2025\/09\/nenad3.jpg",864,486,false],"2048x2048":["https:\/\/veritasinfo.org\/wp-content\/uploads\/2025\/09\/nenad3.jpg",864,486,false],"kreeti-slider-full":["https:\/\/veritasinfo.org\/wp-content\/uploads\/2025\/09\/nenad3.jpg",864,486,false],"kreeti-featured":["https:\/\/veritasinfo.org\/wp-content\/uploads\/2025\/09\/nenad3.jpg",864,486,false],"kreeti-medium":["https:\/\/veritasinfo.org\/wp-content\/uploads\/2025\/09\/nenad3.jpg",720,405,false],"kreeti-medium-square":["https:\/\/veritasinfo.org\/wp-content\/uploads\/2025\/09\/nenad3.jpg",350,197,false]},"author_info":{"info":["US6"]},"category_info":"<a href=\"https:\/\/veritasinfo.org\/?cat=58\" rel=\"category\">Politik\u00eb<\/a>","tag_info":"Politik\u00eb","comment_count":"0","_links":{"self":[{"href":"https:\/\/veritasinfo.org\/index.php?rest_route=\/wp\/v2\/posts\/13042","targetHints":{"allow":["GET"]}}],"collection":[{"href":"https:\/\/veritasinfo.org\/index.php?rest_route=\/wp\/v2\/posts"}],"about":[{"href":"https:\/\/veritasinfo.org\/index.php?rest_route=\/wp\/v2\/types\/post"}],"author":[{"embeddable":true,"href":"https:\/\/veritasinfo.org\/index.php?rest_route=\/wp\/v2\/users\/7"}],"replies":[{"embeddable":true,"href":"https:\/\/veritasinfo.org\/index.php?rest_route=%2Fwp%2Fv2%2Fcomments&post=13042"}],"version-history":[{"count":1,"href":"https:\/\/veritasinfo.org\/index.php?rest_route=\/wp\/v2\/posts\/13042\/revisions"}],"predecessor-version":[{"id":13044,"href":"https:\/\/veritasinfo.org\/index.php?rest_route=\/wp\/v2\/posts\/13042\/revisions\/13044"}],"wp:featuredmedia":[{"embeddable":true,"href":"https:\/\/veritasinfo.org\/index.php?rest_route=\/wp\/v2\/media\/13043"}],"wp:attachment":[{"href":"https:\/\/veritasinfo.org\/index.php?rest_route=%2Fwp%2Fv2%2Fmedia&parent=13042"}],"wp:term":[{"taxonomy":"category","embeddable":true,"href":"https:\/\/veritasinfo.org\/index.php?rest_route=%2Fwp%2Fv2%2Fcategories&post=13042"},{"taxonomy":"post_tag","embeddable":true,"href":"https:\/\/veritasinfo.org\/index.php?rest_route=%2Fwp%2Fv2%2Ftags&post=13042"}],"curies":[{"name":"wp","href":"https:\/\/api.w.org\/{rel}","templated":true}]}}