{"id":13037,"date":"2025-09-21T20:14:12","date_gmt":"2025-09-21T18:14:12","guid":{"rendered":"https:\/\/veritasinfo.org\/?p=13037"},"modified":"2025-09-21T20:14:12","modified_gmt":"2025-09-21T18:14:12","slug":"per-here-te-pare-veshjet-tradicionale-shqiptare-shfaqen-ne-oktoberfest-te-mynihut","status":"publish","type":"post","link":"https:\/\/veritasinfo.org\/?p=13037","title":{"rendered":"P\u00ebr her\u00eb t\u00eb par\u00eb, veshjet tradicionale shqiptare shfaqen n\u00eb Oktoberfest t\u00eb Mynihut\u200b"},"content":{"rendered":"<p>Prishtin\u00eb, 21 shtator 2025<\/p>\n<p>N\u00eb nj\u00eb ngjarje historike p\u00ebr shqiptar\u00ebt, p\u00ebr her\u00eb t\u00eb par\u00eb n\u00eb parakalimin e Oktoberfest n\u00eb Mynih, nj\u00eb nga festivalet m\u00eb t\u00eb njohura dhe m\u00eb t\u00eb m\u00ebdha t\u00eb vitit n\u00eb Gjermani, u shfaq\u00ebn veshjet tradicionale shqiptare.<\/p>\n<p>P\u00ebrfaq\u00ebsues t\u00eb komunitetit shqipfol\u00ebs n\u00eb Mynih, t\u00eb mb\u00ebshtetur nga Shoqata \u201cIliria M\u00fcnchen\u201d, parakaluan me simbolet dhe kostume komb\u00ebtare shqiptare, duke u b\u00ebr\u00eb pjes\u00eb e k\u00ebsaj feste madh\u00ebshtore q\u00eb t\u00ebrheq mij\u00ebra vizitor\u00eb nga e gjith\u00eb bota, raporton Deutsche Welle.<\/p>\n<p>Ky akt sh\u00ebnoi nj\u00eb moment t\u00eb r\u00ebnd\u00ebsish\u00ebm n\u00eb p\u00ebrfaq\u00ebsimin e kultur\u00ebs dhe tradit\u00ebs shqiptare n\u00eb nj\u00eb nga ngjarjet m\u00eb t\u00eb njohura dhe prestigjioze t\u00eb bot\u00ebs.<\/p>\n<p>Organizimi i k\u00ebtij parakalimi ishte mund\u00ebsuar nga Shoqata \u201cIliria M\u00fcnchen\u201d, e cila ka kontribuar n\u00eb promovimin e kultur\u00ebs shqiptare dhe forcimin e lidhjeve nd\u00ebrkomb\u00ebtare mes shqiptar\u00ebve dhe komunitetit gjerman.<\/p>\n","protected":false},"excerpt":{"rendered":"<p>Prishtin\u00eb, 21 shtator 2025 N\u00eb nj\u00eb ngjarje historike p\u00ebr shqiptar\u00ebt, p\u00ebr her\u00eb t\u00eb par\u00eb n\u00eb parakalimin e Oktoberfest n\u00eb Mynih, nj\u00eb nga festivalet m\u00eb t\u00eb<\/p>\n","protected":false},"author":7,"featured_media":13038,"comment_status":"open","ping_status":"open","sticky":false,"template":"","format":"standard","meta":{"footnotes":""},"categories":[54],"tags":[],"class_list":["post-13037","post","type-post","status-publish","format-standard","has-post-thumbnail","hentry","category-kulture-sq"],"yoast_head":"<!-- This site is optimized with the Yoast SEO plugin v25.3.1 - https:\/\/yoast.com\/wordpress\/plugins\/seo\/ -->\n<title>P\u00ebr her\u00eb t\u00eb par\u00eb, veshjet tradicionale shqiptare shfaqen n\u00eb Oktoberfest t\u00eb Mynihut\u200b -<\/title>\n<meta name=\"robots\" content=\"index, follow, max-snippet:-1, max-image-preview:large, max-video-preview:-1\" \/>\n<link rel=\"canonical\" href=\"https:\/\/veritasinfo.org\/?p=13037\" \/>\n<meta property=\"og:locale\" content=\"en_US\" \/>\n<meta property=\"og:type\" content=\"article\" \/>\n<meta property=\"og:title\" content=\"P\u00ebr her\u00eb t\u00eb par\u00eb, veshjet tradicionale shqiptare shfaqen n\u00eb Oktoberfest t\u00eb Mynihut\u200b -\" \/>\n<meta property=\"og:description\" content=\"Prishtin\u00eb, 21 shtator 2025 N\u00eb nj\u00eb ngjarje historike p\u00ebr shqiptar\u00ebt, p\u00ebr her\u00eb t\u00eb par\u00eb n\u00eb parakalimin e Oktoberfest n\u00eb Mynih, nj\u00eb nga festivalet m\u00eb t\u00eb\" \/>\n<meta property=\"og:url\" content=\"https:\/\/veritasinfo.org\/?p=13037\" \/>\n<meta property=\"article:published_time\" content=\"2025-09-21T18:14:12+00:00\" \/>\n<meta property=\"og:image\" content=\"https:\/\/veritasinfo.org\/wp-content\/uploads\/2025\/09\/as3-1068x1068-1s.jpg\" \/>\n\t<meta property=\"og:image:width\" content=\"1068\" \/>\n\t<meta property=\"og:image:height\" content=\"601\" \/>\n\t<meta property=\"og:image:type\" content=\"image\/jpeg\" \/>\n<meta name=\"author\" content=\"US6\" \/>\n<meta name=\"twitter:card\" content=\"summary_large_image\" \/>\n<meta name=\"twitter:label1\" content=\"Written by\" \/>\n\t<meta name=\"twitter:data1\" content=\"US6\" \/>\n\t<meta name=\"twitter:label2\" content=\"Est. reading time\" \/>\n\t<meta name=\"twitter:data2\" content=\"1 minute\" \/>\n<script type=\"application\/ld+json\" class=\"yoast-schema-graph\">{\"@context\":\"https:\/\/schema.org\",\"@graph\":[{\"@type\":\"WebPage\",\"@id\":\"https:\/\/veritasinfo.org\/?p=13037\",\"url\":\"https:\/\/veritasinfo.org\/?p=13037\",\"name\":\"P\u00ebr her\u00eb t\u00eb par\u00eb, veshjet tradicionale shqiptare shfaqen n\u00eb Oktoberfest t\u00eb Mynihut\u200b -\",\"isPartOf\":{\"@id\":\"https:\/\/veritasinfo.org\/#website\"},\"primaryImageOfPage\":{\"@id\":\"https:\/\/veritasinfo.org\/?p=13037#primaryimage\"},\"image\":{\"@id\":\"https:\/\/veritasinfo.org\/?p=13037#primaryimage\"},\"thumbnailUrl\":\"https:\/\/veritasinfo.org\/wp-content\/uploads\/2025\/09\/as3-1068x1068-1s.jpg\",\"datePublished\":\"2025-09-21T18:14:12+00:00\",\"author\":{\"@id\":\"https:\/\/veritasinfo.org\/#\/schema\/person\/fe199eede04c3937362892b7444747cc\"},\"breadcrumb\":{\"@id\":\"https:\/\/veritasinfo.org\/?p=13037#breadcrumb\"},\"inLanguage\":\"en-US\",\"potentialAction\":[{\"@type\":\"ReadAction\",\"target\":[\"https:\/\/veritasinfo.org\/?p=13037\"]}]},{\"@type\":\"ImageObject\",\"inLanguage\":\"en-US\",\"@id\":\"https:\/\/veritasinfo.org\/?p=13037#primaryimage\",\"url\":\"https:\/\/veritasinfo.org\/wp-content\/uploads\/2025\/09\/as3-1068x1068-1s.jpg\",\"contentUrl\":\"https:\/\/veritasinfo.org\/wp-content\/uploads\/2025\/09\/as3-1068x1068-1s.jpg\",\"width\":1068,\"height\":601},{\"@type\":\"BreadcrumbList\",\"@id\":\"https:\/\/veritasinfo.org\/?p=13037#breadcrumb\",\"itemListElement\":[{\"@type\":\"ListItem\",\"position\":1,\"name\":\"Home\",\"item\":\"https:\/\/veritasinfo.org\/\"},{\"@type\":\"ListItem\",\"position\":2,\"name\":\"P\u00ebr her\u00eb t\u00eb par\u00eb, veshjet tradicionale shqiptare shfaqen n\u00eb Oktoberfest t\u00eb Mynihut\u200b\"}]},{\"@type\":\"WebSite\",\"@id\":\"https:\/\/veritasinfo.org\/#website\",\"url\":\"https:\/\/veritasinfo.org\/\",\"name\":\"\",\"description\":\"\",\"potentialAction\":[{\"@type\":\"SearchAction\",\"target\":{\"@type\":\"EntryPoint\",\"urlTemplate\":\"https:\/\/veritasinfo.org\/?s={search_term_string}\"},\"query-input\":{\"@type\":\"PropertyValueSpecification\",\"valueRequired\":true,\"valueName\":\"search_term_string\"}}],\"inLanguage\":\"en-US\"},{\"@type\":\"Person\",\"@id\":\"https:\/\/veritasinfo.org\/#\/schema\/person\/fe199eede04c3937362892b7444747cc\",\"name\":\"US6\",\"image\":{\"@type\":\"ImageObject\",\"inLanguage\":\"en-US\",\"@id\":\"https:\/\/veritasinfo.org\/#\/schema\/person\/image\/\",\"url\":\"https:\/\/secure.gravatar.com\/avatar\/cb16c3c31c9d23b9b8c705964598220b3014e42ff51eb540ff23cefa3ae8c15f?s=96&d=mm&r=g\",\"contentUrl\":\"https:\/\/secure.gravatar.com\/avatar\/cb16c3c31c9d23b9b8c705964598220b3014e42ff51eb540ff23cefa3ae8c15f?s=96&d=mm&r=g\",\"caption\":\"US6\"},\"url\":\"https:\/\/veritasinfo.org\/?author=7\"}]}<\/script>\n<!-- \/ Yoast SEO plugin. -->","yoast_head_json":{"title":"P\u00ebr her\u00eb t\u00eb par\u00eb, veshjet tradicionale shqiptare shfaqen n\u00eb Oktoberfest t\u00eb Mynihut\u200b -","robots":{"index":"index","follow":"follow","max-snippet":"max-snippet:-1","max-image-preview":"max-image-preview:large","max-video-preview":"max-video-preview:-1"},"canonical":"https:\/\/veritasinfo.org\/?p=13037","og_locale":"en_US","og_type":"article","og_title":"P\u00ebr her\u00eb t\u00eb par\u00eb, veshjet tradicionale shqiptare shfaqen n\u00eb Oktoberfest t\u00eb Mynihut\u200b -","og_description":"Prishtin\u00eb, 21 shtator 2025 N\u00eb nj\u00eb ngjarje historike p\u00ebr shqiptar\u00ebt, p\u00ebr her\u00eb t\u00eb par\u00eb n\u00eb parakalimin e Oktoberfest n\u00eb Mynih, nj\u00eb nga festivalet m\u00eb t\u00eb","og_url":"https:\/\/veritasinfo.org\/?p=13037","article_published_time":"2025-09-21T18:14:12+00:00","og_image":[{"width":1068,"height":601,"url":"https:\/\/veritasinfo.org\/wp-content\/uploads\/2025\/09\/as3-1068x1068-1s.jpg","type":"image\/jpeg"}],"author":"US6","twitter_card":"summary_large_image","twitter_misc":{"Written by":"US6","Est. reading time":"1 minute"},"schema":{"@context":"https:\/\/schema.org","@graph":[{"@type":"WebPage","@id":"https:\/\/veritasinfo.org\/?p=13037","url":"https:\/\/veritasinfo.org\/?p=13037","name":"P\u00ebr her\u00eb t\u00eb par\u00eb, veshjet tradicionale shqiptare shfaqen n\u00eb Oktoberfest t\u00eb Mynihut\u200b -","isPartOf":{"@id":"https:\/\/veritasinfo.org\/#website"},"primaryImageOfPage":{"@id":"https:\/\/veritasinfo.org\/?p=13037#primaryimage"},"image":{"@id":"https:\/\/veritasinfo.org\/?p=13037#primaryimage"},"thumbnailUrl":"https:\/\/veritasinfo.org\/wp-content\/uploads\/2025\/09\/as3-1068x1068-1s.jpg","datePublished":"2025-09-21T18:14:12+00:00","author":{"@id":"https:\/\/veritasinfo.org\/#\/schema\/person\/fe199eede04c3937362892b7444747cc"},"breadcrumb":{"@id":"https:\/\/veritasinfo.org\/?p=13037#breadcrumb"},"inLanguage":"en-US","potentialAction":[{"@type":"ReadAction","target":["https:\/\/veritasinfo.org\/?p=13037"]}]},{"@type":"ImageObject","inLanguage":"en-US","@id":"https:\/\/veritasinfo.org\/?p=13037#primaryimage","url":"https:\/\/veritasinfo.org\/wp-content\/uploads\/2025\/09\/as3-1068x1068-1s.jpg","contentUrl":"https:\/\/veritasinfo.org\/wp-content\/uploads\/2025\/09\/as3-1068x1068-1s.jpg","width":1068,"height":601},{"@type":"BreadcrumbList","@id":"https:\/\/veritasinfo.org\/?p=13037#breadcrumb","itemListElement":[{"@type":"ListItem","position":1,"name":"Home","item":"https:\/\/veritasinfo.org\/"},{"@type":"ListItem","position":2,"name":"P\u00ebr her\u00eb t\u00eb par\u00eb, veshjet tradicionale shqiptare shfaqen n\u00eb Oktoberfest t\u00eb Mynihut\u200b"}]},{"@type":"WebSite","@id":"https:\/\/veritasinfo.org\/#website","url":"https:\/\/veritasinfo.org\/","name":"","description":"","potentialAction":[{"@type":"SearchAction","target":{"@type":"EntryPoint","urlTemplate":"https:\/\/veritasinfo.org\/?s={search_term_string}"},"query-input":{"@type":"PropertyValueSpecification","valueRequired":true,"valueName":"search_term_string"}}],"inLanguage":"en-US"},{"@type":"Person","@id":"https:\/\/veritasinfo.org\/#\/schema\/person\/fe199eede04c3937362892b7444747cc","name":"US6","image":{"@type":"ImageObject","inLanguage":"en-US","@id":"https:\/\/veritasinfo.org\/#\/schema\/person\/image\/","url":"https:\/\/secure.gravatar.com\/avatar\/cb16c3c31c9d23b9b8c705964598220b3014e42ff51eb540ff23cefa3ae8c15f?s=96&d=mm&r=g","contentUrl":"https:\/\/secure.gravatar.com\/avatar\/cb16c3c31c9d23b9b8c705964598220b3014e42ff51eb540ff23cefa3ae8c15f?s=96&d=mm&r=g","caption":"US6"},"url":"https:\/\/veritasinfo.org\/?author=7"}]}},"featured_image_urls":{"full":["https:\/\/veritasinfo.org\/wp-content\/uploads\/2025\/09\/as3-1068x1068-1s.jpg",1068,601,false],"thumbnail":["https:\/\/veritasinfo.org\/wp-content\/uploads\/2025\/09\/as3-1068x1068-1s-150x150.jpg",150,150,true],"medium":["https:\/\/veritasinfo.org\/wp-content\/uploads\/2025\/09\/as3-1068x1068-1s-300x169.jpg",300,169,true],"medium_large":["https:\/\/veritasinfo.org\/wp-content\/uploads\/2025\/09\/as3-1068x1068-1s-768x432.jpg",640,360,true],"large":["https:\/\/veritasinfo.org\/wp-content\/uploads\/2025\/09\/as3-1068x1068-1s-1024x576.jpg",640,360,true],"1536x1536":["https:\/\/veritasinfo.org\/wp-content\/uploads\/2025\/09\/as3-1068x1068-1s.jpg",1068,601,false],"2048x2048":["https:\/\/veritasinfo.org\/wp-content\/uploads\/2025\/09\/as3-1068x1068-1s.jpg",1068,601,false],"kreeti-slider-full":["https:\/\/veritasinfo.org\/wp-content\/uploads\/2025\/09\/as3-1068x1068-1s.jpg",1068,601,false],"kreeti-featured":["https:\/\/veritasinfo.org\/wp-content\/uploads\/2025\/09\/as3-1068x1068-1s.jpg",1024,576,false],"kreeti-medium":["https:\/\/veritasinfo.org\/wp-content\/uploads\/2025\/09\/as3-1068x1068-1s.jpg",720,405,false],"kreeti-medium-square":["https:\/\/veritasinfo.org\/wp-content\/uploads\/2025\/09\/as3-1068x1068-1s.jpg",350,197,false]},"author_info":{"info":["US6"]},"category_info":"<a href=\"https:\/\/veritasinfo.org\/?cat=54\" rel=\"category\">Kultur\u00eb<\/a>","tag_info":"Kultur\u00eb","comment_count":"0","_links":{"self":[{"href":"https:\/\/veritasinfo.org\/index.php?rest_route=\/wp\/v2\/posts\/13037","targetHints":{"allow":["GET"]}}],"collection":[{"href":"https:\/\/veritasinfo.org\/index.php?rest_route=\/wp\/v2\/posts"}],"about":[{"href":"https:\/\/veritasinfo.org\/index.php?rest_route=\/wp\/v2\/types\/post"}],"author":[{"embeddable":true,"href":"https:\/\/veritasinfo.org\/index.php?rest_route=\/wp\/v2\/users\/7"}],"replies":[{"embeddable":true,"href":"https:\/\/veritasinfo.org\/index.php?rest_route=%2Fwp%2Fv2%2Fcomments&post=13037"}],"version-history":[{"count":1,"href":"https:\/\/veritasinfo.org\/index.php?rest_route=\/wp\/v2\/posts\/13037\/revisions"}],"predecessor-version":[{"id":13039,"href":"https:\/\/veritasinfo.org\/index.php?rest_route=\/wp\/v2\/posts\/13037\/revisions\/13039"}],"wp:featuredmedia":[{"embeddable":true,"href":"https:\/\/veritasinfo.org\/index.php?rest_route=\/wp\/v2\/media\/13038"}],"wp:attachment":[{"href":"https:\/\/veritasinfo.org\/index.php?rest_route=%2Fwp%2Fv2%2Fmedia&parent=13037"}],"wp:term":[{"taxonomy":"category","embeddable":true,"href":"https:\/\/veritasinfo.org\/index.php?rest_route=%2Fwp%2Fv2%2Fcategories&post=13037"},{"taxonomy":"post_tag","embeddable":true,"href":"https:\/\/veritasinfo.org\/index.php?rest_route=%2Fwp%2Fv2%2Ftags&post=13037"}],"curies":[{"name":"wp","href":"https:\/\/api.w.org\/{rel}","templated":true}]}}