{"id":13032,"date":"2025-09-21T20:09:28","date_gmt":"2025-09-21T18:09:28","guid":{"rendered":"https:\/\/veritasinfo.org\/?p=13032"},"modified":"2025-09-21T20:09:28","modified_gmt":"2025-09-21T18:09:28","slug":"osmani-kerkon-mbeshtetjen-e-liges-arabe-per-njohje-te-reja-te-kosoves","status":"publish","type":"post","link":"https:\/\/veritasinfo.org\/?p=13032","title":{"rendered":"Osmani k\u00ebrkon mb\u00ebshtetjen e Lig\u00ebs Arabe p\u00ebr njohje t\u00eb reja t\u00eb Kosov\u00ebs"},"content":{"rendered":"<p>Prishtin\u00eb, 21 shtator 2025<\/p>\n<p>Presidentja e Kosov\u00ebs, Vjosa Osmani ka theksuar nevoj\u00ebn e bashk\u00ebpunimin n\u00eb procesin e njohjeve t\u00eb reja p\u00ebr Kosov\u00ebn me Lig\u00ebn Arabe dhe njohjen e shteteve an\u00ebtare t\u00eb k\u00ebsaj organizate q\u00eb ende nuk e kan\u00eb b\u00ebr\u00eb nj\u00eb gj\u00eb t\u00eb till\u00eb.<\/p>\n<p>Ajo k\u00ebt\u00eb e ka th\u00ebn\u00eb n\u00eb takimin q\u00eb ka zhvilluar n\u00eb New York, me Sekretarin e P\u00ebrgjithsh\u00ebm t\u00eb Lig\u00ebs Arabe, Ahmed Aboul Gheit<\/p>\n<p>\u201cTheksova r\u00ebnd\u00ebsin\u00eb e bashk\u00ebpunimit nd\u00ebrmjet Kosov\u00ebs dhe Lig\u00ebs Arabe, si dhe nevoj\u00ebn p\u00ebr mb\u00ebshtetje n\u00eb procesin e njohjes s\u00eb Kosov\u00ebs nga shtetet an\u00ebtare t\u00eb k\u00ebsaj organizate q\u00eb ende nuk e kan\u00eb nd\u00ebrmarr\u00eb k\u00ebt\u00eb hap\u201d, ka shkruar Osmani.<\/p>\n","protected":false},"excerpt":{"rendered":"<p>Prishtin\u00eb, 21 shtator 2025 Presidentja e Kosov\u00ebs, Vjosa Osmani ka theksuar nevoj\u00ebn e bashk\u00ebpunimin n\u00eb procesin e njohjeve t\u00eb reja p\u00ebr Kosov\u00ebn me Lig\u00ebn Arabe<\/p>\n","protected":false},"author":7,"featured_media":13033,"comment_status":"open","ping_status":"open","sticky":false,"template":"","format":"standard","meta":{"footnotes":""},"categories":[58],"tags":[],"class_list":["post-13032","post","type-post","status-publish","format-standard","has-post-thumbnail","hentry","category-politike-sq"],"yoast_head":"<!-- This site is optimized with the Yoast SEO plugin v25.3.1 - https:\/\/yoast.com\/wordpress\/plugins\/seo\/ -->\n<title>Osmani k\u00ebrkon mb\u00ebshtetjen e Lig\u00ebs Arabe p\u00ebr njohje t\u00eb reja t\u00eb Kosov\u00ebs -<\/title>\n<meta name=\"robots\" content=\"index, follow, max-snippet:-1, max-image-preview:large, max-video-preview:-1\" \/>\n<link rel=\"canonical\" href=\"https:\/\/veritasinfo.org\/?p=13032\" \/>\n<meta property=\"og:locale\" content=\"en_US\" \/>\n<meta property=\"og:type\" content=\"article\" \/>\n<meta property=\"og:title\" content=\"Osmani k\u00ebrkon mb\u00ebshtetjen e Lig\u00ebs Arabe p\u00ebr njohje t\u00eb reja t\u00eb Kosov\u00ebs -\" \/>\n<meta property=\"og:description\" content=\"Prishtin\u00eb, 21 shtator 2025 Presidentja e Kosov\u00ebs, Vjosa Osmani ka theksuar nevoj\u00ebn e bashk\u00ebpunimin n\u00eb procesin e njohjeve t\u00eb reja p\u00ebr Kosov\u00ebn me Lig\u00ebn Arabe\" \/>\n<meta property=\"og:url\" content=\"https:\/\/veritasinfo.org\/?p=13032\" \/>\n<meta property=\"article:published_time\" content=\"2025-09-21T18:09:28+00:00\" \/>\n<meta property=\"og:image\" content=\"https:\/\/veritasinfo.org\/wp-content\/uploads\/2025\/09\/550438396_1330341008450435_7637934311509762916_n.jpg\" \/>\n\t<meta property=\"og:image:width\" content=\"1600\" \/>\n\t<meta property=\"og:image:height\" content=\"1068\" \/>\n\t<meta property=\"og:image:type\" content=\"image\/jpeg\" \/>\n<meta name=\"author\" content=\"US6\" \/>\n<meta name=\"twitter:card\" content=\"summary_large_image\" \/>\n<meta name=\"twitter:label1\" content=\"Written by\" \/>\n\t<meta name=\"twitter:data1\" content=\"US6\" \/>\n\t<meta name=\"twitter:label2\" content=\"Est. reading time\" \/>\n\t<meta name=\"twitter:data2\" content=\"1 minute\" \/>\n<script type=\"application\/ld+json\" class=\"yoast-schema-graph\">{\"@context\":\"https:\/\/schema.org\",\"@graph\":[{\"@type\":\"WebPage\",\"@id\":\"https:\/\/veritasinfo.org\/?p=13032\",\"url\":\"https:\/\/veritasinfo.org\/?p=13032\",\"name\":\"Osmani k\u00ebrkon mb\u00ebshtetjen e Lig\u00ebs Arabe p\u00ebr njohje t\u00eb reja t\u00eb Kosov\u00ebs -\",\"isPartOf\":{\"@id\":\"https:\/\/veritasinfo.org\/#website\"},\"primaryImageOfPage\":{\"@id\":\"https:\/\/veritasinfo.org\/?p=13032#primaryimage\"},\"image\":{\"@id\":\"https:\/\/veritasinfo.org\/?p=13032#primaryimage\"},\"thumbnailUrl\":\"https:\/\/veritasinfo.org\/wp-content\/uploads\/2025\/09\/550438396_1330341008450435_7637934311509762916_n.jpg\",\"datePublished\":\"2025-09-21T18:09:28+00:00\",\"author\":{\"@id\":\"https:\/\/veritasinfo.org\/#\/schema\/person\/fe199eede04c3937362892b7444747cc\"},\"breadcrumb\":{\"@id\":\"https:\/\/veritasinfo.org\/?p=13032#breadcrumb\"},\"inLanguage\":\"en-US\",\"potentialAction\":[{\"@type\":\"ReadAction\",\"target\":[\"https:\/\/veritasinfo.org\/?p=13032\"]}]},{\"@type\":\"ImageObject\",\"inLanguage\":\"en-US\",\"@id\":\"https:\/\/veritasinfo.org\/?p=13032#primaryimage\",\"url\":\"https:\/\/veritasinfo.org\/wp-content\/uploads\/2025\/09\/550438396_1330341008450435_7637934311509762916_n.jpg\",\"contentUrl\":\"https:\/\/veritasinfo.org\/wp-content\/uploads\/2025\/09\/550438396_1330341008450435_7637934311509762916_n.jpg\",\"width\":1600,\"height\":1068},{\"@type\":\"BreadcrumbList\",\"@id\":\"https:\/\/veritasinfo.org\/?p=13032#breadcrumb\",\"itemListElement\":[{\"@type\":\"ListItem\",\"position\":1,\"name\":\"Home\",\"item\":\"https:\/\/veritasinfo.org\/\"},{\"@type\":\"ListItem\",\"position\":2,\"name\":\"Osmani k\u00ebrkon mb\u00ebshtetjen e Lig\u00ebs Arabe p\u00ebr njohje t\u00eb reja t\u00eb Kosov\u00ebs\"}]},{\"@type\":\"WebSite\",\"@id\":\"https:\/\/veritasinfo.org\/#website\",\"url\":\"https:\/\/veritasinfo.org\/\",\"name\":\"\",\"description\":\"\",\"potentialAction\":[{\"@type\":\"SearchAction\",\"target\":{\"@type\":\"EntryPoint\",\"urlTemplate\":\"https:\/\/veritasinfo.org\/?s={search_term_string}\"},\"query-input\":{\"@type\":\"PropertyValueSpecification\",\"valueRequired\":true,\"valueName\":\"search_term_string\"}}],\"inLanguage\":\"en-US\"},{\"@type\":\"Person\",\"@id\":\"https:\/\/veritasinfo.org\/#\/schema\/person\/fe199eede04c3937362892b7444747cc\",\"name\":\"US6\",\"image\":{\"@type\":\"ImageObject\",\"inLanguage\":\"en-US\",\"@id\":\"https:\/\/veritasinfo.org\/#\/schema\/person\/image\/\",\"url\":\"https:\/\/secure.gravatar.com\/avatar\/cb16c3c31c9d23b9b8c705964598220b3014e42ff51eb540ff23cefa3ae8c15f?s=96&d=mm&r=g\",\"contentUrl\":\"https:\/\/secure.gravatar.com\/avatar\/cb16c3c31c9d23b9b8c705964598220b3014e42ff51eb540ff23cefa3ae8c15f?s=96&d=mm&r=g\",\"caption\":\"US6\"},\"url\":\"https:\/\/veritasinfo.org\/?author=7\"}]}<\/script>\n<!-- \/ Yoast SEO plugin. -->","yoast_head_json":{"title":"Osmani k\u00ebrkon mb\u00ebshtetjen e Lig\u00ebs Arabe p\u00ebr njohje t\u00eb reja t\u00eb Kosov\u00ebs -","robots":{"index":"index","follow":"follow","max-snippet":"max-snippet:-1","max-image-preview":"max-image-preview:large","max-video-preview":"max-video-preview:-1"},"canonical":"https:\/\/veritasinfo.org\/?p=13032","og_locale":"en_US","og_type":"article","og_title":"Osmani k\u00ebrkon mb\u00ebshtetjen e Lig\u00ebs Arabe p\u00ebr njohje t\u00eb reja t\u00eb Kosov\u00ebs -","og_description":"Prishtin\u00eb, 21 shtator 2025 Presidentja e Kosov\u00ebs, Vjosa Osmani ka theksuar nevoj\u00ebn e bashk\u00ebpunimin n\u00eb procesin e njohjeve t\u00eb reja p\u00ebr Kosov\u00ebn me Lig\u00ebn Arabe","og_url":"https:\/\/veritasinfo.org\/?p=13032","article_published_time":"2025-09-21T18:09:28+00:00","og_image":[{"width":1600,"height":1068,"url":"https:\/\/veritasinfo.org\/wp-content\/uploads\/2025\/09\/550438396_1330341008450435_7637934311509762916_n.jpg","type":"image\/jpeg"}],"author":"US6","twitter_card":"summary_large_image","twitter_misc":{"Written by":"US6","Est. reading time":"1 minute"},"schema":{"@context":"https:\/\/schema.org","@graph":[{"@type":"WebPage","@id":"https:\/\/veritasinfo.org\/?p=13032","url":"https:\/\/veritasinfo.org\/?p=13032","name":"Osmani k\u00ebrkon mb\u00ebshtetjen e Lig\u00ebs Arabe p\u00ebr njohje t\u00eb reja t\u00eb Kosov\u00ebs -","isPartOf":{"@id":"https:\/\/veritasinfo.org\/#website"},"primaryImageOfPage":{"@id":"https:\/\/veritasinfo.org\/?p=13032#primaryimage"},"image":{"@id":"https:\/\/veritasinfo.org\/?p=13032#primaryimage"},"thumbnailUrl":"https:\/\/veritasinfo.org\/wp-content\/uploads\/2025\/09\/550438396_1330341008450435_7637934311509762916_n.jpg","datePublished":"2025-09-21T18:09:28+00:00","author":{"@id":"https:\/\/veritasinfo.org\/#\/schema\/person\/fe199eede04c3937362892b7444747cc"},"breadcrumb":{"@id":"https:\/\/veritasinfo.org\/?p=13032#breadcrumb"},"inLanguage":"en-US","potentialAction":[{"@type":"ReadAction","target":["https:\/\/veritasinfo.org\/?p=13032"]}]},{"@type":"ImageObject","inLanguage":"en-US","@id":"https:\/\/veritasinfo.org\/?p=13032#primaryimage","url":"https:\/\/veritasinfo.org\/wp-content\/uploads\/2025\/09\/550438396_1330341008450435_7637934311509762916_n.jpg","contentUrl":"https:\/\/veritasinfo.org\/wp-content\/uploads\/2025\/09\/550438396_1330341008450435_7637934311509762916_n.jpg","width":1600,"height":1068},{"@type":"BreadcrumbList","@id":"https:\/\/veritasinfo.org\/?p=13032#breadcrumb","itemListElement":[{"@type":"ListItem","position":1,"name":"Home","item":"https:\/\/veritasinfo.org\/"},{"@type":"ListItem","position":2,"name":"Osmani k\u00ebrkon mb\u00ebshtetjen e Lig\u00ebs Arabe p\u00ebr njohje t\u00eb reja t\u00eb Kosov\u00ebs"}]},{"@type":"WebSite","@id":"https:\/\/veritasinfo.org\/#website","url":"https:\/\/veritasinfo.org\/","name":"","description":"","potentialAction":[{"@type":"SearchAction","target":{"@type":"EntryPoint","urlTemplate":"https:\/\/veritasinfo.org\/?s={search_term_string}"},"query-input":{"@type":"PropertyValueSpecification","valueRequired":true,"valueName":"search_term_string"}}],"inLanguage":"en-US"},{"@type":"Person","@id":"https:\/\/veritasinfo.org\/#\/schema\/person\/fe199eede04c3937362892b7444747cc","name":"US6","image":{"@type":"ImageObject","inLanguage":"en-US","@id":"https:\/\/veritasinfo.org\/#\/schema\/person\/image\/","url":"https:\/\/secure.gravatar.com\/avatar\/cb16c3c31c9d23b9b8c705964598220b3014e42ff51eb540ff23cefa3ae8c15f?s=96&d=mm&r=g","contentUrl":"https:\/\/secure.gravatar.com\/avatar\/cb16c3c31c9d23b9b8c705964598220b3014e42ff51eb540ff23cefa3ae8c15f?s=96&d=mm&r=g","caption":"US6"},"url":"https:\/\/veritasinfo.org\/?author=7"}]}},"featured_image_urls":{"full":["https:\/\/veritasinfo.org\/wp-content\/uploads\/2025\/09\/550438396_1330341008450435_7637934311509762916_n.jpg",1600,1068,false],"thumbnail":["https:\/\/veritasinfo.org\/wp-content\/uploads\/2025\/09\/550438396_1330341008450435_7637934311509762916_n-150x150.jpg",150,150,true],"medium":["https:\/\/veritasinfo.org\/wp-content\/uploads\/2025\/09\/550438396_1330341008450435_7637934311509762916_n-300x200.jpg",300,200,true],"medium_large":["https:\/\/veritasinfo.org\/wp-content\/uploads\/2025\/09\/550438396_1330341008450435_7637934311509762916_n-768x513.jpg",640,428,true],"large":["https:\/\/veritasinfo.org\/wp-content\/uploads\/2025\/09\/550438396_1330341008450435_7637934311509762916_n-1024x684.jpg",640,428,true],"1536x1536":["https:\/\/veritasinfo.org\/wp-content\/uploads\/2025\/09\/550438396_1330341008450435_7637934311509762916_n-1536x1025.jpg",1536,1025,true],"2048x2048":["https:\/\/veritasinfo.org\/wp-content\/uploads\/2025\/09\/550438396_1330341008450435_7637934311509762916_n.jpg",1600,1068,false],"kreeti-slider-full":["https:\/\/veritasinfo.org\/wp-content\/uploads\/2025\/09\/550438396_1330341008450435_7637934311509762916_n.jpg",1079,720,false],"kreeti-featured":["https:\/\/veritasinfo.org\/wp-content\/uploads\/2025\/09\/550438396_1330341008450435_7637934311509762916_n.jpg",1024,684,false],"kreeti-medium":["https:\/\/veritasinfo.org\/wp-content\/uploads\/2025\/09\/550438396_1330341008450435_7637934311509762916_n.jpg",720,481,false],"kreeti-medium-square":["https:\/\/veritasinfo.org\/wp-content\/uploads\/2025\/09\/550438396_1330341008450435_7637934311509762916_n.jpg",350,234,false]},"author_info":{"info":["US6"]},"category_info":"<a href=\"https:\/\/veritasinfo.org\/?cat=58\" rel=\"category\">Politik\u00eb<\/a>","tag_info":"Politik\u00eb","comment_count":"0","_links":{"self":[{"href":"https:\/\/veritasinfo.org\/index.php?rest_route=\/wp\/v2\/posts\/13032","targetHints":{"allow":["GET"]}}],"collection":[{"href":"https:\/\/veritasinfo.org\/index.php?rest_route=\/wp\/v2\/posts"}],"about":[{"href":"https:\/\/veritasinfo.org\/index.php?rest_route=\/wp\/v2\/types\/post"}],"author":[{"embeddable":true,"href":"https:\/\/veritasinfo.org\/index.php?rest_route=\/wp\/v2\/users\/7"}],"replies":[{"embeddable":true,"href":"https:\/\/veritasinfo.org\/index.php?rest_route=%2Fwp%2Fv2%2Fcomments&post=13032"}],"version-history":[{"count":1,"href":"https:\/\/veritasinfo.org\/index.php?rest_route=\/wp\/v2\/posts\/13032\/revisions"}],"predecessor-version":[{"id":13034,"href":"https:\/\/veritasinfo.org\/index.php?rest_route=\/wp\/v2\/posts\/13032\/revisions\/13034"}],"wp:featuredmedia":[{"embeddable":true,"href":"https:\/\/veritasinfo.org\/index.php?rest_route=\/wp\/v2\/media\/13033"}],"wp:attachment":[{"href":"https:\/\/veritasinfo.org\/index.php?rest_route=%2Fwp%2Fv2%2Fmedia&parent=13032"}],"wp:term":[{"taxonomy":"category","embeddable":true,"href":"https:\/\/veritasinfo.org\/index.php?rest_route=%2Fwp%2Fv2%2Fcategories&post=13032"},{"taxonomy":"post_tag","embeddable":true,"href":"https:\/\/veritasinfo.org\/index.php?rest_route=%2Fwp%2Fv2%2Ftags&post=13032"}],"curies":[{"name":"wp","href":"https:\/\/api.w.org\/{rel}","templated":true}]}}