{"id":13003,"date":"2025-09-21T15:10:55","date_gmt":"2025-09-21T13:10:55","guid":{"rendered":"https:\/\/veritasinfo.org\/?p=13003"},"modified":"2025-09-21T15:21:04","modified_gmt":"2025-09-21T13:21:04","slug":"janjiq-pas-sulmit-ne-banjske-fshihet-edhe-rusia","status":"publish","type":"post","link":"https:\/\/veritasinfo.org\/?p=13003","title":{"rendered":"Janjiq: Pas sulmit n\u00eb Banjsk\u00eb, fshihet edhe Rusia?"},"content":{"rendered":"<p>Beograd, 21 shtator 2025<\/p>\n<p>Themeluesi i Forumit p\u00ebr Marr\u00ebdh\u00ebnie Etnike me seli n\u00eb Beograd t\u00eb Serbis\u00eb, Dushan Janjiq, i ftuar n\u00eb nj\u00eb emision televiziv, duke folur p\u00ebr sulmin terrorist n\u00eb Bansjk\u00eb t\u00eb Leposaviqit n\u00eb shtatorin e vitit 2023, thot\u00eb se ai organizim ishte mir\u00eb i menduar n\u00eb cdo aspekt. Nj\u00eb formacion i st\u00ebrvitur mir\u00eb, i p\u00ebrgatitur p\u00ebr disa vite, thot\u00eb Janjiq, p\u00ebr grupin terrorist t\u00eb udh\u00ebhequr nga Milan Radoi\u00e7iq.<\/p>\n<p>\u201cBanjsk\u00eb ishte maja e nj\u00eb krize t\u00eb siguris\u00eb. Dhe kjo ishte e organizuar n\u00eb \u00e7do aspekt \u2013 nj\u00eb formacion paramilitar, i st\u00ebrvitur mir\u00eb, i p\u00ebrgatitur p\u00ebr disa vite, q\u00eb u ngrit pjes\u00ebrisht nga struktura e mbrojtjes civile n\u00eb Kosov\u00eb, e cila ishte autoktone dhe q\u00eb kishte lindur si roje urash n\u00eb nj\u00eb situat\u00eb vakumi sigurie. Pastaj qytetar\u00ebt u organizuan, ndaluan dhe organizuan pranimin e njer\u00ebzve q\u00eb iknin nga Kosova n\u00eb veri, i pranuan ata. Ushtria ishte t\u00ebrhequr 37 dit\u00eb m\u00eb par\u00eb. Kjo \u00ebsht\u00eb di\u00e7ka q\u00eb duhet sqaruar dhe un\u00eb do ta b\u00ebj. \u00cbsht\u00eb nj\u00eb nga ato g\u00ebnjeshtrat e m\u00ebdha, ku akuzon gjithmon\u00eb tjetrin p\u00ebr humbjet e tua. Nuk pranon humbjen e luft\u00ebs. At\u00ebher\u00eb edhe Millosheviqi b\u00ebnte thirrje p\u00ebr kapje t\u00eb shpatave dhe gj\u00ebra t\u00eb tjera, festonte fitoren, si ndoshta edhe sot q\u00eb festohet nj\u00eb fitore, nj\u00eb unitet, por n\u00eb thelb ishte shp\u00ebrb\u00ebrje e sistemit. Ajo struktur\u00eb tolerohej\u201d, thot\u00eb Janjiq, dhe shton se sulmi n\u00eb Banjsk\u00eb ishte organizuar me p\u00ebrfshirje t\u00eb fort\u00eb nga jasht\u00eb edhe nga Rusia.<\/p>\n<p>\u201c\u00cbsht\u00eb e qart\u00eb q\u00eb k\u00ebta djem u trajnuan, si\u00e7 e pranoi edhe Shtabi i P\u00ebrgjithsh\u00ebm, n\u00eb kampet e ushtris\u00eb. Ata kan\u00eb statusin e sh\u00ebrbyesve vullnetar\u00eb t\u00eb sh\u00ebrbimit ushtarak, gj\u00eb q\u00eb e komplikon t\u00eb gjith\u00eb \u00e7\u00ebshtjen, sepse p\u00ebrfshin edhe shtetin e Serbis\u00eb. Vet\u00eb akti ishte qartazi akt terrorist, k\u00ebshtu u kualifikua dhe \u00e7far\u00eb mund t\u00eb them\u201d, shton ai.<\/p>\n<p>Sipas tij, Radojcic, p\u00ebr arsye t\u00eb tjera, \u00ebsht\u00eb n\u00eb listat e Britanis\u00eb dhe Amerik\u00ebs.<\/p>\n<p>\u201cDhe kjo do t\u00eb gjykohet. Mund t\u00eb citoj: dit\u00ebn e par\u00eb ose t\u00eb dyt\u00ebn kur e komentova k\u00ebt\u00eb, mora, si\u00e7 thuhet, nga burime t\u00eb sigurta t\u00eb administrat\u00ebs amerikane nj\u00eb koment: \u201cShum\u00eb mir\u00eb q\u00eb po e thua, \u00ebsht\u00eb e sakt\u00eb, por \u00ebsht\u00eb her\u00ebt.\u201d Kur k\u00ebt\u00eb ta thot\u00eb dikush i informuar, kjo do t\u00eb thot\u00eb se do t\u00eb ndiqet m\u00eb tej \u2013 si me vrasjen e Oliver Ivanovi\u00e7it dhe shum\u00eb gj\u00ebra t\u00eb tjera \u2013 dhe n\u00eb fund do t\u00eb paguhet fatura\u201d, shprehet themeluesi i Forumit p\u00ebr Marr\u00ebdh\u00ebnie Etnike, Dushan Janjiq.<\/p>\n","protected":false},"excerpt":{"rendered":"<p>Beograd, 21 shtator 2025 Themeluesi i Forumit p\u00ebr Marr\u00ebdh\u00ebnie Etnike me seli n\u00eb Beograd t\u00eb Serbis\u00eb, Dushan Janjiq, i ftuar n\u00eb nj\u00eb emision televiziv, duke<\/p>\n","protected":false},"author":7,"featured_media":13004,"comment_status":"open","ping_status":"open","sticky":false,"template":"","format":"standard","meta":{"footnotes":""},"categories":[58],"tags":[],"class_list":["post-13003","post","type-post","status-publish","format-standard","has-post-thumbnail","hentry","category-politike-sq"],"yoast_head":"<!-- This site is optimized with the Yoast SEO plugin v25.3.1 - https:\/\/yoast.com\/wordpress\/plugins\/seo\/ -->\n<title>Janjiq: Pas sulmit n\u00eb Banjsk\u00eb, fshihet edhe Rusia? -<\/title>\n<meta name=\"robots\" content=\"index, follow, max-snippet:-1, max-image-preview:large, max-video-preview:-1\" \/>\n<link rel=\"canonical\" href=\"https:\/\/veritasinfo.org\/?p=13003\" \/>\n<meta property=\"og:locale\" content=\"en_US\" \/>\n<meta property=\"og:type\" content=\"article\" \/>\n<meta property=\"og:title\" content=\"Janjiq: Pas sulmit n\u00eb Banjsk\u00eb, fshihet edhe Rusia? -\" \/>\n<meta property=\"og:description\" content=\"Beograd, 21 shtator 2025 Themeluesi i Forumit p\u00ebr Marr\u00ebdh\u00ebnie Etnike me seli n\u00eb Beograd t\u00eb Serbis\u00eb, Dushan Janjiq, i ftuar n\u00eb nj\u00eb emision televiziv, duke\" \/>\n<meta property=\"og:url\" content=\"https:\/\/veritasinfo.org\/?p=13003\" \/>\n<meta property=\"article:published_time\" content=\"2025-09-21T13:10:55+00:00\" \/>\n<meta property=\"article:modified_time\" content=\"2025-09-21T13:21:04+00:00\" \/>\n<meta property=\"og:image\" content=\"https:\/\/veritasinfo.org\/wp-content\/uploads\/2025\/09\/Dushan-Janjici.jpg\" \/>\n\t<meta property=\"og:image:width\" content=\"800\" \/>\n\t<meta property=\"og:image:height\" content=\"533\" \/>\n\t<meta property=\"og:image:type\" content=\"image\/jpeg\" \/>\n<meta name=\"author\" content=\"US6\" \/>\n<meta name=\"twitter:card\" content=\"summary_large_image\" \/>\n<meta name=\"twitter:label1\" content=\"Written by\" \/>\n\t<meta name=\"twitter:data1\" content=\"US6\" \/>\n\t<meta name=\"twitter:label2\" content=\"Est. reading time\" \/>\n\t<meta name=\"twitter:data2\" content=\"2 minutes\" \/>\n<script type=\"application\/ld+json\" class=\"yoast-schema-graph\">{\"@context\":\"https:\/\/schema.org\",\"@graph\":[{\"@type\":\"WebPage\",\"@id\":\"https:\/\/veritasinfo.org\/?p=13003\",\"url\":\"https:\/\/veritasinfo.org\/?p=13003\",\"name\":\"Janjiq: Pas sulmit n\u00eb Banjsk\u00eb, fshihet edhe Rusia? -\",\"isPartOf\":{\"@id\":\"https:\/\/veritasinfo.org\/#website\"},\"primaryImageOfPage\":{\"@id\":\"https:\/\/veritasinfo.org\/?p=13003#primaryimage\"},\"image\":{\"@id\":\"https:\/\/veritasinfo.org\/?p=13003#primaryimage\"},\"thumbnailUrl\":\"https:\/\/veritasinfo.org\/wp-content\/uploads\/2025\/09\/Dushan-Janjici.jpg\",\"datePublished\":\"2025-09-21T13:10:55+00:00\",\"dateModified\":\"2025-09-21T13:21:04+00:00\",\"author\":{\"@id\":\"https:\/\/veritasinfo.org\/#\/schema\/person\/fe199eede04c3937362892b7444747cc\"},\"breadcrumb\":{\"@id\":\"https:\/\/veritasinfo.org\/?p=13003#breadcrumb\"},\"inLanguage\":\"en-US\",\"potentialAction\":[{\"@type\":\"ReadAction\",\"target\":[\"https:\/\/veritasinfo.org\/?p=13003\"]}]},{\"@type\":\"ImageObject\",\"inLanguage\":\"en-US\",\"@id\":\"https:\/\/veritasinfo.org\/?p=13003#primaryimage\",\"url\":\"https:\/\/veritasinfo.org\/wp-content\/uploads\/2025\/09\/Dushan-Janjici.jpg\",\"contentUrl\":\"https:\/\/veritasinfo.org\/wp-content\/uploads\/2025\/09\/Dushan-Janjici.jpg\",\"width\":800,\"height\":533},{\"@type\":\"BreadcrumbList\",\"@id\":\"https:\/\/veritasinfo.org\/?p=13003#breadcrumb\",\"itemListElement\":[{\"@type\":\"ListItem\",\"position\":1,\"name\":\"Home\",\"item\":\"https:\/\/veritasinfo.org\/\"},{\"@type\":\"ListItem\",\"position\":2,\"name\":\"Janjiq: Pas sulmit n\u00eb Banjsk\u00eb, fshihet edhe Rusia?\"}]},{\"@type\":\"WebSite\",\"@id\":\"https:\/\/veritasinfo.org\/#website\",\"url\":\"https:\/\/veritasinfo.org\/\",\"name\":\"\",\"description\":\"\",\"potentialAction\":[{\"@type\":\"SearchAction\",\"target\":{\"@type\":\"EntryPoint\",\"urlTemplate\":\"https:\/\/veritasinfo.org\/?s={search_term_string}\"},\"query-input\":{\"@type\":\"PropertyValueSpecification\",\"valueRequired\":true,\"valueName\":\"search_term_string\"}}],\"inLanguage\":\"en-US\"},{\"@type\":\"Person\",\"@id\":\"https:\/\/veritasinfo.org\/#\/schema\/person\/fe199eede04c3937362892b7444747cc\",\"name\":\"US6\",\"image\":{\"@type\":\"ImageObject\",\"inLanguage\":\"en-US\",\"@id\":\"https:\/\/veritasinfo.org\/#\/schema\/person\/image\/\",\"url\":\"https:\/\/secure.gravatar.com\/avatar\/cb16c3c31c9d23b9b8c705964598220b3014e42ff51eb540ff23cefa3ae8c15f?s=96&d=mm&r=g\",\"contentUrl\":\"https:\/\/secure.gravatar.com\/avatar\/cb16c3c31c9d23b9b8c705964598220b3014e42ff51eb540ff23cefa3ae8c15f?s=96&d=mm&r=g\",\"caption\":\"US6\"},\"url\":\"https:\/\/veritasinfo.org\/?author=7\"}]}<\/script>\n<!-- \/ Yoast SEO plugin. -->","yoast_head_json":{"title":"Janjiq: Pas sulmit n\u00eb Banjsk\u00eb, fshihet edhe Rusia? -","robots":{"index":"index","follow":"follow","max-snippet":"max-snippet:-1","max-image-preview":"max-image-preview:large","max-video-preview":"max-video-preview:-1"},"canonical":"https:\/\/veritasinfo.org\/?p=13003","og_locale":"en_US","og_type":"article","og_title":"Janjiq: Pas sulmit n\u00eb Banjsk\u00eb, fshihet edhe Rusia? -","og_description":"Beograd, 21 shtator 2025 Themeluesi i Forumit p\u00ebr Marr\u00ebdh\u00ebnie Etnike me seli n\u00eb Beograd t\u00eb Serbis\u00eb, Dushan Janjiq, i ftuar n\u00eb nj\u00eb emision televiziv, duke","og_url":"https:\/\/veritasinfo.org\/?p=13003","article_published_time":"2025-09-21T13:10:55+00:00","article_modified_time":"2025-09-21T13:21:04+00:00","og_image":[{"width":800,"height":533,"url":"https:\/\/veritasinfo.org\/wp-content\/uploads\/2025\/09\/Dushan-Janjici.jpg","type":"image\/jpeg"}],"author":"US6","twitter_card":"summary_large_image","twitter_misc":{"Written by":"US6","Est. reading time":"2 minutes"},"schema":{"@context":"https:\/\/schema.org","@graph":[{"@type":"WebPage","@id":"https:\/\/veritasinfo.org\/?p=13003","url":"https:\/\/veritasinfo.org\/?p=13003","name":"Janjiq: Pas sulmit n\u00eb Banjsk\u00eb, fshihet edhe Rusia? -","isPartOf":{"@id":"https:\/\/veritasinfo.org\/#website"},"primaryImageOfPage":{"@id":"https:\/\/veritasinfo.org\/?p=13003#primaryimage"},"image":{"@id":"https:\/\/veritasinfo.org\/?p=13003#primaryimage"},"thumbnailUrl":"https:\/\/veritasinfo.org\/wp-content\/uploads\/2025\/09\/Dushan-Janjici.jpg","datePublished":"2025-09-21T13:10:55+00:00","dateModified":"2025-09-21T13:21:04+00:00","author":{"@id":"https:\/\/veritasinfo.org\/#\/schema\/person\/fe199eede04c3937362892b7444747cc"},"breadcrumb":{"@id":"https:\/\/veritasinfo.org\/?p=13003#breadcrumb"},"inLanguage":"en-US","potentialAction":[{"@type":"ReadAction","target":["https:\/\/veritasinfo.org\/?p=13003"]}]},{"@type":"ImageObject","inLanguage":"en-US","@id":"https:\/\/veritasinfo.org\/?p=13003#primaryimage","url":"https:\/\/veritasinfo.org\/wp-content\/uploads\/2025\/09\/Dushan-Janjici.jpg","contentUrl":"https:\/\/veritasinfo.org\/wp-content\/uploads\/2025\/09\/Dushan-Janjici.jpg","width":800,"height":533},{"@type":"BreadcrumbList","@id":"https:\/\/veritasinfo.org\/?p=13003#breadcrumb","itemListElement":[{"@type":"ListItem","position":1,"name":"Home","item":"https:\/\/veritasinfo.org\/"},{"@type":"ListItem","position":2,"name":"Janjiq: Pas sulmit n\u00eb Banjsk\u00eb, fshihet edhe Rusia?"}]},{"@type":"WebSite","@id":"https:\/\/veritasinfo.org\/#website","url":"https:\/\/veritasinfo.org\/","name":"","description":"","potentialAction":[{"@type":"SearchAction","target":{"@type":"EntryPoint","urlTemplate":"https:\/\/veritasinfo.org\/?s={search_term_string}"},"query-input":{"@type":"PropertyValueSpecification","valueRequired":true,"valueName":"search_term_string"}}],"inLanguage":"en-US"},{"@type":"Person","@id":"https:\/\/veritasinfo.org\/#\/schema\/person\/fe199eede04c3937362892b7444747cc","name":"US6","image":{"@type":"ImageObject","inLanguage":"en-US","@id":"https:\/\/veritasinfo.org\/#\/schema\/person\/image\/","url":"https:\/\/secure.gravatar.com\/avatar\/cb16c3c31c9d23b9b8c705964598220b3014e42ff51eb540ff23cefa3ae8c15f?s=96&d=mm&r=g","contentUrl":"https:\/\/secure.gravatar.com\/avatar\/cb16c3c31c9d23b9b8c705964598220b3014e42ff51eb540ff23cefa3ae8c15f?s=96&d=mm&r=g","caption":"US6"},"url":"https:\/\/veritasinfo.org\/?author=7"}]}},"featured_image_urls":{"full":["https:\/\/veritasinfo.org\/wp-content\/uploads\/2025\/09\/Dushan-Janjici.jpg",800,533,false],"thumbnail":["https:\/\/veritasinfo.org\/wp-content\/uploads\/2025\/09\/Dushan-Janjici-150x150.jpg",150,150,true],"medium":["https:\/\/veritasinfo.org\/wp-content\/uploads\/2025\/09\/Dushan-Janjici-300x200.jpg",300,200,true],"medium_large":["https:\/\/veritasinfo.org\/wp-content\/uploads\/2025\/09\/Dushan-Janjici-768x512.jpg",640,427,true],"large":["https:\/\/veritasinfo.org\/wp-content\/uploads\/2025\/09\/Dushan-Janjici.jpg",640,426,false],"1536x1536":["https:\/\/veritasinfo.org\/wp-content\/uploads\/2025\/09\/Dushan-Janjici.jpg",800,533,false],"2048x2048":["https:\/\/veritasinfo.org\/wp-content\/uploads\/2025\/09\/Dushan-Janjici.jpg",800,533,false],"kreeti-slider-full":["https:\/\/veritasinfo.org\/wp-content\/uploads\/2025\/09\/Dushan-Janjici.jpg",800,533,false],"kreeti-featured":["https:\/\/veritasinfo.org\/wp-content\/uploads\/2025\/09\/Dushan-Janjici.jpg",800,533,false],"kreeti-medium":["https:\/\/veritasinfo.org\/wp-content\/uploads\/2025\/09\/Dushan-Janjici.jpg",720,480,false],"kreeti-medium-square":["https:\/\/veritasinfo.org\/wp-content\/uploads\/2025\/09\/Dushan-Janjici.jpg",350,233,false]},"author_info":{"info":["US6"]},"category_info":"<a href=\"https:\/\/veritasinfo.org\/?cat=58\" rel=\"category\">Politik\u00eb<\/a>","tag_info":"Politik\u00eb","comment_count":"0","_links":{"self":[{"href":"https:\/\/veritasinfo.org\/index.php?rest_route=\/wp\/v2\/posts\/13003","targetHints":{"allow":["GET"]}}],"collection":[{"href":"https:\/\/veritasinfo.org\/index.php?rest_route=\/wp\/v2\/posts"}],"about":[{"href":"https:\/\/veritasinfo.org\/index.php?rest_route=\/wp\/v2\/types\/post"}],"author":[{"embeddable":true,"href":"https:\/\/veritasinfo.org\/index.php?rest_route=\/wp\/v2\/users\/7"}],"replies":[{"embeddable":true,"href":"https:\/\/veritasinfo.org\/index.php?rest_route=%2Fwp%2Fv2%2Fcomments&post=13003"}],"version-history":[{"count":2,"href":"https:\/\/veritasinfo.org\/index.php?rest_route=\/wp\/v2\/posts\/13003\/revisions"}],"predecessor-version":[{"id":13010,"href":"https:\/\/veritasinfo.org\/index.php?rest_route=\/wp\/v2\/posts\/13003\/revisions\/13010"}],"wp:featuredmedia":[{"embeddable":true,"href":"https:\/\/veritasinfo.org\/index.php?rest_route=\/wp\/v2\/media\/13004"}],"wp:attachment":[{"href":"https:\/\/veritasinfo.org\/index.php?rest_route=%2Fwp%2Fv2%2Fmedia&parent=13003"}],"wp:term":[{"taxonomy":"category","embeddable":true,"href":"https:\/\/veritasinfo.org\/index.php?rest_route=%2Fwp%2Fv2%2Fcategories&post=13003"},{"taxonomy":"post_tag","embeddable":true,"href":"https:\/\/veritasinfo.org\/index.php?rest_route=%2Fwp%2Fv2%2Ftags&post=13003"}],"curies":[{"name":"wp","href":"https:\/\/api.w.org\/{rel}","templated":true}]}}