{"id":130,"date":"2025-06-01T20:31:43","date_gmt":"2025-06-01T20:31:43","guid":{"rendered":"https:\/\/veritasinfo.org\/?p=130"},"modified":"2025-06-01T20:31:43","modified_gmt":"2025-06-01T20:31:43","slug":"protesta-studentore-ne-mbi-30-qytete-te-serbise-kerkohet-shpallja-e-zgjedhjeve-te-parakohshme","status":"publish","type":"post","link":"https:\/\/veritasinfo.org\/?p=130","title":{"rendered":"Protesta studentore n\u00eb mbi 30 qytete t\u00eb Serbis\u00eb: K\u00ebrkohet shpallja e zgjedhjeve t\u00eb parakohshme"},"content":{"rendered":"<h2>N\u00eb m\u00eb shum\u00eb se 30 qytete t\u00eb Serbis\u00eb, qytetar\u00ebt po mbahen protesta, me thirrjen e student\u00ebve q\u00eb po mbajn\u00eb bllokad\u00eb, duke k\u00ebrkuar nga autoritetet shpalljen e zgjedhjeve t\u00eb parakohshme parlamentare.<\/h2>\n<p>Thirrja p\u00ebr veprim kolektiv u b\u00eb sakt\u00ebsisht shtat\u00eb muaj pas shembjes s\u00eb streh\u00ebs n\u00eb stacionin hekurudhor n\u00eb Novi Sad, ku humb\u00ebn jet\u00ebn 16 persona dhe nj\u00eb tjet\u00ebr u plagos r\u00ebnd\u00eb.<\/p>\n<div class=\"code-block code-block-10\"><\/div>\n<p>Protestat n\u00eb t\u00eb gjitha qytetet serbe parashihet t\u00eb zgjasin tri or\u00eb, dhe m\u00eb pas t\u00eb mbahet nj\u00eb homazh 16-minut\u00ebsh p\u00ebr viktimat.<\/p>\n<p><strong>Bllokimi i urave n\u00eb Beograd<\/strong><\/p>\n<p>N\u00eb Beograd, rreth or\u00ebs 18:00 protestuesit kan\u00eb bllokuar dy nga urat m\u00eb t\u00eb frekuentuara \u2013 Gazel\u00ebn dhe Ur\u00ebn e Brankos.<\/p>\n<div class=\"code-block code-block-2\"><\/div>\n<p>Protestuesit n\u00eb ura po brohorasin sloganin \u201cDuam drejt\u00ebsi, duam t\u00eb v\u00ebrtet\u00ebn, duam zgjedhje\u201d.<\/p>\n<p>Aleksandar Jeremiq, qytetar nga Beogradi, shkoi n\u00eb protest\u00eb me miqt\u00eb e tij. Ai tha se shpreson q\u00eb k\u00ebrkesa p\u00ebr zgjedhje t\u00eb parakohshme, e ngritur nga student\u00ebt, t\u00eb realizohet.<\/p>\n<p>\u201cKjo \u00ebsht\u00eb nj\u00eb ide q\u00eb edhe un\u00eb e mb\u00ebshtes, por ata [student\u00ebt] kan\u00eb energjin\u00eb. Ata po e udh\u00ebheqin k\u00ebt\u00eb, ne jemi k\u00ebtu p\u00ebr t\u2019i p\u00ebrkrahur. Ky protest\u00eb \u00ebsht\u00eb vet\u00ebm nj\u00eb hap n\u00eb k\u00ebt\u00eb proces\u201d, tha ai p\u00ebr Radion Evropa e Lir\u00eb.<\/p>\n<p><strong>K\u00ebrkes\u00eb p\u00ebr zgjedhje, edhe n\u00eb Novi Sad<\/strong><\/p>\n<p>N\u00eb Novi Sad, student\u00eb dhe qytetar\u00eb bllokuan nj\u00eb nga nyjet kryesore n\u00eb qend\u00ebr t\u00eb qytetit.<\/p>\n<p>Nj\u00eb student i Fakultetit Juridik u drejtua t\u00eb pranishm\u00ebve duke theksuar se nj\u00eb shoq\u00ebri demokratike n\u00ebnkupton mbik\u00ebqyrjen e pushtetit dhe k\u00ebrkimin e llogaridh\u00ebnies.<\/p>\n<p>\u201c\u00cbsht\u00eb koha t\u2019u kujtojm\u00eb se i shohim dhe duam zgjedhje t\u00eb parakohshme. Koha \u00ebsht\u00eb q\u00eb t\u00eb organizohemi dhe t\u2019ua b\u00ebjm\u00eb t\u00eb qart\u00eb se nuk do t\u00eb tolerojm\u00eb parregullsit\u00eb zgjedhore dhe se Kushtetuta do t\u00eb respektohet\u201d, tha ai.<\/p>\n<p>Organizimin e protest\u00ebs n\u00eb Novi Sad e mb\u00ebshtet\u00ebn qytetar\u00ebt e bashkuar n\u00eb kuvende lokale. Nj\u00eb p\u00ebrfaq\u00ebsuese e tyre k\u00ebrkoi gjithashtu shpalljen e zgjedhjeve.<\/p>\n<p>\u201cK\u00ebt\u00eb po e themi nga Novi Sadi, por edhe qytete t\u00eb tjera po protestojn\u00eb n\u00eb t\u00eb nj\u00ebjt\u00ebn koh\u00eb. Nuk ka m\u00eb asnj\u00eb dit\u00eb p\u00ebr t\u00eb pritur \u2013 ju mbetet vet\u00ebm t\u00eb shpallni zgjedhje\u201d, u shpreh ajo.<\/p>\n<p><strong>Protest\u00eb masive studentore n\u00eb Pozharevc<\/strong><\/p>\n<p>N\u00eb Pozharevc, protesta filloi m\u00eb her\u00ebt gjat\u00eb dit\u00ebs dhe \u00ebsht\u00eb parashikuar t\u00eb zgjas\u00eb 13 or\u00eb. N\u00eb protest\u00eb po marrin pjes\u00eb student\u00eb dhe nx\u00ebn\u00ebs nga qytete t\u00eb tjera \u2013 nga \u00c7a\u00e7aku erdh\u00ebn vrapues me stafet\u00eb, nd\u00ebrsa nga Beogradi dhe Jagodina, protestues q\u00eb udh\u00ebtuan n\u00eb k\u00ebmb\u00eb.<\/p>\n<p>Qytetar\u00ebt i prit\u00ebn me nj\u00eb ceremoni mikprit\u00ebse nj\u00eb dit\u00eb m\u00eb par\u00eb.<\/p>\n<p>Organizator\u00ebt planifikojn\u00eb q\u00eb n\u00eb t\u00eb gjitha qytetet t\u00eb lexohen fjalime t\u00eb nj\u00ebjta.<\/p>\n<p><strong>Reagimet e Qeveris\u00eb serbe dhe mb\u00ebshtetja e publikut<\/strong><\/p>\n<p>Kryetarja e Kuvendit t\u00eb Serbis\u00eb, Ana B\u00ebrnabiq, nga partia n\u00eb pushtet, reagoi duke e quajtur bllokimin e urave n\u00eb Beograd \u201cshqet\u00ebsim i qytetar\u00ebve pa kuptim dhe q\u00ebllim\u201d. N\u00eb nj\u00eb postim rrjetet sociale ajo e p\u00ebrshkroi protest\u00ebn si \u201cdhun\u00eb p\u00ebr hir t\u00eb dhun\u00ebs, me filozofi jete \u2013 mundemi, jemi arrogant\u00eb dhe t\u00eb pandjesh\u00ebm\u201d.<\/p>\n<p>Student\u00ebt serb\u00eb q\u00eb p\u00ebr m\u00eb shum\u00eb se gjasht\u00eb muaj po bllokojn\u00eb fakultetet publike dhe po organizojn\u00eb protesta n\u00eb gjith\u00eb Serbin\u00eb, g\u00ebzojn\u00eb mb\u00ebshtetjen e qindra mij\u00ebra qytetar\u00ebve \u2013 p\u00ebrfshir\u00eb grupe lokale, bujq, avokat\u00eb, aktor\u00eb, e t\u00eb tjer\u00eb.<\/p>\n<p>N\u00eb fillim t\u00eb majit, student\u00ebt k\u00ebrkuan shpalljen e zgjedhjeve t\u00eb parakohshme parlamentare, duke theksuar se p\u00ebr shkak t\u00eb \u201ckorrupsionit t\u00eb thell\u00eb t\u00eb rr\u00ebnjosur\u201d, institucionet nuk jan\u00eb t\u00eb afta t\u00eb veprojn\u00eb lirisht p\u00ebr t\u2019u p\u00ebrgjigjur k\u00ebrkesave t\u00eb tyre.<\/p>\n<p>Presidenti i Serbis\u00eb, Aleksandar Vu\u00e7iq, deklaroi m\u00eb 16 maj se zgjedhjet do t\u00eb mbahen brenda nj\u00eb viti e gjysm\u00eb, kur institucionet p\u00ebrkat\u00ebse t\u00eb marrin vendim.<\/p>\n<p>P\u00ebr student\u00ebt, k\u00ebrkesa kryesore mbetet p\u00ebrcaktimi i p\u00ebrgjegj\u00ebsis\u00eb penale dhe politike p\u00ebr vdekjet n\u00eb stacionin hekurudhor n\u00eb Novi Sad.<\/p>\n<p>Autoritetet kan\u00eb deklaruar disa her\u00eb se k\u00ebrkesat e student\u00ebve jan\u00eb p\u00ebrmbushur, por student\u00ebt i kan\u00eb hedhur posht\u00eb k\u00ebto pohime dhe kan\u00eb vendosur t\u00eb vazhdojn\u00eb me protestat dhe bllokadat. REL<\/p>\n","protected":false},"excerpt":{"rendered":"<p>N\u00eb m\u00eb shum\u00eb se 30 qytete t\u00eb Serbis\u00eb, qytetar\u00ebt po mbahen protesta, me thirrjen e student\u00ebve q\u00eb po mbajn\u00eb bllokad\u00eb, duke k\u00ebrkuar nga autoritetet shpalljen<\/p>\n","protected":false},"author":1,"featured_media":131,"comment_status":"open","ping_status":"open","sticky":false,"template":"","format":"standard","meta":{"footnotes":""},"categories":[58],"tags":[],"class_list":["post-130","post","type-post","status-publish","format-standard","has-post-thumbnail","hentry","category-politike-sq"],"yoast_head":"<!-- This site is optimized with the Yoast SEO plugin v25.3.1 - https:\/\/yoast.com\/wordpress\/plugins\/seo\/ -->\n<title>Protesta studentore n\u00eb mbi 30 qytete t\u00eb Serbis\u00eb: K\u00ebrkohet shpallja e zgjedhjeve t\u00eb parakohshme -<\/title>\n<meta name=\"robots\" content=\"index, follow, max-snippet:-1, max-image-preview:large, max-video-preview:-1\" \/>\n<link rel=\"canonical\" href=\"https:\/\/veritasinfo.org\/?p=130\" \/>\n<meta property=\"og:locale\" content=\"en_US\" \/>\n<meta property=\"og:type\" content=\"article\" \/>\n<meta property=\"og:title\" content=\"Protesta studentore n\u00eb mbi 30 qytete t\u00eb Serbis\u00eb: K\u00ebrkohet shpallja e zgjedhjeve t\u00eb parakohshme -\" \/>\n<meta property=\"og:description\" content=\"N\u00eb m\u00eb shum\u00eb se 30 qytete t\u00eb Serbis\u00eb, qytetar\u00ebt po mbahen protesta, me thirrjen e student\u00ebve q\u00eb po mbajn\u00eb bllokad\u00eb, duke k\u00ebrkuar nga autoritetet shpalljen\" \/>\n<meta property=\"og:url\" content=\"https:\/\/veritasinfo.org\/?p=130\" \/>\n<meta property=\"article:published_time\" content=\"2025-06-01T20:31:43+00:00\" \/>\n<meta property=\"og:image\" content=\"https:\/\/veritasinfo.org\/wp-content\/uploads\/2025\/06\/Screenshot-2025-06-01-222933.png\" \/>\n\t<meta property=\"og:image:width\" content=\"734\" \/>\n\t<meta property=\"og:image:height\" content=\"391\" \/>\n\t<meta property=\"og:image:type\" content=\"image\/png\" \/>\n<meta name=\"author\" content=\"admin\" \/>\n<meta name=\"twitter:card\" content=\"summary_large_image\" \/>\n<meta name=\"twitter:label1\" content=\"Written by\" \/>\n\t<meta name=\"twitter:data1\" content=\"admin\" \/>\n\t<meta name=\"twitter:label2\" content=\"Est. reading time\" \/>\n\t<meta name=\"twitter:data2\" content=\"3 minutes\" \/>\n<script type=\"application\/ld+json\" class=\"yoast-schema-graph\">{\"@context\":\"https:\/\/schema.org\",\"@graph\":[{\"@type\":\"WebPage\",\"@id\":\"https:\/\/veritasinfo.org\/?p=130\",\"url\":\"https:\/\/veritasinfo.org\/?p=130\",\"name\":\"Protesta studentore n\u00eb mbi 30 qytete t\u00eb Serbis\u00eb: K\u00ebrkohet shpallja e zgjedhjeve t\u00eb parakohshme -\",\"isPartOf\":{\"@id\":\"https:\/\/veritasinfo.org\/#website\"},\"primaryImageOfPage\":{\"@id\":\"https:\/\/veritasinfo.org\/?p=130#primaryimage\"},\"image\":{\"@id\":\"https:\/\/veritasinfo.org\/?p=130#primaryimage\"},\"thumbnailUrl\":\"https:\/\/veritasinfo.org\/wp-content\/uploads\/2025\/06\/Screenshot-2025-06-01-222933.png\",\"datePublished\":\"2025-06-01T20:31:43+00:00\",\"author\":{\"@id\":\"https:\/\/veritasinfo.org\/#\/schema\/person\/7701f8c088bece422266b100a712374f\"},\"breadcrumb\":{\"@id\":\"https:\/\/veritasinfo.org\/?p=130#breadcrumb\"},\"inLanguage\":\"en-US\",\"potentialAction\":[{\"@type\":\"ReadAction\",\"target\":[\"https:\/\/veritasinfo.org\/?p=130\"]}]},{\"@type\":\"ImageObject\",\"inLanguage\":\"en-US\",\"@id\":\"https:\/\/veritasinfo.org\/?p=130#primaryimage\",\"url\":\"https:\/\/veritasinfo.org\/wp-content\/uploads\/2025\/06\/Screenshot-2025-06-01-222933.png\",\"contentUrl\":\"https:\/\/veritasinfo.org\/wp-content\/uploads\/2025\/06\/Screenshot-2025-06-01-222933.png\",\"width\":734,\"height\":391},{\"@type\":\"BreadcrumbList\",\"@id\":\"https:\/\/veritasinfo.org\/?p=130#breadcrumb\",\"itemListElement\":[{\"@type\":\"ListItem\",\"position\":1,\"name\":\"Home\",\"item\":\"https:\/\/veritasinfo.org\/\"},{\"@type\":\"ListItem\",\"position\":2,\"name\":\"Protesta studentore n\u00eb mbi 30 qytete t\u00eb Serbis\u00eb: K\u00ebrkohet shpallja e zgjedhjeve t\u00eb parakohshme\"}]},{\"@type\":\"WebSite\",\"@id\":\"https:\/\/veritasinfo.org\/#website\",\"url\":\"https:\/\/veritasinfo.org\/\",\"name\":\"\",\"description\":\"\",\"potentialAction\":[{\"@type\":\"SearchAction\",\"target\":{\"@type\":\"EntryPoint\",\"urlTemplate\":\"https:\/\/veritasinfo.org\/?s={search_term_string}\"},\"query-input\":{\"@type\":\"PropertyValueSpecification\",\"valueRequired\":true,\"valueName\":\"search_term_string\"}}],\"inLanguage\":\"en-US\"},{\"@type\":\"Person\",\"@id\":\"https:\/\/veritasinfo.org\/#\/schema\/person\/7701f8c088bece422266b100a712374f\",\"name\":\"admin\",\"image\":{\"@type\":\"ImageObject\",\"inLanguage\":\"en-US\",\"@id\":\"https:\/\/veritasinfo.org\/#\/schema\/person\/image\/\",\"url\":\"https:\/\/secure.gravatar.com\/avatar\/ea53aa3bf6c9a12d5fde8ce4deff43fef3885ae33cf60184161a50d6987cfd2f?s=96&d=mm&r=g\",\"contentUrl\":\"https:\/\/secure.gravatar.com\/avatar\/ea53aa3bf6c9a12d5fde8ce4deff43fef3885ae33cf60184161a50d6987cfd2f?s=96&d=mm&r=g\",\"caption\":\"admin\"},\"sameAs\":[\"https:\/\/veritasinfo.org\"],\"url\":\"https:\/\/veritasinfo.org\/?author=1\"}]}<\/script>\n<!-- \/ Yoast SEO plugin. -->","yoast_head_json":{"title":"Protesta studentore n\u00eb mbi 30 qytete t\u00eb Serbis\u00eb: K\u00ebrkohet shpallja e zgjedhjeve t\u00eb parakohshme -","robots":{"index":"index","follow":"follow","max-snippet":"max-snippet:-1","max-image-preview":"max-image-preview:large","max-video-preview":"max-video-preview:-1"},"canonical":"https:\/\/veritasinfo.org\/?p=130","og_locale":"en_US","og_type":"article","og_title":"Protesta studentore n\u00eb mbi 30 qytete t\u00eb Serbis\u00eb: K\u00ebrkohet shpallja e zgjedhjeve t\u00eb parakohshme -","og_description":"N\u00eb m\u00eb shum\u00eb se 30 qytete t\u00eb Serbis\u00eb, qytetar\u00ebt po mbahen protesta, me thirrjen e student\u00ebve q\u00eb po mbajn\u00eb bllokad\u00eb, duke k\u00ebrkuar nga autoritetet shpalljen","og_url":"https:\/\/veritasinfo.org\/?p=130","article_published_time":"2025-06-01T20:31:43+00:00","og_image":[{"width":734,"height":391,"url":"https:\/\/veritasinfo.org\/wp-content\/uploads\/2025\/06\/Screenshot-2025-06-01-222933.png","type":"image\/png"}],"author":"admin","twitter_card":"summary_large_image","twitter_misc":{"Written by":"admin","Est. reading time":"3 minutes"},"schema":{"@context":"https:\/\/schema.org","@graph":[{"@type":"WebPage","@id":"https:\/\/veritasinfo.org\/?p=130","url":"https:\/\/veritasinfo.org\/?p=130","name":"Protesta studentore n\u00eb mbi 30 qytete t\u00eb Serbis\u00eb: K\u00ebrkohet shpallja e zgjedhjeve t\u00eb parakohshme -","isPartOf":{"@id":"https:\/\/veritasinfo.org\/#website"},"primaryImageOfPage":{"@id":"https:\/\/veritasinfo.org\/?p=130#primaryimage"},"image":{"@id":"https:\/\/veritasinfo.org\/?p=130#primaryimage"},"thumbnailUrl":"https:\/\/veritasinfo.org\/wp-content\/uploads\/2025\/06\/Screenshot-2025-06-01-222933.png","datePublished":"2025-06-01T20:31:43+00:00","author":{"@id":"https:\/\/veritasinfo.org\/#\/schema\/person\/7701f8c088bece422266b100a712374f"},"breadcrumb":{"@id":"https:\/\/veritasinfo.org\/?p=130#breadcrumb"},"inLanguage":"en-US","potentialAction":[{"@type":"ReadAction","target":["https:\/\/veritasinfo.org\/?p=130"]}]},{"@type":"ImageObject","inLanguage":"en-US","@id":"https:\/\/veritasinfo.org\/?p=130#primaryimage","url":"https:\/\/veritasinfo.org\/wp-content\/uploads\/2025\/06\/Screenshot-2025-06-01-222933.png","contentUrl":"https:\/\/veritasinfo.org\/wp-content\/uploads\/2025\/06\/Screenshot-2025-06-01-222933.png","width":734,"height":391},{"@type":"BreadcrumbList","@id":"https:\/\/veritasinfo.org\/?p=130#breadcrumb","itemListElement":[{"@type":"ListItem","position":1,"name":"Home","item":"https:\/\/veritasinfo.org\/"},{"@type":"ListItem","position":2,"name":"Protesta studentore n\u00eb mbi 30 qytete t\u00eb Serbis\u00eb: K\u00ebrkohet shpallja e zgjedhjeve t\u00eb parakohshme"}]},{"@type":"WebSite","@id":"https:\/\/veritasinfo.org\/#website","url":"https:\/\/veritasinfo.org\/","name":"","description":"","potentialAction":[{"@type":"SearchAction","target":{"@type":"EntryPoint","urlTemplate":"https:\/\/veritasinfo.org\/?s={search_term_string}"},"query-input":{"@type":"PropertyValueSpecification","valueRequired":true,"valueName":"search_term_string"}}],"inLanguage":"en-US"},{"@type":"Person","@id":"https:\/\/veritasinfo.org\/#\/schema\/person\/7701f8c088bece422266b100a712374f","name":"admin","image":{"@type":"ImageObject","inLanguage":"en-US","@id":"https:\/\/veritasinfo.org\/#\/schema\/person\/image\/","url":"https:\/\/secure.gravatar.com\/avatar\/ea53aa3bf6c9a12d5fde8ce4deff43fef3885ae33cf60184161a50d6987cfd2f?s=96&d=mm&r=g","contentUrl":"https:\/\/secure.gravatar.com\/avatar\/ea53aa3bf6c9a12d5fde8ce4deff43fef3885ae33cf60184161a50d6987cfd2f?s=96&d=mm&r=g","caption":"admin"},"sameAs":["https:\/\/veritasinfo.org"],"url":"https:\/\/veritasinfo.org\/?author=1"}]}},"featured_image_urls":{"full":["https:\/\/veritasinfo.org\/wp-content\/uploads\/2025\/06\/Screenshot-2025-06-01-222933.png",734,391,false],"thumbnail":["https:\/\/veritasinfo.org\/wp-content\/uploads\/2025\/06\/Screenshot-2025-06-01-222933-150x150.png",150,150,true],"medium":["https:\/\/veritasinfo.org\/wp-content\/uploads\/2025\/06\/Screenshot-2025-06-01-222933-300x160.png",300,160,true],"medium_large":["https:\/\/veritasinfo.org\/wp-content\/uploads\/2025\/06\/Screenshot-2025-06-01-222933.png",640,341,false],"large":["https:\/\/veritasinfo.org\/wp-content\/uploads\/2025\/06\/Screenshot-2025-06-01-222933.png",640,341,false],"1536x1536":["https:\/\/veritasinfo.org\/wp-content\/uploads\/2025\/06\/Screenshot-2025-06-01-222933.png",734,391,false],"2048x2048":["https:\/\/veritasinfo.org\/wp-content\/uploads\/2025\/06\/Screenshot-2025-06-01-222933.png",734,391,false],"kreeti-slider-full":["https:\/\/veritasinfo.org\/wp-content\/uploads\/2025\/06\/Screenshot-2025-06-01-222933.png",734,391,false],"kreeti-featured":["https:\/\/veritasinfo.org\/wp-content\/uploads\/2025\/06\/Screenshot-2025-06-01-222933.png",734,391,false],"kreeti-medium":["https:\/\/veritasinfo.org\/wp-content\/uploads\/2025\/06\/Screenshot-2025-06-01-222933.png",720,384,false],"kreeti-medium-square":["https:\/\/veritasinfo.org\/wp-content\/uploads\/2025\/06\/Screenshot-2025-06-01-222933.png",350,186,false]},"author_info":{"info":["admin"]},"category_info":"<a href=\"https:\/\/veritasinfo.org\/?cat=58\" rel=\"category\">Politik\u00eb<\/a>","tag_info":"Politik\u00eb","comment_count":"0","_links":{"self":[{"href":"https:\/\/veritasinfo.org\/index.php?rest_route=\/wp\/v2\/posts\/130","targetHints":{"allow":["GET"]}}],"collection":[{"href":"https:\/\/veritasinfo.org\/index.php?rest_route=\/wp\/v2\/posts"}],"about":[{"href":"https:\/\/veritasinfo.org\/index.php?rest_route=\/wp\/v2\/types\/post"}],"author":[{"embeddable":true,"href":"https:\/\/veritasinfo.org\/index.php?rest_route=\/wp\/v2\/users\/1"}],"replies":[{"embeddable":true,"href":"https:\/\/veritasinfo.org\/index.php?rest_route=%2Fwp%2Fv2%2Fcomments&post=130"}],"version-history":[{"count":1,"href":"https:\/\/veritasinfo.org\/index.php?rest_route=\/wp\/v2\/posts\/130\/revisions"}],"predecessor-version":[{"id":132,"href":"https:\/\/veritasinfo.org\/index.php?rest_route=\/wp\/v2\/posts\/130\/revisions\/132"}],"wp:featuredmedia":[{"embeddable":true,"href":"https:\/\/veritasinfo.org\/index.php?rest_route=\/wp\/v2\/media\/131"}],"wp:attachment":[{"href":"https:\/\/veritasinfo.org\/index.php?rest_route=%2Fwp%2Fv2%2Fmedia&parent=130"}],"wp:term":[{"taxonomy":"category","embeddable":true,"href":"https:\/\/veritasinfo.org\/index.php?rest_route=%2Fwp%2Fv2%2Fcategories&post=130"},{"taxonomy":"post_tag","embeddable":true,"href":"https:\/\/veritasinfo.org\/index.php?rest_route=%2Fwp%2Fv2%2Ftags&post=130"}],"curies":[{"name":"wp","href":"https:\/\/api.w.org\/{rel}","templated":true}]}}