{"id":12894,"date":"2025-09-20T18:34:35","date_gmt":"2025-09-20T16:34:35","guid":{"rendered":"https:\/\/veritasinfo.org\/?p=12894"},"modified":"2025-09-20T18:34:35","modified_gmt":"2025-09-20T16:34:35","slug":"spiropali-gervalles-do-punojme-krah-per-krah-per-interesin-kombetar","status":"publish","type":"post","link":"https:\/\/veritasinfo.org\/?p=12894","title":{"rendered":"Spiropali, G\u00ebrvall\u00ebs: Do punojm\u00eb krah p\u00ebr krah p\u00ebr interesin komb\u00ebtar"},"content":{"rendered":"<p>Prishtin\u00eb 20 shtator 2025<\/p>\n<p>Ministrja e re p\u00ebr Evrop\u00ebn dhe Pun\u00ebt e Jashtme t\u00eb Shqip\u00ebris\u00eb, Elisa Spiropali, i \u00ebsht\u00eb p\u00ebrgjigjur t\u00eb shtun\u00ebn me nj\u00eb mesazh fal\u00ebnderimi kryediplomates n\u00eb detyr\u00eb t\u00eb Republik\u00ebs s\u00eb Kosov\u00ebs, Donika G\u00ebrvalla-Sch\u00ebartz, e cila e uroi publikisht n\u00eb platform\u00ebn \u201cX\u201d p\u00ebr em\u00ebrimin.<\/p>\n<p>Menj\u00ebher\u00eb pas betimit t\u00eb kabinetit t\u00eb ri qeveritar, n\u00eb nj\u00eb komunikim publik p\u00ebrmes platform\u00ebs \u201cX\u201d, G\u00ebrvalla shprehu besimin se bashk\u00ebpunimi mes dy vendeve do t\u00eb thellohet edhe m\u00eb tej, duke sh\u00ebrbyer si nj\u00eb shtyll\u00eb p\u00ebr avancimin e interesave t\u00eb p\u00ebrbashk\u00ebta komb\u00ebtare.<\/p>\n<p>Spiropali, n\u00eb mesazhin e saj t\u00eb fal\u00ebnderimit, vler\u00ebsoi urimin e G\u00ebrvall\u00ebs si t\u00eb ndjer\u00eb dhe t\u00eb sinqert\u00eb, duke theksuar mir\u00ebnjohjen p\u00ebr bashk\u00ebpunimin e deritanish\u00ebm dhe p\u00ebr vizionin e p\u00ebrbashk\u00ebt q\u00eb ndajn\u00eb dy shtetet.<\/p>\n<p>\u201cDonik\u00eb e dashtun, fal\u00ebnderime zemre p\u00ebr urimin e ndjer\u00eb!\u201d, shkruan Spiropali n\u00eb reagimin e saj, duke theksuar se \u00ebsht\u00eb \u201cthell\u00ebsisht mir\u00ebnjoh\u00ebse p\u00ebr bashk\u00ebpunimin e deritanish\u00ebm dhe p\u00ebr vizionin e p\u00ebrbashk\u00ebt p\u00ebr forcimin e marr\u00ebdh\u00ebnieve mes dy shteteve tona motra dhe p\u00ebr mbar\u00eb kombin ton\u00eb\u201d.<\/p>\n<p>Ajo u shpreh e vendosur p\u00ebr t\u00eb punuar ngusht\u00eb me diplomacin\u00eb e Kosov\u00ebs, n\u00eb funksion t\u00eb nd\u00ebrtimit t\u00eb nj\u00eb hap\u00ebsire politike ku fjala ka pesh\u00eb, besimi nd\u00ebrton ura dhe dinjiteti komb\u00ebtar shnd\u00ebrrohet n\u00eb energji zhvillimi p\u00ebr rajonin.<\/p>\n<p>\u201cSi gjithmon\u00eb, do t\u00eb jemi krah p\u00ebr krah p\u00ebr t\u00eb \u00e7uar p\u00ebrpara q\u00ebllimet tona t\u00eb p\u00ebrbashk\u00ebta, interesin ton\u00eb komb\u00ebtar, duke i sh\u00ebrbyer me p\u00ebrkushtim nd\u00ebrtimit t\u00eb nj\u00eb hap\u00ebsire ku fjala ka pesh\u00eb, ku besimi nd\u00ebrton ura dhe ku dinjiteti komb\u00ebtar shnd\u00ebrrohet n\u00eb energji zhvillimi p\u00ebr rajonin dhe m\u00eb gjer\u00eb.\u201d-shkruan Spiropali.<\/p>\n<p>N\u00eb t\u00eb nj\u00ebjtin postim, G\u00ebrvalla shprehu edhe mir\u00ebnjohjen p\u00ebr ish-ministrin Igli Hasani, duke e cil\u00ebsuar bashk\u00ebpunimin me t\u00eb si t\u00eb frytsh\u00ebm dhe korrekt.<\/p>\n","protected":false},"excerpt":{"rendered":"<p>Prishtin\u00eb 20 shtator 2025 Ministrja e re p\u00ebr Evrop\u00ebn dhe Pun\u00ebt e Jashtme t\u00eb Shqip\u00ebris\u00eb, Elisa Spiropali, i \u00ebsht\u00eb p\u00ebrgjigjur t\u00eb shtun\u00ebn me nj\u00eb mesazh<\/p>\n","protected":false},"author":7,"featured_media":12895,"comment_status":"open","ping_status":"open","sticky":false,"template":"","format":"standard","meta":{"footnotes":""},"categories":[58],"tags":[],"class_list":["post-12894","post","type-post","status-publish","format-standard","has-post-thumbnail","hentry","category-politike-sq"],"yoast_head":"<!-- This site is optimized with the Yoast SEO plugin v25.3.1 - https:\/\/yoast.com\/wordpress\/plugins\/seo\/ -->\n<title>Spiropali, G\u00ebrvall\u00ebs: Do punojm\u00eb krah p\u00ebr krah p\u00ebr interesin komb\u00ebtar -<\/title>\n<meta name=\"robots\" content=\"index, follow, max-snippet:-1, max-image-preview:large, max-video-preview:-1\" \/>\n<link rel=\"canonical\" href=\"https:\/\/veritasinfo.org\/?p=12894\" \/>\n<meta property=\"og:locale\" content=\"en_US\" \/>\n<meta property=\"og:type\" content=\"article\" \/>\n<meta property=\"og:title\" content=\"Spiropali, G\u00ebrvall\u00ebs: Do punojm\u00eb krah p\u00ebr krah p\u00ebr interesin komb\u00ebtar -\" \/>\n<meta property=\"og:description\" content=\"Prishtin\u00eb 20 shtator 2025 Ministrja e re p\u00ebr Evrop\u00ebn dhe Pun\u00ebt e Jashtme t\u00eb Shqip\u00ebris\u00eb, Elisa Spiropali, i \u00ebsht\u00eb p\u00ebrgjigjur t\u00eb shtun\u00ebn me nj\u00eb mesazh\" \/>\n<meta property=\"og:url\" content=\"https:\/\/veritasinfo.org\/?p=12894\" \/>\n<meta property=\"article:published_time\" content=\"2025-09-20T16:34:35+00:00\" \/>\n<meta property=\"og:image\" content=\"https:\/\/veritasinfo.org\/wp-content\/uploads\/2025\/09\/547205663_1347736210052143_1793234613238763551_n.jpg\" \/>\n\t<meta property=\"og:image:width\" content=\"1600\" \/>\n\t<meta property=\"og:image:height\" content=\"1067\" \/>\n\t<meta property=\"og:image:type\" content=\"image\/jpeg\" \/>\n<meta name=\"author\" content=\"US6\" \/>\n<meta name=\"twitter:card\" content=\"summary_large_image\" \/>\n<meta name=\"twitter:label1\" content=\"Written by\" \/>\n\t<meta name=\"twitter:data1\" content=\"US6\" \/>\n\t<meta name=\"twitter:label2\" content=\"Est. reading time\" \/>\n\t<meta name=\"twitter:data2\" content=\"2 minutes\" \/>\n<script type=\"application\/ld+json\" class=\"yoast-schema-graph\">{\"@context\":\"https:\/\/schema.org\",\"@graph\":[{\"@type\":\"WebPage\",\"@id\":\"https:\/\/veritasinfo.org\/?p=12894\",\"url\":\"https:\/\/veritasinfo.org\/?p=12894\",\"name\":\"Spiropali, G\u00ebrvall\u00ebs: Do punojm\u00eb krah p\u00ebr krah p\u00ebr interesin komb\u00ebtar -\",\"isPartOf\":{\"@id\":\"https:\/\/veritasinfo.org\/#website\"},\"primaryImageOfPage\":{\"@id\":\"https:\/\/veritasinfo.org\/?p=12894#primaryimage\"},\"image\":{\"@id\":\"https:\/\/veritasinfo.org\/?p=12894#primaryimage\"},\"thumbnailUrl\":\"https:\/\/veritasinfo.org\/wp-content\/uploads\/2025\/09\/547205663_1347736210052143_1793234613238763551_n.jpg\",\"datePublished\":\"2025-09-20T16:34:35+00:00\",\"author\":{\"@id\":\"https:\/\/veritasinfo.org\/#\/schema\/person\/fe199eede04c3937362892b7444747cc\"},\"breadcrumb\":{\"@id\":\"https:\/\/veritasinfo.org\/?p=12894#breadcrumb\"},\"inLanguage\":\"en-US\",\"potentialAction\":[{\"@type\":\"ReadAction\",\"target\":[\"https:\/\/veritasinfo.org\/?p=12894\"]}]},{\"@type\":\"ImageObject\",\"inLanguage\":\"en-US\",\"@id\":\"https:\/\/veritasinfo.org\/?p=12894#primaryimage\",\"url\":\"https:\/\/veritasinfo.org\/wp-content\/uploads\/2025\/09\/547205663_1347736210052143_1793234613238763551_n.jpg\",\"contentUrl\":\"https:\/\/veritasinfo.org\/wp-content\/uploads\/2025\/09\/547205663_1347736210052143_1793234613238763551_n.jpg\",\"width\":1600,\"height\":1067},{\"@type\":\"BreadcrumbList\",\"@id\":\"https:\/\/veritasinfo.org\/?p=12894#breadcrumb\",\"itemListElement\":[{\"@type\":\"ListItem\",\"position\":1,\"name\":\"Home\",\"item\":\"https:\/\/veritasinfo.org\/\"},{\"@type\":\"ListItem\",\"position\":2,\"name\":\"Spiropali, G\u00ebrvall\u00ebs: Do punojm\u00eb krah p\u00ebr krah p\u00ebr interesin komb\u00ebtar\"}]},{\"@type\":\"WebSite\",\"@id\":\"https:\/\/veritasinfo.org\/#website\",\"url\":\"https:\/\/veritasinfo.org\/\",\"name\":\"\",\"description\":\"\",\"potentialAction\":[{\"@type\":\"SearchAction\",\"target\":{\"@type\":\"EntryPoint\",\"urlTemplate\":\"https:\/\/veritasinfo.org\/?s={search_term_string}\"},\"query-input\":{\"@type\":\"PropertyValueSpecification\",\"valueRequired\":true,\"valueName\":\"search_term_string\"}}],\"inLanguage\":\"en-US\"},{\"@type\":\"Person\",\"@id\":\"https:\/\/veritasinfo.org\/#\/schema\/person\/fe199eede04c3937362892b7444747cc\",\"name\":\"US6\",\"image\":{\"@type\":\"ImageObject\",\"inLanguage\":\"en-US\",\"@id\":\"https:\/\/veritasinfo.org\/#\/schema\/person\/image\/\",\"url\":\"https:\/\/secure.gravatar.com\/avatar\/cb16c3c31c9d23b9b8c705964598220b3014e42ff51eb540ff23cefa3ae8c15f?s=96&d=mm&r=g\",\"contentUrl\":\"https:\/\/secure.gravatar.com\/avatar\/cb16c3c31c9d23b9b8c705964598220b3014e42ff51eb540ff23cefa3ae8c15f?s=96&d=mm&r=g\",\"caption\":\"US6\"},\"url\":\"https:\/\/veritasinfo.org\/?author=7\"}]}<\/script>\n<!-- \/ Yoast SEO plugin. -->","yoast_head_json":{"title":"Spiropali, G\u00ebrvall\u00ebs: Do punojm\u00eb krah p\u00ebr krah p\u00ebr interesin komb\u00ebtar -","robots":{"index":"index","follow":"follow","max-snippet":"max-snippet:-1","max-image-preview":"max-image-preview:large","max-video-preview":"max-video-preview:-1"},"canonical":"https:\/\/veritasinfo.org\/?p=12894","og_locale":"en_US","og_type":"article","og_title":"Spiropali, G\u00ebrvall\u00ebs: Do punojm\u00eb krah p\u00ebr krah p\u00ebr interesin komb\u00ebtar -","og_description":"Prishtin\u00eb 20 shtator 2025 Ministrja e re p\u00ebr Evrop\u00ebn dhe Pun\u00ebt e Jashtme t\u00eb Shqip\u00ebris\u00eb, Elisa Spiropali, i \u00ebsht\u00eb p\u00ebrgjigjur t\u00eb shtun\u00ebn me nj\u00eb mesazh","og_url":"https:\/\/veritasinfo.org\/?p=12894","article_published_time":"2025-09-20T16:34:35+00:00","og_image":[{"width":1600,"height":1067,"url":"https:\/\/veritasinfo.org\/wp-content\/uploads\/2025\/09\/547205663_1347736210052143_1793234613238763551_n.jpg","type":"image\/jpeg"}],"author":"US6","twitter_card":"summary_large_image","twitter_misc":{"Written by":"US6","Est. reading time":"2 minutes"},"schema":{"@context":"https:\/\/schema.org","@graph":[{"@type":"WebPage","@id":"https:\/\/veritasinfo.org\/?p=12894","url":"https:\/\/veritasinfo.org\/?p=12894","name":"Spiropali, G\u00ebrvall\u00ebs: Do punojm\u00eb krah p\u00ebr krah p\u00ebr interesin komb\u00ebtar -","isPartOf":{"@id":"https:\/\/veritasinfo.org\/#website"},"primaryImageOfPage":{"@id":"https:\/\/veritasinfo.org\/?p=12894#primaryimage"},"image":{"@id":"https:\/\/veritasinfo.org\/?p=12894#primaryimage"},"thumbnailUrl":"https:\/\/veritasinfo.org\/wp-content\/uploads\/2025\/09\/547205663_1347736210052143_1793234613238763551_n.jpg","datePublished":"2025-09-20T16:34:35+00:00","author":{"@id":"https:\/\/veritasinfo.org\/#\/schema\/person\/fe199eede04c3937362892b7444747cc"},"breadcrumb":{"@id":"https:\/\/veritasinfo.org\/?p=12894#breadcrumb"},"inLanguage":"en-US","potentialAction":[{"@type":"ReadAction","target":["https:\/\/veritasinfo.org\/?p=12894"]}]},{"@type":"ImageObject","inLanguage":"en-US","@id":"https:\/\/veritasinfo.org\/?p=12894#primaryimage","url":"https:\/\/veritasinfo.org\/wp-content\/uploads\/2025\/09\/547205663_1347736210052143_1793234613238763551_n.jpg","contentUrl":"https:\/\/veritasinfo.org\/wp-content\/uploads\/2025\/09\/547205663_1347736210052143_1793234613238763551_n.jpg","width":1600,"height":1067},{"@type":"BreadcrumbList","@id":"https:\/\/veritasinfo.org\/?p=12894#breadcrumb","itemListElement":[{"@type":"ListItem","position":1,"name":"Home","item":"https:\/\/veritasinfo.org\/"},{"@type":"ListItem","position":2,"name":"Spiropali, G\u00ebrvall\u00ebs: Do punojm\u00eb krah p\u00ebr krah p\u00ebr interesin komb\u00ebtar"}]},{"@type":"WebSite","@id":"https:\/\/veritasinfo.org\/#website","url":"https:\/\/veritasinfo.org\/","name":"","description":"","potentialAction":[{"@type":"SearchAction","target":{"@type":"EntryPoint","urlTemplate":"https:\/\/veritasinfo.org\/?s={search_term_string}"},"query-input":{"@type":"PropertyValueSpecification","valueRequired":true,"valueName":"search_term_string"}}],"inLanguage":"en-US"},{"@type":"Person","@id":"https:\/\/veritasinfo.org\/#\/schema\/person\/fe199eede04c3937362892b7444747cc","name":"US6","image":{"@type":"ImageObject","inLanguage":"en-US","@id":"https:\/\/veritasinfo.org\/#\/schema\/person\/image\/","url":"https:\/\/secure.gravatar.com\/avatar\/cb16c3c31c9d23b9b8c705964598220b3014e42ff51eb540ff23cefa3ae8c15f?s=96&d=mm&r=g","contentUrl":"https:\/\/secure.gravatar.com\/avatar\/cb16c3c31c9d23b9b8c705964598220b3014e42ff51eb540ff23cefa3ae8c15f?s=96&d=mm&r=g","caption":"US6"},"url":"https:\/\/veritasinfo.org\/?author=7"}]}},"featured_image_urls":{"full":["https:\/\/veritasinfo.org\/wp-content\/uploads\/2025\/09\/547205663_1347736210052143_1793234613238763551_n.jpg",1600,1067,false],"thumbnail":["https:\/\/veritasinfo.org\/wp-content\/uploads\/2025\/09\/547205663_1347736210052143_1793234613238763551_n-150x150.jpg",150,150,true],"medium":["https:\/\/veritasinfo.org\/wp-content\/uploads\/2025\/09\/547205663_1347736210052143_1793234613238763551_n-300x200.jpg",300,200,true],"medium_large":["https:\/\/veritasinfo.org\/wp-content\/uploads\/2025\/09\/547205663_1347736210052143_1793234613238763551_n-768x512.jpg",640,427,true],"large":["https:\/\/veritasinfo.org\/wp-content\/uploads\/2025\/09\/547205663_1347736210052143_1793234613238763551_n-1024x683.jpg",640,427,true],"1536x1536":["https:\/\/veritasinfo.org\/wp-content\/uploads\/2025\/09\/547205663_1347736210052143_1793234613238763551_n-1536x1024.jpg",1536,1024,true],"2048x2048":["https:\/\/veritasinfo.org\/wp-content\/uploads\/2025\/09\/547205663_1347736210052143_1793234613238763551_n.jpg",1600,1067,false],"kreeti-slider-full":["https:\/\/veritasinfo.org\/wp-content\/uploads\/2025\/09\/547205663_1347736210052143_1793234613238763551_n.jpg",1080,720,false],"kreeti-featured":["https:\/\/veritasinfo.org\/wp-content\/uploads\/2025\/09\/547205663_1347736210052143_1793234613238763551_n.jpg",1024,683,false],"kreeti-medium":["https:\/\/veritasinfo.org\/wp-content\/uploads\/2025\/09\/547205663_1347736210052143_1793234613238763551_n.jpg",720,480,false],"kreeti-medium-square":["https:\/\/veritasinfo.org\/wp-content\/uploads\/2025\/09\/547205663_1347736210052143_1793234613238763551_n.jpg",350,233,false]},"author_info":{"info":["US6"]},"category_info":"<a href=\"https:\/\/veritasinfo.org\/?cat=58\" rel=\"category\">Politik\u00eb<\/a>","tag_info":"Politik\u00eb","comment_count":"0","_links":{"self":[{"href":"https:\/\/veritasinfo.org\/index.php?rest_route=\/wp\/v2\/posts\/12894","targetHints":{"allow":["GET"]}}],"collection":[{"href":"https:\/\/veritasinfo.org\/index.php?rest_route=\/wp\/v2\/posts"}],"about":[{"href":"https:\/\/veritasinfo.org\/index.php?rest_route=\/wp\/v2\/types\/post"}],"author":[{"embeddable":true,"href":"https:\/\/veritasinfo.org\/index.php?rest_route=\/wp\/v2\/users\/7"}],"replies":[{"embeddable":true,"href":"https:\/\/veritasinfo.org\/index.php?rest_route=%2Fwp%2Fv2%2Fcomments&post=12894"}],"version-history":[{"count":1,"href":"https:\/\/veritasinfo.org\/index.php?rest_route=\/wp\/v2\/posts\/12894\/revisions"}],"predecessor-version":[{"id":12896,"href":"https:\/\/veritasinfo.org\/index.php?rest_route=\/wp\/v2\/posts\/12894\/revisions\/12896"}],"wp:featuredmedia":[{"embeddable":true,"href":"https:\/\/veritasinfo.org\/index.php?rest_route=\/wp\/v2\/media\/12895"}],"wp:attachment":[{"href":"https:\/\/veritasinfo.org\/index.php?rest_route=%2Fwp%2Fv2%2Fmedia&parent=12894"}],"wp:term":[{"taxonomy":"category","embeddable":true,"href":"https:\/\/veritasinfo.org\/index.php?rest_route=%2Fwp%2Fv2%2Fcategories&post=12894"},{"taxonomy":"post_tag","embeddable":true,"href":"https:\/\/veritasinfo.org\/index.php?rest_route=%2Fwp%2Fv2%2Ftags&post=12894"}],"curies":[{"name":"wp","href":"https:\/\/api.w.org\/{rel}","templated":true}]}}