{"id":12852,"date":"2025-09-20T12:57:35","date_gmt":"2025-09-20T10:57:35","guid":{"rendered":"https:\/\/veritasinfo.org\/?p=12852"},"modified":"2025-09-20T12:57:35","modified_gmt":"2025-09-20T10:57:35","slug":"mast-dergon-nje-amendament-ne-kongres-kerkon-qe-anetaresimi-i-kosoves-ne-nato-te-behet-prioritet-i-shba-se","status":"publish","type":"post","link":"https:\/\/veritasinfo.org\/?p=12852","title":{"rendered":"Mast d\u00ebrgon nj\u00eb amendament n\u00eb Kongres, k\u00ebrkon q\u00eb an\u00ebtar\u00ebsimi i Kosov\u00ebs n\u00eb NATO t\u00eb b\u00ebhet prioritet i SHBA-s\u00eb"},"content":{"rendered":"<p>Prishtin\u00eb, 20 shtator 2025<\/p>\n<p>Kongresisti republikan nga Florida, Brian Mast, ka paraqitur nj\u00eb amendament t\u00eb r\u00ebnd\u00ebsish\u00ebm n\u00eb Kongresin e SHBA-s\u00eb, i cili k\u00ebrkon angazhim m\u00eb t\u00eb madh amerikan n\u00eb Ballkan dhe nj\u00eb q\u00ebndrim t\u00eb qart\u00eb ndaj \u00e7\u00ebshtjeve ky\u00e7e t\u00eb rajonit.<\/p>\n<p>Sipas organizat\u00ebs \u201cAlbanians for America\u201d, e cila ka kontribuar n\u00eb k\u00ebt\u00eb proces, ky \u00ebsht\u00eb nj\u00eb zhvillim i rrall\u00eb dhe historik \u2013 p\u00ebr her\u00eb t\u00eb par\u00eb n\u00eb mbi dy dekada, gjuha mbi Ballkanin \u00ebsht\u00eb riautorizuar n\u00eb k\u00ebt\u00eb form\u00eb.<\/p>\n<p>Amendamenti i propozuar nga Mast njeh r\u00ebnd\u00ebsin\u00eb strategjike t\u00eb rajonit dhe p\u00ebrshkruan disa p\u00ebrpar\u00ebsi t\u00eb politik\u00ebs amerikane, p\u00ebrfshir\u00eb:<\/p>\n<p>Mb\u00ebshtetjen p\u00ebr pavar\u00ebsin\u00eb e Kosov\u00ebs dhe an\u00ebtar\u00ebsimin e saj n\u00eb NATO<\/p>\n<p>Presionin ndaj Serbis\u00eb p\u00ebr t\u00eb zvog\u00ebluar lidhjet me Rusin\u00eb dhe Kin\u00ebn<\/p>\n<p>Ekspozimin e bashk\u00ebpunimit t\u00eb Serbis\u00eb me Rusin\u00eb, Kin\u00ebn dhe Iranin n\u00eb fusha t\u00eb ndjeshme si teknologjia dhe siguria<\/p>\n<p>Zgjerimin e sanksioneve ndaj individ\u00ebve apo subjekteve q\u00eb pengojn\u00eb paqen dhe stabilitetin n\u00eb Ballkanin Per\u00ebndimor<\/p>\n<p>Gjithashtu, p\u00ebrmes k\u00ebtij amendamenti, i k\u00ebrkohet SHBA-s\u00eb t\u00eb em\u00ebroj\u00eb ambasador\u00eb n\u00eb tri vende t\u00eb Ballkanit, p\u00ebrfshir\u00eb Kosov\u00ebn.<\/p>\n<p>\u201cNdihm\u00ebs Sekretari p\u00ebr \u00c7\u00ebshtjet Europiane dhe Euroaziatike do t\u00eb zhvilloj\u00eb nj\u00eb strategji p\u00ebr t\u00eb rivendosur stabilitetin n\u00eb Ballkanin Per\u00ebndimor, e cila do t\u2019i jap\u00eb p\u00ebrpar\u00ebsi caktimit t\u00eb ambasador\u00ebve t\u00eb Shteteve t\u00eb Bashkuara n\u00eb vendet e Ballkanit, duke p\u00ebrfshir\u00eb qeverit\u00eb e Malit t\u00eb Zi, Kosov\u00ebs dhe Bosnj\u00ebs dhe Hercegovin\u00ebs; do t\u00eb p\u00ebrfshij\u00eb rekomandime politike n\u00eb lidhje me m\u00ebnyr\u00ebn se si Shtetet e Bashkuara mund t\u00eb mb\u00ebshtesin pavar\u00ebsin\u00eb e Kosov\u00ebs dhe an\u00ebtar\u00ebsimin e ardhsh\u00ebm n\u00eb Organizat\u00ebn e Traktatit t\u00eb Atlantikut t\u00eb Veriut (NATO)\u201d, thuhet n\u00eb nj\u00eb pjes\u00eb t\u00eb k\u00ebtij amendamenti.<\/p>\n<p>Po ashtu, dokumenti thekson nevoj\u00ebn p\u00ebr mb\u00ebshtetjen e vazhdueshme t\u00eb marr\u00ebveshjes s\u00eb Korporat\u00ebs s\u00eb Sfid\u00ebs s\u00eb Mij\u00ebvje\u00e7arit me Kosov\u00ebn.<\/p>\n<p>&nbsp;<\/p>\n","protected":false},"excerpt":{"rendered":"<p>Prishtin\u00eb, 20 shtator 2025 Kongresisti republikan nga Florida, Brian Mast, ka paraqitur nj\u00eb amendament t\u00eb r\u00ebnd\u00ebsish\u00ebm n\u00eb Kongresin e SHBA-s\u00eb, i cili k\u00ebrkon angazhim m\u00eb<\/p>\n","protected":false},"author":7,"featured_media":12853,"comment_status":"open","ping_status":"open","sticky":false,"template":"","format":"standard","meta":{"footnotes":""},"categories":[72],"tags":[],"class_list":["post-12852","post","type-post","status-publish","format-standard","has-post-thumbnail","hentry","category-bota"],"yoast_head":"<!-- This site is optimized with the Yoast SEO plugin v25.3.1 - https:\/\/yoast.com\/wordpress\/plugins\/seo\/ -->\n<title>Mast d\u00ebrgon nj\u00eb amendament n\u00eb Kongres, k\u00ebrkon q\u00eb an\u00ebtar\u00ebsimi i Kosov\u00ebs n\u00eb NATO t\u00eb b\u00ebhet prioritet i SHBA-s\u00eb -<\/title>\n<meta name=\"robots\" content=\"index, follow, max-snippet:-1, max-image-preview:large, max-video-preview:-1\" \/>\n<link rel=\"canonical\" href=\"https:\/\/veritasinfo.org\/?p=12852\" \/>\n<meta property=\"og:locale\" content=\"en_US\" \/>\n<meta property=\"og:type\" content=\"article\" \/>\n<meta property=\"og:title\" content=\"Mast d\u00ebrgon nj\u00eb amendament n\u00eb Kongres, k\u00ebrkon q\u00eb an\u00ebtar\u00ebsimi i Kosov\u00ebs n\u00eb NATO t\u00eb b\u00ebhet prioritet i SHBA-s\u00eb -\" \/>\n<meta property=\"og:description\" content=\"Prishtin\u00eb, 20 shtator 2025 Kongresisti republikan nga Florida, Brian Mast, ka paraqitur nj\u00eb amendament t\u00eb r\u00ebnd\u00ebsish\u00ebm n\u00eb Kongresin e SHBA-s\u00eb, i cili k\u00ebrkon angazhim m\u00eb\" \/>\n<meta property=\"og:url\" content=\"https:\/\/veritasinfo.org\/?p=12852\" \/>\n<meta property=\"article:published_time\" content=\"2025-09-20T10:57:35+00:00\" \/>\n<meta property=\"og:image\" content=\"https:\/\/veritasinfo.org\/wp-content\/uploads\/2025\/09\/Screenshot-2025-09-20-125623.jpg\" \/>\n\t<meta property=\"og:image:width\" content=\"682\" \/>\n\t<meta property=\"og:image:height\" content=\"750\" \/>\n\t<meta property=\"og:image:type\" content=\"image\/jpeg\" \/>\n<meta name=\"author\" content=\"US6\" \/>\n<meta name=\"twitter:card\" content=\"summary_large_image\" \/>\n<meta name=\"twitter:label1\" content=\"Written by\" \/>\n\t<meta name=\"twitter:data1\" content=\"US6\" \/>\n\t<meta name=\"twitter:label2\" content=\"Est. reading time\" \/>\n\t<meta name=\"twitter:data2\" content=\"2 minutes\" \/>\n<script type=\"application\/ld+json\" class=\"yoast-schema-graph\">{\"@context\":\"https:\/\/schema.org\",\"@graph\":[{\"@type\":\"WebPage\",\"@id\":\"https:\/\/veritasinfo.org\/?p=12852\",\"url\":\"https:\/\/veritasinfo.org\/?p=12852\",\"name\":\"Mast d\u00ebrgon nj\u00eb amendament n\u00eb Kongres, k\u00ebrkon q\u00eb an\u00ebtar\u00ebsimi i Kosov\u00ebs n\u00eb NATO t\u00eb b\u00ebhet prioritet i SHBA-s\u00eb -\",\"isPartOf\":{\"@id\":\"https:\/\/veritasinfo.org\/#website\"},\"primaryImageOfPage\":{\"@id\":\"https:\/\/veritasinfo.org\/?p=12852#primaryimage\"},\"image\":{\"@id\":\"https:\/\/veritasinfo.org\/?p=12852#primaryimage\"},\"thumbnailUrl\":\"https:\/\/veritasinfo.org\/wp-content\/uploads\/2025\/09\/Screenshot-2025-09-20-125623.jpg\",\"datePublished\":\"2025-09-20T10:57:35+00:00\",\"author\":{\"@id\":\"https:\/\/veritasinfo.org\/#\/schema\/person\/fe199eede04c3937362892b7444747cc\"},\"breadcrumb\":{\"@id\":\"https:\/\/veritasinfo.org\/?p=12852#breadcrumb\"},\"inLanguage\":\"en-US\",\"potentialAction\":[{\"@type\":\"ReadAction\",\"target\":[\"https:\/\/veritasinfo.org\/?p=12852\"]}]},{\"@type\":\"ImageObject\",\"inLanguage\":\"en-US\",\"@id\":\"https:\/\/veritasinfo.org\/?p=12852#primaryimage\",\"url\":\"https:\/\/veritasinfo.org\/wp-content\/uploads\/2025\/09\/Screenshot-2025-09-20-125623.jpg\",\"contentUrl\":\"https:\/\/veritasinfo.org\/wp-content\/uploads\/2025\/09\/Screenshot-2025-09-20-125623.jpg\",\"width\":682,\"height\":750},{\"@type\":\"BreadcrumbList\",\"@id\":\"https:\/\/veritasinfo.org\/?p=12852#breadcrumb\",\"itemListElement\":[{\"@type\":\"ListItem\",\"position\":1,\"name\":\"Home\",\"item\":\"https:\/\/veritasinfo.org\/\"},{\"@type\":\"ListItem\",\"position\":2,\"name\":\"Mast d\u00ebrgon nj\u00eb amendament n\u00eb Kongres, k\u00ebrkon q\u00eb an\u00ebtar\u00ebsimi i Kosov\u00ebs n\u00eb NATO t\u00eb b\u00ebhet prioritet i SHBA-s\u00eb\"}]},{\"@type\":\"WebSite\",\"@id\":\"https:\/\/veritasinfo.org\/#website\",\"url\":\"https:\/\/veritasinfo.org\/\",\"name\":\"\",\"description\":\"\",\"potentialAction\":[{\"@type\":\"SearchAction\",\"target\":{\"@type\":\"EntryPoint\",\"urlTemplate\":\"https:\/\/veritasinfo.org\/?s={search_term_string}\"},\"query-input\":{\"@type\":\"PropertyValueSpecification\",\"valueRequired\":true,\"valueName\":\"search_term_string\"}}],\"inLanguage\":\"en-US\"},{\"@type\":\"Person\",\"@id\":\"https:\/\/veritasinfo.org\/#\/schema\/person\/fe199eede04c3937362892b7444747cc\",\"name\":\"US6\",\"image\":{\"@type\":\"ImageObject\",\"inLanguage\":\"en-US\",\"@id\":\"https:\/\/veritasinfo.org\/#\/schema\/person\/image\/\",\"url\":\"https:\/\/secure.gravatar.com\/avatar\/cb16c3c31c9d23b9b8c705964598220b3014e42ff51eb540ff23cefa3ae8c15f?s=96&d=mm&r=g\",\"contentUrl\":\"https:\/\/secure.gravatar.com\/avatar\/cb16c3c31c9d23b9b8c705964598220b3014e42ff51eb540ff23cefa3ae8c15f?s=96&d=mm&r=g\",\"caption\":\"US6\"},\"url\":\"https:\/\/veritasinfo.org\/?author=7\"}]}<\/script>\n<!-- \/ Yoast SEO plugin. -->","yoast_head_json":{"title":"Mast d\u00ebrgon nj\u00eb amendament n\u00eb Kongres, k\u00ebrkon q\u00eb an\u00ebtar\u00ebsimi i Kosov\u00ebs n\u00eb NATO t\u00eb b\u00ebhet prioritet i SHBA-s\u00eb -","robots":{"index":"index","follow":"follow","max-snippet":"max-snippet:-1","max-image-preview":"max-image-preview:large","max-video-preview":"max-video-preview:-1"},"canonical":"https:\/\/veritasinfo.org\/?p=12852","og_locale":"en_US","og_type":"article","og_title":"Mast d\u00ebrgon nj\u00eb amendament n\u00eb Kongres, k\u00ebrkon q\u00eb an\u00ebtar\u00ebsimi i Kosov\u00ebs n\u00eb NATO t\u00eb b\u00ebhet prioritet i SHBA-s\u00eb -","og_description":"Prishtin\u00eb, 20 shtator 2025 Kongresisti republikan nga Florida, Brian Mast, ka paraqitur nj\u00eb amendament t\u00eb r\u00ebnd\u00ebsish\u00ebm n\u00eb Kongresin e SHBA-s\u00eb, i cili k\u00ebrkon angazhim m\u00eb","og_url":"https:\/\/veritasinfo.org\/?p=12852","article_published_time":"2025-09-20T10:57:35+00:00","og_image":[{"width":682,"height":750,"url":"https:\/\/veritasinfo.org\/wp-content\/uploads\/2025\/09\/Screenshot-2025-09-20-125623.jpg","type":"image\/jpeg"}],"author":"US6","twitter_card":"summary_large_image","twitter_misc":{"Written by":"US6","Est. reading time":"2 minutes"},"schema":{"@context":"https:\/\/schema.org","@graph":[{"@type":"WebPage","@id":"https:\/\/veritasinfo.org\/?p=12852","url":"https:\/\/veritasinfo.org\/?p=12852","name":"Mast d\u00ebrgon nj\u00eb amendament n\u00eb Kongres, k\u00ebrkon q\u00eb an\u00ebtar\u00ebsimi i Kosov\u00ebs n\u00eb NATO t\u00eb b\u00ebhet prioritet i SHBA-s\u00eb -","isPartOf":{"@id":"https:\/\/veritasinfo.org\/#website"},"primaryImageOfPage":{"@id":"https:\/\/veritasinfo.org\/?p=12852#primaryimage"},"image":{"@id":"https:\/\/veritasinfo.org\/?p=12852#primaryimage"},"thumbnailUrl":"https:\/\/veritasinfo.org\/wp-content\/uploads\/2025\/09\/Screenshot-2025-09-20-125623.jpg","datePublished":"2025-09-20T10:57:35+00:00","author":{"@id":"https:\/\/veritasinfo.org\/#\/schema\/person\/fe199eede04c3937362892b7444747cc"},"breadcrumb":{"@id":"https:\/\/veritasinfo.org\/?p=12852#breadcrumb"},"inLanguage":"en-US","potentialAction":[{"@type":"ReadAction","target":["https:\/\/veritasinfo.org\/?p=12852"]}]},{"@type":"ImageObject","inLanguage":"en-US","@id":"https:\/\/veritasinfo.org\/?p=12852#primaryimage","url":"https:\/\/veritasinfo.org\/wp-content\/uploads\/2025\/09\/Screenshot-2025-09-20-125623.jpg","contentUrl":"https:\/\/veritasinfo.org\/wp-content\/uploads\/2025\/09\/Screenshot-2025-09-20-125623.jpg","width":682,"height":750},{"@type":"BreadcrumbList","@id":"https:\/\/veritasinfo.org\/?p=12852#breadcrumb","itemListElement":[{"@type":"ListItem","position":1,"name":"Home","item":"https:\/\/veritasinfo.org\/"},{"@type":"ListItem","position":2,"name":"Mast d\u00ebrgon nj\u00eb amendament n\u00eb Kongres, k\u00ebrkon q\u00eb an\u00ebtar\u00ebsimi i Kosov\u00ebs n\u00eb NATO t\u00eb b\u00ebhet prioritet i SHBA-s\u00eb"}]},{"@type":"WebSite","@id":"https:\/\/veritasinfo.org\/#website","url":"https:\/\/veritasinfo.org\/","name":"","description":"","potentialAction":[{"@type":"SearchAction","target":{"@type":"EntryPoint","urlTemplate":"https:\/\/veritasinfo.org\/?s={search_term_string}"},"query-input":{"@type":"PropertyValueSpecification","valueRequired":true,"valueName":"search_term_string"}}],"inLanguage":"en-US"},{"@type":"Person","@id":"https:\/\/veritasinfo.org\/#\/schema\/person\/fe199eede04c3937362892b7444747cc","name":"US6","image":{"@type":"ImageObject","inLanguage":"en-US","@id":"https:\/\/veritasinfo.org\/#\/schema\/person\/image\/","url":"https:\/\/secure.gravatar.com\/avatar\/cb16c3c31c9d23b9b8c705964598220b3014e42ff51eb540ff23cefa3ae8c15f?s=96&d=mm&r=g","contentUrl":"https:\/\/secure.gravatar.com\/avatar\/cb16c3c31c9d23b9b8c705964598220b3014e42ff51eb540ff23cefa3ae8c15f?s=96&d=mm&r=g","caption":"US6"},"url":"https:\/\/veritasinfo.org\/?author=7"}]}},"featured_image_urls":{"full":["https:\/\/veritasinfo.org\/wp-content\/uploads\/2025\/09\/Screenshot-2025-09-20-125623.jpg",682,750,false],"thumbnail":["https:\/\/veritasinfo.org\/wp-content\/uploads\/2025\/09\/Screenshot-2025-09-20-125623-150x150.jpg",150,150,true],"medium":["https:\/\/veritasinfo.org\/wp-content\/uploads\/2025\/09\/Screenshot-2025-09-20-125623-273x300.jpg",273,300,true],"medium_large":["https:\/\/veritasinfo.org\/wp-content\/uploads\/2025\/09\/Screenshot-2025-09-20-125623.jpg",640,704,false],"large":["https:\/\/veritasinfo.org\/wp-content\/uploads\/2025\/09\/Screenshot-2025-09-20-125623.jpg",640,704,false],"1536x1536":["https:\/\/veritasinfo.org\/wp-content\/uploads\/2025\/09\/Screenshot-2025-09-20-125623.jpg",682,750,false],"2048x2048":["https:\/\/veritasinfo.org\/wp-content\/uploads\/2025\/09\/Screenshot-2025-09-20-125623.jpg",682,750,false],"kreeti-slider-full":["https:\/\/veritasinfo.org\/wp-content\/uploads\/2025\/09\/Screenshot-2025-09-20-125623.jpg",655,720,false],"kreeti-featured":["https:\/\/veritasinfo.org\/wp-content\/uploads\/2025\/09\/Screenshot-2025-09-20-125623.jpg",682,750,false],"kreeti-medium":["https:\/\/veritasinfo.org\/wp-content\/uploads\/2025\/09\/Screenshot-2025-09-20-125623.jpg",482,530,false],"kreeti-medium-square":["https:\/\/veritasinfo.org\/wp-content\/uploads\/2025\/09\/Screenshot-2025-09-20-125623.jpg",318,350,false]},"author_info":{"info":["US6"]},"category_info":"<a href=\"https:\/\/veritasinfo.org\/?cat=72\" rel=\"category\">Bota<\/a>","tag_info":"Bota","comment_count":"0","_links":{"self":[{"href":"https:\/\/veritasinfo.org\/index.php?rest_route=\/wp\/v2\/posts\/12852","targetHints":{"allow":["GET"]}}],"collection":[{"href":"https:\/\/veritasinfo.org\/index.php?rest_route=\/wp\/v2\/posts"}],"about":[{"href":"https:\/\/veritasinfo.org\/index.php?rest_route=\/wp\/v2\/types\/post"}],"author":[{"embeddable":true,"href":"https:\/\/veritasinfo.org\/index.php?rest_route=\/wp\/v2\/users\/7"}],"replies":[{"embeddable":true,"href":"https:\/\/veritasinfo.org\/index.php?rest_route=%2Fwp%2Fv2%2Fcomments&post=12852"}],"version-history":[{"count":1,"href":"https:\/\/veritasinfo.org\/index.php?rest_route=\/wp\/v2\/posts\/12852\/revisions"}],"predecessor-version":[{"id":12854,"href":"https:\/\/veritasinfo.org\/index.php?rest_route=\/wp\/v2\/posts\/12852\/revisions\/12854"}],"wp:featuredmedia":[{"embeddable":true,"href":"https:\/\/veritasinfo.org\/index.php?rest_route=\/wp\/v2\/media\/12853"}],"wp:attachment":[{"href":"https:\/\/veritasinfo.org\/index.php?rest_route=%2Fwp%2Fv2%2Fmedia&parent=12852"}],"wp:term":[{"taxonomy":"category","embeddable":true,"href":"https:\/\/veritasinfo.org\/index.php?rest_route=%2Fwp%2Fv2%2Fcategories&post=12852"},{"taxonomy":"post_tag","embeddable":true,"href":"https:\/\/veritasinfo.org\/index.php?rest_route=%2Fwp%2Fv2%2Ftags&post=12852"}],"curies":[{"name":"wp","href":"https:\/\/api.w.org\/{rel}","templated":true}]}}