{"id":12798,"date":"2025-09-20T07:57:57","date_gmt":"2025-09-20T05:57:57","guid":{"rendered":"https:\/\/veritasinfo.org\/?p=12798"},"modified":"2025-09-20T08:02:29","modified_gmt":"2025-09-20T06:02:29","slug":"kurti-paralajmeron-integrim-te-sistemit-shendetesor-dhe-arsimor-serb","status":"publish","type":"post","link":"https:\/\/veritasinfo.org\/?p=12798","title":{"rendered":"Kurti paralajm\u00ebron integrim t\u00eb sistemit sh\u00ebndet\u00ebsor dhe arsimor serb"},"content":{"rendered":"<p>Prishtin\u00eb, 20 shtator 2025<\/p>\n<p>Kryeministri n\u00eb detyr\u00eb Albin Kurti ka paralajm\u00ebruar se n\u00eb mandatin e ardhsh\u00ebm bashk\u00eb me kryetar\u00ebt e rinj t\u00eb komunave do t\u00eb punoj\u00eb p\u00ebr integrimin e sistemit sh\u00ebndet\u00ebsor dhe atij arsimor serb brenda kuadrit ligjor t\u00eb Kosov\u00ebs. Mesazhi ka nxitur reagimin e List\u00ebs Serbe, kryetari i s\u00eb cil\u00ebs k\u00ebrkoi nga KFOR-i e EULEX-i pozicionin pran\u00eb shkollave e spitaleve.<\/p>\n<p>Kryeministri n\u00eb detyr\u00eb Albin Kurti paralajm\u00ebroi integrimin e sistemit sh\u00ebndet\u00ebsor dhe atij arsimor paralel serb brenda kuadrit ligjor t\u00eb Kosov\u00ebs.<\/p>\n<p>T\u00eb enjten mbr\u00ebma, n\u00ebp\u00ebrmjet nj\u00eb videomesazh Kurti u \u00ebsht\u00eb drejtuar qytetar\u00ebve t\u00eb komunitetit serb ku foli p\u00ebr r\u00ebnd\u00ebsin\u00eb e unifikimit t\u00eb sistemit sh\u00ebndet\u00ebsor dhe atij arsimor.<\/p>\n<p>\u201cSigurisht, dualizmi i sistemit sh\u00ebndet\u00ebsor dhe arsimor nuk \u00ebsht\u00eb i q\u00ebndruesh\u00ebm. \u00cbsht\u00eb i nevojsh\u00ebm inkorporimi i tyre dhe unifikimi. K\u00ebt\u00eb nuk dua ta b\u00ebj kund\u00ebr jush apo pa ju. Gjat\u00eb mandatit ton\u00eb t\u00eb ardhsh\u00ebm, bashk\u00eb me t\u00eb gjith\u00eb, p\u00ebrfshir\u00eb edhe kryetar\u00ebt e ardhsh\u00ebm t\u00eb komunave, do t\u00eb punojm\u00eb p\u00ebr inkorporimin e sh\u00ebndet\u00ebsis\u00eb dhe arsimit n\u00eb nj\u00eb sistem t\u00eb vet\u00ebm\u201d, ka th\u00ebn\u00eb Kurti.<\/p>\n<p>Kurti ka deklaruar se veprimet do t\u00eb nd\u00ebrmerren n\u00eb bashk\u00ebpunim me partner\u00ebt nd\u00ebrkomb\u00ebtar\u00eb.<\/p>\n<p>\u201cBrenda nj\u00eb procesi t\u00eb till\u00eb do t\u2019i bashkojm\u00eb idet\u00eb, p\u00ebrvojat dhe forcat me partner\u00ebt tan\u00eb nd\u00ebrkomb\u00ebtar\u00eb: Bashkimin Evropian dhe p\u00ebrfaq\u00ebsuesin e tij special p\u00ebr dialog, vendet e QUINT-it dhe KFOR-in\u201d, ka th\u00ebn\u00eb ai.<\/p>\n","protected":false},"excerpt":{"rendered":"<p>Prishtin\u00eb, 20 shtator 2025 Kryeministri n\u00eb detyr\u00eb Albin Kurti ka paralajm\u00ebruar se n\u00eb mandatin e ardhsh\u00ebm bashk\u00eb me kryetar\u00ebt e rinj t\u00eb komunave do t\u00eb<\/p>\n","protected":false},"author":7,"featured_media":12799,"comment_status":"open","ping_status":"open","sticky":false,"template":"","format":"standard","meta":{"footnotes":""},"categories":[58],"tags":[],"class_list":["post-12798","post","type-post","status-publish","format-standard","has-post-thumbnail","hentry","category-politike-sq"],"yoast_head":"<!-- This site is optimized with the Yoast SEO plugin v25.3.1 - https:\/\/yoast.com\/wordpress\/plugins\/seo\/ -->\n<title>Kurti paralajm\u00ebron integrim t\u00eb sistemit sh\u00ebndet\u00ebsor dhe arsimor serb -<\/title>\n<meta name=\"robots\" content=\"index, follow, max-snippet:-1, max-image-preview:large, max-video-preview:-1\" \/>\n<link rel=\"canonical\" href=\"https:\/\/veritasinfo.org\/?p=12798\" \/>\n<meta property=\"og:locale\" content=\"en_US\" \/>\n<meta property=\"og:type\" content=\"article\" \/>\n<meta property=\"og:title\" content=\"Kurti paralajm\u00ebron integrim t\u00eb sistemit sh\u00ebndet\u00ebsor dhe arsimor serb -\" \/>\n<meta property=\"og:description\" content=\"Prishtin\u00eb, 20 shtator 2025 Kryeministri n\u00eb detyr\u00eb Albin Kurti ka paralajm\u00ebruar se n\u00eb mandatin e ardhsh\u00ebm bashk\u00eb me kryetar\u00ebt e rinj t\u00eb komunave do t\u00eb\" \/>\n<meta property=\"og:url\" content=\"https:\/\/veritasinfo.org\/?p=12798\" \/>\n<meta property=\"article:published_time\" content=\"2025-09-20T05:57:57+00:00\" \/>\n<meta property=\"article:modified_time\" content=\"2025-09-20T06:02:29+00:00\" \/>\n<meta property=\"og:image\" content=\"https:\/\/veritasinfo.org\/wp-content\/uploads\/2025\/09\/GettyImages-2187949192.jpg\" \/>\n\t<meta property=\"og:image:width\" content=\"1024\" \/>\n\t<meta property=\"og:image:height\" content=\"683\" \/>\n\t<meta property=\"og:image:type\" content=\"image\/jpeg\" \/>\n<meta name=\"author\" content=\"US6\" \/>\n<meta name=\"twitter:card\" content=\"summary_large_image\" \/>\n<meta name=\"twitter:label1\" content=\"Written by\" \/>\n\t<meta name=\"twitter:data1\" content=\"US6\" \/>\n\t<meta name=\"twitter:label2\" content=\"Est. reading time\" \/>\n\t<meta name=\"twitter:data2\" content=\"2 minutes\" \/>\n<script type=\"application\/ld+json\" class=\"yoast-schema-graph\">{\"@context\":\"https:\/\/schema.org\",\"@graph\":[{\"@type\":\"WebPage\",\"@id\":\"https:\/\/veritasinfo.org\/?p=12798\",\"url\":\"https:\/\/veritasinfo.org\/?p=12798\",\"name\":\"Kurti paralajm\u00ebron integrim t\u00eb sistemit sh\u00ebndet\u00ebsor dhe arsimor serb -\",\"isPartOf\":{\"@id\":\"https:\/\/veritasinfo.org\/#website\"},\"primaryImageOfPage\":{\"@id\":\"https:\/\/veritasinfo.org\/?p=12798#primaryimage\"},\"image\":{\"@id\":\"https:\/\/veritasinfo.org\/?p=12798#primaryimage\"},\"thumbnailUrl\":\"https:\/\/veritasinfo.org\/wp-content\/uploads\/2025\/09\/GettyImages-2187949192.jpg\",\"datePublished\":\"2025-09-20T05:57:57+00:00\",\"dateModified\":\"2025-09-20T06:02:29+00:00\",\"author\":{\"@id\":\"https:\/\/veritasinfo.org\/#\/schema\/person\/fe199eede04c3937362892b7444747cc\"},\"breadcrumb\":{\"@id\":\"https:\/\/veritasinfo.org\/?p=12798#breadcrumb\"},\"inLanguage\":\"en-US\",\"potentialAction\":[{\"@type\":\"ReadAction\",\"target\":[\"https:\/\/veritasinfo.org\/?p=12798\"]}]},{\"@type\":\"ImageObject\",\"inLanguage\":\"en-US\",\"@id\":\"https:\/\/veritasinfo.org\/?p=12798#primaryimage\",\"url\":\"https:\/\/veritasinfo.org\/wp-content\/uploads\/2025\/09\/GettyImages-2187949192.jpg\",\"contentUrl\":\"https:\/\/veritasinfo.org\/wp-content\/uploads\/2025\/09\/GettyImages-2187949192.jpg\",\"width\":1024,\"height\":683},{\"@type\":\"BreadcrumbList\",\"@id\":\"https:\/\/veritasinfo.org\/?p=12798#breadcrumb\",\"itemListElement\":[{\"@type\":\"ListItem\",\"position\":1,\"name\":\"Home\",\"item\":\"https:\/\/veritasinfo.org\/\"},{\"@type\":\"ListItem\",\"position\":2,\"name\":\"Kurti paralajm\u00ebron integrim t\u00eb sistemit sh\u00ebndet\u00ebsor dhe arsimor serb\"}]},{\"@type\":\"WebSite\",\"@id\":\"https:\/\/veritasinfo.org\/#website\",\"url\":\"https:\/\/veritasinfo.org\/\",\"name\":\"\",\"description\":\"\",\"potentialAction\":[{\"@type\":\"SearchAction\",\"target\":{\"@type\":\"EntryPoint\",\"urlTemplate\":\"https:\/\/veritasinfo.org\/?s={search_term_string}\"},\"query-input\":{\"@type\":\"PropertyValueSpecification\",\"valueRequired\":true,\"valueName\":\"search_term_string\"}}],\"inLanguage\":\"en-US\"},{\"@type\":\"Person\",\"@id\":\"https:\/\/veritasinfo.org\/#\/schema\/person\/fe199eede04c3937362892b7444747cc\",\"name\":\"US6\",\"image\":{\"@type\":\"ImageObject\",\"inLanguage\":\"en-US\",\"@id\":\"https:\/\/veritasinfo.org\/#\/schema\/person\/image\/\",\"url\":\"https:\/\/secure.gravatar.com\/avatar\/cb16c3c31c9d23b9b8c705964598220b3014e42ff51eb540ff23cefa3ae8c15f?s=96&d=mm&r=g\",\"contentUrl\":\"https:\/\/secure.gravatar.com\/avatar\/cb16c3c31c9d23b9b8c705964598220b3014e42ff51eb540ff23cefa3ae8c15f?s=96&d=mm&r=g\",\"caption\":\"US6\"},\"url\":\"https:\/\/veritasinfo.org\/?author=7\"}]}<\/script>\n<!-- \/ Yoast SEO plugin. -->","yoast_head_json":{"title":"Kurti paralajm\u00ebron integrim t\u00eb sistemit sh\u00ebndet\u00ebsor dhe arsimor serb -","robots":{"index":"index","follow":"follow","max-snippet":"max-snippet:-1","max-image-preview":"max-image-preview:large","max-video-preview":"max-video-preview:-1"},"canonical":"https:\/\/veritasinfo.org\/?p=12798","og_locale":"en_US","og_type":"article","og_title":"Kurti paralajm\u00ebron integrim t\u00eb sistemit sh\u00ebndet\u00ebsor dhe arsimor serb -","og_description":"Prishtin\u00eb, 20 shtator 2025 Kryeministri n\u00eb detyr\u00eb Albin Kurti ka paralajm\u00ebruar se n\u00eb mandatin e ardhsh\u00ebm bashk\u00eb me kryetar\u00ebt e rinj t\u00eb komunave do t\u00eb","og_url":"https:\/\/veritasinfo.org\/?p=12798","article_published_time":"2025-09-20T05:57:57+00:00","article_modified_time":"2025-09-20T06:02:29+00:00","og_image":[{"width":1024,"height":683,"url":"https:\/\/veritasinfo.org\/wp-content\/uploads\/2025\/09\/GettyImages-2187949192.jpg","type":"image\/jpeg"}],"author":"US6","twitter_card":"summary_large_image","twitter_misc":{"Written by":"US6","Est. reading time":"2 minutes"},"schema":{"@context":"https:\/\/schema.org","@graph":[{"@type":"WebPage","@id":"https:\/\/veritasinfo.org\/?p=12798","url":"https:\/\/veritasinfo.org\/?p=12798","name":"Kurti paralajm\u00ebron integrim t\u00eb sistemit sh\u00ebndet\u00ebsor dhe arsimor serb -","isPartOf":{"@id":"https:\/\/veritasinfo.org\/#website"},"primaryImageOfPage":{"@id":"https:\/\/veritasinfo.org\/?p=12798#primaryimage"},"image":{"@id":"https:\/\/veritasinfo.org\/?p=12798#primaryimage"},"thumbnailUrl":"https:\/\/veritasinfo.org\/wp-content\/uploads\/2025\/09\/GettyImages-2187949192.jpg","datePublished":"2025-09-20T05:57:57+00:00","dateModified":"2025-09-20T06:02:29+00:00","author":{"@id":"https:\/\/veritasinfo.org\/#\/schema\/person\/fe199eede04c3937362892b7444747cc"},"breadcrumb":{"@id":"https:\/\/veritasinfo.org\/?p=12798#breadcrumb"},"inLanguage":"en-US","potentialAction":[{"@type":"ReadAction","target":["https:\/\/veritasinfo.org\/?p=12798"]}]},{"@type":"ImageObject","inLanguage":"en-US","@id":"https:\/\/veritasinfo.org\/?p=12798#primaryimage","url":"https:\/\/veritasinfo.org\/wp-content\/uploads\/2025\/09\/GettyImages-2187949192.jpg","contentUrl":"https:\/\/veritasinfo.org\/wp-content\/uploads\/2025\/09\/GettyImages-2187949192.jpg","width":1024,"height":683},{"@type":"BreadcrumbList","@id":"https:\/\/veritasinfo.org\/?p=12798#breadcrumb","itemListElement":[{"@type":"ListItem","position":1,"name":"Home","item":"https:\/\/veritasinfo.org\/"},{"@type":"ListItem","position":2,"name":"Kurti paralajm\u00ebron integrim t\u00eb sistemit sh\u00ebndet\u00ebsor dhe arsimor serb"}]},{"@type":"WebSite","@id":"https:\/\/veritasinfo.org\/#website","url":"https:\/\/veritasinfo.org\/","name":"","description":"","potentialAction":[{"@type":"SearchAction","target":{"@type":"EntryPoint","urlTemplate":"https:\/\/veritasinfo.org\/?s={search_term_string}"},"query-input":{"@type":"PropertyValueSpecification","valueRequired":true,"valueName":"search_term_string"}}],"inLanguage":"en-US"},{"@type":"Person","@id":"https:\/\/veritasinfo.org\/#\/schema\/person\/fe199eede04c3937362892b7444747cc","name":"US6","image":{"@type":"ImageObject","inLanguage":"en-US","@id":"https:\/\/veritasinfo.org\/#\/schema\/person\/image\/","url":"https:\/\/secure.gravatar.com\/avatar\/cb16c3c31c9d23b9b8c705964598220b3014e42ff51eb540ff23cefa3ae8c15f?s=96&d=mm&r=g","contentUrl":"https:\/\/secure.gravatar.com\/avatar\/cb16c3c31c9d23b9b8c705964598220b3014e42ff51eb540ff23cefa3ae8c15f?s=96&d=mm&r=g","caption":"US6"},"url":"https:\/\/veritasinfo.org\/?author=7"}]}},"featured_image_urls":{"full":["https:\/\/veritasinfo.org\/wp-content\/uploads\/2025\/09\/GettyImages-2187949192.jpg",1024,683,false],"thumbnail":["https:\/\/veritasinfo.org\/wp-content\/uploads\/2025\/09\/GettyImages-2187949192-150x150.jpg",150,150,true],"medium":["https:\/\/veritasinfo.org\/wp-content\/uploads\/2025\/09\/GettyImages-2187949192-300x200.jpg",300,200,true],"medium_large":["https:\/\/veritasinfo.org\/wp-content\/uploads\/2025\/09\/GettyImages-2187949192-768x512.jpg",640,427,true],"large":["https:\/\/veritasinfo.org\/wp-content\/uploads\/2025\/09\/GettyImages-2187949192.jpg",640,427,false],"1536x1536":["https:\/\/veritasinfo.org\/wp-content\/uploads\/2025\/09\/GettyImages-2187949192.jpg",1024,683,false],"2048x2048":["https:\/\/veritasinfo.org\/wp-content\/uploads\/2025\/09\/GettyImages-2187949192.jpg",1024,683,false],"kreeti-slider-full":["https:\/\/veritasinfo.org\/wp-content\/uploads\/2025\/09\/GettyImages-2187949192.jpg",1024,683,false],"kreeti-featured":["https:\/\/veritasinfo.org\/wp-content\/uploads\/2025\/09\/GettyImages-2187949192.jpg",1024,683,false],"kreeti-medium":["https:\/\/veritasinfo.org\/wp-content\/uploads\/2025\/09\/GettyImages-2187949192.jpg",720,480,false],"kreeti-medium-square":["https:\/\/veritasinfo.org\/wp-content\/uploads\/2025\/09\/GettyImages-2187949192.jpg",350,233,false]},"author_info":{"info":["US6"]},"category_info":"<a href=\"https:\/\/veritasinfo.org\/?cat=58\" rel=\"category\">Politik\u00eb<\/a>","tag_info":"Politik\u00eb","comment_count":"0","_links":{"self":[{"href":"https:\/\/veritasinfo.org\/index.php?rest_route=\/wp\/v2\/posts\/12798","targetHints":{"allow":["GET"]}}],"collection":[{"href":"https:\/\/veritasinfo.org\/index.php?rest_route=\/wp\/v2\/posts"}],"about":[{"href":"https:\/\/veritasinfo.org\/index.php?rest_route=\/wp\/v2\/types\/post"}],"author":[{"embeddable":true,"href":"https:\/\/veritasinfo.org\/index.php?rest_route=\/wp\/v2\/users\/7"}],"replies":[{"embeddable":true,"href":"https:\/\/veritasinfo.org\/index.php?rest_route=%2Fwp%2Fv2%2Fcomments&post=12798"}],"version-history":[{"count":1,"href":"https:\/\/veritasinfo.org\/index.php?rest_route=\/wp\/v2\/posts\/12798\/revisions"}],"predecessor-version":[{"id":12800,"href":"https:\/\/veritasinfo.org\/index.php?rest_route=\/wp\/v2\/posts\/12798\/revisions\/12800"}],"wp:featuredmedia":[{"embeddable":true,"href":"https:\/\/veritasinfo.org\/index.php?rest_route=\/wp\/v2\/media\/12799"}],"wp:attachment":[{"href":"https:\/\/veritasinfo.org\/index.php?rest_route=%2Fwp%2Fv2%2Fmedia&parent=12798"}],"wp:term":[{"taxonomy":"category","embeddable":true,"href":"https:\/\/veritasinfo.org\/index.php?rest_route=%2Fwp%2Fv2%2Fcategories&post=12798"},{"taxonomy":"post_tag","embeddable":true,"href":"https:\/\/veritasinfo.org\/index.php?rest_route=%2Fwp%2Fv2%2Ftags&post=12798"}],"curies":[{"name":"wp","href":"https:\/\/api.w.org\/{rel}","templated":true}]}}