{"id":12781,"date":"2025-09-20T07:15:50","date_gmt":"2025-09-20T05:15:50","guid":{"rendered":"https:\/\/veritasinfo.org\/?p=12781"},"modified":"2025-09-19T22:03:48","modified_gmt":"2025-09-19T20:03:48","slug":"pocinje-obnova-kuce-pesnika-umer-eljshanija","status":"publish","type":"post","link":"https:\/\/veritasinfo.org\/?p=12781&lang=sr","title":{"rendered":"Po\u010dinje obnova ku\u0107e pesnika Umer Eljshanija"},"content":{"rendered":"<p>Pri\u0161tina, 20. septembar 2025.<\/p>\n<p data-start=\"156\" data-end=\"450\">Zapo\u010dela je implementacija projekta obnove ku\u0107e pesnika Umer Eljshanija. Ovaj projekat, pod upravom Ministarstva kulture, predvi\u0111en je da traje godinu dana, s ciljem da se ku\u0107a pisca Eljshanija pretvori u prostor otvoren za posetioce, o\u010duvaju\u0107i tako kulturno nasle\u0111e i knji\u017eevno se\u0107anje na njega.<\/p>\n<p data-start=\"452\" data-end=\"603\">Pisac poznatih dela za decu bio je masakriran od strane srpskih snaga u masakru u Pokljeku tokom rata na Kosovu, ali njegovo stvarala\u0161tvo ostaje ve\u010dito.<\/p>\n<p data-start=\"605\" data-end=\"722\">Njegova ku\u0107a bi\u0107e pretvorena u muzej, gde \u0107e budu\u0107e generacije mo\u0107i da se upoznaju sa njegovim umetni\u010dkim delovanjem.<\/p>\n<p data-start=\"724\" data-end=\"894\">Ministarstvo kulture je najpre sprovelo celokupnu inventarizaciju ku\u0107e, dok su pre nekoliko dana zapo\u010deti kompletni radovi na renoviranju, u vrednosti od 209.089,30 evra.<\/p>\n<p data-start=\"896\" data-end=\"1373\">\u201eKu\u0107a Ymer Elshanija u Donjoj Korotici, kao i njegov knji\u017eevni opus \u2013 kolekcija knjiga, predstavljaju kulturno nasle\u0111e pod privremenom za\u0161titom od 2023. godine. Projekat konzervacije\/restauracije je izra\u0111en od strane Regionalnog centra za kulturno nasle\u0111e u Pri\u0161tini, zajedno sa spoljnim saradnicima, i predvi\u0111a potpunu obnovu objekta. Tako\u0111e je ranije izvr\u0161ena i inventarizacija celokupnog materijala koji se nalazio unutar ku\u0107e pesnika\u201c, saop\u0161tili su iz Ministarstva kulture.<\/p>\n<p data-start=\"1375\" data-end=\"1635\">Jedina pre\u017eivela \u010dlanica porodice pisca, njegova \u0107erka Teuta Eljshani, govori o svom trudu da sa\u010duva o\u010devu knji\u017eevnu ostav\u0161tinu, isti\u010du\u0107i da je \u010duvala ku\u0107u kako bi bila za\u0161ti\u0107ena kao istorijski i duhovni spomenik, a rukopise svog oca je ve\u0107 objavila u knjigama.<\/p>\n<p data-start=\"1637\" data-end=\"1999\">\u201eZa tragi\u010dnu sudbinu ne samo moje porodice, ve\u0107 i na\u0161eg naroda, ovaj muzej koji se mo\u017ee nazvati i duhovnim, reflektova\u0107e stvarala\u0161tvo pisca, njegov rad, sudbinu porodice, \u017ertvu za slobodu \u2013 i verujem da \u0107e to biti simboli\u010dna ta\u010dka za posetioce, posebno za mla\u0111e generacije, kako bi u\u010dili vi\u0161e i nikada ne zaboravili istoriju na\u0161e zemlje\u201c, rekla je Teuta Elshani.<\/p>\n<p data-start=\"2001\" data-end=\"2113\">Teuta obja\u0161njava \u0161ta je sa\u010duvano iz knji\u017eevnog stvarala\u0161tva Ymer Elshanija i \u0161ta \u0107e biti izlo\u017eeno u ku\u0107i-muzeju.<\/p>\n<p data-start=\"2115\" data-end=\"2446\">\u201ePostoji mno\u0161tvo knjiga od razli\u010ditih autora, i verujem da ih ima oko 2.000 do 3.000, koje \u0107e biti sa\u010duvane u biblioteci u jednoj od soba ku\u0107e. Posetioci \u0107e tako\u0111e imati pristup tim knjigama \u2013 mo\u017eda i onima koje se ne mogu na\u0107i nigde drugde, jer su vrlo stare. U okviru toga, naravno, i stvarala\u0161tvo Umer Eljshanija\u201c, dodala je ona.<\/p>\n<p data-start=\"2448\" data-end=\"2558\">Prema Ministarstvu kulture, radovi po\u010dinju ovog meseca, a zavr\u0161etak se o\u010dekuje negde u septembru 2026. godine.<\/p>\n","protected":false},"excerpt":{"rendered":"<p>Pri\u0161tina, 20. septembar 2025. Zapo\u010dela je implementacija projekta obnove ku\u0107e pesnika Umer Eljshanija. Ovaj projekat, pod upravom Ministarstva kulture, predvi\u0111en je da traje godinu dana,<\/p>\n","protected":false},"author":7,"featured_media":12779,"comment_status":"open","ping_status":"open","sticky":false,"template":"","format":"standard","meta":{"footnotes":""},"categories":[34],"tags":[],"class_list":["post-12781","post","type-post","status-publish","format-standard","has-post-thumbnail","hentry","category-kultura"],"yoast_head":"<!-- This site is optimized with the Yoast SEO plugin v25.3.1 - https:\/\/yoast.com\/wordpress\/plugins\/seo\/ -->\n<title>Po\u010dinje obnova ku\u0107e pesnika Umer Eljshanija -<\/title>\n<meta name=\"robots\" content=\"index, follow, max-snippet:-1, max-image-preview:large, max-video-preview:-1\" \/>\n<link rel=\"canonical\" href=\"https:\/\/veritasinfo.org\/?p=12781&lang=sr\" \/>\n<meta property=\"og:locale\" content=\"en_US\" \/>\n<meta property=\"og:type\" content=\"article\" \/>\n<meta property=\"og:title\" content=\"Po\u010dinje obnova ku\u0107e pesnika Umer Eljshanija -\" \/>\n<meta property=\"og:description\" content=\"Pri\u0161tina, 20. septembar 2025. Zapo\u010dela je implementacija projekta obnove ku\u0107e pesnika Umer Eljshanija. Ovaj projekat, pod upravom Ministarstva kulture, predvi\u0111en je da traje godinu dana,\" \/>\n<meta property=\"og:url\" content=\"https:\/\/veritasinfo.org\/?p=12781&amp;lang=sr\" \/>\n<meta property=\"article:published_time\" content=\"2025-09-20T05:15:50+00:00\" \/>\n<meta property=\"og:image\" content=\"https:\/\/veritasinfo.org\/wp-content\/uploads\/2025\/09\/704457-4guguFpRVV.jpg\" \/>\n\t<meta property=\"og:image:width\" content=\"780\" \/>\n\t<meta property=\"og:image:height\" content=\"500\" \/>\n\t<meta property=\"og:image:type\" content=\"image\/jpeg\" \/>\n<meta name=\"author\" content=\"US6\" \/>\n<meta name=\"twitter:card\" content=\"summary_large_image\" \/>\n<meta name=\"twitter:label1\" content=\"Written by\" \/>\n\t<meta name=\"twitter:data1\" content=\"US6\" \/>\n\t<meta name=\"twitter:label2\" content=\"Est. reading time\" \/>\n\t<meta name=\"twitter:data2\" content=\"2 minutes\" \/>\n<script type=\"application\/ld+json\" class=\"yoast-schema-graph\">{\"@context\":\"https:\/\/schema.org\",\"@graph\":[{\"@type\":\"WebPage\",\"@id\":\"https:\/\/veritasinfo.org\/?p=12781&lang=sr\",\"url\":\"https:\/\/veritasinfo.org\/?p=12781&lang=sr\",\"name\":\"Po\u010dinje obnova ku\u0107e pesnika Umer Eljshanija -\",\"isPartOf\":{\"@id\":\"https:\/\/veritasinfo.org\/#website\"},\"primaryImageOfPage\":{\"@id\":\"https:\/\/veritasinfo.org\/?p=12781&lang=sr#primaryimage\"},\"image\":{\"@id\":\"https:\/\/veritasinfo.org\/?p=12781&lang=sr#primaryimage\"},\"thumbnailUrl\":\"https:\/\/veritasinfo.org\/wp-content\/uploads\/2025\/09\/704457-4guguFpRVV.jpg\",\"datePublished\":\"2025-09-20T05:15:50+00:00\",\"author\":{\"@id\":\"https:\/\/veritasinfo.org\/#\/schema\/person\/fe199eede04c3937362892b7444747cc\"},\"breadcrumb\":{\"@id\":\"https:\/\/veritasinfo.org\/?p=12781&lang=sr#breadcrumb\"},\"inLanguage\":\"en-US\",\"potentialAction\":[{\"@type\":\"ReadAction\",\"target\":[\"https:\/\/veritasinfo.org\/?p=12781&lang=sr\"]}]},{\"@type\":\"ImageObject\",\"inLanguage\":\"en-US\",\"@id\":\"https:\/\/veritasinfo.org\/?p=12781&lang=sr#primaryimage\",\"url\":\"https:\/\/veritasinfo.org\/wp-content\/uploads\/2025\/09\/704457-4guguFpRVV.jpg\",\"contentUrl\":\"https:\/\/veritasinfo.org\/wp-content\/uploads\/2025\/09\/704457-4guguFpRVV.jpg\",\"width\":780,\"height\":500},{\"@type\":\"BreadcrumbList\",\"@id\":\"https:\/\/veritasinfo.org\/?p=12781&lang=sr#breadcrumb\",\"itemListElement\":[{\"@type\":\"ListItem\",\"position\":1,\"name\":\"Home\",\"item\":\"https:\/\/veritasinfo.org\/\"},{\"@type\":\"ListItem\",\"position\":2,\"name\":\"Po\u010dinje obnova ku\u0107e pesnika Umer Eljshanija\"}]},{\"@type\":\"WebSite\",\"@id\":\"https:\/\/veritasinfo.org\/#website\",\"url\":\"https:\/\/veritasinfo.org\/\",\"name\":\"\",\"description\":\"\",\"potentialAction\":[{\"@type\":\"SearchAction\",\"target\":{\"@type\":\"EntryPoint\",\"urlTemplate\":\"https:\/\/veritasinfo.org\/?s={search_term_string}\"},\"query-input\":{\"@type\":\"PropertyValueSpecification\",\"valueRequired\":true,\"valueName\":\"search_term_string\"}}],\"inLanguage\":\"en-US\"},{\"@type\":\"Person\",\"@id\":\"https:\/\/veritasinfo.org\/#\/schema\/person\/fe199eede04c3937362892b7444747cc\",\"name\":\"US6\",\"image\":{\"@type\":\"ImageObject\",\"inLanguage\":\"en-US\",\"@id\":\"https:\/\/veritasinfo.org\/#\/schema\/person\/image\/\",\"url\":\"https:\/\/secure.gravatar.com\/avatar\/cb16c3c31c9d23b9b8c705964598220b3014e42ff51eb540ff23cefa3ae8c15f?s=96&d=mm&r=g\",\"contentUrl\":\"https:\/\/secure.gravatar.com\/avatar\/cb16c3c31c9d23b9b8c705964598220b3014e42ff51eb540ff23cefa3ae8c15f?s=96&d=mm&r=g\",\"caption\":\"US6\"},\"url\":\"https:\/\/veritasinfo.org\/?author=7\"}]}<\/script>\n<!-- \/ Yoast SEO plugin. -->","yoast_head_json":{"title":"Po\u010dinje obnova ku\u0107e pesnika Umer Eljshanija -","robots":{"index":"index","follow":"follow","max-snippet":"max-snippet:-1","max-image-preview":"max-image-preview:large","max-video-preview":"max-video-preview:-1"},"canonical":"https:\/\/veritasinfo.org\/?p=12781&lang=sr","og_locale":"en_US","og_type":"article","og_title":"Po\u010dinje obnova ku\u0107e pesnika Umer Eljshanija -","og_description":"Pri\u0161tina, 20. septembar 2025. Zapo\u010dela je implementacija projekta obnove ku\u0107e pesnika Umer Eljshanija. Ovaj projekat, pod upravom Ministarstva kulture, predvi\u0111en je da traje godinu dana,","og_url":"https:\/\/veritasinfo.org\/?p=12781&lang=sr","article_published_time":"2025-09-20T05:15:50+00:00","og_image":[{"width":780,"height":500,"url":"https:\/\/veritasinfo.org\/wp-content\/uploads\/2025\/09\/704457-4guguFpRVV.jpg","type":"image\/jpeg"}],"author":"US6","twitter_card":"summary_large_image","twitter_misc":{"Written by":"US6","Est. reading time":"2 minutes"},"schema":{"@context":"https:\/\/schema.org","@graph":[{"@type":"WebPage","@id":"https:\/\/veritasinfo.org\/?p=12781&lang=sr","url":"https:\/\/veritasinfo.org\/?p=12781&lang=sr","name":"Po\u010dinje obnova ku\u0107e pesnika Umer Eljshanija -","isPartOf":{"@id":"https:\/\/veritasinfo.org\/#website"},"primaryImageOfPage":{"@id":"https:\/\/veritasinfo.org\/?p=12781&lang=sr#primaryimage"},"image":{"@id":"https:\/\/veritasinfo.org\/?p=12781&lang=sr#primaryimage"},"thumbnailUrl":"https:\/\/veritasinfo.org\/wp-content\/uploads\/2025\/09\/704457-4guguFpRVV.jpg","datePublished":"2025-09-20T05:15:50+00:00","author":{"@id":"https:\/\/veritasinfo.org\/#\/schema\/person\/fe199eede04c3937362892b7444747cc"},"breadcrumb":{"@id":"https:\/\/veritasinfo.org\/?p=12781&lang=sr#breadcrumb"},"inLanguage":"en-US","potentialAction":[{"@type":"ReadAction","target":["https:\/\/veritasinfo.org\/?p=12781&lang=sr"]}]},{"@type":"ImageObject","inLanguage":"en-US","@id":"https:\/\/veritasinfo.org\/?p=12781&lang=sr#primaryimage","url":"https:\/\/veritasinfo.org\/wp-content\/uploads\/2025\/09\/704457-4guguFpRVV.jpg","contentUrl":"https:\/\/veritasinfo.org\/wp-content\/uploads\/2025\/09\/704457-4guguFpRVV.jpg","width":780,"height":500},{"@type":"BreadcrumbList","@id":"https:\/\/veritasinfo.org\/?p=12781&lang=sr#breadcrumb","itemListElement":[{"@type":"ListItem","position":1,"name":"Home","item":"https:\/\/veritasinfo.org\/"},{"@type":"ListItem","position":2,"name":"Po\u010dinje obnova ku\u0107e pesnika Umer Eljshanija"}]},{"@type":"WebSite","@id":"https:\/\/veritasinfo.org\/#website","url":"https:\/\/veritasinfo.org\/","name":"","description":"","potentialAction":[{"@type":"SearchAction","target":{"@type":"EntryPoint","urlTemplate":"https:\/\/veritasinfo.org\/?s={search_term_string}"},"query-input":{"@type":"PropertyValueSpecification","valueRequired":true,"valueName":"search_term_string"}}],"inLanguage":"en-US"},{"@type":"Person","@id":"https:\/\/veritasinfo.org\/#\/schema\/person\/fe199eede04c3937362892b7444747cc","name":"US6","image":{"@type":"ImageObject","inLanguage":"en-US","@id":"https:\/\/veritasinfo.org\/#\/schema\/person\/image\/","url":"https:\/\/secure.gravatar.com\/avatar\/cb16c3c31c9d23b9b8c705964598220b3014e42ff51eb540ff23cefa3ae8c15f?s=96&d=mm&r=g","contentUrl":"https:\/\/secure.gravatar.com\/avatar\/cb16c3c31c9d23b9b8c705964598220b3014e42ff51eb540ff23cefa3ae8c15f?s=96&d=mm&r=g","caption":"US6"},"url":"https:\/\/veritasinfo.org\/?author=7"}]}},"featured_image_urls":{"full":["https:\/\/veritasinfo.org\/wp-content\/uploads\/2025\/09\/704457-4guguFpRVV.jpg",780,500,false],"thumbnail":["https:\/\/veritasinfo.org\/wp-content\/uploads\/2025\/09\/704457-4guguFpRVV-150x150.jpg",150,150,true],"medium":["https:\/\/veritasinfo.org\/wp-content\/uploads\/2025\/09\/704457-4guguFpRVV-300x192.jpg",300,192,true],"medium_large":["https:\/\/veritasinfo.org\/wp-content\/uploads\/2025\/09\/704457-4guguFpRVV-768x492.jpg",640,410,true],"large":["https:\/\/veritasinfo.org\/wp-content\/uploads\/2025\/09\/704457-4guguFpRVV.jpg",640,410,false],"1536x1536":["https:\/\/veritasinfo.org\/wp-content\/uploads\/2025\/09\/704457-4guguFpRVV.jpg",780,500,false],"2048x2048":["https:\/\/veritasinfo.org\/wp-content\/uploads\/2025\/09\/704457-4guguFpRVV.jpg",780,500,false],"kreeti-slider-full":["https:\/\/veritasinfo.org\/wp-content\/uploads\/2025\/09\/704457-4guguFpRVV.jpg",780,500,false],"kreeti-featured":["https:\/\/veritasinfo.org\/wp-content\/uploads\/2025\/09\/704457-4guguFpRVV.jpg",780,500,false],"kreeti-medium":["https:\/\/veritasinfo.org\/wp-content\/uploads\/2025\/09\/704457-4guguFpRVV.jpg",720,462,false],"kreeti-medium-square":["https:\/\/veritasinfo.org\/wp-content\/uploads\/2025\/09\/704457-4guguFpRVV.jpg",350,224,false]},"author_info":{"info":["US6"]},"category_info":"<a href=\"https:\/\/veritasinfo.org\/?cat=34&#038;lang=sr\" rel=\"category\">Kultura<\/a>","tag_info":"Kultura","comment_count":"0","_links":{"self":[{"href":"https:\/\/veritasinfo.org\/index.php?rest_route=\/wp\/v2\/posts\/12781","targetHints":{"allow":["GET"]}}],"collection":[{"href":"https:\/\/veritasinfo.org\/index.php?rest_route=\/wp\/v2\/posts"}],"about":[{"href":"https:\/\/veritasinfo.org\/index.php?rest_route=\/wp\/v2\/types\/post"}],"author":[{"embeddable":true,"href":"https:\/\/veritasinfo.org\/index.php?rest_route=\/wp\/v2\/users\/7"}],"replies":[{"embeddable":true,"href":"https:\/\/veritasinfo.org\/index.php?rest_route=%2Fwp%2Fv2%2Fcomments&post=12781"}],"version-history":[{"count":1,"href":"https:\/\/veritasinfo.org\/index.php?rest_route=\/wp\/v2\/posts\/12781\/revisions"}],"predecessor-version":[{"id":12782,"href":"https:\/\/veritasinfo.org\/index.php?rest_route=\/wp\/v2\/posts\/12781\/revisions\/12782"}],"wp:featuredmedia":[{"embeddable":true,"href":"https:\/\/veritasinfo.org\/index.php?rest_route=\/wp\/v2\/media\/12779"}],"wp:attachment":[{"href":"https:\/\/veritasinfo.org\/index.php?rest_route=%2Fwp%2Fv2%2Fmedia&parent=12781"}],"wp:term":[{"taxonomy":"category","embeddable":true,"href":"https:\/\/veritasinfo.org\/index.php?rest_route=%2Fwp%2Fv2%2Fcategories&post=12781"},{"taxonomy":"post_tag","embeddable":true,"href":"https:\/\/veritasinfo.org\/index.php?rest_route=%2Fwp%2Fv2%2Ftags&post=12781"}],"curies":[{"name":"wp","href":"https:\/\/api.w.org\/{rel}","templated":true}]}}