{"id":12778,"date":"2025-09-20T07:15:03","date_gmt":"2025-09-20T05:15:03","guid":{"rendered":"https:\/\/veritasinfo.org\/?p=12778"},"modified":"2025-09-19T22:01:38","modified_gmt":"2025-09-19T20:01:38","slug":"fillon-rinovimi-i-shtepise-se-poetit-ymer-elshani","status":"publish","type":"post","link":"https:\/\/veritasinfo.org\/?p=12778","title":{"rendered":"Fillon rinovimi i sht\u00ebpis\u00eb s\u00eb poetit Ymer Elshani"},"content":{"rendered":"<p>Prishtin\u00eb, 20 shtator 2025<\/p>\n<p>Ka filluar implementimi i projektit p\u00ebr rinovimin e sht\u00ebpis\u00eb s\u00eb poetit Ymer Elshani. Ky projekt n\u00ebn drejtim t\u00eb Ministris\u00eb s\u00eb Kultur\u00ebs, \u00ebsht\u00eb parapar\u00eb t\u00eb zgjas\u00eb nj\u00eb vit, duke synuar ta shnd\u00ebrroj\u00eb sht\u00ebpin\u00eb e shkrimtarit Elshani, n\u00eb nj\u00eb hap\u00ebsir\u00eb t\u00eb hapur p\u00ebr vizitor\u00eb, duke ruajtur k\u00ebshtu trash\u00ebgimin\u00eb kulturore dhe kujtes\u00ebn e tij letrare.<\/p>\n<p>Shkrimtari i veprave t\u00eb njohura p\u00ebr f\u00ebmij\u00eb ishte masakruar nga forcat serbe n\u00eb masakr\u00ebn e Polkekut gjat\u00eb luft\u00ebs n\u00eb Kosov\u00eb, por krijimtaria e tij mbetet e p\u00ebrjetshme.<\/p>\n<p>Sht\u00ebpia e tij do t\u00eb shnd\u00ebrrohet n\u00eb muze, ku gjeneratat e ardhshme do t\u00eb njihen me veprimtarin\u00eb e tij artistike.<\/p>\n<p>Fillimisht Ministria e Kultur\u00ebs e ka realizuar inventarizimin e t\u00ebr\u00ebsish\u00ebmt\u00eb sht\u00ebpis\u00eb, nd\u00ebrsa para disa dit\u00ebsh ka filluar renovimin e t\u00ebr\u00ebsish\u00ebm n\u00eb vler\u00eb prej 209,089.30 euro.<\/p>\n<p>&#8220;Sht\u00ebpia e Ymer Elshanit n\u00eb Korrotic\u00eb t\u00eb Ul\u00ebt si dhe Veprimtaria e Ymer Elshanit &#8211; koleksioni i librave, jan\u00eb asete t\u00eb Trash\u00ebgimis\u00eb Kulturore n\u00eb Mbrojtje t\u00eb P\u00ebrkohshme q\u00eb nga viti 2023. Projekti i konservimit\/restaurimit \u00ebsht\u00eb hartuar nga Qendra Rajonale p\u00ebr Trash\u00ebgimi Kulturore e Prishtin\u00ebs s\u00eb bashku me bashk\u00ebpun\u00ebtor\u00eb t\u00eb jasht\u00ebm dhe parasheh restaurimin e t\u00ebr\u00ebsish\u00ebm t\u00eb nd\u00ebrtes\u00ebs, nd\u00ebrsa koh\u00eb m\u00eb par\u00eb \u00ebsht\u00eb b\u00ebr\u00eb edhe inventarizimi i t\u00ebr\u00eb materialit q\u00eb ndodhej mbrenda sht\u00ebpis\u00eb s\u00eb poetit&#8221;, deklaruan nga\u00a0Ministria e Kultur\u00ebs.<\/p>\n<p>E vetmja e mbijetuar e familjes s\u00eb shkrimtarit, vajza e tij Teuta Elshani, shpjegon rrug\u00ebtimin n\u00eb ruajtjen e krijimtaris\u00eb s\u00eb babait teksa tha se e ka ruajtur sht\u00ebpin\u00eb n\u00eb m\u00ebnyr\u00eb q\u00eb t\u00eb jet\u00eb n\u00eb mbrojtje si monument historik e shpirt\u00ebror, por shpjegoi se dor\u00ebshkrimet e babait i ka botuar n\u00eb libra.<\/p>\n<p>&#8220;P\u00ebr fatin tragjik jo vet\u00ebm t\u00eb familjes sime por p\u00ebr fatin tragjik edhe t\u00eb popullit ton\u00eb dhe n\u00eb nj\u00ebfar\u00eb m\u00ebnyre ky Muze q\u00eb \u00ebsht\u00eb i karakterizuar edhe si Muze shpirt\u00ebror do ta reflektoj krijimtarin\u00eb e shkrimtarit, veprimtarin\u00eb e tij, fatin e familjes, sakrific\u00ebn p\u00ebr liri dhe t\u00eb gjitha k\u00ebto besoj se do t\u00eb jen\u00eb nj\u00eb pik\u00eb simbolike p\u00ebr vizitor\u00ebt, sidomos p\u00ebr gjeneratat e reja q\u00eb t\u00eb m\u00ebsojm\u00eb m\u00eb shum\u00eb dhe t\u00eb mos harrojm\u00eb historin\u00eb e vendit ton\u00eb&#8221;, tha\u00a0Teuta Elshani, e bija.<\/p>\n<p>Teuta rr\u00ebfen se \u00e7far\u00eb ka mbijetuar nga krijimtaria e shkrimtarit Elshani q\u00eb do t\u00eb ekspozohet n\u00eb k\u00ebt\u00eb sht\u00ebpi muze.<\/p>\n<p>&#8220;Ka nj\u00eb mori librash nga autor\u00eb t\u00eb ndrysh\u00ebm dhe besoj se shuma \u00ebsht\u00eb diku 2000 deri 3000 libra t\u00eb cilat do t\u00eb ruhen n\u00eb at\u00eb bibliotek\u00eb n\u00eb nj\u00ebr\u00ebn nga dhomat e sht\u00ebpis\u00eb dhe poashtu vizitor\u00ebt do t\u00eb ken\u00eb qasje q\u00eb edhe t\u00eb k\u00ebrkojn\u00eb libra q\u00eb ndoshta nuk gjenden diku tjet\u00ebr e q\u00eb jan\u00eb libra shum\u00eb t\u00eb vjet\u00ebr dhe n\u00eb kuad\u00ebr t\u00eb k\u00ebsaj poashtu edhe krijimtaria \u00eb Ymer Elshanit&#8221;, shtoi ajo.<\/p>\n<p>Sipas Ministris\u00eb s\u00eb Kultur\u00ebs punimet do t\u00eb fillojn\u00eb k\u00ebt\u00eb muaj, nd\u00ebrsa parashihet t\u00eb p\u00ebrfundojn\u00eb diku n\u00eb shtator t\u00eb vitit 2026.<\/p>\n<p>&nbsp;<\/p>\n","protected":false},"excerpt":{"rendered":"<p>Prishtin\u00eb, 20 shtator 2025 Ka filluar implementimi i projektit p\u00ebr rinovimin e sht\u00ebpis\u00eb s\u00eb poetit Ymer Elshani. Ky projekt n\u00ebn drejtim t\u00eb Ministris\u00eb s\u00eb Kultur\u00ebs,<\/p>\n","protected":false},"author":7,"featured_media":12779,"comment_status":"open","ping_status":"open","sticky":false,"template":"","format":"standard","meta":{"footnotes":""},"categories":[54],"tags":[],"class_list":["post-12778","post","type-post","status-publish","format-standard","has-post-thumbnail","hentry","category-kulture-sq"],"yoast_head":"<!-- This site is optimized with the Yoast SEO plugin v25.3.1 - https:\/\/yoast.com\/wordpress\/plugins\/seo\/ -->\n<title>Fillon rinovimi i sht\u00ebpis\u00eb s\u00eb poetit Ymer Elshani -<\/title>\n<meta name=\"robots\" content=\"index, follow, max-snippet:-1, max-image-preview:large, max-video-preview:-1\" \/>\n<link rel=\"canonical\" href=\"https:\/\/veritasinfo.org\/?p=12778\" \/>\n<meta property=\"og:locale\" content=\"en_US\" \/>\n<meta property=\"og:type\" content=\"article\" \/>\n<meta property=\"og:title\" content=\"Fillon rinovimi i sht\u00ebpis\u00eb s\u00eb poetit Ymer Elshani -\" \/>\n<meta property=\"og:description\" content=\"Prishtin\u00eb, 20 shtator 2025 Ka filluar implementimi i projektit p\u00ebr rinovimin e sht\u00ebpis\u00eb s\u00eb poetit Ymer Elshani. Ky projekt n\u00ebn drejtim t\u00eb Ministris\u00eb s\u00eb Kultur\u00ebs,\" \/>\n<meta property=\"og:url\" content=\"https:\/\/veritasinfo.org\/?p=12778\" \/>\n<meta property=\"article:published_time\" content=\"2025-09-20T05:15:03+00:00\" \/>\n<meta property=\"og:image\" content=\"https:\/\/veritasinfo.org\/wp-content\/uploads\/2025\/09\/704457-4guguFpRVV.jpg\" \/>\n\t<meta property=\"og:image:width\" content=\"780\" \/>\n\t<meta property=\"og:image:height\" content=\"500\" \/>\n\t<meta property=\"og:image:type\" content=\"image\/jpeg\" \/>\n<meta name=\"author\" content=\"US6\" \/>\n<meta name=\"twitter:card\" content=\"summary_large_image\" \/>\n<meta name=\"twitter:label1\" content=\"Written by\" \/>\n\t<meta name=\"twitter:data1\" content=\"US6\" \/>\n\t<meta name=\"twitter:label2\" content=\"Est. reading time\" \/>\n\t<meta name=\"twitter:data2\" content=\"3 minutes\" \/>\n<script type=\"application\/ld+json\" class=\"yoast-schema-graph\">{\"@context\":\"https:\/\/schema.org\",\"@graph\":[{\"@type\":\"WebPage\",\"@id\":\"https:\/\/veritasinfo.org\/?p=12778\",\"url\":\"https:\/\/veritasinfo.org\/?p=12778\",\"name\":\"Fillon rinovimi i sht\u00ebpis\u00eb s\u00eb poetit Ymer Elshani -\",\"isPartOf\":{\"@id\":\"https:\/\/veritasinfo.org\/#website\"},\"primaryImageOfPage\":{\"@id\":\"https:\/\/veritasinfo.org\/?p=12778#primaryimage\"},\"image\":{\"@id\":\"https:\/\/veritasinfo.org\/?p=12778#primaryimage\"},\"thumbnailUrl\":\"https:\/\/veritasinfo.org\/wp-content\/uploads\/2025\/09\/704457-4guguFpRVV.jpg\",\"datePublished\":\"2025-09-20T05:15:03+00:00\",\"author\":{\"@id\":\"https:\/\/veritasinfo.org\/#\/schema\/person\/fe199eede04c3937362892b7444747cc\"},\"breadcrumb\":{\"@id\":\"https:\/\/veritasinfo.org\/?p=12778#breadcrumb\"},\"inLanguage\":\"en-US\",\"potentialAction\":[{\"@type\":\"ReadAction\",\"target\":[\"https:\/\/veritasinfo.org\/?p=12778\"]}]},{\"@type\":\"ImageObject\",\"inLanguage\":\"en-US\",\"@id\":\"https:\/\/veritasinfo.org\/?p=12778#primaryimage\",\"url\":\"https:\/\/veritasinfo.org\/wp-content\/uploads\/2025\/09\/704457-4guguFpRVV.jpg\",\"contentUrl\":\"https:\/\/veritasinfo.org\/wp-content\/uploads\/2025\/09\/704457-4guguFpRVV.jpg\",\"width\":780,\"height\":500},{\"@type\":\"BreadcrumbList\",\"@id\":\"https:\/\/veritasinfo.org\/?p=12778#breadcrumb\",\"itemListElement\":[{\"@type\":\"ListItem\",\"position\":1,\"name\":\"Home\",\"item\":\"https:\/\/veritasinfo.org\/\"},{\"@type\":\"ListItem\",\"position\":2,\"name\":\"Fillon rinovimi i sht\u00ebpis\u00eb s\u00eb poetit Ymer Elshani\"}]},{\"@type\":\"WebSite\",\"@id\":\"https:\/\/veritasinfo.org\/#website\",\"url\":\"https:\/\/veritasinfo.org\/\",\"name\":\"\",\"description\":\"\",\"potentialAction\":[{\"@type\":\"SearchAction\",\"target\":{\"@type\":\"EntryPoint\",\"urlTemplate\":\"https:\/\/veritasinfo.org\/?s={search_term_string}\"},\"query-input\":{\"@type\":\"PropertyValueSpecification\",\"valueRequired\":true,\"valueName\":\"search_term_string\"}}],\"inLanguage\":\"en-US\"},{\"@type\":\"Person\",\"@id\":\"https:\/\/veritasinfo.org\/#\/schema\/person\/fe199eede04c3937362892b7444747cc\",\"name\":\"US6\",\"image\":{\"@type\":\"ImageObject\",\"inLanguage\":\"en-US\",\"@id\":\"https:\/\/veritasinfo.org\/#\/schema\/person\/image\/\",\"url\":\"https:\/\/secure.gravatar.com\/avatar\/cb16c3c31c9d23b9b8c705964598220b3014e42ff51eb540ff23cefa3ae8c15f?s=96&d=mm&r=g\",\"contentUrl\":\"https:\/\/secure.gravatar.com\/avatar\/cb16c3c31c9d23b9b8c705964598220b3014e42ff51eb540ff23cefa3ae8c15f?s=96&d=mm&r=g\",\"caption\":\"US6\"},\"url\":\"https:\/\/veritasinfo.org\/?author=7\"}]}<\/script>\n<!-- \/ Yoast SEO plugin. -->","yoast_head_json":{"title":"Fillon rinovimi i sht\u00ebpis\u00eb s\u00eb poetit Ymer Elshani -","robots":{"index":"index","follow":"follow","max-snippet":"max-snippet:-1","max-image-preview":"max-image-preview:large","max-video-preview":"max-video-preview:-1"},"canonical":"https:\/\/veritasinfo.org\/?p=12778","og_locale":"en_US","og_type":"article","og_title":"Fillon rinovimi i sht\u00ebpis\u00eb s\u00eb poetit Ymer Elshani -","og_description":"Prishtin\u00eb, 20 shtator 2025 Ka filluar implementimi i projektit p\u00ebr rinovimin e sht\u00ebpis\u00eb s\u00eb poetit Ymer Elshani. Ky projekt n\u00ebn drejtim t\u00eb Ministris\u00eb s\u00eb Kultur\u00ebs,","og_url":"https:\/\/veritasinfo.org\/?p=12778","article_published_time":"2025-09-20T05:15:03+00:00","og_image":[{"width":780,"height":500,"url":"https:\/\/veritasinfo.org\/wp-content\/uploads\/2025\/09\/704457-4guguFpRVV.jpg","type":"image\/jpeg"}],"author":"US6","twitter_card":"summary_large_image","twitter_misc":{"Written by":"US6","Est. reading time":"3 minutes"},"schema":{"@context":"https:\/\/schema.org","@graph":[{"@type":"WebPage","@id":"https:\/\/veritasinfo.org\/?p=12778","url":"https:\/\/veritasinfo.org\/?p=12778","name":"Fillon rinovimi i sht\u00ebpis\u00eb s\u00eb poetit Ymer Elshani -","isPartOf":{"@id":"https:\/\/veritasinfo.org\/#website"},"primaryImageOfPage":{"@id":"https:\/\/veritasinfo.org\/?p=12778#primaryimage"},"image":{"@id":"https:\/\/veritasinfo.org\/?p=12778#primaryimage"},"thumbnailUrl":"https:\/\/veritasinfo.org\/wp-content\/uploads\/2025\/09\/704457-4guguFpRVV.jpg","datePublished":"2025-09-20T05:15:03+00:00","author":{"@id":"https:\/\/veritasinfo.org\/#\/schema\/person\/fe199eede04c3937362892b7444747cc"},"breadcrumb":{"@id":"https:\/\/veritasinfo.org\/?p=12778#breadcrumb"},"inLanguage":"en-US","potentialAction":[{"@type":"ReadAction","target":["https:\/\/veritasinfo.org\/?p=12778"]}]},{"@type":"ImageObject","inLanguage":"en-US","@id":"https:\/\/veritasinfo.org\/?p=12778#primaryimage","url":"https:\/\/veritasinfo.org\/wp-content\/uploads\/2025\/09\/704457-4guguFpRVV.jpg","contentUrl":"https:\/\/veritasinfo.org\/wp-content\/uploads\/2025\/09\/704457-4guguFpRVV.jpg","width":780,"height":500},{"@type":"BreadcrumbList","@id":"https:\/\/veritasinfo.org\/?p=12778#breadcrumb","itemListElement":[{"@type":"ListItem","position":1,"name":"Home","item":"https:\/\/veritasinfo.org\/"},{"@type":"ListItem","position":2,"name":"Fillon rinovimi i sht\u00ebpis\u00eb s\u00eb poetit Ymer Elshani"}]},{"@type":"WebSite","@id":"https:\/\/veritasinfo.org\/#website","url":"https:\/\/veritasinfo.org\/","name":"","description":"","potentialAction":[{"@type":"SearchAction","target":{"@type":"EntryPoint","urlTemplate":"https:\/\/veritasinfo.org\/?s={search_term_string}"},"query-input":{"@type":"PropertyValueSpecification","valueRequired":true,"valueName":"search_term_string"}}],"inLanguage":"en-US"},{"@type":"Person","@id":"https:\/\/veritasinfo.org\/#\/schema\/person\/fe199eede04c3937362892b7444747cc","name":"US6","image":{"@type":"ImageObject","inLanguage":"en-US","@id":"https:\/\/veritasinfo.org\/#\/schema\/person\/image\/","url":"https:\/\/secure.gravatar.com\/avatar\/cb16c3c31c9d23b9b8c705964598220b3014e42ff51eb540ff23cefa3ae8c15f?s=96&d=mm&r=g","contentUrl":"https:\/\/secure.gravatar.com\/avatar\/cb16c3c31c9d23b9b8c705964598220b3014e42ff51eb540ff23cefa3ae8c15f?s=96&d=mm&r=g","caption":"US6"},"url":"https:\/\/veritasinfo.org\/?author=7"}]}},"featured_image_urls":{"full":["https:\/\/veritasinfo.org\/wp-content\/uploads\/2025\/09\/704457-4guguFpRVV.jpg",780,500,false],"thumbnail":["https:\/\/veritasinfo.org\/wp-content\/uploads\/2025\/09\/704457-4guguFpRVV-150x150.jpg",150,150,true],"medium":["https:\/\/veritasinfo.org\/wp-content\/uploads\/2025\/09\/704457-4guguFpRVV-300x192.jpg",300,192,true],"medium_large":["https:\/\/veritasinfo.org\/wp-content\/uploads\/2025\/09\/704457-4guguFpRVV-768x492.jpg",640,410,true],"large":["https:\/\/veritasinfo.org\/wp-content\/uploads\/2025\/09\/704457-4guguFpRVV.jpg",640,410,false],"1536x1536":["https:\/\/veritasinfo.org\/wp-content\/uploads\/2025\/09\/704457-4guguFpRVV.jpg",780,500,false],"2048x2048":["https:\/\/veritasinfo.org\/wp-content\/uploads\/2025\/09\/704457-4guguFpRVV.jpg",780,500,false],"kreeti-slider-full":["https:\/\/veritasinfo.org\/wp-content\/uploads\/2025\/09\/704457-4guguFpRVV.jpg",780,500,false],"kreeti-featured":["https:\/\/veritasinfo.org\/wp-content\/uploads\/2025\/09\/704457-4guguFpRVV.jpg",780,500,false],"kreeti-medium":["https:\/\/veritasinfo.org\/wp-content\/uploads\/2025\/09\/704457-4guguFpRVV.jpg",720,462,false],"kreeti-medium-square":["https:\/\/veritasinfo.org\/wp-content\/uploads\/2025\/09\/704457-4guguFpRVV.jpg",350,224,false]},"author_info":{"info":["US6"]},"category_info":"<a href=\"https:\/\/veritasinfo.org\/?cat=54\" rel=\"category\">Kultur\u00eb<\/a>","tag_info":"Kultur\u00eb","comment_count":"0","_links":{"self":[{"href":"https:\/\/veritasinfo.org\/index.php?rest_route=\/wp\/v2\/posts\/12778","targetHints":{"allow":["GET"]}}],"collection":[{"href":"https:\/\/veritasinfo.org\/index.php?rest_route=\/wp\/v2\/posts"}],"about":[{"href":"https:\/\/veritasinfo.org\/index.php?rest_route=\/wp\/v2\/types\/post"}],"author":[{"embeddable":true,"href":"https:\/\/veritasinfo.org\/index.php?rest_route=\/wp\/v2\/users\/7"}],"replies":[{"embeddable":true,"href":"https:\/\/veritasinfo.org\/index.php?rest_route=%2Fwp%2Fv2%2Fcomments&post=12778"}],"version-history":[{"count":1,"href":"https:\/\/veritasinfo.org\/index.php?rest_route=\/wp\/v2\/posts\/12778\/revisions"}],"predecessor-version":[{"id":12780,"href":"https:\/\/veritasinfo.org\/index.php?rest_route=\/wp\/v2\/posts\/12778\/revisions\/12780"}],"wp:featuredmedia":[{"embeddable":true,"href":"https:\/\/veritasinfo.org\/index.php?rest_route=\/wp\/v2\/media\/12779"}],"wp:attachment":[{"href":"https:\/\/veritasinfo.org\/index.php?rest_route=%2Fwp%2Fv2%2Fmedia&parent=12778"}],"wp:term":[{"taxonomy":"category","embeddable":true,"href":"https:\/\/veritasinfo.org\/index.php?rest_route=%2Fwp%2Fv2%2Fcategories&post=12778"},{"taxonomy":"post_tag","embeddable":true,"href":"https:\/\/veritasinfo.org\/index.php?rest_route=%2Fwp%2Fv2%2Ftags&post=12778"}],"curies":[{"name":"wp","href":"https:\/\/api.w.org\/{rel}","templated":true}]}}