{"id":12755,"date":"2025-09-19T21:02:11","date_gmt":"2025-09-19T19:02:11","guid":{"rendered":"https:\/\/veritasinfo.org\/?p=12755"},"modified":"2025-09-19T21:02:11","modified_gmt":"2025-09-19T19:02:11","slug":"kurti-dallimet-me-shba-ne-lidhen-me-raportin-me-serbine-dhe-veprimet-ndaj-strukturave-ilegale-te-saj","status":"publish","type":"post","link":"https:\/\/veritasinfo.org\/?p=12755","title":{"rendered":"Kurti: Dallimet me SHBA-n\u00eb lidhen me raportin me Serbin\u00eb dhe veprimet ndaj strukturave ilegale t\u00eb saj"},"content":{"rendered":"<p>Prishtin\u00eb, 19 shtator 2025<\/p>\n<p>Nj\u00eb jav\u00eb pas pezullimit t\u00eb dialogut t\u00eb planifikuar strategjik nga SHBA-ja, kryeministri n\u00eb detyr\u00eb, Albin Kurti, deklaroi ka disa dallime me Uashingtonin. Ai tha se dallimet kufizohen vet\u00ebm te raportet me Serbin\u00eb dhe veprimet ndaj strukturave ilegale. Kurti insistoi se bashk\u00ebpunimi n\u00eb fush\u00ebn ushtarake dhe at\u00eb t\u00eb zhvillimit \u00ebsht\u00eb duke ecur mir\u00eb.<\/p>\n<p>Q\u00ebndrimet n\u00eb raportet me Serbin\u00eb dhe veprimet ndaj strukturave ilegale t\u00eb saj, jan\u00eb dy fushat n\u00eb t\u00eb cilat Kosova ka dallime me Shtetet e Bashkuara t\u00eb Amerik\u00ebs, ka th\u00ebn\u00eb t\u00eb premten kryeministri n\u00eb detyr\u00eb, Albin Kurti.<\/p>\n<p>Nj\u00eb jav\u00eb m\u00eb par\u00eb, Ambasada Amerikane ka njoftuar p\u00ebr pezullim t\u00eb dialogut t\u00eb planifikuar strategjik.<\/p>\n<p>E, n\u00eb adresimin para fillimit t\u00eb mbledhjes s\u00eb Qeveris\u00eb, Kurti ka th\u00ebn\u00eb se ky zhvillim nuk n\u00ebnkupton prishjen e raporteve.<\/p>\n<p>\u201cN\u00eb shtyll\u00ebn e diplomacis\u00eb kemi disa dallime dhe ato shum\u00eb shpesh kan\u00eb t\u00eb b\u00ebjn\u00eb me q\u00ebndrimet tona n\u00eb raport me Serbin\u00eb dhe veprimet ndaj strukturave ilegale t\u00eb saj n\u00eb Kosov\u00eb. P\u00ebrderisa pajtohemi p\u00ebr vlera, interesa dhe q\u00ebllime, nganj\u00ebher\u00eb jo edhe p\u00ebr \u00e7\u00ebshtje operacionale e taktike. Me gjith\u00eb k\u00ebto v\u00ebshtir\u00ebsi n\u00eb k\u00ebt\u00eb shtyll\u00eb, padyshim q\u00eb ka ecje substanciale n\u00eb dy shtyllat tjera, at\u00eb t\u00eb mbrojtjes dhe t\u00eb zhvillimit\u201d, ka th\u00ebn\u00eb Kurti.<\/p>\n<p>Tek foli p\u00ebr bashk\u00ebpunimin ushtarak, Kurti ka th\u00ebn\u00eb se me administrat\u00ebn aktuale amerikane \u00ebsht\u00eb duke ecur mir\u00eb procesi i blerjes s\u00eb pajisjeve dhe municioneve.<\/p>\n<p>E kur iu referua fush\u00ebs s\u00eb zhvillimit, kryeministri n\u00eb detyr\u00eb ka p\u00ebrmendur heqjen e tarif\u00ebs ndaj produkteve amerikane, si dhe vazhdimin nga administrata Trump, t\u00eb programit Kompakt t\u00eb Korporat\u00ebs s\u00eb Sfidave t\u00eb Mij\u00ebvje\u00e7arit (MCC) p\u00ebr Kosov\u00ebn.<\/p>\n<p>\u201cNdon\u00ebse opozitar\u00ebt po e st\u00ebrmadhojn\u00eb n\u00eb drit\u00eb negative \u00e7do ndodhi p\u00ebr raportet e qeveris\u00eb son\u00eb me qeverin\u00eb amerikane, un\u00eb nuk dua t\u2019i minimizoj zhvillimet e fundit. I siguroj qytetar\u00ebt tan\u00eb se qeveria jon\u00eb i trajton seriozisht deklaratat dhe q\u00ebndrimet e Ambasad\u00ebs amerikane\u201d, ka deklaruar kryeministri n\u00eb detyr\u00eb.<\/p>\n<p>&nbsp;<\/p>\n","protected":false},"excerpt":{"rendered":"<p>Prishtin\u00eb, 19 shtator 2025 Nj\u00eb jav\u00eb pas pezullimit t\u00eb dialogut t\u00eb planifikuar strategjik nga SHBA-ja, kryeministri n\u00eb detyr\u00eb, Albin Kurti, deklaroi ka disa dallime me<\/p>\n","protected":false},"author":7,"featured_media":12330,"comment_status":"open","ping_status":"open","sticky":false,"template":"","format":"standard","meta":{"footnotes":""},"categories":[58],"tags":[],"class_list":["post-12755","post","type-post","status-publish","format-standard","has-post-thumbnail","hentry","category-politike-sq"],"yoast_head":"<!-- This site is optimized with the Yoast SEO plugin v25.3.1 - https:\/\/yoast.com\/wordpress\/plugins\/seo\/ -->\n<title>Kurti: Dallimet me SHBA-n\u00eb lidhen me raportin me Serbin\u00eb dhe veprimet ndaj strukturave ilegale t\u00eb saj -<\/title>\n<meta name=\"robots\" content=\"index, follow, max-snippet:-1, max-image-preview:large, max-video-preview:-1\" \/>\n<link rel=\"canonical\" href=\"https:\/\/veritasinfo.org\/?p=12755\" \/>\n<meta property=\"og:locale\" content=\"en_US\" \/>\n<meta property=\"og:type\" content=\"article\" \/>\n<meta property=\"og:title\" content=\"Kurti: Dallimet me SHBA-n\u00eb lidhen me raportin me Serbin\u00eb dhe veprimet ndaj strukturave ilegale t\u00eb saj -\" \/>\n<meta property=\"og:description\" content=\"Prishtin\u00eb, 19 shtator 2025 Nj\u00eb jav\u00eb pas pezullimit t\u00eb dialogut t\u00eb planifikuar strategjik nga SHBA-ja, kryeministri n\u00eb detyr\u00eb, Albin Kurti, deklaroi ka disa dallime me\" \/>\n<meta property=\"og:url\" content=\"https:\/\/veritasinfo.org\/?p=12755\" \/>\n<meta property=\"article:published_time\" content=\"2025-09-19T19:02:11+00:00\" \/>\n<meta property=\"og:image\" content=\"https:\/\/veritasinfo.org\/wp-content\/uploads\/2025\/09\/dddty.jpg\" \/>\n\t<meta property=\"og:image:width\" content=\"2048\" \/>\n\t<meta property=\"og:image:height\" content=\"1365\" \/>\n\t<meta property=\"og:image:type\" content=\"image\/jpeg\" \/>\n<meta name=\"author\" content=\"US6\" \/>\n<meta name=\"twitter:card\" content=\"summary_large_image\" \/>\n<meta name=\"twitter:label1\" content=\"Written by\" \/>\n\t<meta name=\"twitter:data1\" content=\"US6\" \/>\n\t<meta name=\"twitter:label2\" content=\"Est. reading time\" \/>\n\t<meta name=\"twitter:data2\" content=\"2 minutes\" \/>\n<script type=\"application\/ld+json\" class=\"yoast-schema-graph\">{\"@context\":\"https:\/\/schema.org\",\"@graph\":[{\"@type\":\"WebPage\",\"@id\":\"https:\/\/veritasinfo.org\/?p=12755\",\"url\":\"https:\/\/veritasinfo.org\/?p=12755\",\"name\":\"Kurti: Dallimet me SHBA-n\u00eb lidhen me raportin me Serbin\u00eb dhe veprimet ndaj strukturave ilegale t\u00eb saj -\",\"isPartOf\":{\"@id\":\"https:\/\/veritasinfo.org\/#website\"},\"primaryImageOfPage\":{\"@id\":\"https:\/\/veritasinfo.org\/?p=12755#primaryimage\"},\"image\":{\"@id\":\"https:\/\/veritasinfo.org\/?p=12755#primaryimage\"},\"thumbnailUrl\":\"https:\/\/veritasinfo.org\/wp-content\/uploads\/2025\/09\/dddty.jpg\",\"datePublished\":\"2025-09-19T19:02:11+00:00\",\"author\":{\"@id\":\"https:\/\/veritasinfo.org\/#\/schema\/person\/fe199eede04c3937362892b7444747cc\"},\"breadcrumb\":{\"@id\":\"https:\/\/veritasinfo.org\/?p=12755#breadcrumb\"},\"inLanguage\":\"en-US\",\"potentialAction\":[{\"@type\":\"ReadAction\",\"target\":[\"https:\/\/veritasinfo.org\/?p=12755\"]}]},{\"@type\":\"ImageObject\",\"inLanguage\":\"en-US\",\"@id\":\"https:\/\/veritasinfo.org\/?p=12755#primaryimage\",\"url\":\"https:\/\/veritasinfo.org\/wp-content\/uploads\/2025\/09\/dddty.jpg\",\"contentUrl\":\"https:\/\/veritasinfo.org\/wp-content\/uploads\/2025\/09\/dddty.jpg\",\"width\":2048,\"height\":1365},{\"@type\":\"BreadcrumbList\",\"@id\":\"https:\/\/veritasinfo.org\/?p=12755#breadcrumb\",\"itemListElement\":[{\"@type\":\"ListItem\",\"position\":1,\"name\":\"Home\",\"item\":\"https:\/\/veritasinfo.org\/\"},{\"@type\":\"ListItem\",\"position\":2,\"name\":\"Kurti: Dallimet me SHBA-n\u00eb lidhen me raportin me Serbin\u00eb dhe veprimet ndaj strukturave ilegale t\u00eb saj\"}]},{\"@type\":\"WebSite\",\"@id\":\"https:\/\/veritasinfo.org\/#website\",\"url\":\"https:\/\/veritasinfo.org\/\",\"name\":\"\",\"description\":\"\",\"potentialAction\":[{\"@type\":\"SearchAction\",\"target\":{\"@type\":\"EntryPoint\",\"urlTemplate\":\"https:\/\/veritasinfo.org\/?s={search_term_string}\"},\"query-input\":{\"@type\":\"PropertyValueSpecification\",\"valueRequired\":true,\"valueName\":\"search_term_string\"}}],\"inLanguage\":\"en-US\"},{\"@type\":\"Person\",\"@id\":\"https:\/\/veritasinfo.org\/#\/schema\/person\/fe199eede04c3937362892b7444747cc\",\"name\":\"US6\",\"image\":{\"@type\":\"ImageObject\",\"inLanguage\":\"en-US\",\"@id\":\"https:\/\/veritasinfo.org\/#\/schema\/person\/image\/\",\"url\":\"https:\/\/secure.gravatar.com\/avatar\/cb16c3c31c9d23b9b8c705964598220b3014e42ff51eb540ff23cefa3ae8c15f?s=96&d=mm&r=g\",\"contentUrl\":\"https:\/\/secure.gravatar.com\/avatar\/cb16c3c31c9d23b9b8c705964598220b3014e42ff51eb540ff23cefa3ae8c15f?s=96&d=mm&r=g\",\"caption\":\"US6\"},\"url\":\"https:\/\/veritasinfo.org\/?author=7\"}]}<\/script>\n<!-- \/ Yoast SEO plugin. -->","yoast_head_json":{"title":"Kurti: Dallimet me SHBA-n\u00eb lidhen me raportin me Serbin\u00eb dhe veprimet ndaj strukturave ilegale t\u00eb saj -","robots":{"index":"index","follow":"follow","max-snippet":"max-snippet:-1","max-image-preview":"max-image-preview:large","max-video-preview":"max-video-preview:-1"},"canonical":"https:\/\/veritasinfo.org\/?p=12755","og_locale":"en_US","og_type":"article","og_title":"Kurti: Dallimet me SHBA-n\u00eb lidhen me raportin me Serbin\u00eb dhe veprimet ndaj strukturave ilegale t\u00eb saj -","og_description":"Prishtin\u00eb, 19 shtator 2025 Nj\u00eb jav\u00eb pas pezullimit t\u00eb dialogut t\u00eb planifikuar strategjik nga SHBA-ja, kryeministri n\u00eb detyr\u00eb, Albin Kurti, deklaroi ka disa dallime me","og_url":"https:\/\/veritasinfo.org\/?p=12755","article_published_time":"2025-09-19T19:02:11+00:00","og_image":[{"width":2048,"height":1365,"url":"https:\/\/veritasinfo.org\/wp-content\/uploads\/2025\/09\/dddty.jpg","type":"image\/jpeg"}],"author":"US6","twitter_card":"summary_large_image","twitter_misc":{"Written by":"US6","Est. reading time":"2 minutes"},"schema":{"@context":"https:\/\/schema.org","@graph":[{"@type":"WebPage","@id":"https:\/\/veritasinfo.org\/?p=12755","url":"https:\/\/veritasinfo.org\/?p=12755","name":"Kurti: Dallimet me SHBA-n\u00eb lidhen me raportin me Serbin\u00eb dhe veprimet ndaj strukturave ilegale t\u00eb saj -","isPartOf":{"@id":"https:\/\/veritasinfo.org\/#website"},"primaryImageOfPage":{"@id":"https:\/\/veritasinfo.org\/?p=12755#primaryimage"},"image":{"@id":"https:\/\/veritasinfo.org\/?p=12755#primaryimage"},"thumbnailUrl":"https:\/\/veritasinfo.org\/wp-content\/uploads\/2025\/09\/dddty.jpg","datePublished":"2025-09-19T19:02:11+00:00","author":{"@id":"https:\/\/veritasinfo.org\/#\/schema\/person\/fe199eede04c3937362892b7444747cc"},"breadcrumb":{"@id":"https:\/\/veritasinfo.org\/?p=12755#breadcrumb"},"inLanguage":"en-US","potentialAction":[{"@type":"ReadAction","target":["https:\/\/veritasinfo.org\/?p=12755"]}]},{"@type":"ImageObject","inLanguage":"en-US","@id":"https:\/\/veritasinfo.org\/?p=12755#primaryimage","url":"https:\/\/veritasinfo.org\/wp-content\/uploads\/2025\/09\/dddty.jpg","contentUrl":"https:\/\/veritasinfo.org\/wp-content\/uploads\/2025\/09\/dddty.jpg","width":2048,"height":1365},{"@type":"BreadcrumbList","@id":"https:\/\/veritasinfo.org\/?p=12755#breadcrumb","itemListElement":[{"@type":"ListItem","position":1,"name":"Home","item":"https:\/\/veritasinfo.org\/"},{"@type":"ListItem","position":2,"name":"Kurti: Dallimet me SHBA-n\u00eb lidhen me raportin me Serbin\u00eb dhe veprimet ndaj strukturave ilegale t\u00eb saj"}]},{"@type":"WebSite","@id":"https:\/\/veritasinfo.org\/#website","url":"https:\/\/veritasinfo.org\/","name":"","description":"","potentialAction":[{"@type":"SearchAction","target":{"@type":"EntryPoint","urlTemplate":"https:\/\/veritasinfo.org\/?s={search_term_string}"},"query-input":{"@type":"PropertyValueSpecification","valueRequired":true,"valueName":"search_term_string"}}],"inLanguage":"en-US"},{"@type":"Person","@id":"https:\/\/veritasinfo.org\/#\/schema\/person\/fe199eede04c3937362892b7444747cc","name":"US6","image":{"@type":"ImageObject","inLanguage":"en-US","@id":"https:\/\/veritasinfo.org\/#\/schema\/person\/image\/","url":"https:\/\/secure.gravatar.com\/avatar\/cb16c3c31c9d23b9b8c705964598220b3014e42ff51eb540ff23cefa3ae8c15f?s=96&d=mm&r=g","contentUrl":"https:\/\/secure.gravatar.com\/avatar\/cb16c3c31c9d23b9b8c705964598220b3014e42ff51eb540ff23cefa3ae8c15f?s=96&d=mm&r=g","caption":"US6"},"url":"https:\/\/veritasinfo.org\/?author=7"}]}},"featured_image_urls":{"full":["https:\/\/veritasinfo.org\/wp-content\/uploads\/2025\/09\/dddty.jpg",2048,1365,false],"thumbnail":["https:\/\/veritasinfo.org\/wp-content\/uploads\/2025\/09\/dddty-150x150.jpg",150,150,true],"medium":["https:\/\/veritasinfo.org\/wp-content\/uploads\/2025\/09\/dddty-300x200.jpg",300,200,true],"medium_large":["https:\/\/veritasinfo.org\/wp-content\/uploads\/2025\/09\/dddty-768x512.jpg",640,427,true],"large":["https:\/\/veritasinfo.org\/wp-content\/uploads\/2025\/09\/dddty-1024x683.jpg",640,427,true],"1536x1536":["https:\/\/veritasinfo.org\/wp-content\/uploads\/2025\/09\/dddty-1536x1024.jpg",1536,1024,true],"2048x2048":["https:\/\/veritasinfo.org\/wp-content\/uploads\/2025\/09\/dddty.jpg",2048,1365,false],"kreeti-slider-full":["https:\/\/veritasinfo.org\/wp-content\/uploads\/2025\/09\/dddty.jpg",1080,720,false],"kreeti-featured":["https:\/\/veritasinfo.org\/wp-content\/uploads\/2025\/09\/dddty.jpg",1024,683,false],"kreeti-medium":["https:\/\/veritasinfo.org\/wp-content\/uploads\/2025\/09\/dddty.jpg",720,480,false],"kreeti-medium-square":["https:\/\/veritasinfo.org\/wp-content\/uploads\/2025\/09\/dddty.jpg",350,233,false]},"author_info":{"info":["US6"]},"category_info":"<a href=\"https:\/\/veritasinfo.org\/?cat=58\" rel=\"category\">Politik\u00eb<\/a>","tag_info":"Politik\u00eb","comment_count":"0","_links":{"self":[{"href":"https:\/\/veritasinfo.org\/index.php?rest_route=\/wp\/v2\/posts\/12755","targetHints":{"allow":["GET"]}}],"collection":[{"href":"https:\/\/veritasinfo.org\/index.php?rest_route=\/wp\/v2\/posts"}],"about":[{"href":"https:\/\/veritasinfo.org\/index.php?rest_route=\/wp\/v2\/types\/post"}],"author":[{"embeddable":true,"href":"https:\/\/veritasinfo.org\/index.php?rest_route=\/wp\/v2\/users\/7"}],"replies":[{"embeddable":true,"href":"https:\/\/veritasinfo.org\/index.php?rest_route=%2Fwp%2Fv2%2Fcomments&post=12755"}],"version-history":[{"count":1,"href":"https:\/\/veritasinfo.org\/index.php?rest_route=\/wp\/v2\/posts\/12755\/revisions"}],"predecessor-version":[{"id":12756,"href":"https:\/\/veritasinfo.org\/index.php?rest_route=\/wp\/v2\/posts\/12755\/revisions\/12756"}],"wp:featuredmedia":[{"embeddable":true,"href":"https:\/\/veritasinfo.org\/index.php?rest_route=\/wp\/v2\/media\/12330"}],"wp:attachment":[{"href":"https:\/\/veritasinfo.org\/index.php?rest_route=%2Fwp%2Fv2%2Fmedia&parent=12755"}],"wp:term":[{"taxonomy":"category","embeddable":true,"href":"https:\/\/veritasinfo.org\/index.php?rest_route=%2Fwp%2Fv2%2Fcategories&post=12755"},{"taxonomy":"post_tag","embeddable":true,"href":"https:\/\/veritasinfo.org\/index.php?rest_route=%2Fwp%2Fv2%2Ftags&post=12755"}],"curies":[{"name":"wp","href":"https:\/\/api.w.org\/{rel}","templated":true}]}}