{"id":12751,"date":"2025-09-19T20:01:58","date_gmt":"2025-09-19T18:01:58","guid":{"rendered":"https:\/\/veritasinfo.org\/?p=12751"},"modified":"2025-09-19T20:01:58","modified_gmt":"2025-09-19T18:01:58","slug":"radosavljevic-kandidat-za-predsednika-opstine-leposavic-srpska-lista-vise-nema-snagu-koju-je-nekada-imala","status":"publish","type":"post","link":"https:\/\/veritasinfo.org\/?p=12751&lang=sr","title":{"rendered":"Radosavljevi\u0107, kandidat za predsednika op\u0161tine Leposavi\u0107: Srpska lista vi\u0161e nema snagu koju je nekada imala"},"content":{"rendered":"<p data-start=\"66\" data-end=\"214\">Leposavi\u0107, 19. septembar 2025.<\/p>\n<p data-start=\"216\" data-end=\"467\">Nenad Radosavljevi\u0107, kandidat za predsednika op\u0161tine Leposavi\u0107 ispred Gra\u0111anske inicijative \u201eNovo lice \u2013 Narodna pravda\u201c, veruje da je predizborna kampanja za ove lokalne izbore druga\u010dija od prethodnih, dodaju\u0107i da su uslovi \u201ene\u0161to bolji nego ranije\u201c.<\/p>\n<p data-start=\"469\" data-end=\"760\">\u201eMislim da je to rezultat \u010dinjenice da struktura koja je bila na vlasti \u2013 Srpska lista \u2013 vi\u0161e nije u onoj snazi u kojoj je bila ranije, i mnogi ljudi su oti\u0161li, oni koji su mogli da prete, ucenjuju i organizuju razne \u0161eme u kojima su bili dobro uve\u017ebani u prethodnim periodima\u201c, rekao je on.<\/p>\n<p data-start=\"762\" data-end=\"879\">Sam Radosavljevi\u0107 je bio deo lokalne administracije u Leposavi\u0107u kao direktor Odeljenja za sport, omladinu i kulturu.<\/p>\n<p data-start=\"881\" data-end=\"1023\">\u201eOd 2013. godine smo oplja\u010dkani od strane Srpske liste, oni su se bogatili za sebe, dok narod nije dobijao ni\u0161ta\u2026\u201c, rekao je srpski politi\u010dar.<\/p>\n<p data-start=\"1025\" data-end=\"1341\">\u201eZnamo da ljudi i dalje imaju zaposlenje, primaju plate iz Beograda i pla\u0161e se da te plate ne izgube, pa zato glasaju apsolutno po nare\u0111enju koje im sti\u017ee iz Beograda\u201c, istakao je Radosavljevi\u0107, dodaju\u0107i da su gra\u0111ani namerno zapo\u0161ljavani u srpskim institucijama koje su kasnije zatvorene od strane kosovskih vlasti.<\/p>\n<p data-start=\"1343\" data-end=\"1633\">\u201eU tim institucijama su ljudi zaposleni samo da bi primali platu i glasali za one koji im tu platu daju&#8230; na primer u bibliotekama, domovima kulture, komunalnim preduze\u0107ima. Sve to ima za cilj da se motivi\u0161e glasanje za vlast iz Beograda i to je gorka slika Leposavi\u0107a danas\u201c, dodao je on.<\/p>\n","protected":false},"excerpt":{"rendered":"<p>Leposavi\u0107, 19. septembar 2025. Nenad Radosavljevi\u0107, kandidat za predsednika op\u0161tine Leposavi\u0107 ispred Gra\u0111anske inicijative \u201eNovo lice \u2013 Narodna pravda\u201c, veruje da je predizborna kampanja za<\/p>\n","protected":false},"author":7,"featured_media":12749,"comment_status":"open","ping_status":"open","sticky":false,"template":"","format":"standard","meta":{"footnotes":""},"categories":[42],"tags":[],"class_list":["post-12751","post","type-post","status-publish","format-standard","has-post-thumbnail","hentry","category-blog-sr"],"yoast_head":"<!-- This site is optimized with the Yoast SEO plugin v25.3.1 - https:\/\/yoast.com\/wordpress\/plugins\/seo\/ -->\n<title>Radosavljevi\u0107, kandidat za predsednika op\u0161tine Leposavi\u0107: Srpska lista vi\u0161e nema snagu koju je nekada imala -<\/title>\n<meta name=\"robots\" content=\"index, follow, max-snippet:-1, max-image-preview:large, max-video-preview:-1\" \/>\n<link rel=\"canonical\" href=\"https:\/\/veritasinfo.org\/?p=12751&lang=sr\" \/>\n<meta property=\"og:locale\" content=\"en_US\" \/>\n<meta property=\"og:type\" content=\"article\" \/>\n<meta property=\"og:title\" content=\"Radosavljevi\u0107, kandidat za predsednika op\u0161tine Leposavi\u0107: Srpska lista vi\u0161e nema snagu koju je nekada imala -\" \/>\n<meta property=\"og:description\" content=\"Leposavi\u0107, 19. septembar 2025. Nenad Radosavljevi\u0107, kandidat za predsednika op\u0161tine Leposavi\u0107 ispred Gra\u0111anske inicijative \u201eNovo lice \u2013 Narodna pravda\u201c, veruje da je predizborna kampanja za\" \/>\n<meta property=\"og:url\" content=\"https:\/\/veritasinfo.org\/?p=12751&amp;lang=sr\" \/>\n<meta property=\"article:published_time\" content=\"2025-09-19T18:01:58+00:00\" \/>\n<meta property=\"og:image\" content=\"https:\/\/veritasinfo.org\/wp-content\/uploads\/2025\/09\/IMG_1021.jpg\" \/>\n\t<meta property=\"og:image:width\" content=\"1024\" \/>\n\t<meta property=\"og:image:height\" content=\"683\" \/>\n\t<meta property=\"og:image:type\" content=\"image\/jpeg\" \/>\n<meta name=\"author\" content=\"US6\" \/>\n<meta name=\"twitter:card\" content=\"summary_large_image\" \/>\n<meta name=\"twitter:label1\" content=\"Written by\" \/>\n\t<meta name=\"twitter:data1\" content=\"US6\" \/>\n\t<meta name=\"twitter:label2\" content=\"Est. reading time\" \/>\n\t<meta name=\"twitter:data2\" content=\"2 minutes\" \/>\n<script type=\"application\/ld+json\" class=\"yoast-schema-graph\">{\"@context\":\"https:\/\/schema.org\",\"@graph\":[{\"@type\":\"WebPage\",\"@id\":\"https:\/\/veritasinfo.org\/?p=12751&lang=sr\",\"url\":\"https:\/\/veritasinfo.org\/?p=12751&lang=sr\",\"name\":\"Radosavljevi\u0107, kandidat za predsednika op\u0161tine Leposavi\u0107: Srpska lista vi\u0161e nema snagu koju je nekada imala -\",\"isPartOf\":{\"@id\":\"https:\/\/veritasinfo.org\/#website\"},\"primaryImageOfPage\":{\"@id\":\"https:\/\/veritasinfo.org\/?p=12751&lang=sr#primaryimage\"},\"image\":{\"@id\":\"https:\/\/veritasinfo.org\/?p=12751&lang=sr#primaryimage\"},\"thumbnailUrl\":\"https:\/\/veritasinfo.org\/wp-content\/uploads\/2025\/09\/IMG_1021.jpg\",\"datePublished\":\"2025-09-19T18:01:58+00:00\",\"author\":{\"@id\":\"https:\/\/veritasinfo.org\/#\/schema\/person\/fe199eede04c3937362892b7444747cc\"},\"breadcrumb\":{\"@id\":\"https:\/\/veritasinfo.org\/?p=12751&lang=sr#breadcrumb\"},\"inLanguage\":\"en-US\",\"potentialAction\":[{\"@type\":\"ReadAction\",\"target\":[\"https:\/\/veritasinfo.org\/?p=12751&lang=sr\"]}]},{\"@type\":\"ImageObject\",\"inLanguage\":\"en-US\",\"@id\":\"https:\/\/veritasinfo.org\/?p=12751&lang=sr#primaryimage\",\"url\":\"https:\/\/veritasinfo.org\/wp-content\/uploads\/2025\/09\/IMG_1021.jpg\",\"contentUrl\":\"https:\/\/veritasinfo.org\/wp-content\/uploads\/2025\/09\/IMG_1021.jpg\",\"width\":1024,\"height\":683},{\"@type\":\"BreadcrumbList\",\"@id\":\"https:\/\/veritasinfo.org\/?p=12751&lang=sr#breadcrumb\",\"itemListElement\":[{\"@type\":\"ListItem\",\"position\":1,\"name\":\"Home\",\"item\":\"https:\/\/veritasinfo.org\/\"},{\"@type\":\"ListItem\",\"position\":2,\"name\":\"Radosavljevi\u0107, kandidat za predsednika op\u0161tine Leposavi\u0107: Srpska lista vi\u0161e nema snagu koju je nekada imala\"}]},{\"@type\":\"WebSite\",\"@id\":\"https:\/\/veritasinfo.org\/#website\",\"url\":\"https:\/\/veritasinfo.org\/\",\"name\":\"\",\"description\":\"\",\"potentialAction\":[{\"@type\":\"SearchAction\",\"target\":{\"@type\":\"EntryPoint\",\"urlTemplate\":\"https:\/\/veritasinfo.org\/?s={search_term_string}\"},\"query-input\":{\"@type\":\"PropertyValueSpecification\",\"valueRequired\":true,\"valueName\":\"search_term_string\"}}],\"inLanguage\":\"en-US\"},{\"@type\":\"Person\",\"@id\":\"https:\/\/veritasinfo.org\/#\/schema\/person\/fe199eede04c3937362892b7444747cc\",\"name\":\"US6\",\"image\":{\"@type\":\"ImageObject\",\"inLanguage\":\"en-US\",\"@id\":\"https:\/\/veritasinfo.org\/#\/schema\/person\/image\/\",\"url\":\"https:\/\/secure.gravatar.com\/avatar\/cb16c3c31c9d23b9b8c705964598220b3014e42ff51eb540ff23cefa3ae8c15f?s=96&d=mm&r=g\",\"contentUrl\":\"https:\/\/secure.gravatar.com\/avatar\/cb16c3c31c9d23b9b8c705964598220b3014e42ff51eb540ff23cefa3ae8c15f?s=96&d=mm&r=g\",\"caption\":\"US6\"},\"url\":\"https:\/\/veritasinfo.org\/?author=7\"}]}<\/script>\n<!-- \/ Yoast SEO plugin. -->","yoast_head_json":{"title":"Radosavljevi\u0107, kandidat za predsednika op\u0161tine Leposavi\u0107: Srpska lista vi\u0161e nema snagu koju je nekada imala -","robots":{"index":"index","follow":"follow","max-snippet":"max-snippet:-1","max-image-preview":"max-image-preview:large","max-video-preview":"max-video-preview:-1"},"canonical":"https:\/\/veritasinfo.org\/?p=12751&lang=sr","og_locale":"en_US","og_type":"article","og_title":"Radosavljevi\u0107, kandidat za predsednika op\u0161tine Leposavi\u0107: Srpska lista vi\u0161e nema snagu koju je nekada imala -","og_description":"Leposavi\u0107, 19. septembar 2025. Nenad Radosavljevi\u0107, kandidat za predsednika op\u0161tine Leposavi\u0107 ispred Gra\u0111anske inicijative \u201eNovo lice \u2013 Narodna pravda\u201c, veruje da je predizborna kampanja za","og_url":"https:\/\/veritasinfo.org\/?p=12751&lang=sr","article_published_time":"2025-09-19T18:01:58+00:00","og_image":[{"width":1024,"height":683,"url":"https:\/\/veritasinfo.org\/wp-content\/uploads\/2025\/09\/IMG_1021.jpg","type":"image\/jpeg"}],"author":"US6","twitter_card":"summary_large_image","twitter_misc":{"Written by":"US6","Est. reading time":"2 minutes"},"schema":{"@context":"https:\/\/schema.org","@graph":[{"@type":"WebPage","@id":"https:\/\/veritasinfo.org\/?p=12751&lang=sr","url":"https:\/\/veritasinfo.org\/?p=12751&lang=sr","name":"Radosavljevi\u0107, kandidat za predsednika op\u0161tine Leposavi\u0107: Srpska lista vi\u0161e nema snagu koju je nekada imala -","isPartOf":{"@id":"https:\/\/veritasinfo.org\/#website"},"primaryImageOfPage":{"@id":"https:\/\/veritasinfo.org\/?p=12751&lang=sr#primaryimage"},"image":{"@id":"https:\/\/veritasinfo.org\/?p=12751&lang=sr#primaryimage"},"thumbnailUrl":"https:\/\/veritasinfo.org\/wp-content\/uploads\/2025\/09\/IMG_1021.jpg","datePublished":"2025-09-19T18:01:58+00:00","author":{"@id":"https:\/\/veritasinfo.org\/#\/schema\/person\/fe199eede04c3937362892b7444747cc"},"breadcrumb":{"@id":"https:\/\/veritasinfo.org\/?p=12751&lang=sr#breadcrumb"},"inLanguage":"en-US","potentialAction":[{"@type":"ReadAction","target":["https:\/\/veritasinfo.org\/?p=12751&lang=sr"]}]},{"@type":"ImageObject","inLanguage":"en-US","@id":"https:\/\/veritasinfo.org\/?p=12751&lang=sr#primaryimage","url":"https:\/\/veritasinfo.org\/wp-content\/uploads\/2025\/09\/IMG_1021.jpg","contentUrl":"https:\/\/veritasinfo.org\/wp-content\/uploads\/2025\/09\/IMG_1021.jpg","width":1024,"height":683},{"@type":"BreadcrumbList","@id":"https:\/\/veritasinfo.org\/?p=12751&lang=sr#breadcrumb","itemListElement":[{"@type":"ListItem","position":1,"name":"Home","item":"https:\/\/veritasinfo.org\/"},{"@type":"ListItem","position":2,"name":"Radosavljevi\u0107, kandidat za predsednika op\u0161tine Leposavi\u0107: Srpska lista vi\u0161e nema snagu koju je nekada imala"}]},{"@type":"WebSite","@id":"https:\/\/veritasinfo.org\/#website","url":"https:\/\/veritasinfo.org\/","name":"","description":"","potentialAction":[{"@type":"SearchAction","target":{"@type":"EntryPoint","urlTemplate":"https:\/\/veritasinfo.org\/?s={search_term_string}"},"query-input":{"@type":"PropertyValueSpecification","valueRequired":true,"valueName":"search_term_string"}}],"inLanguage":"en-US"},{"@type":"Person","@id":"https:\/\/veritasinfo.org\/#\/schema\/person\/fe199eede04c3937362892b7444747cc","name":"US6","image":{"@type":"ImageObject","inLanguage":"en-US","@id":"https:\/\/veritasinfo.org\/#\/schema\/person\/image\/","url":"https:\/\/secure.gravatar.com\/avatar\/cb16c3c31c9d23b9b8c705964598220b3014e42ff51eb540ff23cefa3ae8c15f?s=96&d=mm&r=g","contentUrl":"https:\/\/secure.gravatar.com\/avatar\/cb16c3c31c9d23b9b8c705964598220b3014e42ff51eb540ff23cefa3ae8c15f?s=96&d=mm&r=g","caption":"US6"},"url":"https:\/\/veritasinfo.org\/?author=7"}]}},"featured_image_urls":{"full":["https:\/\/veritasinfo.org\/wp-content\/uploads\/2025\/09\/IMG_1021.jpg",1024,683,false],"thumbnail":["https:\/\/veritasinfo.org\/wp-content\/uploads\/2025\/09\/IMG_1021-150x150.jpg",150,150,true],"medium":["https:\/\/veritasinfo.org\/wp-content\/uploads\/2025\/09\/IMG_1021-300x200.jpg",300,200,true],"medium_large":["https:\/\/veritasinfo.org\/wp-content\/uploads\/2025\/09\/IMG_1021-768x512.jpg",640,427,true],"large":["https:\/\/veritasinfo.org\/wp-content\/uploads\/2025\/09\/IMG_1021.jpg",640,427,false],"1536x1536":["https:\/\/veritasinfo.org\/wp-content\/uploads\/2025\/09\/IMG_1021.jpg",1024,683,false],"2048x2048":["https:\/\/veritasinfo.org\/wp-content\/uploads\/2025\/09\/IMG_1021.jpg",1024,683,false],"kreeti-slider-full":["https:\/\/veritasinfo.org\/wp-content\/uploads\/2025\/09\/IMG_1021.jpg",1024,683,false],"kreeti-featured":["https:\/\/veritasinfo.org\/wp-content\/uploads\/2025\/09\/IMG_1021.jpg",1024,683,false],"kreeti-medium":["https:\/\/veritasinfo.org\/wp-content\/uploads\/2025\/09\/IMG_1021.jpg",720,480,false],"kreeti-medium-square":["https:\/\/veritasinfo.org\/wp-content\/uploads\/2025\/09\/IMG_1021.jpg",350,233,false]},"author_info":{"info":["US6"]},"category_info":"<a href=\"https:\/\/veritasinfo.org\/?cat=42&#038;lang=sr\" rel=\"category\">Parlamentarni izbori\u00a02025<\/a>","tag_info":"Parlamentarni izbori\u00a02025","comment_count":"0","_links":{"self":[{"href":"https:\/\/veritasinfo.org\/index.php?rest_route=\/wp\/v2\/posts\/12751","targetHints":{"allow":["GET"]}}],"collection":[{"href":"https:\/\/veritasinfo.org\/index.php?rest_route=\/wp\/v2\/posts"}],"about":[{"href":"https:\/\/veritasinfo.org\/index.php?rest_route=\/wp\/v2\/types\/post"}],"author":[{"embeddable":true,"href":"https:\/\/veritasinfo.org\/index.php?rest_route=\/wp\/v2\/users\/7"}],"replies":[{"embeddable":true,"href":"https:\/\/veritasinfo.org\/index.php?rest_route=%2Fwp%2Fv2%2Fcomments&post=12751"}],"version-history":[{"count":1,"href":"https:\/\/veritasinfo.org\/index.php?rest_route=\/wp\/v2\/posts\/12751\/revisions"}],"predecessor-version":[{"id":12752,"href":"https:\/\/veritasinfo.org\/index.php?rest_route=\/wp\/v2\/posts\/12751\/revisions\/12752"}],"wp:featuredmedia":[{"embeddable":true,"href":"https:\/\/veritasinfo.org\/index.php?rest_route=\/wp\/v2\/media\/12749"}],"wp:attachment":[{"href":"https:\/\/veritasinfo.org\/index.php?rest_route=%2Fwp%2Fv2%2Fmedia&parent=12751"}],"wp:term":[{"taxonomy":"category","embeddable":true,"href":"https:\/\/veritasinfo.org\/index.php?rest_route=%2Fwp%2Fv2%2Fcategories&post=12751"},{"taxonomy":"post_tag","embeddable":true,"href":"https:\/\/veritasinfo.org\/index.php?rest_route=%2Fwp%2Fv2%2Ftags&post=12751"}],"curies":[{"name":"wp","href":"https:\/\/api.w.org\/{rel}","templated":true}]}}