{"id":1274,"date":"2025-06-22T13:28:32","date_gmt":"2025-06-22T11:28:32","guid":{"rendered":"https:\/\/veritasinfo.org\/?p=1274"},"modified":"2025-06-22T13:33:19","modified_gmt":"2025-06-22T11:33:19","slug":"turqia-paralajmeron-se-sulmi-i-shba-se-ndaj-iranit-rrezikon-pershkallezim-global","status":"publish","type":"post","link":"https:\/\/veritasinfo.org\/?p=1274","title":{"rendered":"Turqia paralajm\u00ebron se sulmi i SHBA-s\u00eb ndaj Iranit rrezikon p\u00ebrshkall\u00ebzim global"},"content":{"rendered":"<p>Ministria e Pun\u00ebve t\u00eb Jashtme e Turqis\u00eb ka shprehur shqet\u00ebsim t\u00eb thell\u00eb p\u00ebr sulmin e SHBA-s\u00eb ndaj centraleve b\u00ebrthamore t\u00eb Iranit, si dhe ka paralajm\u00ebruar se kjo mund ta p\u00ebrshkall\u00ebzoj\u00eb konfliktin rajonal n\u00eb nj\u00eb kriz\u00eb globale, transmeton Anadolu.<\/p>\n<p>\u201cSulmi i SHBA-s\u00eb ndaj centraleve b\u00ebrthamore t\u00eb Republik\u00ebs Islamike t\u00eb Iranit m\u00eb 22 qershor ka maksimizuar rrezikun q\u00eb kemi theksuar vazhdimisht, p\u00ebrshkall\u00ebzimin e konfliktit dhe destabilizimin e mjedisit t\u00eb siguris\u00eb\u201d, tha ministria turke.<\/p>\n<p>Ankara tha se \u00ebsht\u00eb \u201cthell\u00ebsisht e shqet\u00ebsuar\u201d p\u00ebr pasojat e mundshme t\u00eb operacionit q\u00eb sh\u00ebnjestroi centralet b\u00ebrthamore t\u00eb Iranit.<\/p>\n<p>\u201cK\u00ebto zhvillime mund ta \u00e7ojn\u00eb mosmarr\u00ebveshjen rajonale n\u00eb nj\u00eb nivel global. Ne nuk duam t\u00eb shohim t\u00eb shtrihet nj\u00eb skenar kaq katastrofik\u201d, theksoi ministria turke.<\/p>\n<p>Turqia u b\u00ebri thirrje t\u00eb gjitha pal\u00ebve t\u00eb p\u00ebrfshira t\u00eb veprojn\u00eb me p\u00ebrgjegj\u00ebsi dhe \u201ct\u00eb ndalojn\u00eb menj\u00ebher\u00eb sulmet reciproke\u201d p\u00ebr t\u00eb shmangur viktima dhe shkat\u00ebrrime t\u00eb m\u00ebtejshme.<\/p>\n<p>\u201cE vetmja m\u00ebnyr\u00eb p\u00ebr t\u00eb zgjidhur mosmarr\u00ebveshjen mbi programin b\u00ebrthamor t\u00eb Iranit \u00ebsht\u00eb p\u00ebrmes negociatave\u201d, theksoi ministria, duke i k\u00ebrkuar komunitetit nd\u00ebrkomb\u00ebtar t\u00eb mb\u00ebshtes\u00eb p\u00ebrpjekjet diplomatike p\u00ebr t\u00eb gjetur nj\u00eb zgjidhje paq\u00ebsore.<\/p>\n<p>\u201cTurqia \u00ebsht\u00eb e gatshme t\u00eb p\u00ebrmbush\u00eb p\u00ebrgjegj\u00ebsit\u00eb e saj dhe t\u00eb jap\u00eb kontribute konstruktive\u201d, tha Ankara.<\/p>\n<p>Reagimi i Ankaras\u00eb erdhi disa or\u00eb pasi SHBA-ja nisi sulme ajrore n\u00eb lokacionet b\u00ebrthamore t\u00eb Iranit, p\u00ebrfshir\u00eb n\u00eb objektin Fordow, duke p\u00ebrdorur bomba shkat\u00ebrruese bunker dhe raketa lundrimi.<\/p>\n<p>Presidenti i SHBA-s\u00eb, Donald Trump, her\u00ebt n\u00eb m\u00ebngjes njoftoi se forcat amerikane kryen sulme ajrore \u201cshum\u00eb t\u00eb suksesshme\u201d n\u00eb tre lokacione b\u00ebrthamore iraniane, mes frik\u00ebs n\u00eb rritje p\u00ebr nj\u00eb konflikt m\u00eb t\u00eb gjer\u00eb n\u00eb rajon.<\/p>\n<p>Pas sulmeve t\u00eb SHBA-s\u00eb, Irani i b\u00ebri thirrje K\u00ebshillit t\u00eb Sigurimit t\u00eb OKB-s\u00eb t\u00eb mbaj\u00eb nj\u00eb takim urgjent p\u00ebr ta d\u00ebnuar agresionin e SHBA-s\u00eb dhe p\u00ebr t\u2019i mbajtur p\u00ebrgjegj\u00ebs ata q\u00eb shkelin ligjin nd\u00ebrkomb\u00ebtar.<\/p>\n<p>Sulmi amerikan erdhi pas sulmeve ushtarake izraelite t\u00eb mb\u00ebshtetura nga SHBA-ja ndaj Iranit q\u00eb nga 13 qershori, q\u00eb \u00e7uan n\u00eb sulme hakmarr\u00ebse nga Teherani.<\/p>\n<p>Q\u00eb at\u00ebher\u00eb, autoritetet izraelite than\u00eb se t\u00eb pakt\u00ebn 25 persona jan\u00eb vrar\u00eb dhe qindra t\u00eb tjer\u00eb jan\u00eb plagosur n\u00eb sulmet iraniane me raketa, nd\u00ebrkoh\u00eb sipas autoriteteve iraniane, t\u00eb pakt\u00ebn 430 persona jan\u00eb vrar\u00eb dhe m\u00eb shum\u00eb se 3.500 t\u00eb tjer\u00eb plagosur n\u00eb sulmet izraelite n\u00eb Iran.<\/p>\n","protected":false},"excerpt":{"rendered":"<p>Ministria e Pun\u00ebve t\u00eb Jashtme e Turqis\u00eb ka shprehur shqet\u00ebsim t\u00eb thell\u00eb p\u00ebr sulmin e SHBA-s\u00eb ndaj centraleve b\u00ebrthamore t\u00eb Iranit, si dhe ka paralajm\u00ebruar<\/p>\n","protected":false},"author":1,"featured_media":1275,"comment_status":"open","ping_status":"open","sticky":false,"template":"","format":"standard","meta":{"footnotes":""},"categories":[72],"tags":[],"class_list":["post-1274","post","type-post","status-publish","format-standard","has-post-thumbnail","hentry","category-bota"],"yoast_head":"<!-- This site is optimized with the Yoast SEO plugin v25.3.1 - https:\/\/yoast.com\/wordpress\/plugins\/seo\/ -->\n<title>Turqia paralajm\u00ebron se sulmi i SHBA-s\u00eb ndaj Iranit rrezikon p\u00ebrshkall\u00ebzim global -<\/title>\n<meta name=\"robots\" content=\"index, follow, max-snippet:-1, max-image-preview:large, max-video-preview:-1\" \/>\n<link rel=\"canonical\" href=\"https:\/\/veritasinfo.org\/?p=1274\" \/>\n<meta property=\"og:locale\" content=\"en_US\" \/>\n<meta property=\"og:type\" content=\"article\" \/>\n<meta property=\"og:title\" content=\"Turqia paralajm\u00ebron se sulmi i SHBA-s\u00eb ndaj Iranit rrezikon p\u00ebrshkall\u00ebzim global -\" \/>\n<meta property=\"og:description\" content=\"Ministria e Pun\u00ebve t\u00eb Jashtme e Turqis\u00eb ka shprehur shqet\u00ebsim t\u00eb thell\u00eb p\u00ebr sulmin e SHBA-s\u00eb ndaj centraleve b\u00ebrthamore t\u00eb Iranit, si dhe ka paralajm\u00ebruar\" \/>\n<meta property=\"og:url\" content=\"https:\/\/veritasinfo.org\/?p=1274\" \/>\n<meta property=\"article:published_time\" content=\"2025-06-22T11:28:32+00:00\" \/>\n<meta property=\"article:modified_time\" content=\"2025-06-22T11:33:19+00:00\" \/>\n<meta property=\"og:image\" content=\"https:\/\/veritasinfo.org\/wp-content\/uploads\/2025\/06\/IMG_0090.jpeg\" \/>\n\t<meta property=\"og:image:width\" content=\"800\" \/>\n\t<meta property=\"og:image:height\" content=\"534\" \/>\n\t<meta property=\"og:image:type\" content=\"image\/jpeg\" \/>\n<meta name=\"author\" content=\"admin\" \/>\n<meta name=\"twitter:card\" content=\"summary_large_image\" \/>\n<meta name=\"twitter:label1\" content=\"Written by\" \/>\n\t<meta name=\"twitter:data1\" content=\"admin\" \/>\n\t<meta name=\"twitter:label2\" content=\"Est. reading time\" \/>\n\t<meta name=\"twitter:data2\" content=\"2 minutes\" \/>\n<script type=\"application\/ld+json\" class=\"yoast-schema-graph\">{\"@context\":\"https:\/\/schema.org\",\"@graph\":[{\"@type\":\"WebPage\",\"@id\":\"https:\/\/veritasinfo.org\/?p=1274\",\"url\":\"https:\/\/veritasinfo.org\/?p=1274\",\"name\":\"Turqia paralajm\u00ebron se sulmi i SHBA-s\u00eb ndaj Iranit rrezikon p\u00ebrshkall\u00ebzim global -\",\"isPartOf\":{\"@id\":\"https:\/\/veritasinfo.org\/#website\"},\"primaryImageOfPage\":{\"@id\":\"https:\/\/veritasinfo.org\/?p=1274#primaryimage\"},\"image\":{\"@id\":\"https:\/\/veritasinfo.org\/?p=1274#primaryimage\"},\"thumbnailUrl\":\"https:\/\/veritasinfo.org\/wp-content\/uploads\/2025\/06\/IMG_0090.jpeg\",\"datePublished\":\"2025-06-22T11:28:32+00:00\",\"dateModified\":\"2025-06-22T11:33:19+00:00\",\"author\":{\"@id\":\"https:\/\/veritasinfo.org\/#\/schema\/person\/7701f8c088bece422266b100a712374f\"},\"breadcrumb\":{\"@id\":\"https:\/\/veritasinfo.org\/?p=1274#breadcrumb\"},\"inLanguage\":\"en-US\",\"potentialAction\":[{\"@type\":\"ReadAction\",\"target\":[\"https:\/\/veritasinfo.org\/?p=1274\"]}]},{\"@type\":\"ImageObject\",\"inLanguage\":\"en-US\",\"@id\":\"https:\/\/veritasinfo.org\/?p=1274#primaryimage\",\"url\":\"https:\/\/veritasinfo.org\/wp-content\/uploads\/2025\/06\/IMG_0090.jpeg\",\"contentUrl\":\"https:\/\/veritasinfo.org\/wp-content\/uploads\/2025\/06\/IMG_0090.jpeg\",\"width\":800,\"height\":534},{\"@type\":\"BreadcrumbList\",\"@id\":\"https:\/\/veritasinfo.org\/?p=1274#breadcrumb\",\"itemListElement\":[{\"@type\":\"ListItem\",\"position\":1,\"name\":\"Home\",\"item\":\"https:\/\/veritasinfo.org\/\"},{\"@type\":\"ListItem\",\"position\":2,\"name\":\"Turqia paralajm\u00ebron se sulmi i SHBA-s\u00eb ndaj Iranit rrezikon p\u00ebrshkall\u00ebzim global\"}]},{\"@type\":\"WebSite\",\"@id\":\"https:\/\/veritasinfo.org\/#website\",\"url\":\"https:\/\/veritasinfo.org\/\",\"name\":\"\",\"description\":\"\",\"potentialAction\":[{\"@type\":\"SearchAction\",\"target\":{\"@type\":\"EntryPoint\",\"urlTemplate\":\"https:\/\/veritasinfo.org\/?s={search_term_string}\"},\"query-input\":{\"@type\":\"PropertyValueSpecification\",\"valueRequired\":true,\"valueName\":\"search_term_string\"}}],\"inLanguage\":\"en-US\"},{\"@type\":\"Person\",\"@id\":\"https:\/\/veritasinfo.org\/#\/schema\/person\/7701f8c088bece422266b100a712374f\",\"name\":\"admin\",\"image\":{\"@type\":\"ImageObject\",\"inLanguage\":\"en-US\",\"@id\":\"https:\/\/veritasinfo.org\/#\/schema\/person\/image\/\",\"url\":\"https:\/\/secure.gravatar.com\/avatar\/ea53aa3bf6c9a12d5fde8ce4deff43fef3885ae33cf60184161a50d6987cfd2f?s=96&d=mm&r=g\",\"contentUrl\":\"https:\/\/secure.gravatar.com\/avatar\/ea53aa3bf6c9a12d5fde8ce4deff43fef3885ae33cf60184161a50d6987cfd2f?s=96&d=mm&r=g\",\"caption\":\"admin\"},\"sameAs\":[\"https:\/\/veritasinfo.org\"],\"url\":\"https:\/\/veritasinfo.org\/?author=1\"}]}<\/script>\n<!-- \/ Yoast SEO plugin. -->","yoast_head_json":{"title":"Turqia paralajm\u00ebron se sulmi i SHBA-s\u00eb ndaj Iranit rrezikon p\u00ebrshkall\u00ebzim global -","robots":{"index":"index","follow":"follow","max-snippet":"max-snippet:-1","max-image-preview":"max-image-preview:large","max-video-preview":"max-video-preview:-1"},"canonical":"https:\/\/veritasinfo.org\/?p=1274","og_locale":"en_US","og_type":"article","og_title":"Turqia paralajm\u00ebron se sulmi i SHBA-s\u00eb ndaj Iranit rrezikon p\u00ebrshkall\u00ebzim global -","og_description":"Ministria e Pun\u00ebve t\u00eb Jashtme e Turqis\u00eb ka shprehur shqet\u00ebsim t\u00eb thell\u00eb p\u00ebr sulmin e SHBA-s\u00eb ndaj centraleve b\u00ebrthamore t\u00eb Iranit, si dhe ka paralajm\u00ebruar","og_url":"https:\/\/veritasinfo.org\/?p=1274","article_published_time":"2025-06-22T11:28:32+00:00","article_modified_time":"2025-06-22T11:33:19+00:00","og_image":[{"width":800,"height":534,"url":"https:\/\/veritasinfo.org\/wp-content\/uploads\/2025\/06\/IMG_0090.jpeg","type":"image\/jpeg"}],"author":"admin","twitter_card":"summary_large_image","twitter_misc":{"Written by":"admin","Est. reading time":"2 minutes"},"schema":{"@context":"https:\/\/schema.org","@graph":[{"@type":"WebPage","@id":"https:\/\/veritasinfo.org\/?p=1274","url":"https:\/\/veritasinfo.org\/?p=1274","name":"Turqia paralajm\u00ebron se sulmi i SHBA-s\u00eb ndaj Iranit rrezikon p\u00ebrshkall\u00ebzim global -","isPartOf":{"@id":"https:\/\/veritasinfo.org\/#website"},"primaryImageOfPage":{"@id":"https:\/\/veritasinfo.org\/?p=1274#primaryimage"},"image":{"@id":"https:\/\/veritasinfo.org\/?p=1274#primaryimage"},"thumbnailUrl":"https:\/\/veritasinfo.org\/wp-content\/uploads\/2025\/06\/IMG_0090.jpeg","datePublished":"2025-06-22T11:28:32+00:00","dateModified":"2025-06-22T11:33:19+00:00","author":{"@id":"https:\/\/veritasinfo.org\/#\/schema\/person\/7701f8c088bece422266b100a712374f"},"breadcrumb":{"@id":"https:\/\/veritasinfo.org\/?p=1274#breadcrumb"},"inLanguage":"en-US","potentialAction":[{"@type":"ReadAction","target":["https:\/\/veritasinfo.org\/?p=1274"]}]},{"@type":"ImageObject","inLanguage":"en-US","@id":"https:\/\/veritasinfo.org\/?p=1274#primaryimage","url":"https:\/\/veritasinfo.org\/wp-content\/uploads\/2025\/06\/IMG_0090.jpeg","contentUrl":"https:\/\/veritasinfo.org\/wp-content\/uploads\/2025\/06\/IMG_0090.jpeg","width":800,"height":534},{"@type":"BreadcrumbList","@id":"https:\/\/veritasinfo.org\/?p=1274#breadcrumb","itemListElement":[{"@type":"ListItem","position":1,"name":"Home","item":"https:\/\/veritasinfo.org\/"},{"@type":"ListItem","position":2,"name":"Turqia paralajm\u00ebron se sulmi i SHBA-s\u00eb ndaj Iranit rrezikon p\u00ebrshkall\u00ebzim global"}]},{"@type":"WebSite","@id":"https:\/\/veritasinfo.org\/#website","url":"https:\/\/veritasinfo.org\/","name":"","description":"","potentialAction":[{"@type":"SearchAction","target":{"@type":"EntryPoint","urlTemplate":"https:\/\/veritasinfo.org\/?s={search_term_string}"},"query-input":{"@type":"PropertyValueSpecification","valueRequired":true,"valueName":"search_term_string"}}],"inLanguage":"en-US"},{"@type":"Person","@id":"https:\/\/veritasinfo.org\/#\/schema\/person\/7701f8c088bece422266b100a712374f","name":"admin","image":{"@type":"ImageObject","inLanguage":"en-US","@id":"https:\/\/veritasinfo.org\/#\/schema\/person\/image\/","url":"https:\/\/secure.gravatar.com\/avatar\/ea53aa3bf6c9a12d5fde8ce4deff43fef3885ae33cf60184161a50d6987cfd2f?s=96&d=mm&r=g","contentUrl":"https:\/\/secure.gravatar.com\/avatar\/ea53aa3bf6c9a12d5fde8ce4deff43fef3885ae33cf60184161a50d6987cfd2f?s=96&d=mm&r=g","caption":"admin"},"sameAs":["https:\/\/veritasinfo.org"],"url":"https:\/\/veritasinfo.org\/?author=1"}]}},"featured_image_urls":{"full":["https:\/\/veritasinfo.org\/wp-content\/uploads\/2025\/06\/IMG_0090.jpeg",800,534,false],"thumbnail":["https:\/\/veritasinfo.org\/wp-content\/uploads\/2025\/06\/IMG_0090-150x150.jpeg",150,150,true],"medium":["https:\/\/veritasinfo.org\/wp-content\/uploads\/2025\/06\/IMG_0090-300x200.jpeg",300,200,true],"medium_large":["https:\/\/veritasinfo.org\/wp-content\/uploads\/2025\/06\/IMG_0090-768x513.jpeg",640,428,true],"large":["https:\/\/veritasinfo.org\/wp-content\/uploads\/2025\/06\/IMG_0090.jpeg",640,427,false],"1536x1536":["https:\/\/veritasinfo.org\/wp-content\/uploads\/2025\/06\/IMG_0090.jpeg",800,534,false],"2048x2048":["https:\/\/veritasinfo.org\/wp-content\/uploads\/2025\/06\/IMG_0090.jpeg",800,534,false],"kreeti-slider-full":["https:\/\/veritasinfo.org\/wp-content\/uploads\/2025\/06\/IMG_0090.jpeg",800,534,false],"kreeti-featured":["https:\/\/veritasinfo.org\/wp-content\/uploads\/2025\/06\/IMG_0090.jpeg",800,534,false],"kreeti-medium":["https:\/\/veritasinfo.org\/wp-content\/uploads\/2025\/06\/IMG_0090.jpeg",720,481,false],"kreeti-medium-square":["https:\/\/veritasinfo.org\/wp-content\/uploads\/2025\/06\/IMG_0090.jpeg",350,234,false]},"author_info":{"info":["admin"]},"category_info":"<a href=\"https:\/\/veritasinfo.org\/?cat=72\" rel=\"category\">Bota<\/a>","tag_info":"Bota","comment_count":"0","_links":{"self":[{"href":"https:\/\/veritasinfo.org\/index.php?rest_route=\/wp\/v2\/posts\/1274","targetHints":{"allow":["GET"]}}],"collection":[{"href":"https:\/\/veritasinfo.org\/index.php?rest_route=\/wp\/v2\/posts"}],"about":[{"href":"https:\/\/veritasinfo.org\/index.php?rest_route=\/wp\/v2\/types\/post"}],"author":[{"embeddable":true,"href":"https:\/\/veritasinfo.org\/index.php?rest_route=\/wp\/v2\/users\/1"}],"replies":[{"embeddable":true,"href":"https:\/\/veritasinfo.org\/index.php?rest_route=%2Fwp%2Fv2%2Fcomments&post=1274"}],"version-history":[{"count":1,"href":"https:\/\/veritasinfo.org\/index.php?rest_route=\/wp\/v2\/posts\/1274\/revisions"}],"predecessor-version":[{"id":1276,"href":"https:\/\/veritasinfo.org\/index.php?rest_route=\/wp\/v2\/posts\/1274\/revisions\/1276"}],"wp:featuredmedia":[{"embeddable":true,"href":"https:\/\/veritasinfo.org\/index.php?rest_route=\/wp\/v2\/media\/1275"}],"wp:attachment":[{"href":"https:\/\/veritasinfo.org\/index.php?rest_route=%2Fwp%2Fv2%2Fmedia&parent=1274"}],"wp:term":[{"taxonomy":"category","embeddable":true,"href":"https:\/\/veritasinfo.org\/index.php?rest_route=%2Fwp%2Fv2%2Fcategories&post=1274"},{"taxonomy":"post_tag","embeddable":true,"href":"https:\/\/veritasinfo.org\/index.php?rest_route=%2Fwp%2Fv2%2Ftags&post=1274"}],"curies":[{"name":"wp","href":"https:\/\/api.w.org\/{rel}","templated":true}]}}