{"id":12720,"date":"2025-09-19T16:00:23","date_gmt":"2025-09-19T14:00:23","guid":{"rendered":"https:\/\/veritasinfo.org\/?p=12720"},"modified":"2025-09-19T16:00:23","modified_gmt":"2025-09-19T14:00:23","slug":"lista-serbe-hoqi-masken-kryeziu-zberthen-lojen-e-beogradit-dhe-heshtjen-nderkombetare","status":"publish","type":"post","link":"https:\/\/veritasinfo.org\/?p=12720","title":{"rendered":"\u201cLista Serbe hoqi mask\u00ebn\u201d: Kryeziu zb\u00ebrthen loj\u00ebn e Beogradit dhe heshtjen nd\u00ebrkomb\u00ebtare"},"content":{"rendered":"<p>Prishtin\u00eb, 19 shtator 2025<\/p>\n<p>N\u00eb nj\u00eb reagim t\u00eb fuqish\u00ebm, Kadri Kryeziu ka denoncuar qasjen e List\u00ebs Serbe si nj\u00eb strategji t\u00eb hapur p\u00ebr kriz\u00eb dhe jo p\u00ebr integrim.<\/p>\n<p>Duke komentuar situat\u00ebn e tensionuar pas deklaratave t\u00eb kryeministrit Albin Kurti p\u00ebr integrimin e sh\u00ebrbimeve publike n\u00eb veri t\u00eb Kosov\u00ebs, Kryeziu thekson se Beogradi po p\u00ebrdor serb\u00ebt lokal\u00eb si instrument p\u00ebr destabilizim, nd\u00ebrsa bashk\u00ebsia nd\u00ebrkomb\u00ebtare vijon t\u00eb mbyll\u00eb syt\u00eb ndaj realitetit.<\/p>\n<p>Sipas tij, ky \u00ebsht\u00eb nj\u00eb &#8220;teat\u00ebr i vjet\u00ebr&#8221; i bazuar n\u00eb nj\u00eb raciz\u00ebm t\u00eb ri ndaj shqiptar\u00ebve, ku \u00e7do kriz\u00eb e fabrikuar p\u00ebrfundon me faj\u00ebsimin e Prishtin\u00ebs.<\/p>\n<p>Lista Serbe hoqi mask\u00ebn: Integrimi \u00ebsht\u00eb iluzion, kriza \u00ebsht\u00eb strategji<\/p>\n<p>Kurti \u00ebsht\u00eb n\u00eb vij\u00eb me Marr\u00ebveshjen e Normalizimit, por Beogradi p\u00ebrdor serb\u00ebt e Kosov\u00ebs si instrument krize. Nd\u00ebrkomb\u00ebtar\u00ebt thjesht presin aktin e radh\u00ebs p\u00ebr t\u2019ia hedhur fajin Kosov\u00ebs \u2013 nj\u00eb teat\u00ebr i vjet\u00ebr, i bazuar mbi nj\u00eb raciz\u00ebm 2.0 ndaj shqiptar\u00ebve.<\/p>\n<p>T\u00eb enjten n\u00eb mbr\u00ebmje, Albin Kurti iu drejtua serb\u00ebve t\u00eb Kosov\u00ebs me nj\u00eb videomesazh t\u00eb thjesht\u00eb dhe t\u00eb qart\u00eb: ata meritojn\u00eb qasje t\u00eb barabart\u00eb n\u00eb t\u00eb mirat e p\u00ebrbashk\u00ebta, nd\u00ebrsa sistemi paralel i arsimit dhe sh\u00ebndet\u00ebsis\u00eb, i financuar nga Serbia, nuk \u00ebsht\u00eb i q\u00ebndruesh\u00ebm. Premtimi i tij ishte se k\u00ebto sh\u00ebrbime do t\u00eb integrohen n\u00eb nj\u00eb sistem unik, n\u00eb bashk\u00ebpunim me kryetar\u00ebt e komunave, BE-n\u00eb, QUINT-in dhe KFOR-in. Asgj\u00eb jasht\u00eb logjik\u00ebs s\u00eb Marr\u00ebveshjes s\u00eb Normalizimit t\u00eb dakorduar n\u00eb Oh\u00ebr.<\/p>\n<p>Reagimi i List\u00ebs Serbe<\/p>\n<p>Lista Serbe reagoi menj\u00ebher\u00eb. Deklaruan se arsimi dhe sh\u00ebndet\u00ebsia paralele jan\u00eb \u201cshtylla e mbijetes\u00ebs s\u00eb popullit serb\u201d, se nuk jan\u00eb pjes\u00eb e asnj\u00eb negociate dhe madje paralajm\u00ebruan se do t\u2019i \u201c\u00e7lirojn\u00eb komunat e uzurpuara n\u00eb veri\u201d. N\u00eb nj\u00eb fjali: refuzuan jo vet\u00ebm Kurtin, por edhe vet\u00eb marr\u00ebveshjet nd\u00ebrkomb\u00ebtare ku Serbia \u00ebsht\u00eb pal\u00eb.<\/p>\n<p>N\u00eb nj\u00eb far\u00eb m\u00ebnyre, kjo \u00ebsht\u00eb e dobishme. Sepse mund t\u00eb kishin luajtur teatrin e zakonsh\u00ebm \u2013 t\u00eb shtirreshin sikur duan integrim, t\u00eb prisnin q\u00eb procesi t\u00eb d\u00ebshtonte dhe n\u00eb fund, t\u2019ia linin fajin Kurtit. K\u00ebshtu do t\u2019i ushqenin p\u00ebrrallat e diplomat\u00ebve dhe t\u00eb disa OJQ-ve q\u00eb gjithmon\u00eb e shohin problemin n\u00eb Prishtin\u00eb dhe kurr\u00eb n\u00eb Beograd. Por k\u00ebt\u00eb her\u00eb, Lista Serbe foli tro\u00e7: nuk duan integrim.<\/p>\n<p>E v\u00ebrteta lakuriq<\/p>\n<p>Kjo \u00ebsht\u00eb e v\u00ebrteta lakuriq. Serb\u00ebt e Kosov\u00ebs nuk jan\u00eb faktor politik m\u00eb vete, por instrument n\u00eb dor\u00ebn e Beogradit. Strategjia e tyre nuk \u00ebsht\u00eb paqja, por kriza. Ata riciklojn\u00eb skenarin e Bosnjes dhe Kroacis\u00eb: serb\u00ebt viktima, shqiptar\u00ebt agresor\u00eb. \u00cbsht\u00eb e nj\u00ebjta strategji e viteve \u201980, kur viktimizimi i rrem\u00eb i serb\u00ebve solli Millosheviqin n\u00eb pushtet dhe ndezi luft\u00ebrat q\u00eb shkat\u00ebrruan Ballkanin.<\/p>\n<p>Edhe sikur Kurti t\u00eb b\u00ebhej shqiptari m\u00eb liberal i mundsh\u00ebm, t\u00eb hiqte dor\u00eb nga \u00e7do gj\u00eb, rezultati do t\u00eb ishte i nj\u00ebjt\u00eb: serb\u00ebt do t\u00eb vazhdonin ta luanin kart\u00ebn e viktim\u00ebs. Ata tashm\u00eb jan\u00eb akomoduar me iden\u00eb se jan\u00eb mbi ligjin dhe Kushtetut\u00ebn, se u takon t\u00eb jetojn\u00eb t\u00eb ndar\u00eb, pas mureve, me alibin\u00eb se k\u00ebshtu mbrohen nga \u201cagresori\u201d i shpikur shqiptar.<\/p>\n<p>\u00c7far\u00eb duhet t\u00eb b\u00ebj\u00eb Kosova<\/p>\n<p>Personalisht, besoj se Kosova nuk duhet t\u00eb nd\u00ebrmarr\u00eb hapa substancial\u00eb p\u00ebrtej retorik\u00ebs. Mjafton fjala p\u00ebr t\u00eb ekspozuar hipokrizin\u00eb serbe. \u00c7do tentativ\u00eb p\u00ebr hapa konkret\u00eb vet\u00ebm sa do t\u00eb hapte nj\u00eb kurth t\u00eb ri, nj\u00eb kriz\u00eb t\u00eb re, ku serb\u00ebt do t\u00eb dilnin viktima e shqiptar\u00ebt agresor\u00eb. M\u00eb mir\u00eb t\u2019u japim mikrofonin sa her\u00eb t\u00eb duan: ata vet\u00eb do ta prishin fasad\u00ebn dhe do ta tregojn\u00eb realitetin e tyre.<\/p>\n<p>P\u00ebrfundimi<\/p>\n<p>Dhe po, t\u00eb mos kemi iluzione. Nuk ia vlen t\u00eb humbasim koh\u00eb duke spekuluar p\u00ebr reagimin e nd\u00ebrkomb\u00ebtar\u00ebve. Ata thjesht do ta kalojn\u00eb k\u00ebt\u00eb n\u00eb heshtje dhe do t\u00eb presin rastin e radh\u00ebs p\u00ebr t\u2019ia hedhur fajin Kosov\u00ebs. \u00cbsht\u00eb nj\u00eb teat\u00ebr i vjet\u00ebr ku supozohet se ne shqiptar\u00ebt nuk kemi as kujtes\u00eb, as inteligjenc\u00eb p\u00ebr t\u00eb kuptuar realitetin. Quaje si t\u00eb duash, por n\u00eb thelb \u00ebsht\u00eb raciz\u00ebm 2.0 \u2013 nj\u00eb standard i dyfisht\u00eb i institucionalizuar q\u00eb vazhdon t\u00eb luhet mbi kurrizin ton\u00eb.<\/p>\n<p>&nbsp;<\/p>\n<p>&nbsp;<\/p>\n","protected":false},"excerpt":{"rendered":"<p>Prishtin\u00eb, 19 shtator 2025 N\u00eb nj\u00eb reagim t\u00eb fuqish\u00ebm, Kadri Kryeziu ka denoncuar qasjen e List\u00ebs Serbe si nj\u00eb strategji t\u00eb hapur p\u00ebr kriz\u00eb dhe<\/p>\n","protected":false},"author":7,"featured_media":12722,"comment_status":"open","ping_status":"open","sticky":false,"template":"","format":"standard","meta":{"footnotes":""},"categories":[58],"tags":[],"class_list":["post-12720","post","type-post","status-publish","format-standard","has-post-thumbnail","hentry","category-politike-sq"],"yoast_head":"<!-- This site is optimized with the Yoast SEO plugin v25.3.1 - https:\/\/yoast.com\/wordpress\/plugins\/seo\/ -->\n<title>\u201cLista Serbe hoqi mask\u00ebn\u201d: Kryeziu zb\u00ebrthen loj\u00ebn e Beogradit dhe heshtjen nd\u00ebrkomb\u00ebtare -<\/title>\n<meta name=\"robots\" content=\"index, follow, max-snippet:-1, max-image-preview:large, max-video-preview:-1\" \/>\n<link rel=\"canonical\" href=\"https:\/\/veritasinfo.org\/?p=12720\" \/>\n<meta property=\"og:locale\" content=\"en_US\" \/>\n<meta property=\"og:type\" content=\"article\" \/>\n<meta property=\"og:title\" content=\"\u201cLista Serbe hoqi mask\u00ebn\u201d: Kryeziu zb\u00ebrthen loj\u00ebn e Beogradit dhe heshtjen nd\u00ebrkomb\u00ebtare -\" \/>\n<meta property=\"og:description\" content=\"Prishtin\u00eb, 19 shtator 2025 N\u00eb nj\u00eb reagim t\u00eb fuqish\u00ebm, Kadri Kryeziu ka denoncuar qasjen e List\u00ebs Serbe si nj\u00eb strategji t\u00eb hapur p\u00ebr kriz\u00eb dhe\" \/>\n<meta property=\"og:url\" content=\"https:\/\/veritasinfo.org\/?p=12720\" \/>\n<meta property=\"article:published_time\" content=\"2025-09-19T14:00:23+00:00\" \/>\n<meta property=\"og:image\" content=\"https:\/\/veritasinfo.org\/wp-content\/uploads\/2025\/09\/Kadri-Kryeziu.png\" \/>\n\t<meta property=\"og:image:width\" content=\"534\" \/>\n\t<meta property=\"og:image:height\" content=\"432\" \/>\n\t<meta property=\"og:image:type\" content=\"image\/png\" \/>\n<meta name=\"author\" content=\"US6\" \/>\n<meta name=\"twitter:card\" content=\"summary_large_image\" \/>\n<meta name=\"twitter:label1\" content=\"Written by\" \/>\n\t<meta name=\"twitter:data1\" content=\"US6\" \/>\n\t<meta name=\"twitter:label2\" content=\"Est. reading time\" \/>\n\t<meta name=\"twitter:data2\" content=\"3 minutes\" \/>\n<script type=\"application\/ld+json\" class=\"yoast-schema-graph\">{\"@context\":\"https:\/\/schema.org\",\"@graph\":[{\"@type\":\"WebPage\",\"@id\":\"https:\/\/veritasinfo.org\/?p=12720\",\"url\":\"https:\/\/veritasinfo.org\/?p=12720\",\"name\":\"\u201cLista Serbe hoqi mask\u00ebn\u201d: Kryeziu zb\u00ebrthen loj\u00ebn e Beogradit dhe heshtjen nd\u00ebrkomb\u00ebtare -\",\"isPartOf\":{\"@id\":\"https:\/\/veritasinfo.org\/#website\"},\"primaryImageOfPage\":{\"@id\":\"https:\/\/veritasinfo.org\/?p=12720#primaryimage\"},\"image\":{\"@id\":\"https:\/\/veritasinfo.org\/?p=12720#primaryimage\"},\"thumbnailUrl\":\"https:\/\/veritasinfo.org\/wp-content\/uploads\/2025\/09\/Kadri-Kryeziu.png\",\"datePublished\":\"2025-09-19T14:00:23+00:00\",\"author\":{\"@id\":\"https:\/\/veritasinfo.org\/#\/schema\/person\/fe199eede04c3937362892b7444747cc\"},\"breadcrumb\":{\"@id\":\"https:\/\/veritasinfo.org\/?p=12720#breadcrumb\"},\"inLanguage\":\"en-US\",\"potentialAction\":[{\"@type\":\"ReadAction\",\"target\":[\"https:\/\/veritasinfo.org\/?p=12720\"]}]},{\"@type\":\"ImageObject\",\"inLanguage\":\"en-US\",\"@id\":\"https:\/\/veritasinfo.org\/?p=12720#primaryimage\",\"url\":\"https:\/\/veritasinfo.org\/wp-content\/uploads\/2025\/09\/Kadri-Kryeziu.png\",\"contentUrl\":\"https:\/\/veritasinfo.org\/wp-content\/uploads\/2025\/09\/Kadri-Kryeziu.png\",\"width\":534,\"height\":432},{\"@type\":\"BreadcrumbList\",\"@id\":\"https:\/\/veritasinfo.org\/?p=12720#breadcrumb\",\"itemListElement\":[{\"@type\":\"ListItem\",\"position\":1,\"name\":\"Home\",\"item\":\"https:\/\/veritasinfo.org\/\"},{\"@type\":\"ListItem\",\"position\":2,\"name\":\"\u201cLista Serbe hoqi mask\u00ebn\u201d: Kryeziu zb\u00ebrthen loj\u00ebn e Beogradit dhe heshtjen nd\u00ebrkomb\u00ebtare\"}]},{\"@type\":\"WebSite\",\"@id\":\"https:\/\/veritasinfo.org\/#website\",\"url\":\"https:\/\/veritasinfo.org\/\",\"name\":\"\",\"description\":\"\",\"potentialAction\":[{\"@type\":\"SearchAction\",\"target\":{\"@type\":\"EntryPoint\",\"urlTemplate\":\"https:\/\/veritasinfo.org\/?s={search_term_string}\"},\"query-input\":{\"@type\":\"PropertyValueSpecification\",\"valueRequired\":true,\"valueName\":\"search_term_string\"}}],\"inLanguage\":\"en-US\"},{\"@type\":\"Person\",\"@id\":\"https:\/\/veritasinfo.org\/#\/schema\/person\/fe199eede04c3937362892b7444747cc\",\"name\":\"US6\",\"image\":{\"@type\":\"ImageObject\",\"inLanguage\":\"en-US\",\"@id\":\"https:\/\/veritasinfo.org\/#\/schema\/person\/image\/\",\"url\":\"https:\/\/secure.gravatar.com\/avatar\/cb16c3c31c9d23b9b8c705964598220b3014e42ff51eb540ff23cefa3ae8c15f?s=96&d=mm&r=g\",\"contentUrl\":\"https:\/\/secure.gravatar.com\/avatar\/cb16c3c31c9d23b9b8c705964598220b3014e42ff51eb540ff23cefa3ae8c15f?s=96&d=mm&r=g\",\"caption\":\"US6\"},\"url\":\"https:\/\/veritasinfo.org\/?author=7\"}]}<\/script>\n<!-- \/ Yoast SEO plugin. -->","yoast_head_json":{"title":"\u201cLista Serbe hoqi mask\u00ebn\u201d: Kryeziu zb\u00ebrthen loj\u00ebn e Beogradit dhe heshtjen nd\u00ebrkomb\u00ebtare -","robots":{"index":"index","follow":"follow","max-snippet":"max-snippet:-1","max-image-preview":"max-image-preview:large","max-video-preview":"max-video-preview:-1"},"canonical":"https:\/\/veritasinfo.org\/?p=12720","og_locale":"en_US","og_type":"article","og_title":"\u201cLista Serbe hoqi mask\u00ebn\u201d: Kryeziu zb\u00ebrthen loj\u00ebn e Beogradit dhe heshtjen nd\u00ebrkomb\u00ebtare -","og_description":"Prishtin\u00eb, 19 shtator 2025 N\u00eb nj\u00eb reagim t\u00eb fuqish\u00ebm, Kadri Kryeziu ka denoncuar qasjen e List\u00ebs Serbe si nj\u00eb strategji t\u00eb hapur p\u00ebr kriz\u00eb dhe","og_url":"https:\/\/veritasinfo.org\/?p=12720","article_published_time":"2025-09-19T14:00:23+00:00","og_image":[{"width":534,"height":432,"url":"https:\/\/veritasinfo.org\/wp-content\/uploads\/2025\/09\/Kadri-Kryeziu.png","type":"image\/png"}],"author":"US6","twitter_card":"summary_large_image","twitter_misc":{"Written by":"US6","Est. reading time":"3 minutes"},"schema":{"@context":"https:\/\/schema.org","@graph":[{"@type":"WebPage","@id":"https:\/\/veritasinfo.org\/?p=12720","url":"https:\/\/veritasinfo.org\/?p=12720","name":"\u201cLista Serbe hoqi mask\u00ebn\u201d: Kryeziu zb\u00ebrthen loj\u00ebn e Beogradit dhe heshtjen nd\u00ebrkomb\u00ebtare -","isPartOf":{"@id":"https:\/\/veritasinfo.org\/#website"},"primaryImageOfPage":{"@id":"https:\/\/veritasinfo.org\/?p=12720#primaryimage"},"image":{"@id":"https:\/\/veritasinfo.org\/?p=12720#primaryimage"},"thumbnailUrl":"https:\/\/veritasinfo.org\/wp-content\/uploads\/2025\/09\/Kadri-Kryeziu.png","datePublished":"2025-09-19T14:00:23+00:00","author":{"@id":"https:\/\/veritasinfo.org\/#\/schema\/person\/fe199eede04c3937362892b7444747cc"},"breadcrumb":{"@id":"https:\/\/veritasinfo.org\/?p=12720#breadcrumb"},"inLanguage":"en-US","potentialAction":[{"@type":"ReadAction","target":["https:\/\/veritasinfo.org\/?p=12720"]}]},{"@type":"ImageObject","inLanguage":"en-US","@id":"https:\/\/veritasinfo.org\/?p=12720#primaryimage","url":"https:\/\/veritasinfo.org\/wp-content\/uploads\/2025\/09\/Kadri-Kryeziu.png","contentUrl":"https:\/\/veritasinfo.org\/wp-content\/uploads\/2025\/09\/Kadri-Kryeziu.png","width":534,"height":432},{"@type":"BreadcrumbList","@id":"https:\/\/veritasinfo.org\/?p=12720#breadcrumb","itemListElement":[{"@type":"ListItem","position":1,"name":"Home","item":"https:\/\/veritasinfo.org\/"},{"@type":"ListItem","position":2,"name":"\u201cLista Serbe hoqi mask\u00ebn\u201d: Kryeziu zb\u00ebrthen loj\u00ebn e Beogradit dhe heshtjen nd\u00ebrkomb\u00ebtare"}]},{"@type":"WebSite","@id":"https:\/\/veritasinfo.org\/#website","url":"https:\/\/veritasinfo.org\/","name":"","description":"","potentialAction":[{"@type":"SearchAction","target":{"@type":"EntryPoint","urlTemplate":"https:\/\/veritasinfo.org\/?s={search_term_string}"},"query-input":{"@type":"PropertyValueSpecification","valueRequired":true,"valueName":"search_term_string"}}],"inLanguage":"en-US"},{"@type":"Person","@id":"https:\/\/veritasinfo.org\/#\/schema\/person\/fe199eede04c3937362892b7444747cc","name":"US6","image":{"@type":"ImageObject","inLanguage":"en-US","@id":"https:\/\/veritasinfo.org\/#\/schema\/person\/image\/","url":"https:\/\/secure.gravatar.com\/avatar\/cb16c3c31c9d23b9b8c705964598220b3014e42ff51eb540ff23cefa3ae8c15f?s=96&d=mm&r=g","contentUrl":"https:\/\/secure.gravatar.com\/avatar\/cb16c3c31c9d23b9b8c705964598220b3014e42ff51eb540ff23cefa3ae8c15f?s=96&d=mm&r=g","caption":"US6"},"url":"https:\/\/veritasinfo.org\/?author=7"}]}},"featured_image_urls":{"full":["https:\/\/veritasinfo.org\/wp-content\/uploads\/2025\/09\/Kadri-Kryeziu.png",534,432,false],"thumbnail":["https:\/\/veritasinfo.org\/wp-content\/uploads\/2025\/09\/Kadri-Kryeziu-150x150.png",150,150,true],"medium":["https:\/\/veritasinfo.org\/wp-content\/uploads\/2025\/09\/Kadri-Kryeziu-300x243.png",300,243,true],"medium_large":["https:\/\/veritasinfo.org\/wp-content\/uploads\/2025\/09\/Kadri-Kryeziu.png",534,432,false],"large":["https:\/\/veritasinfo.org\/wp-content\/uploads\/2025\/09\/Kadri-Kryeziu.png",534,432,false],"1536x1536":["https:\/\/veritasinfo.org\/wp-content\/uploads\/2025\/09\/Kadri-Kryeziu.png",534,432,false],"2048x2048":["https:\/\/veritasinfo.org\/wp-content\/uploads\/2025\/09\/Kadri-Kryeziu.png",534,432,false],"kreeti-slider-full":["https:\/\/veritasinfo.org\/wp-content\/uploads\/2025\/09\/Kadri-Kryeziu.png",534,432,false],"kreeti-featured":["https:\/\/veritasinfo.org\/wp-content\/uploads\/2025\/09\/Kadri-Kryeziu.png",534,432,false],"kreeti-medium":["https:\/\/veritasinfo.org\/wp-content\/uploads\/2025\/09\/Kadri-Kryeziu.png",534,432,false],"kreeti-medium-square":["https:\/\/veritasinfo.org\/wp-content\/uploads\/2025\/09\/Kadri-Kryeziu.png",350,283,false]},"author_info":{"info":["US6"]},"category_info":"<a href=\"https:\/\/veritasinfo.org\/?cat=58\" rel=\"category\">Politik\u00eb<\/a>","tag_info":"Politik\u00eb","comment_count":"0","_links":{"self":[{"href":"https:\/\/veritasinfo.org\/index.php?rest_route=\/wp\/v2\/posts\/12720","targetHints":{"allow":["GET"]}}],"collection":[{"href":"https:\/\/veritasinfo.org\/index.php?rest_route=\/wp\/v2\/posts"}],"about":[{"href":"https:\/\/veritasinfo.org\/index.php?rest_route=\/wp\/v2\/types\/post"}],"author":[{"embeddable":true,"href":"https:\/\/veritasinfo.org\/index.php?rest_route=\/wp\/v2\/users\/7"}],"replies":[{"embeddable":true,"href":"https:\/\/veritasinfo.org\/index.php?rest_route=%2Fwp%2Fv2%2Fcomments&post=12720"}],"version-history":[{"count":1,"href":"https:\/\/veritasinfo.org\/index.php?rest_route=\/wp\/v2\/posts\/12720\/revisions"}],"predecessor-version":[{"id":12723,"href":"https:\/\/veritasinfo.org\/index.php?rest_route=\/wp\/v2\/posts\/12720\/revisions\/12723"}],"wp:featuredmedia":[{"embeddable":true,"href":"https:\/\/veritasinfo.org\/index.php?rest_route=\/wp\/v2\/media\/12722"}],"wp:attachment":[{"href":"https:\/\/veritasinfo.org\/index.php?rest_route=%2Fwp%2Fv2%2Fmedia&parent=12720"}],"wp:term":[{"taxonomy":"category","embeddable":true,"href":"https:\/\/veritasinfo.org\/index.php?rest_route=%2Fwp%2Fv2%2Fcategories&post=12720"},{"taxonomy":"post_tag","embeddable":true,"href":"https:\/\/veritasinfo.org\/index.php?rest_route=%2Fwp%2Fv2%2Ftags&post=12720"}],"curies":[{"name":"wp","href":"https:\/\/api.w.org\/{rel}","templated":true}]}}