{"id":12678,"date":"2025-09-19T14:05:13","date_gmt":"2025-09-19T12:05:13","guid":{"rendered":"https:\/\/veritasinfo.org\/?p=12678"},"modified":"2025-09-19T14:05:13","modified_gmt":"2025-09-19T12:05:13","slug":"aktakuze-ne-mungese-ndaj-dy-ish-pjesetareve-te-forcave-serbe-per-krime-lufte-ne-gjakove","status":"publish","type":"post","link":"https:\/\/veritasinfo.org\/?p=12678","title":{"rendered":"Aktakuz\u00eb n\u00eb munges\u00eb ndaj dy ish-pjes\u00ebtar\u00ebve t\u00eb forcave serbe p\u00ebr krime lufte n\u00eb Gjakov\u00eb"},"content":{"rendered":"<p>Gjakov\u00eb 19 Shtator 2025<\/p>\n<p>Prokuroria Speciale ka ngritur aktakuz\u00eb n\u00eb munges\u00eb p\u00ebr krime lufte ndaj L.D. dhe V.O. Sipas njoftimit t\u00eb Prokuroris\u00eb t\u00eb pandehurit akuzohen, se gjat\u00eb periudh\u00ebs 1998 \u2013 1999 n\u00eb Gjakov\u00eb, duke vepruar n\u00eb bashk\u00ebkryerje me pjes\u00ebtar\u00eb tjer\u00eb t\u00eb forcave policore dhe ushtarake serbe, kan\u00eb shkelur rregullat e s\u00eb drejt\u00ebs nd\u00ebrkomb\u00ebtare, duke marr\u00eb pjes\u00eb n\u00eb vrasje, keqtrajtime, arrestime, vjedhje dhe shkat\u00ebrrime t\u00eb pasuris\u00eb t\u00eb popullsis\u00eb civile t\u00eb nacionalitetit shqiptar.<\/p>\n<p>\u201cSipas aktakuz\u00ebs, m\u00eb 25 dhe 26 mars 1999, n\u00eb rrug\u00ebn \u201cTahir Efendiu\u201d, gjat\u00eb nj\u00eb aksioni t\u00eb forcave policore serbe, ku mor\u00ebn pjes\u00eb edhe t\u00eb pandehurit n\u00eb cil\u00ebsin\u00eb e zyrtar\u00ebve policor\u00eb, \u00ebsht\u00eb vrar\u00eb nj\u00eb civil dhe jan\u00eb keqtrajtuar gjasht\u00eb civil\u00eb t\u00eb nacionalitetit shqiptar\u201d, thuhet n\u00eb njoftim.<\/p>\n<p>Tutje thuhet se ekziston dyshimi i bazuar mir\u00eb se, t\u00eb pandehurit, n\u00eb bashk\u00ebkryerje, kishin rrethuar sht\u00ebpin\u00eb e t\u00eb d\u00ebmtuarit N.K., ku ndodheshin N.K., M.M., S. G., B.G., B.Sh., A.C., dhe Q.Sh., t\u00eb cil\u00ebt thuhet se jan\u00eb keqtrajtuar fizikisht dhe psikikisht.<\/p>\n<p>T\u00eb akuzuarit thuhet se i kishin detyruar t\u00eb ngarkojn\u00eb n\u00eb kamionet\u00ebn e policis\u00eb t\u00eb gjitha materialet e ndihm\u00ebs q\u00eb ndodheshin n\u00eb objektin e shoqat\u00ebs humanitare \u201cN\u00ebn\u00eb Tereza\u201d, dhe m\u00eb pas i kan\u00eb futur me dhun\u00eb n\u00eb nj\u00eb kamion dhe i kan\u00eb d\u00ebrguar n\u00eb stacionin policor t\u00eb Gjakov\u00ebs.<\/p>\n<p>\u201cNd\u00ebrsa, n\u00eb stacionin policor, t\u00eb d\u00ebmtuarit jan\u00eb ndar\u00eb n\u00ebp\u00ebr qeli t\u00eb ndryshme, ku kan\u00eb q\u00ebndruar p\u00ebr 24 or\u00eb pa ushqim, pa uj\u00eb dhe pa ndihm\u00eb mjek\u00ebsore, duke u rrahur dhe maltretuar vazhdimisht nga ana e t\u00eb pandehurve dhe pjes\u00ebtar\u00ebve t\u00eb tjer\u00eb t\u00eb policis\u00eb serbe me shufra gome, shqelma dhe grushte\u201d, thuhet n\u00eb njoftim.<\/p>\n<p>I arrestuari M.M., n\u00eb dit\u00ebn kur \u00ebsht\u00eb nxjerr\u00eb nga qelia, m\u00eb 26 mars 1999 , ishte gjetur i vrar\u00eb n\u00eb af\u00ebrsi t\u00eb ur\u00ebs s\u00eb Taliqit, n\u00eb Gjakov\u00eb.<\/p>\n<p>Prokuroria Speciale ka ngritur s\u00eb fundi disa akuza p\u00ebr krime, t\u00eb cilat jan\u00eb kryer nga forcat serbe gjat\u00eb luft\u00ebs s\u00eb viteve 1998-1999 n\u00eb Kosov\u00eb.<\/p>\n<p>N\u00eb gusht kjo Prokurori ka dor\u00ebzuar n\u00eb gjykat\u00eb edhe nj\u00eb aktakuz\u00eb n\u00eb munges\u00eb kund\u00ebr 21 t\u00eb dyshuarve p\u00ebr d\u00ebbimin me forc\u00eb t\u00eb m\u00eb shum\u00eb se 800 mij\u00eb civil\u00ebve shqiptar\u00eb nga Kosova gjat\u00eb luft\u00ebs.<\/p>\n<p>Q\u00eb nga p\u00ebrfundimi i luft\u00ebs, dhjet\u00ebra persona jan\u00eb d\u00ebnuar p\u00ebr krime lufte para institucioneve vendore dhe nd\u00ebrkomb\u00ebtare. Nga viti 2000 deri m\u00eb 2008, krimet e luft\u00ebs jan\u00eb hetuar nga Misioni i Kombeve t\u00eb Bashkuara n\u00eb Kosov\u00eb (UNMIK), nd\u00ebrsa q\u00eb prej vitit 2008, nga Misioni i Bashkimit Evropian p\u00ebr Sundim t\u00eb Ligjit (EULEX). M\u00eb 2018, EULEX-i i ka dor\u00ebzuar l\u00ebnd\u00ebt n\u00eb Prokurorin\u00eb e Kosov\u00ebs dhe n\u00eb gjykata vendore.<\/p>\n<p>Gjat\u00eb luft\u00ebs n\u00eb Kosov\u00eb jan\u00eb vrar\u00eb m\u00eb shum\u00eb se 13.000 civil\u00eb dhe me mij\u00ebra t\u00eb tjer\u00eb jan\u00eb zhdukur. Af\u00ebr 1.600 persona vazhdojn\u00eb t\u00eb jen\u00eb ende t\u00eb pagjetur \u2013 pjesa m\u00eb e madhe e tyre shqiptar\u00eb.<\/p>\n","protected":false},"excerpt":{"rendered":"<p>Gjakov\u00eb 19 Shtator 2025 Prokuroria Speciale ka ngritur aktakuz\u00eb n\u00eb munges\u00eb p\u00ebr krime lufte ndaj L.D. dhe V.O. Sipas njoftimit t\u00eb Prokuroris\u00eb t\u00eb pandehurit akuzohen,<\/p>\n","protected":false},"author":6,"featured_media":12679,"comment_status":"open","ping_status":"open","sticky":false,"template":"","format":"standard","meta":{"footnotes":""},"categories":[60],"tags":[],"class_list":["post-12678","post","type-post","status-publish","format-standard","has-post-thumbnail","hentry","category-shoqerore-sq"],"yoast_head":"<!-- This site is optimized with the Yoast SEO plugin v25.3.1 - https:\/\/yoast.com\/wordpress\/plugins\/seo\/ -->\n<title>Aktakuz\u00eb n\u00eb munges\u00eb ndaj dy ish-pjes\u00ebtar\u00ebve t\u00eb forcave serbe p\u00ebr krime lufte n\u00eb Gjakov\u00eb -<\/title>\n<meta name=\"robots\" content=\"index, follow, max-snippet:-1, max-image-preview:large, max-video-preview:-1\" \/>\n<link rel=\"canonical\" href=\"https:\/\/veritasinfo.org\/?p=12678\" \/>\n<meta property=\"og:locale\" content=\"en_US\" \/>\n<meta property=\"og:type\" content=\"article\" \/>\n<meta property=\"og:title\" content=\"Aktakuz\u00eb n\u00eb munges\u00eb ndaj dy ish-pjes\u00ebtar\u00ebve t\u00eb forcave serbe p\u00ebr krime lufte n\u00eb Gjakov\u00eb -\" \/>\n<meta property=\"og:description\" content=\"Gjakov\u00eb 19 Shtator 2025 Prokuroria Speciale ka ngritur aktakuz\u00eb n\u00eb munges\u00eb p\u00ebr krime lufte ndaj L.D. dhe V.O. Sipas njoftimit t\u00eb Prokuroris\u00eb t\u00eb pandehurit akuzohen,\" \/>\n<meta property=\"og:url\" content=\"https:\/\/veritasinfo.org\/?p=12678\" \/>\n<meta property=\"article:published_time\" content=\"2025-09-19T12:05:13+00:00\" \/>\n<meta property=\"og:image\" content=\"https:\/\/veritasinfo.org\/wp-content\/uploads\/2025\/09\/48236b0d-c931-486b-a3af-c8310913b632.webp\" \/>\n\t<meta property=\"og:image:width\" content=\"1360\" \/>\n\t<meta property=\"og:image:height\" content=\"870\" \/>\n\t<meta property=\"og:image:type\" content=\"image\/webp\" \/>\n<meta name=\"author\" content=\"US5\" \/>\n<meta name=\"twitter:card\" content=\"summary_large_image\" \/>\n<meta name=\"twitter:label1\" content=\"Written by\" \/>\n\t<meta name=\"twitter:data1\" content=\"US5\" \/>\n\t<meta name=\"twitter:label2\" content=\"Est. reading time\" \/>\n\t<meta name=\"twitter:data2\" content=\"3 minutes\" \/>\n<script type=\"application\/ld+json\" class=\"yoast-schema-graph\">{\"@context\":\"https:\/\/schema.org\",\"@graph\":[{\"@type\":\"WebPage\",\"@id\":\"https:\/\/veritasinfo.org\/?p=12678\",\"url\":\"https:\/\/veritasinfo.org\/?p=12678\",\"name\":\"Aktakuz\u00eb n\u00eb munges\u00eb ndaj dy ish-pjes\u00ebtar\u00ebve t\u00eb forcave serbe p\u00ebr krime lufte n\u00eb Gjakov\u00eb -\",\"isPartOf\":{\"@id\":\"https:\/\/veritasinfo.org\/#website\"},\"primaryImageOfPage\":{\"@id\":\"https:\/\/veritasinfo.org\/?p=12678#primaryimage\"},\"image\":{\"@id\":\"https:\/\/veritasinfo.org\/?p=12678#primaryimage\"},\"thumbnailUrl\":\"https:\/\/veritasinfo.org\/wp-content\/uploads\/2025\/09\/48236b0d-c931-486b-a3af-c8310913b632.webp\",\"datePublished\":\"2025-09-19T12:05:13+00:00\",\"author\":{\"@id\":\"https:\/\/veritasinfo.org\/#\/schema\/person\/bc442336e35414d04494ab8fb45db4c6\"},\"breadcrumb\":{\"@id\":\"https:\/\/veritasinfo.org\/?p=12678#breadcrumb\"},\"inLanguage\":\"en-US\",\"potentialAction\":[{\"@type\":\"ReadAction\",\"target\":[\"https:\/\/veritasinfo.org\/?p=12678\"]}]},{\"@type\":\"ImageObject\",\"inLanguage\":\"en-US\",\"@id\":\"https:\/\/veritasinfo.org\/?p=12678#primaryimage\",\"url\":\"https:\/\/veritasinfo.org\/wp-content\/uploads\/2025\/09\/48236b0d-c931-486b-a3af-c8310913b632.webp\",\"contentUrl\":\"https:\/\/veritasinfo.org\/wp-content\/uploads\/2025\/09\/48236b0d-c931-486b-a3af-c8310913b632.webp\",\"width\":1360,\"height\":870},{\"@type\":\"BreadcrumbList\",\"@id\":\"https:\/\/veritasinfo.org\/?p=12678#breadcrumb\",\"itemListElement\":[{\"@type\":\"ListItem\",\"position\":1,\"name\":\"Home\",\"item\":\"https:\/\/veritasinfo.org\/\"},{\"@type\":\"ListItem\",\"position\":2,\"name\":\"Aktakuz\u00eb n\u00eb munges\u00eb ndaj dy ish-pjes\u00ebtar\u00ebve t\u00eb forcave serbe p\u00ebr krime lufte n\u00eb Gjakov\u00eb\"}]},{\"@type\":\"WebSite\",\"@id\":\"https:\/\/veritasinfo.org\/#website\",\"url\":\"https:\/\/veritasinfo.org\/\",\"name\":\"\",\"description\":\"\",\"potentialAction\":[{\"@type\":\"SearchAction\",\"target\":{\"@type\":\"EntryPoint\",\"urlTemplate\":\"https:\/\/veritasinfo.org\/?s={search_term_string}\"},\"query-input\":{\"@type\":\"PropertyValueSpecification\",\"valueRequired\":true,\"valueName\":\"search_term_string\"}}],\"inLanguage\":\"en-US\"},{\"@type\":\"Person\",\"@id\":\"https:\/\/veritasinfo.org\/#\/schema\/person\/bc442336e35414d04494ab8fb45db4c6\",\"name\":\"US5\",\"image\":{\"@type\":\"ImageObject\",\"inLanguage\":\"en-US\",\"@id\":\"https:\/\/veritasinfo.org\/#\/schema\/person\/image\/\",\"url\":\"https:\/\/secure.gravatar.com\/avatar\/16a61e7272a0c5d001121ebb9e60e925d5816e4ac1e443ed3e640d9a6ae55d0c?s=96&d=mm&r=g\",\"contentUrl\":\"https:\/\/secure.gravatar.com\/avatar\/16a61e7272a0c5d001121ebb9e60e925d5816e4ac1e443ed3e640d9a6ae55d0c?s=96&d=mm&r=g\",\"caption\":\"US5\"},\"url\":\"https:\/\/veritasinfo.org\/?author=6\"}]}<\/script>\n<!-- \/ Yoast SEO plugin. -->","yoast_head_json":{"title":"Aktakuz\u00eb n\u00eb munges\u00eb ndaj dy ish-pjes\u00ebtar\u00ebve t\u00eb forcave serbe p\u00ebr krime lufte n\u00eb Gjakov\u00eb -","robots":{"index":"index","follow":"follow","max-snippet":"max-snippet:-1","max-image-preview":"max-image-preview:large","max-video-preview":"max-video-preview:-1"},"canonical":"https:\/\/veritasinfo.org\/?p=12678","og_locale":"en_US","og_type":"article","og_title":"Aktakuz\u00eb n\u00eb munges\u00eb ndaj dy ish-pjes\u00ebtar\u00ebve t\u00eb forcave serbe p\u00ebr krime lufte n\u00eb Gjakov\u00eb -","og_description":"Gjakov\u00eb 19 Shtator 2025 Prokuroria Speciale ka ngritur aktakuz\u00eb n\u00eb munges\u00eb p\u00ebr krime lufte ndaj L.D. dhe V.O. Sipas njoftimit t\u00eb Prokuroris\u00eb t\u00eb pandehurit akuzohen,","og_url":"https:\/\/veritasinfo.org\/?p=12678","article_published_time":"2025-09-19T12:05:13+00:00","og_image":[{"width":1360,"height":870,"url":"https:\/\/veritasinfo.org\/wp-content\/uploads\/2025\/09\/48236b0d-c931-486b-a3af-c8310913b632.webp","type":"image\/webp"}],"author":"US5","twitter_card":"summary_large_image","twitter_misc":{"Written by":"US5","Est. reading time":"3 minutes"},"schema":{"@context":"https:\/\/schema.org","@graph":[{"@type":"WebPage","@id":"https:\/\/veritasinfo.org\/?p=12678","url":"https:\/\/veritasinfo.org\/?p=12678","name":"Aktakuz\u00eb n\u00eb munges\u00eb ndaj dy ish-pjes\u00ebtar\u00ebve t\u00eb forcave serbe p\u00ebr krime lufte n\u00eb Gjakov\u00eb -","isPartOf":{"@id":"https:\/\/veritasinfo.org\/#website"},"primaryImageOfPage":{"@id":"https:\/\/veritasinfo.org\/?p=12678#primaryimage"},"image":{"@id":"https:\/\/veritasinfo.org\/?p=12678#primaryimage"},"thumbnailUrl":"https:\/\/veritasinfo.org\/wp-content\/uploads\/2025\/09\/48236b0d-c931-486b-a3af-c8310913b632.webp","datePublished":"2025-09-19T12:05:13+00:00","author":{"@id":"https:\/\/veritasinfo.org\/#\/schema\/person\/bc442336e35414d04494ab8fb45db4c6"},"breadcrumb":{"@id":"https:\/\/veritasinfo.org\/?p=12678#breadcrumb"},"inLanguage":"en-US","potentialAction":[{"@type":"ReadAction","target":["https:\/\/veritasinfo.org\/?p=12678"]}]},{"@type":"ImageObject","inLanguage":"en-US","@id":"https:\/\/veritasinfo.org\/?p=12678#primaryimage","url":"https:\/\/veritasinfo.org\/wp-content\/uploads\/2025\/09\/48236b0d-c931-486b-a3af-c8310913b632.webp","contentUrl":"https:\/\/veritasinfo.org\/wp-content\/uploads\/2025\/09\/48236b0d-c931-486b-a3af-c8310913b632.webp","width":1360,"height":870},{"@type":"BreadcrumbList","@id":"https:\/\/veritasinfo.org\/?p=12678#breadcrumb","itemListElement":[{"@type":"ListItem","position":1,"name":"Home","item":"https:\/\/veritasinfo.org\/"},{"@type":"ListItem","position":2,"name":"Aktakuz\u00eb n\u00eb munges\u00eb ndaj dy ish-pjes\u00ebtar\u00ebve t\u00eb forcave serbe p\u00ebr krime lufte n\u00eb Gjakov\u00eb"}]},{"@type":"WebSite","@id":"https:\/\/veritasinfo.org\/#website","url":"https:\/\/veritasinfo.org\/","name":"","description":"","potentialAction":[{"@type":"SearchAction","target":{"@type":"EntryPoint","urlTemplate":"https:\/\/veritasinfo.org\/?s={search_term_string}"},"query-input":{"@type":"PropertyValueSpecification","valueRequired":true,"valueName":"search_term_string"}}],"inLanguage":"en-US"},{"@type":"Person","@id":"https:\/\/veritasinfo.org\/#\/schema\/person\/bc442336e35414d04494ab8fb45db4c6","name":"US5","image":{"@type":"ImageObject","inLanguage":"en-US","@id":"https:\/\/veritasinfo.org\/#\/schema\/person\/image\/","url":"https:\/\/secure.gravatar.com\/avatar\/16a61e7272a0c5d001121ebb9e60e925d5816e4ac1e443ed3e640d9a6ae55d0c?s=96&d=mm&r=g","contentUrl":"https:\/\/secure.gravatar.com\/avatar\/16a61e7272a0c5d001121ebb9e60e925d5816e4ac1e443ed3e640d9a6ae55d0c?s=96&d=mm&r=g","caption":"US5"},"url":"https:\/\/veritasinfo.org\/?author=6"}]}},"featured_image_urls":{"full":["https:\/\/veritasinfo.org\/wp-content\/uploads\/2025\/09\/48236b0d-c931-486b-a3af-c8310913b632.webp",1360,870,false],"thumbnail":["https:\/\/veritasinfo.org\/wp-content\/uploads\/2025\/09\/48236b0d-c931-486b-a3af-c8310913b632-150x150.webp",150,150,true],"medium":["https:\/\/veritasinfo.org\/wp-content\/uploads\/2025\/09\/48236b0d-c931-486b-a3af-c8310913b632-300x192.webp",300,192,true],"medium_large":["https:\/\/veritasinfo.org\/wp-content\/uploads\/2025\/09\/48236b0d-c931-486b-a3af-c8310913b632-768x491.webp",640,409,true],"large":["https:\/\/veritasinfo.org\/wp-content\/uploads\/2025\/09\/48236b0d-c931-486b-a3af-c8310913b632-1024x655.webp",640,409,true],"1536x1536":["https:\/\/veritasinfo.org\/wp-content\/uploads\/2025\/09\/48236b0d-c931-486b-a3af-c8310913b632.webp",1360,870,false],"2048x2048":["https:\/\/veritasinfo.org\/wp-content\/uploads\/2025\/09\/48236b0d-c931-486b-a3af-c8310913b632.webp",1360,870,false],"kreeti-slider-full":["https:\/\/veritasinfo.org\/wp-content\/uploads\/2025\/09\/48236b0d-c931-486b-a3af-c8310913b632.webp",1126,720,false],"kreeti-featured":["https:\/\/veritasinfo.org\/wp-content\/uploads\/2025\/09\/48236b0d-c931-486b-a3af-c8310913b632.webp",1024,655,false],"kreeti-medium":["https:\/\/veritasinfo.org\/wp-content\/uploads\/2025\/09\/48236b0d-c931-486b-a3af-c8310913b632.webp",720,461,false],"kreeti-medium-square":["https:\/\/veritasinfo.org\/wp-content\/uploads\/2025\/09\/48236b0d-c931-486b-a3af-c8310913b632.webp",350,224,false]},"author_info":{"info":["US5"]},"category_info":"<a href=\"https:\/\/veritasinfo.org\/?cat=60\" rel=\"category\">Shoq\u00ebrore<\/a>","tag_info":"Shoq\u00ebrore","comment_count":"0","_links":{"self":[{"href":"https:\/\/veritasinfo.org\/index.php?rest_route=\/wp\/v2\/posts\/12678","targetHints":{"allow":["GET"]}}],"collection":[{"href":"https:\/\/veritasinfo.org\/index.php?rest_route=\/wp\/v2\/posts"}],"about":[{"href":"https:\/\/veritasinfo.org\/index.php?rest_route=\/wp\/v2\/types\/post"}],"author":[{"embeddable":true,"href":"https:\/\/veritasinfo.org\/index.php?rest_route=\/wp\/v2\/users\/6"}],"replies":[{"embeddable":true,"href":"https:\/\/veritasinfo.org\/index.php?rest_route=%2Fwp%2Fv2%2Fcomments&post=12678"}],"version-history":[{"count":1,"href":"https:\/\/veritasinfo.org\/index.php?rest_route=\/wp\/v2\/posts\/12678\/revisions"}],"predecessor-version":[{"id":12680,"href":"https:\/\/veritasinfo.org\/index.php?rest_route=\/wp\/v2\/posts\/12678\/revisions\/12680"}],"wp:featuredmedia":[{"embeddable":true,"href":"https:\/\/veritasinfo.org\/index.php?rest_route=\/wp\/v2\/media\/12679"}],"wp:attachment":[{"href":"https:\/\/veritasinfo.org\/index.php?rest_route=%2Fwp%2Fv2%2Fmedia&parent=12678"}],"wp:term":[{"taxonomy":"category","embeddable":true,"href":"https:\/\/veritasinfo.org\/index.php?rest_route=%2Fwp%2Fv2%2Fcategories&post=12678"},{"taxonomy":"post_tag","embeddable":true,"href":"https:\/\/veritasinfo.org\/index.php?rest_route=%2Fwp%2Fv2%2Ftags&post=12678"}],"curies":[{"name":"wp","href":"https:\/\/api.w.org\/{rel}","templated":true}]}}