{"id":12660,"date":"2025-09-19T12:54:18","date_gmt":"2025-09-19T10:54:18","guid":{"rendered":"https:\/\/veritasinfo.org\/?p=12660"},"modified":"2025-09-19T12:54:18","modified_gmt":"2025-09-19T10:54:18","slug":"murati-besojme-ne-pafajesine-e-ish-krereve-te-uck-se-ne-hage","status":"publish","type":"post","link":"https:\/\/veritasinfo.org\/?p=12660","title":{"rendered":"Murati: Besojm\u00eb n\u00eb pafaj\u00ebsin\u00eb e ish-krer\u00ebve t\u00eb U\u00c7K-s\u00eb n\u00eb Hag\u00eb"},"content":{"rendered":"<p>Prishtinw,19 shtator 2025<\/p>\n<p>Ministri n\u00eb detyr\u00eb i Financave, Hekuran Murati, ka deklaruar se Qeveria e Kosov\u00ebs beson se Gjykata Speciale do t\u2019i shpall\u00eb t\u00eb pafajsh\u00ebm ish-krer\u00ebt e Ushtris\u00eb \u00c7lirimtare t\u00eb Kosov\u00ebs, t\u00eb cil\u00ebt po gjykohen n\u00eb Hag\u00eb.<\/p>\n<p>Murati b\u00ebri k\u00ebto komente pas mbledhjes s\u00eb Qeveris\u00eb, kur u pyet p\u00ebr d\u00ebshmin\u00eb e ish-ndihm\u00ebsit t\u00eb sekretarit amerikan t\u00eb Shtetit, James Rubin.<\/p>\n<p>\u201cNe shpresojm\u00eb, besojm\u00eb dhe urojm\u00eb n\u00eb pafaj\u00ebsi, pra q\u00eb Gjykata t\u00eb nxjerr\u00eb verdiktin e pafaj\u00ebsis\u00eb p\u00ebr t\u00eb gjith\u00eb ata q\u00eb po gjykohen atje dhe t\u00eb kthehen k\u00ebtu. Pastaj jan\u00eb \u00e7\u00ebshtje t\u00eb tjera ato se \u00e7far\u00eb ka ndodhur gjat\u00eb procesit t\u00eb qeverisjeve\u201d, tha Murati.<\/p>\n<p>Ai gjithashtu shtoi se Qeveria vazhdon t\u00eb mbaj\u00eb q\u00ebndrim kritik ndaj Gjykat\u00ebs Speciale:<br \/>\n\u201cSa i p\u00ebrket Gjykat\u00ebs Speciale si t\u00eb till\u00eb, ne qysh at\u00ebher\u00eb e kemi th\u00ebn\u00eb t\u00eb nj\u00ebjtin q\u00ebndrim q\u00eb ka qen\u00eb dhe \u00ebsht\u00eb gjykat\u00eb e padrejt\u00eb dhe ne besojm\u00eb n\u00eb pafaj\u00ebsin\u00eb e luft\u00ebtar\u00ebve t\u00eb Ushtris\u00eb \u00c7lirimtare t\u00eb Kosov\u00ebs\u201d, deklaroi Murati.<\/p>\n<p>N\u00eb baz\u00eb t\u00eb aktakuz\u00ebs s\u00eb ZPS-s\u00eb, e publikuar n\u00eb shkurt t\u00eb vitit 2023, ish-presidenti Hashim Tha\u00e7i, ish-kryeparlamentar\u00ebt Kadri Veseli e Jakup Krasniqi, si dhe ish-shefi i deputet\u00ebve t\u00eb Vet\u00ebvendosjes, Rexhep Selimi, akuzohen p\u00ebr nd\u00ebrmarrje t\u00eb p\u00ebrbashk\u00ebt kriminale lidhur me krime lufte dhe krime kund\u00ebr njer\u00ebzimit gjat\u00eb periudh\u00ebs 1998\u20131999.<\/p>\n<p>Sipas ZPS-s\u00eb, t\u00eb akuzuarit jan\u00eb p\u00ebrfshir\u00eb n\u00eb rreth 100 vrasje dhe trajtim mizor n\u00eb rreth 40 qendra ndalimi. Ish-drejtuesit e Shtabit t\u00eb P\u00ebrgjithsh\u00ebm t\u00eb U\u00c7K-s\u00eb kan\u00eb mohuar t\u00eb gjitha k\u00ebto akuza, duke th\u00ebn\u00eb se U\u00c7K-ja kishte p\u00ebr q\u00ebllim luftimin e forcave serbe dhe jo t\u00eb civil\u00ebve, dhe se komandant\u00ebt e zonave kishin pesh\u00ebn kryesore n\u00eb hierarki.<\/p>\n<p>&nbsp;<\/p>\n","protected":false},"excerpt":{"rendered":"<p>Prishtinw,19 shtator 2025 Ministri n\u00eb detyr\u00eb i Financave, Hekuran Murati, ka deklaruar se Qeveria e Kosov\u00ebs beson se Gjykata Speciale do t\u2019i shpall\u00eb t\u00eb pafajsh\u00ebm<\/p>\n","protected":false},"author":7,"featured_media":12661,"comment_status":"open","ping_status":"open","sticky":false,"template":"","format":"standard","meta":{"footnotes":""},"categories":[58],"tags":[],"class_list":["post-12660","post","type-post","status-publish","format-standard","has-post-thumbnail","hentry","category-politike-sq"],"yoast_head":"<!-- This site is optimized with the Yoast SEO plugin v25.3.1 - https:\/\/yoast.com\/wordpress\/plugins\/seo\/ -->\n<title>Murati: Besojm\u00eb n\u00eb pafaj\u00ebsin\u00eb e ish-krer\u00ebve t\u00eb U\u00c7K-s\u00eb n\u00eb Hag\u00eb -<\/title>\n<meta name=\"robots\" content=\"index, follow, max-snippet:-1, max-image-preview:large, max-video-preview:-1\" \/>\n<link rel=\"canonical\" href=\"https:\/\/veritasinfo.org\/?p=12660\" \/>\n<meta property=\"og:locale\" content=\"en_US\" \/>\n<meta property=\"og:type\" content=\"article\" \/>\n<meta property=\"og:title\" content=\"Murati: Besojm\u00eb n\u00eb pafaj\u00ebsin\u00eb e ish-krer\u00ebve t\u00eb U\u00c7K-s\u00eb n\u00eb Hag\u00eb -\" \/>\n<meta property=\"og:description\" content=\"Prishtinw,19 shtator 2025 Ministri n\u00eb detyr\u00eb i Financave, Hekuran Murati, ka deklaruar se Qeveria e Kosov\u00ebs beson se Gjykata Speciale do t\u2019i shpall\u00eb t\u00eb pafajsh\u00ebm\" \/>\n<meta property=\"og:url\" content=\"https:\/\/veritasinfo.org\/?p=12660\" \/>\n<meta property=\"article:published_time\" content=\"2025-09-19T10:54:18+00:00\" \/>\n<meta property=\"og:image\" content=\"https:\/\/veritasinfo.org\/wp-content\/uploads\/2025\/09\/Screenshot-2025-09-19-125324.jpg\" \/>\n\t<meta property=\"og:image:width\" content=\"868\" \/>\n\t<meta property=\"og:image:height\" content=\"473\" \/>\n\t<meta property=\"og:image:type\" content=\"image\/jpeg\" \/>\n<meta name=\"author\" content=\"US6\" \/>\n<meta name=\"twitter:card\" content=\"summary_large_image\" \/>\n<meta name=\"twitter:label1\" content=\"Written by\" \/>\n\t<meta name=\"twitter:data1\" content=\"US6\" \/>\n\t<meta name=\"twitter:label2\" content=\"Est. reading time\" \/>\n\t<meta name=\"twitter:data2\" content=\"2 minutes\" \/>\n<script type=\"application\/ld+json\" class=\"yoast-schema-graph\">{\"@context\":\"https:\/\/schema.org\",\"@graph\":[{\"@type\":\"WebPage\",\"@id\":\"https:\/\/veritasinfo.org\/?p=12660\",\"url\":\"https:\/\/veritasinfo.org\/?p=12660\",\"name\":\"Murati: Besojm\u00eb n\u00eb pafaj\u00ebsin\u00eb e ish-krer\u00ebve t\u00eb U\u00c7K-s\u00eb n\u00eb Hag\u00eb -\",\"isPartOf\":{\"@id\":\"https:\/\/veritasinfo.org\/#website\"},\"primaryImageOfPage\":{\"@id\":\"https:\/\/veritasinfo.org\/?p=12660#primaryimage\"},\"image\":{\"@id\":\"https:\/\/veritasinfo.org\/?p=12660#primaryimage\"},\"thumbnailUrl\":\"https:\/\/veritasinfo.org\/wp-content\/uploads\/2025\/09\/Screenshot-2025-09-19-125324.jpg\",\"datePublished\":\"2025-09-19T10:54:18+00:00\",\"author\":{\"@id\":\"https:\/\/veritasinfo.org\/#\/schema\/person\/fe199eede04c3937362892b7444747cc\"},\"breadcrumb\":{\"@id\":\"https:\/\/veritasinfo.org\/?p=12660#breadcrumb\"},\"inLanguage\":\"en-US\",\"potentialAction\":[{\"@type\":\"ReadAction\",\"target\":[\"https:\/\/veritasinfo.org\/?p=12660\"]}]},{\"@type\":\"ImageObject\",\"inLanguage\":\"en-US\",\"@id\":\"https:\/\/veritasinfo.org\/?p=12660#primaryimage\",\"url\":\"https:\/\/veritasinfo.org\/wp-content\/uploads\/2025\/09\/Screenshot-2025-09-19-125324.jpg\",\"contentUrl\":\"https:\/\/veritasinfo.org\/wp-content\/uploads\/2025\/09\/Screenshot-2025-09-19-125324.jpg\",\"width\":868,\"height\":473},{\"@type\":\"BreadcrumbList\",\"@id\":\"https:\/\/veritasinfo.org\/?p=12660#breadcrumb\",\"itemListElement\":[{\"@type\":\"ListItem\",\"position\":1,\"name\":\"Home\",\"item\":\"https:\/\/veritasinfo.org\/\"},{\"@type\":\"ListItem\",\"position\":2,\"name\":\"Murati: Besojm\u00eb n\u00eb pafaj\u00ebsin\u00eb e ish-krer\u00ebve t\u00eb U\u00c7K-s\u00eb n\u00eb Hag\u00eb\"}]},{\"@type\":\"WebSite\",\"@id\":\"https:\/\/veritasinfo.org\/#website\",\"url\":\"https:\/\/veritasinfo.org\/\",\"name\":\"\",\"description\":\"\",\"potentialAction\":[{\"@type\":\"SearchAction\",\"target\":{\"@type\":\"EntryPoint\",\"urlTemplate\":\"https:\/\/veritasinfo.org\/?s={search_term_string}\"},\"query-input\":{\"@type\":\"PropertyValueSpecification\",\"valueRequired\":true,\"valueName\":\"search_term_string\"}}],\"inLanguage\":\"en-US\"},{\"@type\":\"Person\",\"@id\":\"https:\/\/veritasinfo.org\/#\/schema\/person\/fe199eede04c3937362892b7444747cc\",\"name\":\"US6\",\"image\":{\"@type\":\"ImageObject\",\"inLanguage\":\"en-US\",\"@id\":\"https:\/\/veritasinfo.org\/#\/schema\/person\/image\/\",\"url\":\"https:\/\/secure.gravatar.com\/avatar\/cb16c3c31c9d23b9b8c705964598220b3014e42ff51eb540ff23cefa3ae8c15f?s=96&d=mm&r=g\",\"contentUrl\":\"https:\/\/secure.gravatar.com\/avatar\/cb16c3c31c9d23b9b8c705964598220b3014e42ff51eb540ff23cefa3ae8c15f?s=96&d=mm&r=g\",\"caption\":\"US6\"},\"url\":\"https:\/\/veritasinfo.org\/?author=7\"}]}<\/script>\n<!-- \/ Yoast SEO plugin. -->","yoast_head_json":{"title":"Murati: Besojm\u00eb n\u00eb pafaj\u00ebsin\u00eb e ish-krer\u00ebve t\u00eb U\u00c7K-s\u00eb n\u00eb Hag\u00eb -","robots":{"index":"index","follow":"follow","max-snippet":"max-snippet:-1","max-image-preview":"max-image-preview:large","max-video-preview":"max-video-preview:-1"},"canonical":"https:\/\/veritasinfo.org\/?p=12660","og_locale":"en_US","og_type":"article","og_title":"Murati: Besojm\u00eb n\u00eb pafaj\u00ebsin\u00eb e ish-krer\u00ebve t\u00eb U\u00c7K-s\u00eb n\u00eb Hag\u00eb -","og_description":"Prishtinw,19 shtator 2025 Ministri n\u00eb detyr\u00eb i Financave, Hekuran Murati, ka deklaruar se Qeveria e Kosov\u00ebs beson se Gjykata Speciale do t\u2019i shpall\u00eb t\u00eb pafajsh\u00ebm","og_url":"https:\/\/veritasinfo.org\/?p=12660","article_published_time":"2025-09-19T10:54:18+00:00","og_image":[{"width":868,"height":473,"url":"https:\/\/veritasinfo.org\/wp-content\/uploads\/2025\/09\/Screenshot-2025-09-19-125324.jpg","type":"image\/jpeg"}],"author":"US6","twitter_card":"summary_large_image","twitter_misc":{"Written by":"US6","Est. reading time":"2 minutes"},"schema":{"@context":"https:\/\/schema.org","@graph":[{"@type":"WebPage","@id":"https:\/\/veritasinfo.org\/?p=12660","url":"https:\/\/veritasinfo.org\/?p=12660","name":"Murati: Besojm\u00eb n\u00eb pafaj\u00ebsin\u00eb e ish-krer\u00ebve t\u00eb U\u00c7K-s\u00eb n\u00eb Hag\u00eb -","isPartOf":{"@id":"https:\/\/veritasinfo.org\/#website"},"primaryImageOfPage":{"@id":"https:\/\/veritasinfo.org\/?p=12660#primaryimage"},"image":{"@id":"https:\/\/veritasinfo.org\/?p=12660#primaryimage"},"thumbnailUrl":"https:\/\/veritasinfo.org\/wp-content\/uploads\/2025\/09\/Screenshot-2025-09-19-125324.jpg","datePublished":"2025-09-19T10:54:18+00:00","author":{"@id":"https:\/\/veritasinfo.org\/#\/schema\/person\/fe199eede04c3937362892b7444747cc"},"breadcrumb":{"@id":"https:\/\/veritasinfo.org\/?p=12660#breadcrumb"},"inLanguage":"en-US","potentialAction":[{"@type":"ReadAction","target":["https:\/\/veritasinfo.org\/?p=12660"]}]},{"@type":"ImageObject","inLanguage":"en-US","@id":"https:\/\/veritasinfo.org\/?p=12660#primaryimage","url":"https:\/\/veritasinfo.org\/wp-content\/uploads\/2025\/09\/Screenshot-2025-09-19-125324.jpg","contentUrl":"https:\/\/veritasinfo.org\/wp-content\/uploads\/2025\/09\/Screenshot-2025-09-19-125324.jpg","width":868,"height":473},{"@type":"BreadcrumbList","@id":"https:\/\/veritasinfo.org\/?p=12660#breadcrumb","itemListElement":[{"@type":"ListItem","position":1,"name":"Home","item":"https:\/\/veritasinfo.org\/"},{"@type":"ListItem","position":2,"name":"Murati: Besojm\u00eb n\u00eb pafaj\u00ebsin\u00eb e ish-krer\u00ebve t\u00eb U\u00c7K-s\u00eb n\u00eb Hag\u00eb"}]},{"@type":"WebSite","@id":"https:\/\/veritasinfo.org\/#website","url":"https:\/\/veritasinfo.org\/","name":"","description":"","potentialAction":[{"@type":"SearchAction","target":{"@type":"EntryPoint","urlTemplate":"https:\/\/veritasinfo.org\/?s={search_term_string}"},"query-input":{"@type":"PropertyValueSpecification","valueRequired":true,"valueName":"search_term_string"}}],"inLanguage":"en-US"},{"@type":"Person","@id":"https:\/\/veritasinfo.org\/#\/schema\/person\/fe199eede04c3937362892b7444747cc","name":"US6","image":{"@type":"ImageObject","inLanguage":"en-US","@id":"https:\/\/veritasinfo.org\/#\/schema\/person\/image\/","url":"https:\/\/secure.gravatar.com\/avatar\/cb16c3c31c9d23b9b8c705964598220b3014e42ff51eb540ff23cefa3ae8c15f?s=96&d=mm&r=g","contentUrl":"https:\/\/secure.gravatar.com\/avatar\/cb16c3c31c9d23b9b8c705964598220b3014e42ff51eb540ff23cefa3ae8c15f?s=96&d=mm&r=g","caption":"US6"},"url":"https:\/\/veritasinfo.org\/?author=7"}]}},"featured_image_urls":{"full":["https:\/\/veritasinfo.org\/wp-content\/uploads\/2025\/09\/Screenshot-2025-09-19-125324.jpg",868,473,false],"thumbnail":["https:\/\/veritasinfo.org\/wp-content\/uploads\/2025\/09\/Screenshot-2025-09-19-125324-150x150.jpg",150,150,true],"medium":["https:\/\/veritasinfo.org\/wp-content\/uploads\/2025\/09\/Screenshot-2025-09-19-125324-300x163.jpg",300,163,true],"medium_large":["https:\/\/veritasinfo.org\/wp-content\/uploads\/2025\/09\/Screenshot-2025-09-19-125324-768x419.jpg",640,349,true],"large":["https:\/\/veritasinfo.org\/wp-content\/uploads\/2025\/09\/Screenshot-2025-09-19-125324.jpg",640,349,false],"1536x1536":["https:\/\/veritasinfo.org\/wp-content\/uploads\/2025\/09\/Screenshot-2025-09-19-125324.jpg",868,473,false],"2048x2048":["https:\/\/veritasinfo.org\/wp-content\/uploads\/2025\/09\/Screenshot-2025-09-19-125324.jpg",868,473,false],"kreeti-slider-full":["https:\/\/veritasinfo.org\/wp-content\/uploads\/2025\/09\/Screenshot-2025-09-19-125324.jpg",868,473,false],"kreeti-featured":["https:\/\/veritasinfo.org\/wp-content\/uploads\/2025\/09\/Screenshot-2025-09-19-125324.jpg",868,473,false],"kreeti-medium":["https:\/\/veritasinfo.org\/wp-content\/uploads\/2025\/09\/Screenshot-2025-09-19-125324.jpg",720,392,false],"kreeti-medium-square":["https:\/\/veritasinfo.org\/wp-content\/uploads\/2025\/09\/Screenshot-2025-09-19-125324.jpg",350,191,false]},"author_info":{"info":["US6"]},"category_info":"<a href=\"https:\/\/veritasinfo.org\/?cat=58\" rel=\"category\">Politik\u00eb<\/a>","tag_info":"Politik\u00eb","comment_count":"0","_links":{"self":[{"href":"https:\/\/veritasinfo.org\/index.php?rest_route=\/wp\/v2\/posts\/12660","targetHints":{"allow":["GET"]}}],"collection":[{"href":"https:\/\/veritasinfo.org\/index.php?rest_route=\/wp\/v2\/posts"}],"about":[{"href":"https:\/\/veritasinfo.org\/index.php?rest_route=\/wp\/v2\/types\/post"}],"author":[{"embeddable":true,"href":"https:\/\/veritasinfo.org\/index.php?rest_route=\/wp\/v2\/users\/7"}],"replies":[{"embeddable":true,"href":"https:\/\/veritasinfo.org\/index.php?rest_route=%2Fwp%2Fv2%2Fcomments&post=12660"}],"version-history":[{"count":1,"href":"https:\/\/veritasinfo.org\/index.php?rest_route=\/wp\/v2\/posts\/12660\/revisions"}],"predecessor-version":[{"id":12662,"href":"https:\/\/veritasinfo.org\/index.php?rest_route=\/wp\/v2\/posts\/12660\/revisions\/12662"}],"wp:featuredmedia":[{"embeddable":true,"href":"https:\/\/veritasinfo.org\/index.php?rest_route=\/wp\/v2\/media\/12661"}],"wp:attachment":[{"href":"https:\/\/veritasinfo.org\/index.php?rest_route=%2Fwp%2Fv2%2Fmedia&parent=12660"}],"wp:term":[{"taxonomy":"category","embeddable":true,"href":"https:\/\/veritasinfo.org\/index.php?rest_route=%2Fwp%2Fv2%2Fcategories&post=12660"},{"taxonomy":"post_tag","embeddable":true,"href":"https:\/\/veritasinfo.org\/index.php?rest_route=%2Fwp%2Fv2%2Ftags&post=12660"}],"curies":[{"name":"wp","href":"https:\/\/api.w.org\/{rel}","templated":true}]}}