{"id":1263,"date":"2025-06-22T12:25:33","date_gmt":"2025-06-22T10:25:33","guid":{"rendered":"https:\/\/veritasinfo.org\/?p=1263"},"modified":"2025-06-22T12:25:33","modified_gmt":"2025-06-22T10:25:33","slug":"rada-trajkoviq-vendimi-kunder-milan-radojciqit-sherben-per-ta-pasivizuar-ate-dhe-grupin-e-tij-nga-banjska","status":"publish","type":"post","link":"https:\/\/veritasinfo.org\/?p=1263","title":{"rendered":"Rada Trajkoviq: Vendimi kund\u00ebr Milan Radoj\u00e7iqit sh\u00ebrben p\u00ebr ta pasivizuar at\u00eb dhe grupin e tij nga Banjska"},"content":{"rendered":"<p><strong>Prishtin\u00eb 22 Qershor 2025<\/strong><\/p>\n<p>Rada Trajkoviq, politikane serbe nga Kosova, deklaroi p\u00ebr Agjencin\u00eb Rajonale t\u00eb Informacionit JUGpress se vendimi kund\u00ebr Milan Radoj\u00e7iqit se ai q\u00ebndron prapa vrasjes s\u00eb Oliver Ivanoviqit, dhe kat\u00ebr urdh\u00ebr arrest\u00ebt e Interpolit ndaj Radojqiqit, &#8220;sh\u00ebrbejn\u00eb p\u00ebr ta pasivizuar at\u00eb dhe grupin e tij nga Banjska, \u00a0grup ky i cili \u00ebsht\u00eb nj\u00eb forc\u00eb paraushtarake e trajnuar mir\u00eb dhe q\u00eb \u00ebsht\u00eb nj\u00eb k\u00ebrc\u00ebnim p\u00ebr qytetar\u00ebt e Serbis\u00eb dhe rajonit&#8221;.<\/p>\n<p>Trajkoviq gjithashtu tha se e gjith\u00eb kjo \u00ebsht\u00eb &#8220;presion ndaj institucioneve serbe, policis\u00eb dhe gjyq\u00ebsorit&#8221;. &#8220;N\u00ebse nuk vjen reagimi i tyre i pritur ligj\u00ebrisht nga policia, ekziston mund\u00ebsia e p\u00ebrfshirjes edhe t\u00eb institucioneve nd\u00ebrkomb\u00ebtare&#8221;, beson ajo dhe vler\u00ebson se kjo \u00ebsht\u00eb &#8220;nj\u00eb sfid\u00eb e madhe p\u00ebr Presidentin e Serbis\u00eb, Aleksandar Vu\u00e7iq, dhe p\u00ebr hir t\u00eb Zotit, nuk m\u00eb intereson se sa i pap\u00ebrshtatsh\u00ebm mund t\u00eb jet\u00eb Radoj\u00e7iq si d\u00ebshmitar Radoj\u00e7iq&#8221;.<\/p>\n","protected":false},"excerpt":{"rendered":"<p>Prishtin\u00eb 22 Qershor 2025 Rada Trajkoviq, politikane serbe nga Kosova, deklaroi p\u00ebr Agjencin\u00eb Rajonale t\u00eb Informacionit JUGpress se vendimi kund\u00ebr Milan Radoj\u00e7iqit se ai q\u00ebndron<\/p>\n","protected":false},"author":2,"featured_media":1264,"comment_status":"open","ping_status":"open","sticky":false,"template":"","format":"standard","meta":{"footnotes":""},"categories":[58],"tags":[],"class_list":["post-1263","post","type-post","status-publish","format-standard","has-post-thumbnail","hentry","category-politike-sq"],"yoast_head":"<!-- This site is optimized with the Yoast SEO plugin v25.3.1 - https:\/\/yoast.com\/wordpress\/plugins\/seo\/ -->\n<title>Rada Trajkoviq: Vendimi kund\u00ebr Milan Radoj\u00e7iqit sh\u00ebrben p\u00ebr ta pasivizuar at\u00eb dhe grupin e tij nga Banjska -<\/title>\n<meta name=\"robots\" content=\"index, follow, max-snippet:-1, max-image-preview:large, max-video-preview:-1\" \/>\n<link rel=\"canonical\" href=\"https:\/\/veritasinfo.org\/?p=1263\" \/>\n<meta property=\"og:locale\" content=\"en_US\" \/>\n<meta property=\"og:type\" content=\"article\" \/>\n<meta property=\"og:title\" content=\"Rada Trajkoviq: Vendimi kund\u00ebr Milan Radoj\u00e7iqit sh\u00ebrben p\u00ebr ta pasivizuar at\u00eb dhe grupin e tij nga Banjska -\" \/>\n<meta property=\"og:description\" content=\"Prishtin\u00eb 22 Qershor 2025 Rada Trajkoviq, politikane serbe nga Kosova, deklaroi p\u00ebr Agjencin\u00eb Rajonale t\u00eb Informacionit JUGpress se vendimi kund\u00ebr Milan Radoj\u00e7iqit se ai q\u00ebndron\" \/>\n<meta property=\"og:url\" content=\"https:\/\/veritasinfo.org\/?p=1263\" \/>\n<meta property=\"article:published_time\" content=\"2025-06-22T10:25:33+00:00\" \/>\n<meta property=\"og:image\" content=\"https:\/\/veritasinfo.org\/wp-content\/uploads\/2025\/06\/rada.jpeg\" \/>\n\t<meta property=\"og:image:width\" content=\"940\" \/>\n\t<meta property=\"og:image:height\" content=\"529\" \/>\n\t<meta property=\"og:image:type\" content=\"image\/jpeg\" \/>\n<meta name=\"author\" content=\"US1\" \/>\n<meta name=\"twitter:card\" content=\"summary_large_image\" \/>\n<meta name=\"twitter:label1\" content=\"Written by\" \/>\n\t<meta name=\"twitter:data1\" content=\"US1\" \/>\n\t<meta name=\"twitter:label2\" content=\"Est. reading time\" \/>\n\t<meta name=\"twitter:data2\" content=\"1 minute\" \/>\n<script type=\"application\/ld+json\" class=\"yoast-schema-graph\">{\"@context\":\"https:\/\/schema.org\",\"@graph\":[{\"@type\":\"WebPage\",\"@id\":\"https:\/\/veritasinfo.org\/?p=1263\",\"url\":\"https:\/\/veritasinfo.org\/?p=1263\",\"name\":\"Rada Trajkoviq: Vendimi kund\u00ebr Milan Radoj\u00e7iqit sh\u00ebrben p\u00ebr ta pasivizuar at\u00eb dhe grupin e tij nga Banjska -\",\"isPartOf\":{\"@id\":\"https:\/\/veritasinfo.org\/#website\"},\"primaryImageOfPage\":{\"@id\":\"https:\/\/veritasinfo.org\/?p=1263#primaryimage\"},\"image\":{\"@id\":\"https:\/\/veritasinfo.org\/?p=1263#primaryimage\"},\"thumbnailUrl\":\"https:\/\/veritasinfo.org\/wp-content\/uploads\/2025\/06\/rada.jpeg\",\"datePublished\":\"2025-06-22T10:25:33+00:00\",\"author\":{\"@id\":\"https:\/\/veritasinfo.org\/#\/schema\/person\/c2b8be262ea994d0995addca692c5e98\"},\"breadcrumb\":{\"@id\":\"https:\/\/veritasinfo.org\/?p=1263#breadcrumb\"},\"inLanguage\":\"en-US\",\"potentialAction\":[{\"@type\":\"ReadAction\",\"target\":[\"https:\/\/veritasinfo.org\/?p=1263\"]}]},{\"@type\":\"ImageObject\",\"inLanguage\":\"en-US\",\"@id\":\"https:\/\/veritasinfo.org\/?p=1263#primaryimage\",\"url\":\"https:\/\/veritasinfo.org\/wp-content\/uploads\/2025\/06\/rada.jpeg\",\"contentUrl\":\"https:\/\/veritasinfo.org\/wp-content\/uploads\/2025\/06\/rada.jpeg\",\"width\":940,\"height\":529},{\"@type\":\"BreadcrumbList\",\"@id\":\"https:\/\/veritasinfo.org\/?p=1263#breadcrumb\",\"itemListElement\":[{\"@type\":\"ListItem\",\"position\":1,\"name\":\"Home\",\"item\":\"https:\/\/veritasinfo.org\/\"},{\"@type\":\"ListItem\",\"position\":2,\"name\":\"Rada Trajkoviq: Vendimi kund\u00ebr Milan Radoj\u00e7iqit sh\u00ebrben p\u00ebr ta pasivizuar at\u00eb dhe grupin e tij nga Banjska\"}]},{\"@type\":\"WebSite\",\"@id\":\"https:\/\/veritasinfo.org\/#website\",\"url\":\"https:\/\/veritasinfo.org\/\",\"name\":\"\",\"description\":\"\",\"potentialAction\":[{\"@type\":\"SearchAction\",\"target\":{\"@type\":\"EntryPoint\",\"urlTemplate\":\"https:\/\/veritasinfo.org\/?s={search_term_string}\"},\"query-input\":{\"@type\":\"PropertyValueSpecification\",\"valueRequired\":true,\"valueName\":\"search_term_string\"}}],\"inLanguage\":\"en-US\"},{\"@type\":\"Person\",\"@id\":\"https:\/\/veritasinfo.org\/#\/schema\/person\/c2b8be262ea994d0995addca692c5e98\",\"name\":\"US1\",\"image\":{\"@type\":\"ImageObject\",\"inLanguage\":\"en-US\",\"@id\":\"https:\/\/veritasinfo.org\/#\/schema\/person\/image\/\",\"url\":\"https:\/\/secure.gravatar.com\/avatar\/4e96a59bd256abf9956eb9963ac891a47461ffb364d47b0e9aab113328fdb75b?s=96&d=mm&r=g\",\"contentUrl\":\"https:\/\/secure.gravatar.com\/avatar\/4e96a59bd256abf9956eb9963ac891a47461ffb364d47b0e9aab113328fdb75b?s=96&d=mm&r=g\",\"caption\":\"US1\"},\"url\":\"https:\/\/veritasinfo.org\/?author=2\"}]}<\/script>\n<!-- \/ Yoast SEO plugin. -->","yoast_head_json":{"title":"Rada Trajkoviq: Vendimi kund\u00ebr Milan Radoj\u00e7iqit sh\u00ebrben p\u00ebr ta pasivizuar at\u00eb dhe grupin e tij nga Banjska -","robots":{"index":"index","follow":"follow","max-snippet":"max-snippet:-1","max-image-preview":"max-image-preview:large","max-video-preview":"max-video-preview:-1"},"canonical":"https:\/\/veritasinfo.org\/?p=1263","og_locale":"en_US","og_type":"article","og_title":"Rada Trajkoviq: Vendimi kund\u00ebr Milan Radoj\u00e7iqit sh\u00ebrben p\u00ebr ta pasivizuar at\u00eb dhe grupin e tij nga Banjska -","og_description":"Prishtin\u00eb 22 Qershor 2025 Rada Trajkoviq, politikane serbe nga Kosova, deklaroi p\u00ebr Agjencin\u00eb Rajonale t\u00eb Informacionit JUGpress se vendimi kund\u00ebr Milan Radoj\u00e7iqit se ai q\u00ebndron","og_url":"https:\/\/veritasinfo.org\/?p=1263","article_published_time":"2025-06-22T10:25:33+00:00","og_image":[{"width":940,"height":529,"url":"https:\/\/veritasinfo.org\/wp-content\/uploads\/2025\/06\/rada.jpeg","type":"image\/jpeg"}],"author":"US1","twitter_card":"summary_large_image","twitter_misc":{"Written by":"US1","Est. reading time":"1 minute"},"schema":{"@context":"https:\/\/schema.org","@graph":[{"@type":"WebPage","@id":"https:\/\/veritasinfo.org\/?p=1263","url":"https:\/\/veritasinfo.org\/?p=1263","name":"Rada Trajkoviq: Vendimi kund\u00ebr Milan Radoj\u00e7iqit sh\u00ebrben p\u00ebr ta pasivizuar at\u00eb dhe grupin e tij nga Banjska -","isPartOf":{"@id":"https:\/\/veritasinfo.org\/#website"},"primaryImageOfPage":{"@id":"https:\/\/veritasinfo.org\/?p=1263#primaryimage"},"image":{"@id":"https:\/\/veritasinfo.org\/?p=1263#primaryimage"},"thumbnailUrl":"https:\/\/veritasinfo.org\/wp-content\/uploads\/2025\/06\/rada.jpeg","datePublished":"2025-06-22T10:25:33+00:00","author":{"@id":"https:\/\/veritasinfo.org\/#\/schema\/person\/c2b8be262ea994d0995addca692c5e98"},"breadcrumb":{"@id":"https:\/\/veritasinfo.org\/?p=1263#breadcrumb"},"inLanguage":"en-US","potentialAction":[{"@type":"ReadAction","target":["https:\/\/veritasinfo.org\/?p=1263"]}]},{"@type":"ImageObject","inLanguage":"en-US","@id":"https:\/\/veritasinfo.org\/?p=1263#primaryimage","url":"https:\/\/veritasinfo.org\/wp-content\/uploads\/2025\/06\/rada.jpeg","contentUrl":"https:\/\/veritasinfo.org\/wp-content\/uploads\/2025\/06\/rada.jpeg","width":940,"height":529},{"@type":"BreadcrumbList","@id":"https:\/\/veritasinfo.org\/?p=1263#breadcrumb","itemListElement":[{"@type":"ListItem","position":1,"name":"Home","item":"https:\/\/veritasinfo.org\/"},{"@type":"ListItem","position":2,"name":"Rada Trajkoviq: Vendimi kund\u00ebr Milan Radoj\u00e7iqit sh\u00ebrben p\u00ebr ta pasivizuar at\u00eb dhe grupin e tij nga Banjska"}]},{"@type":"WebSite","@id":"https:\/\/veritasinfo.org\/#website","url":"https:\/\/veritasinfo.org\/","name":"","description":"","potentialAction":[{"@type":"SearchAction","target":{"@type":"EntryPoint","urlTemplate":"https:\/\/veritasinfo.org\/?s={search_term_string}"},"query-input":{"@type":"PropertyValueSpecification","valueRequired":true,"valueName":"search_term_string"}}],"inLanguage":"en-US"},{"@type":"Person","@id":"https:\/\/veritasinfo.org\/#\/schema\/person\/c2b8be262ea994d0995addca692c5e98","name":"US1","image":{"@type":"ImageObject","inLanguage":"en-US","@id":"https:\/\/veritasinfo.org\/#\/schema\/person\/image\/","url":"https:\/\/secure.gravatar.com\/avatar\/4e96a59bd256abf9956eb9963ac891a47461ffb364d47b0e9aab113328fdb75b?s=96&d=mm&r=g","contentUrl":"https:\/\/secure.gravatar.com\/avatar\/4e96a59bd256abf9956eb9963ac891a47461ffb364d47b0e9aab113328fdb75b?s=96&d=mm&r=g","caption":"US1"},"url":"https:\/\/veritasinfo.org\/?author=2"}]}},"featured_image_urls":{"full":["https:\/\/veritasinfo.org\/wp-content\/uploads\/2025\/06\/rada.jpeg",940,529,false],"thumbnail":["https:\/\/veritasinfo.org\/wp-content\/uploads\/2025\/06\/rada-150x150.jpeg",150,150,true],"medium":["https:\/\/veritasinfo.org\/wp-content\/uploads\/2025\/06\/rada-300x169.jpeg",300,169,true],"medium_large":["https:\/\/veritasinfo.org\/wp-content\/uploads\/2025\/06\/rada-768x432.jpeg",640,360,true],"large":["https:\/\/veritasinfo.org\/wp-content\/uploads\/2025\/06\/rada.jpeg",640,360,false],"1536x1536":["https:\/\/veritasinfo.org\/wp-content\/uploads\/2025\/06\/rada.jpeg",940,529,false],"2048x2048":["https:\/\/veritasinfo.org\/wp-content\/uploads\/2025\/06\/rada.jpeg",940,529,false],"kreeti-slider-full":["https:\/\/veritasinfo.org\/wp-content\/uploads\/2025\/06\/rada.jpeg",940,529,false],"kreeti-featured":["https:\/\/veritasinfo.org\/wp-content\/uploads\/2025\/06\/rada.jpeg",940,529,false],"kreeti-medium":["https:\/\/veritasinfo.org\/wp-content\/uploads\/2025\/06\/rada.jpeg",720,405,false],"kreeti-medium-square":["https:\/\/veritasinfo.org\/wp-content\/uploads\/2025\/06\/rada.jpeg",350,197,false]},"author_info":{"info":["US1"]},"category_info":"<a href=\"https:\/\/veritasinfo.org\/?cat=58\" rel=\"category\">Politik\u00eb<\/a>","tag_info":"Politik\u00eb","comment_count":"0","_links":{"self":[{"href":"https:\/\/veritasinfo.org\/index.php?rest_route=\/wp\/v2\/posts\/1263","targetHints":{"allow":["GET"]}}],"collection":[{"href":"https:\/\/veritasinfo.org\/index.php?rest_route=\/wp\/v2\/posts"}],"about":[{"href":"https:\/\/veritasinfo.org\/index.php?rest_route=\/wp\/v2\/types\/post"}],"author":[{"embeddable":true,"href":"https:\/\/veritasinfo.org\/index.php?rest_route=\/wp\/v2\/users\/2"}],"replies":[{"embeddable":true,"href":"https:\/\/veritasinfo.org\/index.php?rest_route=%2Fwp%2Fv2%2Fcomments&post=1263"}],"version-history":[{"count":1,"href":"https:\/\/veritasinfo.org\/index.php?rest_route=\/wp\/v2\/posts\/1263\/revisions"}],"predecessor-version":[{"id":1265,"href":"https:\/\/veritasinfo.org\/index.php?rest_route=\/wp\/v2\/posts\/1263\/revisions\/1265"}],"wp:featuredmedia":[{"embeddable":true,"href":"https:\/\/veritasinfo.org\/index.php?rest_route=\/wp\/v2\/media\/1264"}],"wp:attachment":[{"href":"https:\/\/veritasinfo.org\/index.php?rest_route=%2Fwp%2Fv2%2Fmedia&parent=1263"}],"wp:term":[{"taxonomy":"category","embeddable":true,"href":"https:\/\/veritasinfo.org\/index.php?rest_route=%2Fwp%2Fv2%2Fcategories&post=1263"},{"taxonomy":"post_tag","embeddable":true,"href":"https:\/\/veritasinfo.org\/index.php?rest_route=%2Fwp%2Fv2%2Ftags&post=1263"}],"curies":[{"name":"wp","href":"https:\/\/api.w.org\/{rel}","templated":true}]}}