{"id":12624,"date":"2025-09-18T22:52:20","date_gmt":"2025-09-18T20:52:20","guid":{"rendered":"https:\/\/veritasinfo.org\/?p=12624"},"modified":"2025-09-18T22:52:20","modified_gmt":"2025-09-18T20:52:20","slug":"kurti-iu-drejtohet-serbeve-te-kosoves-mos-u-besoni-britmave-luftenxitese-te-zyrtareve-te-larte-te-beogradit-video","status":"publish","type":"post","link":"https:\/\/veritasinfo.org\/?p=12624","title":{"rendered":"Kurti iu drejtohet serb\u00ebve t\u00eb Kosov\u00ebs: Mos u besoni britmave luft\u00ebnxit\u00ebse t\u00eb zyrtar\u00ebve t\u00eb lart\u00eb t\u00eb Beogradit (video)"},"content":{"rendered":"<p>Prishtin\u00eb, 18 shtator 2025<\/p>\n<p>Kryeministri n\u00eb detyr\u00eb i Kosov\u00ebs, Albin Kurti, n\u00ebp\u00ebrmjet nj\u00eb videomesazh i \u00ebsht\u00eb drejtuar qytetar\u00ebve t\u00eb komunitetit joshumic\u00eb serb n\u00eb Kosov\u00eb. Ai u ka b\u00ebr\u00eb thirrje q\u00eb ata t\u00eb mos i besojn\u00eb britmave luftnxit\u00ebse t\u00eb zyrtar\u00ebve t\u00eb lart\u00eb t\u00eb Beogradit pr\u00eb gjoja sulme apo pogrom.<\/p>\n<div style=\"width: 640px;\" class=\"wp-video\"><video class=\"wp-video-shortcode\" id=\"video-12624-1\" width=\"640\" height=\"360\" preload=\"metadata\" controls=\"controls\"><source type=\"video\/mp4\" src=\"https:\/\/veritasinfo.org\/wp-content\/uploads\/2025\/09\/AQMFlzcIbT7-mXPayQAqoH1OSLW3xzirdvbVy3Fip9GmqftcJW7_Hhj6SB3RXSaKjHocbcj88wOxaMkks6CoPmK0UuVi9ZbT-1m1b2cJag.mp4?_=1\" \/><a href=\"https:\/\/veritasinfo.org\/wp-content\/uploads\/2025\/09\/AQMFlzcIbT7-mXPayQAqoH1OSLW3xzirdvbVy3Fip9GmqftcJW7_Hhj6SB3RXSaKjHocbcj88wOxaMkks6CoPmK0UuVi9ZbT-1m1b2cJag.mp4\">https:\/\/veritasinfo.org\/wp-content\/uploads\/2025\/09\/AQMFlzcIbT7-mXPayQAqoH1OSLW3xzirdvbVy3Fip9GmqftcJW7_Hhj6SB3RXSaKjHocbcj88wOxaMkks6CoPmK0UuVi9ZbT-1m1b2cJag.mp4<\/a><\/video><\/div>\n<p>&nbsp;<\/p>\n<p>\u201cBeogradi zyrtar zyrtarisht g\u00ebnjen. Qeveria e Kosov\u00ebs dhe institucionet e tjera shtet\u00ebrore do t\u2019ju mbrojn\u00eb edhe prej tyre. Paqja dhe siguria juaj jan\u00eb obligimi yn\u00eb. Ju d\u00ebshiroj sh\u00ebndet dhe mir\u00ebqenie. Ju faleminderit p\u00ebr v\u00ebmendjen\u201d, ka th\u00ebn\u00eb Kurti n\u00eb videomesazh. \u201cN\u00eb Kosov\u00eb nuk ekziston jotoleranc\u00eb nd\u00ebretnike si\u00e7 propagandojn\u00eb disa. P\u00ebrkundrazi, ekziston bashk\u00ebpunimi, sidomos n\u00eb ekonomi dhe n\u00eb treg. Natyrisht, aty ku ka fitim ka edhe bashk\u00ebpunim, por ky bashk\u00ebpunim duhet t\u00eb jet\u00eb ligjor dhe i rregullt. Megjithat\u00eb, duhet t\u00eb pranojm\u00eb se ekziston nj\u00eb barrier\u00eb gjuh\u00ebsore, pra fakti q\u00eb gjithnj\u00eb e m\u00eb pak shqiptar\u00eb \u00a0flasin gjuh\u00ebn serbe dhe anasjelltas\u201d.<\/p>\n<p>Kurti ka th\u00ebn\u00eb se \u00ebsht\u00eb me r\u00ebnd\u00ebsi q\u00eb t\u00eb luftohet p\u00ebr drejt\u00ebsi dhe mir\u00ebqenie.<\/p>\n<p>\u201cAshtu si t\u00eb gjith\u00eb qytetar\u00ebve t\u00eb tjer\u00eb t\u00eb Kosov\u00ebs edhe juve ju takojn\u00eb sh\u00ebrbimet e institucioneve publike, dhe ju meritoni qasje t\u00eb barabart\u00eb n\u00eb t\u00eb mirat e p\u00ebrbashk\u00ebta. Un\u00eb angazhohem p\u00ebr unitet dhe barazi. Sigurisht, dualizmi i sistemit sh\u00ebndet\u00ebsor dhe arsimor nuk \u00ebsht\u00eb i q\u00ebndruesh\u00ebm. \u00cbsht\u00eb i nevojsh\u00ebm inkorporimi i tyre dhe unifikimi. K\u00ebt\u00eb nuk dua ta b\u00ebj kund\u00ebr jush apo pa ju. Gjat\u00eb mandatit ton\u00eb t\u00eb ardhsh\u00ebm, bashk\u00eb me t\u00eb gjith\u00eb, p\u00ebrfshir\u00eb edhe kryetar\u00ebt e ardhsh\u00ebm t\u00eb komunave, do t\u00eb punojm\u00eb p\u00ebr inkorporimin e sh\u00ebndet\u00ebsis\u00eb dhe arsimit n\u00eb nj\u00eb sistem t\u00eb vet\u00ebm. Besoj se \u00ebsht\u00eb e mundur t\u00eb kemi sistem ligjor e t\u00eb drejt\u00eb dhe q\u00eb funksionon shum\u00eb m\u00eb mir\u00eb. Dhe e dim\u00eb sa t\u00eb domosdoshme jan\u00eb investimet e m\u00ebdha. Brenda nj\u00eb procesi t\u00eb till\u00eb do t\u2019i bashkojm\u00eb idet\u00eb, p\u00ebrvojat dhe forcat me partner\u00ebt tan\u00eb nd\u00ebrkomb\u00ebtar\u00eb: Bashkimin Evropian dhe p\u00ebrfaq\u00ebsuesin e tij special p\u00ebr dialog, vendet e Quint-it dhe KFOR-in\u201d.<\/p>\n","protected":false},"excerpt":{"rendered":"<p>Prishtin\u00eb, 18 shtator 2025 Kryeministri n\u00eb detyr\u00eb i Kosov\u00ebs, Albin Kurti, n\u00ebp\u00ebrmjet nj\u00eb videomesazh i \u00ebsht\u00eb drejtuar qytetar\u00ebve t\u00eb komunitetit joshumic\u00eb serb n\u00eb Kosov\u00eb. Ai<\/p>\n","protected":false},"author":7,"featured_media":12625,"comment_status":"open","ping_status":"open","sticky":false,"template":"","format":"standard","meta":{"footnotes":""},"categories":[58],"tags":[],"class_list":["post-12624","post","type-post","status-publish","format-standard","has-post-thumbnail","hentry","category-politike-sq"],"yoast_head":"<!-- This site is optimized with the Yoast SEO plugin v25.3.1 - https:\/\/yoast.com\/wordpress\/plugins\/seo\/ -->\n<title>Kurti iu drejtohet serb\u00ebve t\u00eb Kosov\u00ebs: Mos u besoni britmave luft\u00ebnxit\u00ebse t\u00eb zyrtar\u00ebve t\u00eb lart\u00eb t\u00eb Beogradit (video) -<\/title>\n<meta name=\"robots\" content=\"index, follow, max-snippet:-1, max-image-preview:large, max-video-preview:-1\" \/>\n<link rel=\"canonical\" href=\"https:\/\/veritasinfo.org\/?p=12624\" \/>\n<meta property=\"og:locale\" content=\"en_US\" \/>\n<meta property=\"og:type\" content=\"article\" \/>\n<meta property=\"og:title\" content=\"Kurti iu drejtohet serb\u00ebve t\u00eb Kosov\u00ebs: Mos u besoni britmave luft\u00ebnxit\u00ebse t\u00eb zyrtar\u00ebve t\u00eb lart\u00eb t\u00eb Beogradit (video) -\" \/>\n<meta property=\"og:description\" content=\"Prishtin\u00eb, 18 shtator 2025 Kryeministri n\u00eb detyr\u00eb i Kosov\u00ebs, Albin Kurti, n\u00ebp\u00ebrmjet nj\u00eb videomesazh i \u00ebsht\u00eb drejtuar qytetar\u00ebve t\u00eb komunitetit joshumic\u00eb serb n\u00eb Kosov\u00eb. Ai\" \/>\n<meta property=\"og:url\" content=\"https:\/\/veritasinfo.org\/?p=12624\" \/>\n<meta property=\"article:published_time\" content=\"2025-09-18T20:52:20+00:00\" \/>\n<meta property=\"og:image\" content=\"https:\/\/veritasinfo.org\/wp-content\/uploads\/2025\/09\/12421612-scaled-e1732020162155-1280x720-1.jpg\" \/>\n\t<meta property=\"og:image:width\" content=\"1280\" \/>\n\t<meta property=\"og:image:height\" content=\"720\" \/>\n\t<meta property=\"og:image:type\" content=\"image\/jpeg\" \/>\n<meta name=\"author\" content=\"US6\" \/>\n<meta name=\"twitter:card\" content=\"summary_large_image\" \/>\n<meta name=\"twitter:label1\" content=\"Written by\" \/>\n\t<meta name=\"twitter:data1\" content=\"US6\" \/>\n\t<meta name=\"twitter:label2\" content=\"Est. reading time\" \/>\n\t<meta name=\"twitter:data2\" content=\"2 minutes\" \/>\n<script type=\"application\/ld+json\" class=\"yoast-schema-graph\">{\"@context\":\"https:\/\/schema.org\",\"@graph\":[{\"@type\":\"WebPage\",\"@id\":\"https:\/\/veritasinfo.org\/?p=12624\",\"url\":\"https:\/\/veritasinfo.org\/?p=12624\",\"name\":\"Kurti iu drejtohet serb\u00ebve t\u00eb Kosov\u00ebs: Mos u besoni britmave luft\u00ebnxit\u00ebse t\u00eb zyrtar\u00ebve t\u00eb lart\u00eb t\u00eb Beogradit (video) -\",\"isPartOf\":{\"@id\":\"https:\/\/veritasinfo.org\/#website\"},\"primaryImageOfPage\":{\"@id\":\"https:\/\/veritasinfo.org\/?p=12624#primaryimage\"},\"image\":{\"@id\":\"https:\/\/veritasinfo.org\/?p=12624#primaryimage\"},\"thumbnailUrl\":\"https:\/\/veritasinfo.org\/wp-content\/uploads\/2025\/09\/12421612-scaled-e1732020162155-1280x720-1.jpg\",\"datePublished\":\"2025-09-18T20:52:20+00:00\",\"author\":{\"@id\":\"https:\/\/veritasinfo.org\/#\/schema\/person\/fe199eede04c3937362892b7444747cc\"},\"breadcrumb\":{\"@id\":\"https:\/\/veritasinfo.org\/?p=12624#breadcrumb\"},\"inLanguage\":\"en-US\",\"potentialAction\":[{\"@type\":\"ReadAction\",\"target\":[\"https:\/\/veritasinfo.org\/?p=12624\"]}]},{\"@type\":\"ImageObject\",\"inLanguage\":\"en-US\",\"@id\":\"https:\/\/veritasinfo.org\/?p=12624#primaryimage\",\"url\":\"https:\/\/veritasinfo.org\/wp-content\/uploads\/2025\/09\/12421612-scaled-e1732020162155-1280x720-1.jpg\",\"contentUrl\":\"https:\/\/veritasinfo.org\/wp-content\/uploads\/2025\/09\/12421612-scaled-e1732020162155-1280x720-1.jpg\",\"width\":1280,\"height\":720},{\"@type\":\"BreadcrumbList\",\"@id\":\"https:\/\/veritasinfo.org\/?p=12624#breadcrumb\",\"itemListElement\":[{\"@type\":\"ListItem\",\"position\":1,\"name\":\"Home\",\"item\":\"https:\/\/veritasinfo.org\/\"},{\"@type\":\"ListItem\",\"position\":2,\"name\":\"Kurti iu drejtohet serb\u00ebve t\u00eb Kosov\u00ebs: Mos u besoni britmave luft\u00ebnxit\u00ebse t\u00eb zyrtar\u00ebve t\u00eb lart\u00eb t\u00eb Beogradit (video)\"}]},{\"@type\":\"WebSite\",\"@id\":\"https:\/\/veritasinfo.org\/#website\",\"url\":\"https:\/\/veritasinfo.org\/\",\"name\":\"\",\"description\":\"\",\"potentialAction\":[{\"@type\":\"SearchAction\",\"target\":{\"@type\":\"EntryPoint\",\"urlTemplate\":\"https:\/\/veritasinfo.org\/?s={search_term_string}\"},\"query-input\":{\"@type\":\"PropertyValueSpecification\",\"valueRequired\":true,\"valueName\":\"search_term_string\"}}],\"inLanguage\":\"en-US\"},{\"@type\":\"Person\",\"@id\":\"https:\/\/veritasinfo.org\/#\/schema\/person\/fe199eede04c3937362892b7444747cc\",\"name\":\"US6\",\"image\":{\"@type\":\"ImageObject\",\"inLanguage\":\"en-US\",\"@id\":\"https:\/\/veritasinfo.org\/#\/schema\/person\/image\/\",\"url\":\"https:\/\/secure.gravatar.com\/avatar\/cb16c3c31c9d23b9b8c705964598220b3014e42ff51eb540ff23cefa3ae8c15f?s=96&d=mm&r=g\",\"contentUrl\":\"https:\/\/secure.gravatar.com\/avatar\/cb16c3c31c9d23b9b8c705964598220b3014e42ff51eb540ff23cefa3ae8c15f?s=96&d=mm&r=g\",\"caption\":\"US6\"},\"url\":\"https:\/\/veritasinfo.org\/?author=7\"}]}<\/script>\n<!-- \/ Yoast SEO plugin. -->","yoast_head_json":{"title":"Kurti iu drejtohet serb\u00ebve t\u00eb Kosov\u00ebs: Mos u besoni britmave luft\u00ebnxit\u00ebse t\u00eb zyrtar\u00ebve t\u00eb lart\u00eb t\u00eb Beogradit (video) -","robots":{"index":"index","follow":"follow","max-snippet":"max-snippet:-1","max-image-preview":"max-image-preview:large","max-video-preview":"max-video-preview:-1"},"canonical":"https:\/\/veritasinfo.org\/?p=12624","og_locale":"en_US","og_type":"article","og_title":"Kurti iu drejtohet serb\u00ebve t\u00eb Kosov\u00ebs: Mos u besoni britmave luft\u00ebnxit\u00ebse t\u00eb zyrtar\u00ebve t\u00eb lart\u00eb t\u00eb Beogradit (video) -","og_description":"Prishtin\u00eb, 18 shtator 2025 Kryeministri n\u00eb detyr\u00eb i Kosov\u00ebs, Albin Kurti, n\u00ebp\u00ebrmjet nj\u00eb videomesazh i \u00ebsht\u00eb drejtuar qytetar\u00ebve t\u00eb komunitetit joshumic\u00eb serb n\u00eb Kosov\u00eb. Ai","og_url":"https:\/\/veritasinfo.org\/?p=12624","article_published_time":"2025-09-18T20:52:20+00:00","og_image":[{"width":1280,"height":720,"url":"https:\/\/veritasinfo.org\/wp-content\/uploads\/2025\/09\/12421612-scaled-e1732020162155-1280x720-1.jpg","type":"image\/jpeg"}],"author":"US6","twitter_card":"summary_large_image","twitter_misc":{"Written by":"US6","Est. reading time":"2 minutes"},"schema":{"@context":"https:\/\/schema.org","@graph":[{"@type":"WebPage","@id":"https:\/\/veritasinfo.org\/?p=12624","url":"https:\/\/veritasinfo.org\/?p=12624","name":"Kurti iu drejtohet serb\u00ebve t\u00eb Kosov\u00ebs: Mos u besoni britmave luft\u00ebnxit\u00ebse t\u00eb zyrtar\u00ebve t\u00eb lart\u00eb t\u00eb Beogradit (video) -","isPartOf":{"@id":"https:\/\/veritasinfo.org\/#website"},"primaryImageOfPage":{"@id":"https:\/\/veritasinfo.org\/?p=12624#primaryimage"},"image":{"@id":"https:\/\/veritasinfo.org\/?p=12624#primaryimage"},"thumbnailUrl":"https:\/\/veritasinfo.org\/wp-content\/uploads\/2025\/09\/12421612-scaled-e1732020162155-1280x720-1.jpg","datePublished":"2025-09-18T20:52:20+00:00","author":{"@id":"https:\/\/veritasinfo.org\/#\/schema\/person\/fe199eede04c3937362892b7444747cc"},"breadcrumb":{"@id":"https:\/\/veritasinfo.org\/?p=12624#breadcrumb"},"inLanguage":"en-US","potentialAction":[{"@type":"ReadAction","target":["https:\/\/veritasinfo.org\/?p=12624"]}]},{"@type":"ImageObject","inLanguage":"en-US","@id":"https:\/\/veritasinfo.org\/?p=12624#primaryimage","url":"https:\/\/veritasinfo.org\/wp-content\/uploads\/2025\/09\/12421612-scaled-e1732020162155-1280x720-1.jpg","contentUrl":"https:\/\/veritasinfo.org\/wp-content\/uploads\/2025\/09\/12421612-scaled-e1732020162155-1280x720-1.jpg","width":1280,"height":720},{"@type":"BreadcrumbList","@id":"https:\/\/veritasinfo.org\/?p=12624#breadcrumb","itemListElement":[{"@type":"ListItem","position":1,"name":"Home","item":"https:\/\/veritasinfo.org\/"},{"@type":"ListItem","position":2,"name":"Kurti iu drejtohet serb\u00ebve t\u00eb Kosov\u00ebs: Mos u besoni britmave luft\u00ebnxit\u00ebse t\u00eb zyrtar\u00ebve t\u00eb lart\u00eb t\u00eb Beogradit (video)"}]},{"@type":"WebSite","@id":"https:\/\/veritasinfo.org\/#website","url":"https:\/\/veritasinfo.org\/","name":"","description":"","potentialAction":[{"@type":"SearchAction","target":{"@type":"EntryPoint","urlTemplate":"https:\/\/veritasinfo.org\/?s={search_term_string}"},"query-input":{"@type":"PropertyValueSpecification","valueRequired":true,"valueName":"search_term_string"}}],"inLanguage":"en-US"},{"@type":"Person","@id":"https:\/\/veritasinfo.org\/#\/schema\/person\/fe199eede04c3937362892b7444747cc","name":"US6","image":{"@type":"ImageObject","inLanguage":"en-US","@id":"https:\/\/veritasinfo.org\/#\/schema\/person\/image\/","url":"https:\/\/secure.gravatar.com\/avatar\/cb16c3c31c9d23b9b8c705964598220b3014e42ff51eb540ff23cefa3ae8c15f?s=96&d=mm&r=g","contentUrl":"https:\/\/secure.gravatar.com\/avatar\/cb16c3c31c9d23b9b8c705964598220b3014e42ff51eb540ff23cefa3ae8c15f?s=96&d=mm&r=g","caption":"US6"},"url":"https:\/\/veritasinfo.org\/?author=7"}]}},"featured_image_urls":{"full":["https:\/\/veritasinfo.org\/wp-content\/uploads\/2025\/09\/12421612-scaled-e1732020162155-1280x720-1.jpg",1280,720,false],"thumbnail":["https:\/\/veritasinfo.org\/wp-content\/uploads\/2025\/09\/12421612-scaled-e1732020162155-1280x720-1-150x150.jpg",150,150,true],"medium":["https:\/\/veritasinfo.org\/wp-content\/uploads\/2025\/09\/12421612-scaled-e1732020162155-1280x720-1-300x169.jpg",300,169,true],"medium_large":["https:\/\/veritasinfo.org\/wp-content\/uploads\/2025\/09\/12421612-scaled-e1732020162155-1280x720-1-768x432.jpg",640,360,true],"large":["https:\/\/veritasinfo.org\/wp-content\/uploads\/2025\/09\/12421612-scaled-e1732020162155-1280x720-1-1024x576.jpg",640,360,true],"1536x1536":["https:\/\/veritasinfo.org\/wp-content\/uploads\/2025\/09\/12421612-scaled-e1732020162155-1280x720-1.jpg",1280,720,false],"2048x2048":["https:\/\/veritasinfo.org\/wp-content\/uploads\/2025\/09\/12421612-scaled-e1732020162155-1280x720-1.jpg",1280,720,false],"kreeti-slider-full":["https:\/\/veritasinfo.org\/wp-content\/uploads\/2025\/09\/12421612-scaled-e1732020162155-1280x720-1.jpg",1280,720,false],"kreeti-featured":["https:\/\/veritasinfo.org\/wp-content\/uploads\/2025\/09\/12421612-scaled-e1732020162155-1280x720-1.jpg",1024,576,false],"kreeti-medium":["https:\/\/veritasinfo.org\/wp-content\/uploads\/2025\/09\/12421612-scaled-e1732020162155-1280x720-1.jpg",720,405,false],"kreeti-medium-square":["https:\/\/veritasinfo.org\/wp-content\/uploads\/2025\/09\/12421612-scaled-e1732020162155-1280x720-1.jpg",350,197,false]},"author_info":{"info":["US6"]},"category_info":"<a href=\"https:\/\/veritasinfo.org\/?cat=58\" rel=\"category\">Politik\u00eb<\/a>","tag_info":"Politik\u00eb","comment_count":"0","_links":{"self":[{"href":"https:\/\/veritasinfo.org\/index.php?rest_route=\/wp\/v2\/posts\/12624","targetHints":{"allow":["GET"]}}],"collection":[{"href":"https:\/\/veritasinfo.org\/index.php?rest_route=\/wp\/v2\/posts"}],"about":[{"href":"https:\/\/veritasinfo.org\/index.php?rest_route=\/wp\/v2\/types\/post"}],"author":[{"embeddable":true,"href":"https:\/\/veritasinfo.org\/index.php?rest_route=\/wp\/v2\/users\/7"}],"replies":[{"embeddable":true,"href":"https:\/\/veritasinfo.org\/index.php?rest_route=%2Fwp%2Fv2%2Fcomments&post=12624"}],"version-history":[{"count":1,"href":"https:\/\/veritasinfo.org\/index.php?rest_route=\/wp\/v2\/posts\/12624\/revisions"}],"predecessor-version":[{"id":12627,"href":"https:\/\/veritasinfo.org\/index.php?rest_route=\/wp\/v2\/posts\/12624\/revisions\/12627"}],"wp:featuredmedia":[{"embeddable":true,"href":"https:\/\/veritasinfo.org\/index.php?rest_route=\/wp\/v2\/media\/12625"}],"wp:attachment":[{"href":"https:\/\/veritasinfo.org\/index.php?rest_route=%2Fwp%2Fv2%2Fmedia&parent=12624"}],"wp:term":[{"taxonomy":"category","embeddable":true,"href":"https:\/\/veritasinfo.org\/index.php?rest_route=%2Fwp%2Fv2%2Fcategories&post=12624"},{"taxonomy":"post_tag","embeddable":true,"href":"https:\/\/veritasinfo.org\/index.php?rest_route=%2Fwp%2Fv2%2Ftags&post=12624"}],"curies":[{"name":"wp","href":"https:\/\/api.w.org\/{rel}","templated":true}]}}