{"id":12614,"date":"2025-09-18T22:39:35","date_gmt":"2025-09-18T20:39:35","guid":{"rendered":"https:\/\/veritasinfo.org\/?p=12614"},"modified":"2025-09-18T22:39:35","modified_gmt":"2025-09-18T20:39:35","slug":"komandantet-e-kfor-it-dhe-ushtrise-britanike-flasin-per-sigurine-ne-kosove","status":"publish","type":"post","link":"https:\/\/veritasinfo.org\/?p=12614","title":{"rendered":"Komandant\u00ebt e KFOR-it dhe Ushtris\u00eb Britanike flasin p\u00ebr sigurin\u00eb n\u00eb Kosov\u00eb"},"content":{"rendered":"<p>Prishtin\u00eb, 18 shtator 2025<\/p>\n<p>Komandanti i misionit KFOR-it, Enrico Barduani, priti sot n\u00eb takim komandantin e Brigad\u00ebs s\u00eb 7-t\u00eb t\u00eb ushtris\u00eb britanike, Andrew Watson, n\u00eb shtabin e KFOR-it n\u00eb kampin \u201cFilm City\u201d, n\u00eb Prishtin\u00eb.<\/p>\n<p>N\u00eb njoftimin e KFOR-it thuhet se t\u00eb dy komandant\u00ebt diskutuan dinamik\u00ebn aktuale t\u00eb siguris\u00eb n\u00eb Kosov\u00eb dhe kontekstin m\u00eb t\u00eb gjer\u00eb rajonal.<\/p>\n<p>\u201cGjeneral Brigade Watson p\u00ebrg\u00ebzoi rolin e vazhduesh\u00ebm t\u00eb KFOR-it n\u00eb nxitjen e nj\u00eb mjedisi t\u00eb q\u00ebndruesh\u00ebm dhe t\u00eb sigurt p\u00ebr t\u00eb gjitha komunitetet n\u00eb Kosov\u00eb\u201d.<\/p>\n<p>\u201cGjenerali Barduani shprehu vler\u00ebsimin e tij t\u00eb sinqert\u00eb p\u00ebr angazhimin dhe profesionalizmin e personelit britanik dhe, n\u00eb ve\u00e7anti, mir\u00ebnjohjen e tij t\u00eb p\u00ebrzem\u00ebrt p\u00ebr Gard\u00ebn Skoceze, t\u00eb vendosura n\u00eb Kosov\u00eb si pjes\u00eb e forcave rezerv\u00eb t\u00eb NATO-s\u201d, thuhet n\u00eb njoftim.<\/p>\n<p>KFOR rithekson se punon n\u00eb koordinim t\u00eb ngusht\u00eb me Policin\u00eb e Kosov\u00ebs dhe Misionin e Bashkimit Evropian p\u00ebr Sundimin e Ligjit n\u00eb Kosov\u00eb (EULEX) n\u00eb rolet e tyre respektive si p\u00ebrgjigj\u00ebs t\u00eb siguris\u00eb.<\/p>\n","protected":false},"excerpt":{"rendered":"<p>Prishtin\u00eb, 18 shtator 2025 Komandanti i misionit KFOR-it, Enrico Barduani, priti sot n\u00eb takim komandantin e Brigad\u00ebs s\u00eb 7-t\u00eb t\u00eb ushtris\u00eb britanike, Andrew Watson, n\u00eb<\/p>\n","protected":false},"author":7,"featured_media":12615,"comment_status":"open","ping_status":"open","sticky":false,"template":"","format":"standard","meta":{"footnotes":""},"categories":[60],"tags":[],"class_list":["post-12614","post","type-post","status-publish","format-standard","has-post-thumbnail","hentry","category-shoqerore-sq"],"yoast_head":"<!-- This site is optimized with the Yoast SEO plugin v25.3.1 - https:\/\/yoast.com\/wordpress\/plugins\/seo\/ -->\n<title>Komandant\u00ebt e KFOR-it dhe Ushtris\u00eb Britanike flasin p\u00ebr sigurin\u00eb n\u00eb Kosov\u00eb -<\/title>\n<meta name=\"robots\" content=\"index, follow, max-snippet:-1, max-image-preview:large, max-video-preview:-1\" \/>\n<link rel=\"canonical\" href=\"https:\/\/veritasinfo.org\/?p=12614\" \/>\n<meta property=\"og:locale\" content=\"en_US\" \/>\n<meta property=\"og:type\" content=\"article\" \/>\n<meta property=\"og:title\" content=\"Komandant\u00ebt e KFOR-it dhe Ushtris\u00eb Britanike flasin p\u00ebr sigurin\u00eb n\u00eb Kosov\u00eb -\" \/>\n<meta property=\"og:description\" content=\"Prishtin\u00eb, 18 shtator 2025 Komandanti i misionit KFOR-it, Enrico Barduani, priti sot n\u00eb takim komandantin e Brigad\u00ebs s\u00eb 7-t\u00eb t\u00eb ushtris\u00eb britanike, Andrew Watson, n\u00eb\" \/>\n<meta property=\"og:url\" content=\"https:\/\/veritasinfo.org\/?p=12614\" \/>\n<meta property=\"article:published_time\" content=\"2025-09-18T20:39:35+00:00\" \/>\n<meta property=\"og:image\" content=\"https:\/\/veritasinfo.org\/wp-content\/uploads\/2025\/09\/704462-U6u1Q7U5wx.jpg\" \/>\n\t<meta property=\"og:image:width\" content=\"780\" \/>\n\t<meta property=\"og:image:height\" content=\"500\" \/>\n\t<meta property=\"og:image:type\" content=\"image\/jpeg\" \/>\n<meta name=\"author\" content=\"US6\" \/>\n<meta name=\"twitter:card\" content=\"summary_large_image\" \/>\n<meta name=\"twitter:label1\" content=\"Written by\" \/>\n\t<meta name=\"twitter:data1\" content=\"US6\" \/>\n\t<meta name=\"twitter:label2\" content=\"Est. reading time\" \/>\n\t<meta name=\"twitter:data2\" content=\"1 minute\" \/>\n<script type=\"application\/ld+json\" class=\"yoast-schema-graph\">{\"@context\":\"https:\/\/schema.org\",\"@graph\":[{\"@type\":\"WebPage\",\"@id\":\"https:\/\/veritasinfo.org\/?p=12614\",\"url\":\"https:\/\/veritasinfo.org\/?p=12614\",\"name\":\"Komandant\u00ebt e KFOR-it dhe Ushtris\u00eb Britanike flasin p\u00ebr sigurin\u00eb n\u00eb Kosov\u00eb -\",\"isPartOf\":{\"@id\":\"https:\/\/veritasinfo.org\/#website\"},\"primaryImageOfPage\":{\"@id\":\"https:\/\/veritasinfo.org\/?p=12614#primaryimage\"},\"image\":{\"@id\":\"https:\/\/veritasinfo.org\/?p=12614#primaryimage\"},\"thumbnailUrl\":\"https:\/\/veritasinfo.org\/wp-content\/uploads\/2025\/09\/704462-U6u1Q7U5wx.jpg\",\"datePublished\":\"2025-09-18T20:39:35+00:00\",\"author\":{\"@id\":\"https:\/\/veritasinfo.org\/#\/schema\/person\/fe199eede04c3937362892b7444747cc\"},\"breadcrumb\":{\"@id\":\"https:\/\/veritasinfo.org\/?p=12614#breadcrumb\"},\"inLanguage\":\"en-US\",\"potentialAction\":[{\"@type\":\"ReadAction\",\"target\":[\"https:\/\/veritasinfo.org\/?p=12614\"]}]},{\"@type\":\"ImageObject\",\"inLanguage\":\"en-US\",\"@id\":\"https:\/\/veritasinfo.org\/?p=12614#primaryimage\",\"url\":\"https:\/\/veritasinfo.org\/wp-content\/uploads\/2025\/09\/704462-U6u1Q7U5wx.jpg\",\"contentUrl\":\"https:\/\/veritasinfo.org\/wp-content\/uploads\/2025\/09\/704462-U6u1Q7U5wx.jpg\",\"width\":780,\"height\":500},{\"@type\":\"BreadcrumbList\",\"@id\":\"https:\/\/veritasinfo.org\/?p=12614#breadcrumb\",\"itemListElement\":[{\"@type\":\"ListItem\",\"position\":1,\"name\":\"Home\",\"item\":\"https:\/\/veritasinfo.org\/\"},{\"@type\":\"ListItem\",\"position\":2,\"name\":\"Komandant\u00ebt e KFOR-it dhe Ushtris\u00eb Britanike flasin p\u00ebr sigurin\u00eb n\u00eb Kosov\u00eb\"}]},{\"@type\":\"WebSite\",\"@id\":\"https:\/\/veritasinfo.org\/#website\",\"url\":\"https:\/\/veritasinfo.org\/\",\"name\":\"\",\"description\":\"\",\"potentialAction\":[{\"@type\":\"SearchAction\",\"target\":{\"@type\":\"EntryPoint\",\"urlTemplate\":\"https:\/\/veritasinfo.org\/?s={search_term_string}\"},\"query-input\":{\"@type\":\"PropertyValueSpecification\",\"valueRequired\":true,\"valueName\":\"search_term_string\"}}],\"inLanguage\":\"en-US\"},{\"@type\":\"Person\",\"@id\":\"https:\/\/veritasinfo.org\/#\/schema\/person\/fe199eede04c3937362892b7444747cc\",\"name\":\"US6\",\"image\":{\"@type\":\"ImageObject\",\"inLanguage\":\"en-US\",\"@id\":\"https:\/\/veritasinfo.org\/#\/schema\/person\/image\/\",\"url\":\"https:\/\/secure.gravatar.com\/avatar\/cb16c3c31c9d23b9b8c705964598220b3014e42ff51eb540ff23cefa3ae8c15f?s=96&d=mm&r=g\",\"contentUrl\":\"https:\/\/secure.gravatar.com\/avatar\/cb16c3c31c9d23b9b8c705964598220b3014e42ff51eb540ff23cefa3ae8c15f?s=96&d=mm&r=g\",\"caption\":\"US6\"},\"url\":\"https:\/\/veritasinfo.org\/?author=7\"}]}<\/script>\n<!-- \/ Yoast SEO plugin. -->","yoast_head_json":{"title":"Komandant\u00ebt e KFOR-it dhe Ushtris\u00eb Britanike flasin p\u00ebr sigurin\u00eb n\u00eb Kosov\u00eb -","robots":{"index":"index","follow":"follow","max-snippet":"max-snippet:-1","max-image-preview":"max-image-preview:large","max-video-preview":"max-video-preview:-1"},"canonical":"https:\/\/veritasinfo.org\/?p=12614","og_locale":"en_US","og_type":"article","og_title":"Komandant\u00ebt e KFOR-it dhe Ushtris\u00eb Britanike flasin p\u00ebr sigurin\u00eb n\u00eb Kosov\u00eb -","og_description":"Prishtin\u00eb, 18 shtator 2025 Komandanti i misionit KFOR-it, Enrico Barduani, priti sot n\u00eb takim komandantin e Brigad\u00ebs s\u00eb 7-t\u00eb t\u00eb ushtris\u00eb britanike, Andrew Watson, n\u00eb","og_url":"https:\/\/veritasinfo.org\/?p=12614","article_published_time":"2025-09-18T20:39:35+00:00","og_image":[{"width":780,"height":500,"url":"https:\/\/veritasinfo.org\/wp-content\/uploads\/2025\/09\/704462-U6u1Q7U5wx.jpg","type":"image\/jpeg"}],"author":"US6","twitter_card":"summary_large_image","twitter_misc":{"Written by":"US6","Est. reading time":"1 minute"},"schema":{"@context":"https:\/\/schema.org","@graph":[{"@type":"WebPage","@id":"https:\/\/veritasinfo.org\/?p=12614","url":"https:\/\/veritasinfo.org\/?p=12614","name":"Komandant\u00ebt e KFOR-it dhe Ushtris\u00eb Britanike flasin p\u00ebr sigurin\u00eb n\u00eb Kosov\u00eb -","isPartOf":{"@id":"https:\/\/veritasinfo.org\/#website"},"primaryImageOfPage":{"@id":"https:\/\/veritasinfo.org\/?p=12614#primaryimage"},"image":{"@id":"https:\/\/veritasinfo.org\/?p=12614#primaryimage"},"thumbnailUrl":"https:\/\/veritasinfo.org\/wp-content\/uploads\/2025\/09\/704462-U6u1Q7U5wx.jpg","datePublished":"2025-09-18T20:39:35+00:00","author":{"@id":"https:\/\/veritasinfo.org\/#\/schema\/person\/fe199eede04c3937362892b7444747cc"},"breadcrumb":{"@id":"https:\/\/veritasinfo.org\/?p=12614#breadcrumb"},"inLanguage":"en-US","potentialAction":[{"@type":"ReadAction","target":["https:\/\/veritasinfo.org\/?p=12614"]}]},{"@type":"ImageObject","inLanguage":"en-US","@id":"https:\/\/veritasinfo.org\/?p=12614#primaryimage","url":"https:\/\/veritasinfo.org\/wp-content\/uploads\/2025\/09\/704462-U6u1Q7U5wx.jpg","contentUrl":"https:\/\/veritasinfo.org\/wp-content\/uploads\/2025\/09\/704462-U6u1Q7U5wx.jpg","width":780,"height":500},{"@type":"BreadcrumbList","@id":"https:\/\/veritasinfo.org\/?p=12614#breadcrumb","itemListElement":[{"@type":"ListItem","position":1,"name":"Home","item":"https:\/\/veritasinfo.org\/"},{"@type":"ListItem","position":2,"name":"Komandant\u00ebt e KFOR-it dhe Ushtris\u00eb Britanike flasin p\u00ebr sigurin\u00eb n\u00eb Kosov\u00eb"}]},{"@type":"WebSite","@id":"https:\/\/veritasinfo.org\/#website","url":"https:\/\/veritasinfo.org\/","name":"","description":"","potentialAction":[{"@type":"SearchAction","target":{"@type":"EntryPoint","urlTemplate":"https:\/\/veritasinfo.org\/?s={search_term_string}"},"query-input":{"@type":"PropertyValueSpecification","valueRequired":true,"valueName":"search_term_string"}}],"inLanguage":"en-US"},{"@type":"Person","@id":"https:\/\/veritasinfo.org\/#\/schema\/person\/fe199eede04c3937362892b7444747cc","name":"US6","image":{"@type":"ImageObject","inLanguage":"en-US","@id":"https:\/\/veritasinfo.org\/#\/schema\/person\/image\/","url":"https:\/\/secure.gravatar.com\/avatar\/cb16c3c31c9d23b9b8c705964598220b3014e42ff51eb540ff23cefa3ae8c15f?s=96&d=mm&r=g","contentUrl":"https:\/\/secure.gravatar.com\/avatar\/cb16c3c31c9d23b9b8c705964598220b3014e42ff51eb540ff23cefa3ae8c15f?s=96&d=mm&r=g","caption":"US6"},"url":"https:\/\/veritasinfo.org\/?author=7"}]}},"featured_image_urls":{"full":["https:\/\/veritasinfo.org\/wp-content\/uploads\/2025\/09\/704462-U6u1Q7U5wx.jpg",780,500,false],"thumbnail":["https:\/\/veritasinfo.org\/wp-content\/uploads\/2025\/09\/704462-U6u1Q7U5wx-150x150.jpg",150,150,true],"medium":["https:\/\/veritasinfo.org\/wp-content\/uploads\/2025\/09\/704462-U6u1Q7U5wx-300x192.jpg",300,192,true],"medium_large":["https:\/\/veritasinfo.org\/wp-content\/uploads\/2025\/09\/704462-U6u1Q7U5wx-768x492.jpg",640,410,true],"large":["https:\/\/veritasinfo.org\/wp-content\/uploads\/2025\/09\/704462-U6u1Q7U5wx.jpg",640,410,false],"1536x1536":["https:\/\/veritasinfo.org\/wp-content\/uploads\/2025\/09\/704462-U6u1Q7U5wx.jpg",780,500,false],"2048x2048":["https:\/\/veritasinfo.org\/wp-content\/uploads\/2025\/09\/704462-U6u1Q7U5wx.jpg",780,500,false],"kreeti-slider-full":["https:\/\/veritasinfo.org\/wp-content\/uploads\/2025\/09\/704462-U6u1Q7U5wx.jpg",780,500,false],"kreeti-featured":["https:\/\/veritasinfo.org\/wp-content\/uploads\/2025\/09\/704462-U6u1Q7U5wx.jpg",780,500,false],"kreeti-medium":["https:\/\/veritasinfo.org\/wp-content\/uploads\/2025\/09\/704462-U6u1Q7U5wx.jpg",720,462,false],"kreeti-medium-square":["https:\/\/veritasinfo.org\/wp-content\/uploads\/2025\/09\/704462-U6u1Q7U5wx.jpg",350,224,false]},"author_info":{"info":["US6"]},"category_info":"<a href=\"https:\/\/veritasinfo.org\/?cat=60\" rel=\"category\">Shoq\u00ebrore<\/a>","tag_info":"Shoq\u00ebrore","comment_count":"0","_links":{"self":[{"href":"https:\/\/veritasinfo.org\/index.php?rest_route=\/wp\/v2\/posts\/12614","targetHints":{"allow":["GET"]}}],"collection":[{"href":"https:\/\/veritasinfo.org\/index.php?rest_route=\/wp\/v2\/posts"}],"about":[{"href":"https:\/\/veritasinfo.org\/index.php?rest_route=\/wp\/v2\/types\/post"}],"author":[{"embeddable":true,"href":"https:\/\/veritasinfo.org\/index.php?rest_route=\/wp\/v2\/users\/7"}],"replies":[{"embeddable":true,"href":"https:\/\/veritasinfo.org\/index.php?rest_route=%2Fwp%2Fv2%2Fcomments&post=12614"}],"version-history":[{"count":1,"href":"https:\/\/veritasinfo.org\/index.php?rest_route=\/wp\/v2\/posts\/12614\/revisions"}],"predecessor-version":[{"id":12616,"href":"https:\/\/veritasinfo.org\/index.php?rest_route=\/wp\/v2\/posts\/12614\/revisions\/12616"}],"wp:featuredmedia":[{"embeddable":true,"href":"https:\/\/veritasinfo.org\/index.php?rest_route=\/wp\/v2\/media\/12615"}],"wp:attachment":[{"href":"https:\/\/veritasinfo.org\/index.php?rest_route=%2Fwp%2Fv2%2Fmedia&parent=12614"}],"wp:term":[{"taxonomy":"category","embeddable":true,"href":"https:\/\/veritasinfo.org\/index.php?rest_route=%2Fwp%2Fv2%2Fcategories&post=12614"},{"taxonomy":"post_tag","embeddable":true,"href":"https:\/\/veritasinfo.org\/index.php?rest_route=%2Fwp%2Fv2%2Ftags&post=12614"}],"curies":[{"name":"wp","href":"https:\/\/api.w.org\/{rel}","templated":true}]}}