{"id":12604,"date":"2025-09-18T21:37:26","date_gmt":"2025-09-18T19:37:26","guid":{"rendered":"https:\/\/veritasinfo.org\/?p=12604"},"modified":"2025-09-18T21:37:26","modified_gmt":"2025-09-18T19:37:26","slug":"eurodeputeti-i-fuqishem-gjerman-schieder-vuciqit-po-i-vjen-fundi-serbia-sot-eshte-si-ne-kohen-e-millosheviqit","status":"publish","type":"post","link":"https:\/\/veritasinfo.org\/?p=12604","title":{"rendered":"Eurodeputeti i fuqish\u00ebm gjerman, Schieder: Vu\u00e7iqit po i vjen fundi, Serbia sot \u00ebsht\u00eb si n\u00eb koh\u00ebn e Millosheviqit"},"content":{"rendered":"<p>Prishtin\u00eb, 18 shtator 2025<\/p>\n<p>Kryetari i delegacionit SPO n\u00eb Parlamentin Evropian k\u00ebrkon zgjedhje t\u00eb jasht\u00ebzakonshme pas nj\u00eb reforme t\u00eb ligjit zgjedhor n\u00eb Serbi dhe formimin e nj\u00eb qeverie t\u00eb unitetit komb\u00ebtar.<\/p>\n<p>\u201cVu\u00e7iqit \u00ebsht\u00eb n\u00eb fund, ai nuk e ka shumic\u00ebn n\u00eb vend. N\u00ebse do t\u00eb d\u00ebshironte t\u00eb fitonte p\u00ebrs\u00ebri n\u00eb zgjedhje, do t\u00eb duhej t\u00eb organizohej \u2018masivisht\u2019, dometh\u00ebn\u00eb t\u00eb manipulonte\u201d, vler\u00ebson Andreas Schieder.<\/p>\n<p>Ky deputet socialdemokrat n\u00eb Parlamentin Evropian \u00ebsht\u00eb nj\u00eb nga t\u00eb rrall\u00ebt politikan\u00eb evropian\u00eb q\u00eb nuk ndjek me v\u00ebmendje vet\u00ebm politik\u00ebn serbe, por gjithashtu gjen guximin ta kritikoj\u00eb regjimin autoritar t\u00eb presidenti serb, Aleksandar Vu\u00e7iqit dhe dhun\u00ebn e fundit policore ndaj student\u00ebve. Ai thekson se \u00ebsht\u00eb thelb\u00ebsore q\u00eb n\u00eb zgjedhjet e ardhshme t\u00eb jet\u00eb nj\u00eb list\u00eb e l\u00ebvizjes demokratike q\u00eb udh\u00ebhiqet nga student\u00ebt.<\/p>\n<p>\u201cStudent\u00ebt kan\u00eb mb\u00ebshtetje n\u00eb t\u00eb gjith\u00eb spektrin shoq\u00ebror, tek prind\u00ebrit e tyre dhe gjysh\u00ebrit. Me ta t\u00eb formohet nj\u00eb qeveri tranzitore e unitetit komb\u00ebtar, n\u00eb m\u00ebnyr\u00eb q\u00eb vendi t\u00eb ndryshoj\u00eb dhe t\u00eb lirohet\u201d, tha ai p\u00ebr\u00a0<a href=\"https:\/\/www.derstandard.at\/consent\/tcf\/story\/3000000288209\/eu-abgeordneter-schieder-vucic-ist-am-ende\">STANDARD.<\/a><\/p>\n<p>Ai e krahason situat\u00ebn me vitin 2000, kur Sllobodan Milosheviq u rr\u00ebzua nga pushteti dhe reformisti Zoran Gjingjiq mori drejtimin e shtetit.<\/p>\n<p>\u201cZoran Gjingjiq\u00ebt e k\u00ebtyre viteve e quajm\u00eb l\u00ebvizje studentore\u201d, thot\u00eb ai p\u00ebr l\u00ebvizjen demokratike m\u00eb t\u00eb madhe aktualisht n\u00eb Evrop\u00eb. Ai shton se edhe partit\u00eb opozitare e kan\u00eb t\u00eb qart\u00eb se student\u00ebt duhet t\u00eb jen\u00eb udh\u00ebheq\u00ebsit e l\u00ebvizjes pas zgjedhjeve t\u00eb jasht\u00ebzakonshme, p\u00ebr t\u00eb cilat t\u00eb gjith\u00eb duhet t\u00eb ulen n\u00eb t\u00eb nj\u00ebjtin tryez\u00eb.<\/p>\n<p>Kritikat ndaj udh\u00ebheq\u00ebsit serb vijn\u00eb gjithashtu edhe Partia Evropiane Popullore (EPP), ku an\u00ebtare \u00ebsht\u00eb SNS-i i Vu\u00e7iqit.<\/p>\n<p>Kryetari i EPP, Manfred Weber, deklaroi se partia ka vendosur t\u00eb nis nj\u00eb procedur\u00eb p\u00ebr verifikimin e an\u00ebtar\u00ebsis\u00eb s\u00eb lidhur t\u00eb SNS.<\/p>\n<p>\u201cEPP nuk i ka mbyllur syt\u00eb para ngjarjeve n\u00eb Serbi. Procedura pritet t\u00eb p\u00ebrfundoj\u00eb dit\u00ebt e ardhshme\u201d. Deklaroi ai.<\/p>\n<p>P\u00ebr dhjet\u00eb muaj me radh\u00eb, dhjet\u00ebra mij\u00ebra qytetar\u00eb t\u00eb Serbis\u00eb kan\u00eb dal\u00eb n\u00eb rrug\u00eb duke k\u00ebrkuar m\u00eb shum\u00eb sundim t\u00eb ligjit dhe transparenc\u00eb.<\/p>\n<p>Ata duan t\u00eb demokratizojn\u00eb nj\u00eb vend t\u00eb cilin SNS-i i Vu\u00e7iqit i ka \u201ckapur\u201d institucionet. N\u00ebn Vu\u00e7iqin, n\u00eb Serbi prej koh\u00ebsh nuk ka m\u00eb ndarje t\u00eb pushteteve.<\/p>\n<p>&nbsp;<\/p>\n","protected":false},"excerpt":{"rendered":"<p>Prishtin\u00eb, 18 shtator 2025 Kryetari i delegacionit SPO n\u00eb Parlamentin Evropian k\u00ebrkon zgjedhje t\u00eb jasht\u00ebzakonshme pas nj\u00eb reforme t\u00eb ligjit zgjedhor n\u00eb Serbi dhe formimin<\/p>\n","protected":false},"author":7,"featured_media":12605,"comment_status":"open","ping_status":"open","sticky":false,"template":"","format":"standard","meta":{"footnotes":""},"categories":[72],"tags":[],"class_list":["post-12604","post","type-post","status-publish","format-standard","has-post-thumbnail","hentry","category-bota"],"yoast_head":"<!-- This site is optimized with the Yoast SEO plugin v25.3.1 - https:\/\/yoast.com\/wordpress\/plugins\/seo\/ -->\n<title>Eurodeputeti i fuqish\u00ebm gjerman, Schieder: Vu\u00e7iqit po i vjen fundi, Serbia sot \u00ebsht\u00eb si n\u00eb koh\u00ebn e Millosheviqit -<\/title>\n<meta name=\"robots\" content=\"index, follow, max-snippet:-1, max-image-preview:large, max-video-preview:-1\" \/>\n<link rel=\"canonical\" href=\"https:\/\/veritasinfo.org\/?p=12604\" \/>\n<meta property=\"og:locale\" content=\"en_US\" \/>\n<meta property=\"og:type\" content=\"article\" \/>\n<meta property=\"og:title\" content=\"Eurodeputeti i fuqish\u00ebm gjerman, Schieder: Vu\u00e7iqit po i vjen fundi, Serbia sot \u00ebsht\u00eb si n\u00eb koh\u00ebn e Millosheviqit -\" \/>\n<meta property=\"og:description\" content=\"Prishtin\u00eb, 18 shtator 2025 Kryetari i delegacionit SPO n\u00eb Parlamentin Evropian k\u00ebrkon zgjedhje t\u00eb jasht\u00ebzakonshme pas nj\u00eb reforme t\u00eb ligjit zgjedhor n\u00eb Serbi dhe formimin\" \/>\n<meta property=\"og:url\" content=\"https:\/\/veritasinfo.org\/?p=12604\" \/>\n<meta property=\"article:published_time\" content=\"2025-09-18T19:37:26+00:00\" \/>\n<meta property=\"og:image\" content=\"https:\/\/veritasinfo.org\/wp-content\/uploads\/2025\/09\/46-105088561.jpg\" \/>\n\t<meta property=\"og:image:width\" content=\"616\" \/>\n\t<meta property=\"og:image:height\" content=\"347\" \/>\n\t<meta property=\"og:image:type\" content=\"image\/jpeg\" \/>\n<meta name=\"author\" content=\"US6\" \/>\n<meta name=\"twitter:card\" content=\"summary_large_image\" \/>\n<meta name=\"twitter:label1\" content=\"Written by\" \/>\n\t<meta name=\"twitter:data1\" content=\"US6\" \/>\n\t<meta name=\"twitter:label2\" content=\"Est. reading time\" \/>\n\t<meta name=\"twitter:data2\" content=\"2 minutes\" \/>\n<script type=\"application\/ld+json\" class=\"yoast-schema-graph\">{\"@context\":\"https:\/\/schema.org\",\"@graph\":[{\"@type\":\"WebPage\",\"@id\":\"https:\/\/veritasinfo.org\/?p=12604\",\"url\":\"https:\/\/veritasinfo.org\/?p=12604\",\"name\":\"Eurodeputeti i fuqish\u00ebm gjerman, Schieder: Vu\u00e7iqit po i vjen fundi, Serbia sot \u00ebsht\u00eb si n\u00eb koh\u00ebn e Millosheviqit -\",\"isPartOf\":{\"@id\":\"https:\/\/veritasinfo.org\/#website\"},\"primaryImageOfPage\":{\"@id\":\"https:\/\/veritasinfo.org\/?p=12604#primaryimage\"},\"image\":{\"@id\":\"https:\/\/veritasinfo.org\/?p=12604#primaryimage\"},\"thumbnailUrl\":\"https:\/\/veritasinfo.org\/wp-content\/uploads\/2025\/09\/46-105088561.jpg\",\"datePublished\":\"2025-09-18T19:37:26+00:00\",\"author\":{\"@id\":\"https:\/\/veritasinfo.org\/#\/schema\/person\/fe199eede04c3937362892b7444747cc\"},\"breadcrumb\":{\"@id\":\"https:\/\/veritasinfo.org\/?p=12604#breadcrumb\"},\"inLanguage\":\"en-US\",\"potentialAction\":[{\"@type\":\"ReadAction\",\"target\":[\"https:\/\/veritasinfo.org\/?p=12604\"]}]},{\"@type\":\"ImageObject\",\"inLanguage\":\"en-US\",\"@id\":\"https:\/\/veritasinfo.org\/?p=12604#primaryimage\",\"url\":\"https:\/\/veritasinfo.org\/wp-content\/uploads\/2025\/09\/46-105088561.jpg\",\"contentUrl\":\"https:\/\/veritasinfo.org\/wp-content\/uploads\/2025\/09\/46-105088561.jpg\",\"width\":616,\"height\":347},{\"@type\":\"BreadcrumbList\",\"@id\":\"https:\/\/veritasinfo.org\/?p=12604#breadcrumb\",\"itemListElement\":[{\"@type\":\"ListItem\",\"position\":1,\"name\":\"Home\",\"item\":\"https:\/\/veritasinfo.org\/\"},{\"@type\":\"ListItem\",\"position\":2,\"name\":\"Eurodeputeti i fuqish\u00ebm gjerman, Schieder: Vu\u00e7iqit po i vjen fundi, Serbia sot \u00ebsht\u00eb si n\u00eb koh\u00ebn e Millosheviqit\"}]},{\"@type\":\"WebSite\",\"@id\":\"https:\/\/veritasinfo.org\/#website\",\"url\":\"https:\/\/veritasinfo.org\/\",\"name\":\"\",\"description\":\"\",\"potentialAction\":[{\"@type\":\"SearchAction\",\"target\":{\"@type\":\"EntryPoint\",\"urlTemplate\":\"https:\/\/veritasinfo.org\/?s={search_term_string}\"},\"query-input\":{\"@type\":\"PropertyValueSpecification\",\"valueRequired\":true,\"valueName\":\"search_term_string\"}}],\"inLanguage\":\"en-US\"},{\"@type\":\"Person\",\"@id\":\"https:\/\/veritasinfo.org\/#\/schema\/person\/fe199eede04c3937362892b7444747cc\",\"name\":\"US6\",\"image\":{\"@type\":\"ImageObject\",\"inLanguage\":\"en-US\",\"@id\":\"https:\/\/veritasinfo.org\/#\/schema\/person\/image\/\",\"url\":\"https:\/\/secure.gravatar.com\/avatar\/cb16c3c31c9d23b9b8c705964598220b3014e42ff51eb540ff23cefa3ae8c15f?s=96&d=mm&r=g\",\"contentUrl\":\"https:\/\/secure.gravatar.com\/avatar\/cb16c3c31c9d23b9b8c705964598220b3014e42ff51eb540ff23cefa3ae8c15f?s=96&d=mm&r=g\",\"caption\":\"US6\"},\"url\":\"https:\/\/veritasinfo.org\/?author=7\"}]}<\/script>\n<!-- \/ Yoast SEO plugin. -->","yoast_head_json":{"title":"Eurodeputeti i fuqish\u00ebm gjerman, Schieder: Vu\u00e7iqit po i vjen fundi, Serbia sot \u00ebsht\u00eb si n\u00eb koh\u00ebn e Millosheviqit -","robots":{"index":"index","follow":"follow","max-snippet":"max-snippet:-1","max-image-preview":"max-image-preview:large","max-video-preview":"max-video-preview:-1"},"canonical":"https:\/\/veritasinfo.org\/?p=12604","og_locale":"en_US","og_type":"article","og_title":"Eurodeputeti i fuqish\u00ebm gjerman, Schieder: Vu\u00e7iqit po i vjen fundi, Serbia sot \u00ebsht\u00eb si n\u00eb koh\u00ebn e Millosheviqit -","og_description":"Prishtin\u00eb, 18 shtator 2025 Kryetari i delegacionit SPO n\u00eb Parlamentin Evropian k\u00ebrkon zgjedhje t\u00eb jasht\u00ebzakonshme pas nj\u00eb reforme t\u00eb ligjit zgjedhor n\u00eb Serbi dhe formimin","og_url":"https:\/\/veritasinfo.org\/?p=12604","article_published_time":"2025-09-18T19:37:26+00:00","og_image":[{"width":616,"height":347,"url":"https:\/\/veritasinfo.org\/wp-content\/uploads\/2025\/09\/46-105088561.jpg","type":"image\/jpeg"}],"author":"US6","twitter_card":"summary_large_image","twitter_misc":{"Written by":"US6","Est. reading time":"2 minutes"},"schema":{"@context":"https:\/\/schema.org","@graph":[{"@type":"WebPage","@id":"https:\/\/veritasinfo.org\/?p=12604","url":"https:\/\/veritasinfo.org\/?p=12604","name":"Eurodeputeti i fuqish\u00ebm gjerman, Schieder: Vu\u00e7iqit po i vjen fundi, Serbia sot \u00ebsht\u00eb si n\u00eb koh\u00ebn e Millosheviqit -","isPartOf":{"@id":"https:\/\/veritasinfo.org\/#website"},"primaryImageOfPage":{"@id":"https:\/\/veritasinfo.org\/?p=12604#primaryimage"},"image":{"@id":"https:\/\/veritasinfo.org\/?p=12604#primaryimage"},"thumbnailUrl":"https:\/\/veritasinfo.org\/wp-content\/uploads\/2025\/09\/46-105088561.jpg","datePublished":"2025-09-18T19:37:26+00:00","author":{"@id":"https:\/\/veritasinfo.org\/#\/schema\/person\/fe199eede04c3937362892b7444747cc"},"breadcrumb":{"@id":"https:\/\/veritasinfo.org\/?p=12604#breadcrumb"},"inLanguage":"en-US","potentialAction":[{"@type":"ReadAction","target":["https:\/\/veritasinfo.org\/?p=12604"]}]},{"@type":"ImageObject","inLanguage":"en-US","@id":"https:\/\/veritasinfo.org\/?p=12604#primaryimage","url":"https:\/\/veritasinfo.org\/wp-content\/uploads\/2025\/09\/46-105088561.jpg","contentUrl":"https:\/\/veritasinfo.org\/wp-content\/uploads\/2025\/09\/46-105088561.jpg","width":616,"height":347},{"@type":"BreadcrumbList","@id":"https:\/\/veritasinfo.org\/?p=12604#breadcrumb","itemListElement":[{"@type":"ListItem","position":1,"name":"Home","item":"https:\/\/veritasinfo.org\/"},{"@type":"ListItem","position":2,"name":"Eurodeputeti i fuqish\u00ebm gjerman, Schieder: Vu\u00e7iqit po i vjen fundi, Serbia sot \u00ebsht\u00eb si n\u00eb koh\u00ebn e Millosheviqit"}]},{"@type":"WebSite","@id":"https:\/\/veritasinfo.org\/#website","url":"https:\/\/veritasinfo.org\/","name":"","description":"","potentialAction":[{"@type":"SearchAction","target":{"@type":"EntryPoint","urlTemplate":"https:\/\/veritasinfo.org\/?s={search_term_string}"},"query-input":{"@type":"PropertyValueSpecification","valueRequired":true,"valueName":"search_term_string"}}],"inLanguage":"en-US"},{"@type":"Person","@id":"https:\/\/veritasinfo.org\/#\/schema\/person\/fe199eede04c3937362892b7444747cc","name":"US6","image":{"@type":"ImageObject","inLanguage":"en-US","@id":"https:\/\/veritasinfo.org\/#\/schema\/person\/image\/","url":"https:\/\/secure.gravatar.com\/avatar\/cb16c3c31c9d23b9b8c705964598220b3014e42ff51eb540ff23cefa3ae8c15f?s=96&d=mm&r=g","contentUrl":"https:\/\/secure.gravatar.com\/avatar\/cb16c3c31c9d23b9b8c705964598220b3014e42ff51eb540ff23cefa3ae8c15f?s=96&d=mm&r=g","caption":"US6"},"url":"https:\/\/veritasinfo.org\/?author=7"}]}},"featured_image_urls":{"full":["https:\/\/veritasinfo.org\/wp-content\/uploads\/2025\/09\/46-105088561.jpg",616,347,false],"thumbnail":["https:\/\/veritasinfo.org\/wp-content\/uploads\/2025\/09\/46-105088561-150x150.jpg",150,150,true],"medium":["https:\/\/veritasinfo.org\/wp-content\/uploads\/2025\/09\/46-105088561-300x169.jpg",300,169,true],"medium_large":["https:\/\/veritasinfo.org\/wp-content\/uploads\/2025\/09\/46-105088561.jpg",616,347,false],"large":["https:\/\/veritasinfo.org\/wp-content\/uploads\/2025\/09\/46-105088561.jpg",616,347,false],"1536x1536":["https:\/\/veritasinfo.org\/wp-content\/uploads\/2025\/09\/46-105088561.jpg",616,347,false],"2048x2048":["https:\/\/veritasinfo.org\/wp-content\/uploads\/2025\/09\/46-105088561.jpg",616,347,false],"kreeti-slider-full":["https:\/\/veritasinfo.org\/wp-content\/uploads\/2025\/09\/46-105088561.jpg",616,347,false],"kreeti-featured":["https:\/\/veritasinfo.org\/wp-content\/uploads\/2025\/09\/46-105088561.jpg",616,347,false],"kreeti-medium":["https:\/\/veritasinfo.org\/wp-content\/uploads\/2025\/09\/46-105088561.jpg",616,347,false],"kreeti-medium-square":["https:\/\/veritasinfo.org\/wp-content\/uploads\/2025\/09\/46-105088561.jpg",350,197,false]},"author_info":{"info":["US6"]},"category_info":"<a href=\"https:\/\/veritasinfo.org\/?cat=72\" rel=\"category\">Bota<\/a>","tag_info":"Bota","comment_count":"0","_links":{"self":[{"href":"https:\/\/veritasinfo.org\/index.php?rest_route=\/wp\/v2\/posts\/12604","targetHints":{"allow":["GET"]}}],"collection":[{"href":"https:\/\/veritasinfo.org\/index.php?rest_route=\/wp\/v2\/posts"}],"about":[{"href":"https:\/\/veritasinfo.org\/index.php?rest_route=\/wp\/v2\/types\/post"}],"author":[{"embeddable":true,"href":"https:\/\/veritasinfo.org\/index.php?rest_route=\/wp\/v2\/users\/7"}],"replies":[{"embeddable":true,"href":"https:\/\/veritasinfo.org\/index.php?rest_route=%2Fwp%2Fv2%2Fcomments&post=12604"}],"version-history":[{"count":1,"href":"https:\/\/veritasinfo.org\/index.php?rest_route=\/wp\/v2\/posts\/12604\/revisions"}],"predecessor-version":[{"id":12606,"href":"https:\/\/veritasinfo.org\/index.php?rest_route=\/wp\/v2\/posts\/12604\/revisions\/12606"}],"wp:featuredmedia":[{"embeddable":true,"href":"https:\/\/veritasinfo.org\/index.php?rest_route=\/wp\/v2\/media\/12605"}],"wp:attachment":[{"href":"https:\/\/veritasinfo.org\/index.php?rest_route=%2Fwp%2Fv2%2Fmedia&parent=12604"}],"wp:term":[{"taxonomy":"category","embeddable":true,"href":"https:\/\/veritasinfo.org\/index.php?rest_route=%2Fwp%2Fv2%2Fcategories&post=12604"},{"taxonomy":"post_tag","embeddable":true,"href":"https:\/\/veritasinfo.org\/index.php?rest_route=%2Fwp%2Fv2%2Ftags&post=12604"}],"curies":[{"name":"wp","href":"https:\/\/api.w.org\/{rel}","templated":true}]}}