{"id":12588,"date":"2025-09-18T21:07:31","date_gmt":"2025-09-18T19:07:31","guid":{"rendered":"https:\/\/veritasinfo.org\/?p=12588"},"modified":"2025-09-18T21:07:31","modified_gmt":"2025-09-18T19:07:31","slug":"basha-priti-ne-takim-ambasadorin-e-malit-te-zi-bernard-cobaj","status":"publish","type":"post","link":"https:\/\/veritasinfo.org\/?p=12588","title":{"rendered":"Basha priti n\u00eb takim ambasadorin e Malit t\u00eb Zi, Bernard \u00c7obaj"},"content":{"rendered":"<p>Prishtin\u00eb, 18 shtator<\/p>\n<p>Kryetari i Kuvendit t\u00eb Republik\u00ebs s\u00eb Kosov\u00ebs, Dimal Basha, priti n\u00eb takim Ambasadorin e Malit t\u00eb Zi n\u00eb Kosov\u00eb, Bernard \u00c7obaj.<\/p>\n<p>N\u00eb k\u00ebt\u00eb takim shum\u00eb miq\u00ebsor kryetari Basha dhe ambasadori \u00c7obaj diskutuan p\u00ebr fuqizimin e lidhjeve parlamentare mes Kuvendit t\u00eb Kosov\u00ebs dhe Kuvendit t\u00eb Malit t\u00eb Zi, si dhe p\u00ebr rritjen e bashk\u00ebpunimit n\u00eb fusha ky\u00e7e, si aspektet politike, ekonomike dhe ato t\u00eb siguris\u00eb n\u00eb rajon.<\/p>\n<p>Kryetari i Kuvendit theksoi r\u00ebnd\u00ebsin\u00eb e vazhdimit t\u00eb dialogut dhe p\u00ebrpjekjeve t\u00eb p\u00ebrbashk\u00ebta n\u00eb proceset integruese evropiane si dhe nevoj\u00ebn p\u00ebr mb\u00ebshtetje nga Mali i Zi n\u00eb p\u00ebrballimin e sfidave q\u00eb Kosova ka p\u00ebrball\u00eb qasjes s\u00eb Serbis\u00eb, duke k\u00ebrkuar q\u00ebndrime t\u00eb p\u00ebrbashk\u00ebta dhe t\u00eb pal\u00ebkundura n\u00eb mbrojtje t\u00eb stabilitetit dhe siguris\u00eb rajonale.<\/p>\n<p>Pjes\u00eb e r\u00ebnd\u00ebsishme e bised\u00ebs ishte edhe roli i shqiptar\u00ebve n\u00eb Mal t\u00eb Zi, q\u00eb vazhdojn\u00eb t\u00eb sh\u00ebrbejn\u00eb si ur\u00eb lidh\u00ebse e komunikimit dhe mir\u00ebkuptimit mes dy shteteve.<\/p>\n<p>I pari i Kuvendit e fal\u00ebnderoi ambasadorin e Malit t\u00eb Zi p\u00ebr bashk\u00ebpunimin e deritanish\u00ebm dhe shprehu p\u00ebrkushtimin e tij q\u00eb marr\u00ebdh\u00ebniet mes dy parlamenteve t\u00eb thellohen edhe m\u00eb shum\u00eb n\u00eb t\u00eb ardhmen, n\u00eb dobi t\u00eb paqes, progresit dhe mir\u00ebqenies s\u00eb qytetar\u00ebve n\u00eb t\u00eb dy an\u00ebt e kufirit.<\/p>\n","protected":false},"excerpt":{"rendered":"<p>Prishtin\u00eb, 18 shtator Kryetari i Kuvendit t\u00eb Republik\u00ebs s\u00eb Kosov\u00ebs, Dimal Basha, priti n\u00eb takim Ambasadorin e Malit t\u00eb Zi n\u00eb Kosov\u00eb, Bernard \u00c7obaj. N\u00eb<\/p>\n","protected":false},"author":7,"featured_media":12589,"comment_status":"open","ping_status":"open","sticky":false,"template":"","format":"standard","meta":{"footnotes":""},"categories":[58],"tags":[],"class_list":["post-12588","post","type-post","status-publish","format-standard","has-post-thumbnail","hentry","category-politike-sq"],"yoast_head":"<!-- This site is optimized with the Yoast SEO plugin v25.3.1 - https:\/\/yoast.com\/wordpress\/plugins\/seo\/ -->\n<title>Basha priti n\u00eb takim ambasadorin e Malit t\u00eb Zi, Bernard \u00c7obaj -<\/title>\n<meta name=\"robots\" content=\"index, follow, max-snippet:-1, max-image-preview:large, max-video-preview:-1\" \/>\n<link rel=\"canonical\" href=\"https:\/\/veritasinfo.org\/?p=12588\" \/>\n<meta property=\"og:locale\" content=\"en_US\" \/>\n<meta property=\"og:type\" content=\"article\" \/>\n<meta property=\"og:title\" content=\"Basha priti n\u00eb takim ambasadorin e Malit t\u00eb Zi, Bernard \u00c7obaj -\" \/>\n<meta property=\"og:description\" content=\"Prishtin\u00eb, 18 shtator Kryetari i Kuvendit t\u00eb Republik\u00ebs s\u00eb Kosov\u00ebs, Dimal Basha, priti n\u00eb takim Ambasadorin e Malit t\u00eb Zi n\u00eb Kosov\u00eb, Bernard \u00c7obaj. N\u00eb\" \/>\n<meta property=\"og:url\" content=\"https:\/\/veritasinfo.org\/?p=12588\" \/>\n<meta property=\"article:published_time\" content=\"2025-09-18T19:07:31+00:00\" \/>\n<meta property=\"og:image\" content=\"https:\/\/veritasinfo.org\/wp-content\/uploads\/2025\/09\/2025_09_18_Kryetari-Basha-priti-ne-takim-ambasadorin-e-Malit-te-Zi-1.jpg\" \/>\n\t<meta property=\"og:image:width\" content=\"1504\" \/>\n\t<meta property=\"og:image:height\" content=\"1026\" \/>\n\t<meta property=\"og:image:type\" content=\"image\/jpeg\" \/>\n<meta name=\"author\" content=\"US6\" \/>\n<meta name=\"twitter:card\" content=\"summary_large_image\" \/>\n<meta name=\"twitter:label1\" content=\"Written by\" \/>\n\t<meta name=\"twitter:data1\" content=\"US6\" \/>\n\t<meta name=\"twitter:label2\" content=\"Est. reading time\" \/>\n\t<meta name=\"twitter:data2\" content=\"2 minutes\" \/>\n<script type=\"application\/ld+json\" class=\"yoast-schema-graph\">{\"@context\":\"https:\/\/schema.org\",\"@graph\":[{\"@type\":\"WebPage\",\"@id\":\"https:\/\/veritasinfo.org\/?p=12588\",\"url\":\"https:\/\/veritasinfo.org\/?p=12588\",\"name\":\"Basha priti n\u00eb takim ambasadorin e Malit t\u00eb Zi, Bernard \u00c7obaj -\",\"isPartOf\":{\"@id\":\"https:\/\/veritasinfo.org\/#website\"},\"primaryImageOfPage\":{\"@id\":\"https:\/\/veritasinfo.org\/?p=12588#primaryimage\"},\"image\":{\"@id\":\"https:\/\/veritasinfo.org\/?p=12588#primaryimage\"},\"thumbnailUrl\":\"https:\/\/veritasinfo.org\/wp-content\/uploads\/2025\/09\/2025_09_18_Kryetari-Basha-priti-ne-takim-ambasadorin-e-Malit-te-Zi-1.jpg\",\"datePublished\":\"2025-09-18T19:07:31+00:00\",\"author\":{\"@id\":\"https:\/\/veritasinfo.org\/#\/schema\/person\/fe199eede04c3937362892b7444747cc\"},\"breadcrumb\":{\"@id\":\"https:\/\/veritasinfo.org\/?p=12588#breadcrumb\"},\"inLanguage\":\"en-US\",\"potentialAction\":[{\"@type\":\"ReadAction\",\"target\":[\"https:\/\/veritasinfo.org\/?p=12588\"]}]},{\"@type\":\"ImageObject\",\"inLanguage\":\"en-US\",\"@id\":\"https:\/\/veritasinfo.org\/?p=12588#primaryimage\",\"url\":\"https:\/\/veritasinfo.org\/wp-content\/uploads\/2025\/09\/2025_09_18_Kryetari-Basha-priti-ne-takim-ambasadorin-e-Malit-te-Zi-1.jpg\",\"contentUrl\":\"https:\/\/veritasinfo.org\/wp-content\/uploads\/2025\/09\/2025_09_18_Kryetari-Basha-priti-ne-takim-ambasadorin-e-Malit-te-Zi-1.jpg\",\"width\":1504,\"height\":1026},{\"@type\":\"BreadcrumbList\",\"@id\":\"https:\/\/veritasinfo.org\/?p=12588#breadcrumb\",\"itemListElement\":[{\"@type\":\"ListItem\",\"position\":1,\"name\":\"Home\",\"item\":\"https:\/\/veritasinfo.org\/\"},{\"@type\":\"ListItem\",\"position\":2,\"name\":\"Basha priti n\u00eb takim ambasadorin e Malit t\u00eb Zi, Bernard \u00c7obaj\"}]},{\"@type\":\"WebSite\",\"@id\":\"https:\/\/veritasinfo.org\/#website\",\"url\":\"https:\/\/veritasinfo.org\/\",\"name\":\"\",\"description\":\"\",\"potentialAction\":[{\"@type\":\"SearchAction\",\"target\":{\"@type\":\"EntryPoint\",\"urlTemplate\":\"https:\/\/veritasinfo.org\/?s={search_term_string}\"},\"query-input\":{\"@type\":\"PropertyValueSpecification\",\"valueRequired\":true,\"valueName\":\"search_term_string\"}}],\"inLanguage\":\"en-US\"},{\"@type\":\"Person\",\"@id\":\"https:\/\/veritasinfo.org\/#\/schema\/person\/fe199eede04c3937362892b7444747cc\",\"name\":\"US6\",\"image\":{\"@type\":\"ImageObject\",\"inLanguage\":\"en-US\",\"@id\":\"https:\/\/veritasinfo.org\/#\/schema\/person\/image\/\",\"url\":\"https:\/\/secure.gravatar.com\/avatar\/cb16c3c31c9d23b9b8c705964598220b3014e42ff51eb540ff23cefa3ae8c15f?s=96&d=mm&r=g\",\"contentUrl\":\"https:\/\/secure.gravatar.com\/avatar\/cb16c3c31c9d23b9b8c705964598220b3014e42ff51eb540ff23cefa3ae8c15f?s=96&d=mm&r=g\",\"caption\":\"US6\"},\"url\":\"https:\/\/veritasinfo.org\/?author=7\"}]}<\/script>\n<!-- \/ Yoast SEO plugin. -->","yoast_head_json":{"title":"Basha priti n\u00eb takim ambasadorin e Malit t\u00eb Zi, Bernard \u00c7obaj -","robots":{"index":"index","follow":"follow","max-snippet":"max-snippet:-1","max-image-preview":"max-image-preview:large","max-video-preview":"max-video-preview:-1"},"canonical":"https:\/\/veritasinfo.org\/?p=12588","og_locale":"en_US","og_type":"article","og_title":"Basha priti n\u00eb takim ambasadorin e Malit t\u00eb Zi, Bernard \u00c7obaj -","og_description":"Prishtin\u00eb, 18 shtator Kryetari i Kuvendit t\u00eb Republik\u00ebs s\u00eb Kosov\u00ebs, Dimal Basha, priti n\u00eb takim Ambasadorin e Malit t\u00eb Zi n\u00eb Kosov\u00eb, Bernard \u00c7obaj. N\u00eb","og_url":"https:\/\/veritasinfo.org\/?p=12588","article_published_time":"2025-09-18T19:07:31+00:00","og_image":[{"width":1504,"height":1026,"url":"https:\/\/veritasinfo.org\/wp-content\/uploads\/2025\/09\/2025_09_18_Kryetari-Basha-priti-ne-takim-ambasadorin-e-Malit-te-Zi-1.jpg","type":"image\/jpeg"}],"author":"US6","twitter_card":"summary_large_image","twitter_misc":{"Written by":"US6","Est. reading time":"2 minutes"},"schema":{"@context":"https:\/\/schema.org","@graph":[{"@type":"WebPage","@id":"https:\/\/veritasinfo.org\/?p=12588","url":"https:\/\/veritasinfo.org\/?p=12588","name":"Basha priti n\u00eb takim ambasadorin e Malit t\u00eb Zi, Bernard \u00c7obaj -","isPartOf":{"@id":"https:\/\/veritasinfo.org\/#website"},"primaryImageOfPage":{"@id":"https:\/\/veritasinfo.org\/?p=12588#primaryimage"},"image":{"@id":"https:\/\/veritasinfo.org\/?p=12588#primaryimage"},"thumbnailUrl":"https:\/\/veritasinfo.org\/wp-content\/uploads\/2025\/09\/2025_09_18_Kryetari-Basha-priti-ne-takim-ambasadorin-e-Malit-te-Zi-1.jpg","datePublished":"2025-09-18T19:07:31+00:00","author":{"@id":"https:\/\/veritasinfo.org\/#\/schema\/person\/fe199eede04c3937362892b7444747cc"},"breadcrumb":{"@id":"https:\/\/veritasinfo.org\/?p=12588#breadcrumb"},"inLanguage":"en-US","potentialAction":[{"@type":"ReadAction","target":["https:\/\/veritasinfo.org\/?p=12588"]}]},{"@type":"ImageObject","inLanguage":"en-US","@id":"https:\/\/veritasinfo.org\/?p=12588#primaryimage","url":"https:\/\/veritasinfo.org\/wp-content\/uploads\/2025\/09\/2025_09_18_Kryetari-Basha-priti-ne-takim-ambasadorin-e-Malit-te-Zi-1.jpg","contentUrl":"https:\/\/veritasinfo.org\/wp-content\/uploads\/2025\/09\/2025_09_18_Kryetari-Basha-priti-ne-takim-ambasadorin-e-Malit-te-Zi-1.jpg","width":1504,"height":1026},{"@type":"BreadcrumbList","@id":"https:\/\/veritasinfo.org\/?p=12588#breadcrumb","itemListElement":[{"@type":"ListItem","position":1,"name":"Home","item":"https:\/\/veritasinfo.org\/"},{"@type":"ListItem","position":2,"name":"Basha priti n\u00eb takim ambasadorin e Malit t\u00eb Zi, Bernard \u00c7obaj"}]},{"@type":"WebSite","@id":"https:\/\/veritasinfo.org\/#website","url":"https:\/\/veritasinfo.org\/","name":"","description":"","potentialAction":[{"@type":"SearchAction","target":{"@type":"EntryPoint","urlTemplate":"https:\/\/veritasinfo.org\/?s={search_term_string}"},"query-input":{"@type":"PropertyValueSpecification","valueRequired":true,"valueName":"search_term_string"}}],"inLanguage":"en-US"},{"@type":"Person","@id":"https:\/\/veritasinfo.org\/#\/schema\/person\/fe199eede04c3937362892b7444747cc","name":"US6","image":{"@type":"ImageObject","inLanguage":"en-US","@id":"https:\/\/veritasinfo.org\/#\/schema\/person\/image\/","url":"https:\/\/secure.gravatar.com\/avatar\/cb16c3c31c9d23b9b8c705964598220b3014e42ff51eb540ff23cefa3ae8c15f?s=96&d=mm&r=g","contentUrl":"https:\/\/secure.gravatar.com\/avatar\/cb16c3c31c9d23b9b8c705964598220b3014e42ff51eb540ff23cefa3ae8c15f?s=96&d=mm&r=g","caption":"US6"},"url":"https:\/\/veritasinfo.org\/?author=7"}]}},"featured_image_urls":{"full":["https:\/\/veritasinfo.org\/wp-content\/uploads\/2025\/09\/2025_09_18_Kryetari-Basha-priti-ne-takim-ambasadorin-e-Malit-te-Zi-1.jpg",1504,1026,false],"thumbnail":["https:\/\/veritasinfo.org\/wp-content\/uploads\/2025\/09\/2025_09_18_Kryetari-Basha-priti-ne-takim-ambasadorin-e-Malit-te-Zi-1-150x150.jpg",150,150,true],"medium":["https:\/\/veritasinfo.org\/wp-content\/uploads\/2025\/09\/2025_09_18_Kryetari-Basha-priti-ne-takim-ambasadorin-e-Malit-te-Zi-1-300x205.jpg",300,205,true],"medium_large":["https:\/\/veritasinfo.org\/wp-content\/uploads\/2025\/09\/2025_09_18_Kryetari-Basha-priti-ne-takim-ambasadorin-e-Malit-te-Zi-1-768x524.jpg",640,437,true],"large":["https:\/\/veritasinfo.org\/wp-content\/uploads\/2025\/09\/2025_09_18_Kryetari-Basha-priti-ne-takim-ambasadorin-e-Malit-te-Zi-1-1024x699.jpg",640,437,true],"1536x1536":["https:\/\/veritasinfo.org\/wp-content\/uploads\/2025\/09\/2025_09_18_Kryetari-Basha-priti-ne-takim-ambasadorin-e-Malit-te-Zi-1.jpg",1504,1026,false],"2048x2048":["https:\/\/veritasinfo.org\/wp-content\/uploads\/2025\/09\/2025_09_18_Kryetari-Basha-priti-ne-takim-ambasadorin-e-Malit-te-Zi-1.jpg",1504,1026,false],"kreeti-slider-full":["https:\/\/veritasinfo.org\/wp-content\/uploads\/2025\/09\/2025_09_18_Kryetari-Basha-priti-ne-takim-ambasadorin-e-Malit-te-Zi-1.jpg",1055,720,false],"kreeti-featured":["https:\/\/veritasinfo.org\/wp-content\/uploads\/2025\/09\/2025_09_18_Kryetari-Basha-priti-ne-takim-ambasadorin-e-Malit-te-Zi-1.jpg",1024,699,false],"kreeti-medium":["https:\/\/veritasinfo.org\/wp-content\/uploads\/2025\/09\/2025_09_18_Kryetari-Basha-priti-ne-takim-ambasadorin-e-Malit-te-Zi-1.jpg",720,491,false],"kreeti-medium-square":["https:\/\/veritasinfo.org\/wp-content\/uploads\/2025\/09\/2025_09_18_Kryetari-Basha-priti-ne-takim-ambasadorin-e-Malit-te-Zi-1.jpg",350,239,false]},"author_info":{"info":["US6"]},"category_info":"<a href=\"https:\/\/veritasinfo.org\/?cat=58\" rel=\"category\">Politik\u00eb<\/a>","tag_info":"Politik\u00eb","comment_count":"0","_links":{"self":[{"href":"https:\/\/veritasinfo.org\/index.php?rest_route=\/wp\/v2\/posts\/12588","targetHints":{"allow":["GET"]}}],"collection":[{"href":"https:\/\/veritasinfo.org\/index.php?rest_route=\/wp\/v2\/posts"}],"about":[{"href":"https:\/\/veritasinfo.org\/index.php?rest_route=\/wp\/v2\/types\/post"}],"author":[{"embeddable":true,"href":"https:\/\/veritasinfo.org\/index.php?rest_route=\/wp\/v2\/users\/7"}],"replies":[{"embeddable":true,"href":"https:\/\/veritasinfo.org\/index.php?rest_route=%2Fwp%2Fv2%2Fcomments&post=12588"}],"version-history":[{"count":1,"href":"https:\/\/veritasinfo.org\/index.php?rest_route=\/wp\/v2\/posts\/12588\/revisions"}],"predecessor-version":[{"id":12590,"href":"https:\/\/veritasinfo.org\/index.php?rest_route=\/wp\/v2\/posts\/12588\/revisions\/12590"}],"wp:featuredmedia":[{"embeddable":true,"href":"https:\/\/veritasinfo.org\/index.php?rest_route=\/wp\/v2\/media\/12589"}],"wp:attachment":[{"href":"https:\/\/veritasinfo.org\/index.php?rest_route=%2Fwp%2Fv2%2Fmedia&parent=12588"}],"wp:term":[{"taxonomy":"category","embeddable":true,"href":"https:\/\/veritasinfo.org\/index.php?rest_route=%2Fwp%2Fv2%2Fcategories&post=12588"},{"taxonomy":"post_tag","embeddable":true,"href":"https:\/\/veritasinfo.org\/index.php?rest_route=%2Fwp%2Fv2%2Ftags&post=12588"}],"curies":[{"name":"wp","href":"https:\/\/api.w.org\/{rel}","templated":true}]}}