{"id":12583,"date":"2025-09-18T20:24:29","date_gmt":"2025-09-18T18:24:29","guid":{"rendered":"https:\/\/veritasinfo.org\/?p=12583"},"modified":"2025-09-18T20:24:29","modified_gmt":"2025-09-18T18:24:29","slug":"kryeministri-kurti-viziton-mitrovicen-e-veriut","status":"publish","type":"post","link":"https:\/\/veritasinfo.org\/?p=12583","title":{"rendered":"Kryeministri Kurti viziton Mitrovic\u00ebn e Veriut"},"content":{"rendered":"<p>Mitrovic\u00eb e Veriut, 18 shtator 2025<\/p>\n<p>Kryeministri n\u00eb detyr\u00eb i Republik\u00ebs s\u00eb Kosov\u00ebs, Albin Kurti, ka q\u00ebndruar n\u00eb or\u00ebt e mbr\u00ebmj\u00ebs n\u00eb Mitrovic\u00ebn e Veriut, ku \u00ebsht\u00eb takuar me qytetar\u00eb me t\u00eb cil\u00ebt edhe ka bashk\u00ebbiseduar.<\/p>\n<p>Ai ka th\u00ebn\u00eb se Mitrovica e Veriut \u00ebsht\u00eb pjes\u00eb p\u00ebrb\u00ebr\u00ebse e Kosov\u00ebs, nd\u00ebrsa Qeveria do t\u00eb vazhdoj\u00eb t\u00eb investoj\u00eb n\u00eb zhvillimin dhe sigurin\u00eb e t\u00eb gjith\u00eb banor\u00ebve, pa dallim t\u00eb p\u00ebrkat\u00ebsis\u00eb etnike.<\/p>\n","protected":false},"excerpt":{"rendered":"<p>Mitrovic\u00eb e Veriut, 18 shtator 2025 Kryeministri n\u00eb detyr\u00eb i Republik\u00ebs s\u00eb Kosov\u00ebs, Albin Kurti, ka q\u00ebndruar n\u00eb or\u00ebt e mbr\u00ebmj\u00ebs n\u00eb Mitrovic\u00ebn e Veriut,<\/p>\n","protected":false},"author":7,"featured_media":12584,"comment_status":"open","ping_status":"open","sticky":false,"template":"","format":"standard","meta":{"footnotes":""},"categories":[52,60],"tags":[],"class_list":["post-12583","post","type-post","status-publish","format-standard","has-post-thumbnail","hentry","category-komunat-sq","category-shoqerore-sq"],"yoast_head":"<!-- This site is optimized with the Yoast SEO plugin v25.3.1 - https:\/\/yoast.com\/wordpress\/plugins\/seo\/ -->\n<title>Kryeministri Kurti viziton Mitrovic\u00ebn e Veriut -<\/title>\n<meta name=\"robots\" content=\"index, follow, max-snippet:-1, max-image-preview:large, max-video-preview:-1\" \/>\n<link rel=\"canonical\" href=\"https:\/\/veritasinfo.org\/?p=12583\" \/>\n<meta property=\"og:locale\" content=\"en_US\" \/>\n<meta property=\"og:type\" content=\"article\" \/>\n<meta property=\"og:title\" content=\"Kryeministri Kurti viziton Mitrovic\u00ebn e Veriut -\" \/>\n<meta property=\"og:description\" content=\"Mitrovic\u00eb e Veriut, 18 shtator 2025 Kryeministri n\u00eb detyr\u00eb i Republik\u00ebs s\u00eb Kosov\u00ebs, Albin Kurti, ka q\u00ebndruar n\u00eb or\u00ebt e mbr\u00ebmj\u00ebs n\u00eb Mitrovic\u00ebn e Veriut,\" \/>\n<meta property=\"og:url\" content=\"https:\/\/veritasinfo.org\/?p=12583\" \/>\n<meta property=\"article:published_time\" content=\"2025-09-18T18:24:29+00:00\" \/>\n<meta property=\"og:image\" content=\"https:\/\/veritasinfo.org\/wp-content\/uploads\/2025\/09\/79121f1e-0dff-4815-85fe-f2870c5f22e9.jpg\" \/>\n\t<meta property=\"og:image:width\" content=\"967\" \/>\n\t<meta property=\"og:image:height\" content=\"609\" \/>\n\t<meta property=\"og:image:type\" content=\"image\/jpeg\" \/>\n<meta name=\"author\" content=\"US6\" \/>\n<meta name=\"twitter:card\" content=\"summary_large_image\" \/>\n<meta name=\"twitter:label1\" content=\"Written by\" \/>\n\t<meta name=\"twitter:data1\" content=\"US6\" \/>\n\t<meta name=\"twitter:label2\" content=\"Est. reading time\" \/>\n\t<meta name=\"twitter:data2\" content=\"1 minute\" \/>\n<script type=\"application\/ld+json\" class=\"yoast-schema-graph\">{\"@context\":\"https:\/\/schema.org\",\"@graph\":[{\"@type\":\"WebPage\",\"@id\":\"https:\/\/veritasinfo.org\/?p=12583\",\"url\":\"https:\/\/veritasinfo.org\/?p=12583\",\"name\":\"Kryeministri Kurti viziton Mitrovic\u00ebn e Veriut -\",\"isPartOf\":{\"@id\":\"https:\/\/veritasinfo.org\/#website\"},\"primaryImageOfPage\":{\"@id\":\"https:\/\/veritasinfo.org\/?p=12583#primaryimage\"},\"image\":{\"@id\":\"https:\/\/veritasinfo.org\/?p=12583#primaryimage\"},\"thumbnailUrl\":\"https:\/\/veritasinfo.org\/wp-content\/uploads\/2025\/09\/79121f1e-0dff-4815-85fe-f2870c5f22e9.jpg\",\"datePublished\":\"2025-09-18T18:24:29+00:00\",\"author\":{\"@id\":\"https:\/\/veritasinfo.org\/#\/schema\/person\/fe199eede04c3937362892b7444747cc\"},\"breadcrumb\":{\"@id\":\"https:\/\/veritasinfo.org\/?p=12583#breadcrumb\"},\"inLanguage\":\"en-US\",\"potentialAction\":[{\"@type\":\"ReadAction\",\"target\":[\"https:\/\/veritasinfo.org\/?p=12583\"]}]},{\"@type\":\"ImageObject\",\"inLanguage\":\"en-US\",\"@id\":\"https:\/\/veritasinfo.org\/?p=12583#primaryimage\",\"url\":\"https:\/\/veritasinfo.org\/wp-content\/uploads\/2025\/09\/79121f1e-0dff-4815-85fe-f2870c5f22e9.jpg\",\"contentUrl\":\"https:\/\/veritasinfo.org\/wp-content\/uploads\/2025\/09\/79121f1e-0dff-4815-85fe-f2870c5f22e9.jpg\",\"width\":967,\"height\":609},{\"@type\":\"BreadcrumbList\",\"@id\":\"https:\/\/veritasinfo.org\/?p=12583#breadcrumb\",\"itemListElement\":[{\"@type\":\"ListItem\",\"position\":1,\"name\":\"Home\",\"item\":\"https:\/\/veritasinfo.org\/\"},{\"@type\":\"ListItem\",\"position\":2,\"name\":\"Kryeministri Kurti viziton Mitrovic\u00ebn e Veriut\"}]},{\"@type\":\"WebSite\",\"@id\":\"https:\/\/veritasinfo.org\/#website\",\"url\":\"https:\/\/veritasinfo.org\/\",\"name\":\"\",\"description\":\"\",\"potentialAction\":[{\"@type\":\"SearchAction\",\"target\":{\"@type\":\"EntryPoint\",\"urlTemplate\":\"https:\/\/veritasinfo.org\/?s={search_term_string}\"},\"query-input\":{\"@type\":\"PropertyValueSpecification\",\"valueRequired\":true,\"valueName\":\"search_term_string\"}}],\"inLanguage\":\"en-US\"},{\"@type\":\"Person\",\"@id\":\"https:\/\/veritasinfo.org\/#\/schema\/person\/fe199eede04c3937362892b7444747cc\",\"name\":\"US6\",\"image\":{\"@type\":\"ImageObject\",\"inLanguage\":\"en-US\",\"@id\":\"https:\/\/veritasinfo.org\/#\/schema\/person\/image\/\",\"url\":\"https:\/\/secure.gravatar.com\/avatar\/cb16c3c31c9d23b9b8c705964598220b3014e42ff51eb540ff23cefa3ae8c15f?s=96&d=mm&r=g\",\"contentUrl\":\"https:\/\/secure.gravatar.com\/avatar\/cb16c3c31c9d23b9b8c705964598220b3014e42ff51eb540ff23cefa3ae8c15f?s=96&d=mm&r=g\",\"caption\":\"US6\"},\"url\":\"https:\/\/veritasinfo.org\/?author=7\"}]}<\/script>\n<!-- \/ Yoast SEO plugin. -->","yoast_head_json":{"title":"Kryeministri Kurti viziton Mitrovic\u00ebn e Veriut -","robots":{"index":"index","follow":"follow","max-snippet":"max-snippet:-1","max-image-preview":"max-image-preview:large","max-video-preview":"max-video-preview:-1"},"canonical":"https:\/\/veritasinfo.org\/?p=12583","og_locale":"en_US","og_type":"article","og_title":"Kryeministri Kurti viziton Mitrovic\u00ebn e Veriut -","og_description":"Mitrovic\u00eb e Veriut, 18 shtator 2025 Kryeministri n\u00eb detyr\u00eb i Republik\u00ebs s\u00eb Kosov\u00ebs, Albin Kurti, ka q\u00ebndruar n\u00eb or\u00ebt e mbr\u00ebmj\u00ebs n\u00eb Mitrovic\u00ebn e Veriut,","og_url":"https:\/\/veritasinfo.org\/?p=12583","article_published_time":"2025-09-18T18:24:29+00:00","og_image":[{"width":967,"height":609,"url":"https:\/\/veritasinfo.org\/wp-content\/uploads\/2025\/09\/79121f1e-0dff-4815-85fe-f2870c5f22e9.jpg","type":"image\/jpeg"}],"author":"US6","twitter_card":"summary_large_image","twitter_misc":{"Written by":"US6","Est. reading time":"1 minute"},"schema":{"@context":"https:\/\/schema.org","@graph":[{"@type":"WebPage","@id":"https:\/\/veritasinfo.org\/?p=12583","url":"https:\/\/veritasinfo.org\/?p=12583","name":"Kryeministri Kurti viziton Mitrovic\u00ebn e Veriut -","isPartOf":{"@id":"https:\/\/veritasinfo.org\/#website"},"primaryImageOfPage":{"@id":"https:\/\/veritasinfo.org\/?p=12583#primaryimage"},"image":{"@id":"https:\/\/veritasinfo.org\/?p=12583#primaryimage"},"thumbnailUrl":"https:\/\/veritasinfo.org\/wp-content\/uploads\/2025\/09\/79121f1e-0dff-4815-85fe-f2870c5f22e9.jpg","datePublished":"2025-09-18T18:24:29+00:00","author":{"@id":"https:\/\/veritasinfo.org\/#\/schema\/person\/fe199eede04c3937362892b7444747cc"},"breadcrumb":{"@id":"https:\/\/veritasinfo.org\/?p=12583#breadcrumb"},"inLanguage":"en-US","potentialAction":[{"@type":"ReadAction","target":["https:\/\/veritasinfo.org\/?p=12583"]}]},{"@type":"ImageObject","inLanguage":"en-US","@id":"https:\/\/veritasinfo.org\/?p=12583#primaryimage","url":"https:\/\/veritasinfo.org\/wp-content\/uploads\/2025\/09\/79121f1e-0dff-4815-85fe-f2870c5f22e9.jpg","contentUrl":"https:\/\/veritasinfo.org\/wp-content\/uploads\/2025\/09\/79121f1e-0dff-4815-85fe-f2870c5f22e9.jpg","width":967,"height":609},{"@type":"BreadcrumbList","@id":"https:\/\/veritasinfo.org\/?p=12583#breadcrumb","itemListElement":[{"@type":"ListItem","position":1,"name":"Home","item":"https:\/\/veritasinfo.org\/"},{"@type":"ListItem","position":2,"name":"Kryeministri Kurti viziton Mitrovic\u00ebn e Veriut"}]},{"@type":"WebSite","@id":"https:\/\/veritasinfo.org\/#website","url":"https:\/\/veritasinfo.org\/","name":"","description":"","potentialAction":[{"@type":"SearchAction","target":{"@type":"EntryPoint","urlTemplate":"https:\/\/veritasinfo.org\/?s={search_term_string}"},"query-input":{"@type":"PropertyValueSpecification","valueRequired":true,"valueName":"search_term_string"}}],"inLanguage":"en-US"},{"@type":"Person","@id":"https:\/\/veritasinfo.org\/#\/schema\/person\/fe199eede04c3937362892b7444747cc","name":"US6","image":{"@type":"ImageObject","inLanguage":"en-US","@id":"https:\/\/veritasinfo.org\/#\/schema\/person\/image\/","url":"https:\/\/secure.gravatar.com\/avatar\/cb16c3c31c9d23b9b8c705964598220b3014e42ff51eb540ff23cefa3ae8c15f?s=96&d=mm&r=g","contentUrl":"https:\/\/secure.gravatar.com\/avatar\/cb16c3c31c9d23b9b8c705964598220b3014e42ff51eb540ff23cefa3ae8c15f?s=96&d=mm&r=g","caption":"US6"},"url":"https:\/\/veritasinfo.org\/?author=7"}]}},"featured_image_urls":{"full":["https:\/\/veritasinfo.org\/wp-content\/uploads\/2025\/09\/79121f1e-0dff-4815-85fe-f2870c5f22e9.jpg",967,609,false],"thumbnail":["https:\/\/veritasinfo.org\/wp-content\/uploads\/2025\/09\/79121f1e-0dff-4815-85fe-f2870c5f22e9-150x150.jpg",150,150,true],"medium":["https:\/\/veritasinfo.org\/wp-content\/uploads\/2025\/09\/79121f1e-0dff-4815-85fe-f2870c5f22e9-300x189.jpg",300,189,true],"medium_large":["https:\/\/veritasinfo.org\/wp-content\/uploads\/2025\/09\/79121f1e-0dff-4815-85fe-f2870c5f22e9-768x484.jpg",640,403,true],"large":["https:\/\/veritasinfo.org\/wp-content\/uploads\/2025\/09\/79121f1e-0dff-4815-85fe-f2870c5f22e9.jpg",640,403,false],"1536x1536":["https:\/\/veritasinfo.org\/wp-content\/uploads\/2025\/09\/79121f1e-0dff-4815-85fe-f2870c5f22e9.jpg",967,609,false],"2048x2048":["https:\/\/veritasinfo.org\/wp-content\/uploads\/2025\/09\/79121f1e-0dff-4815-85fe-f2870c5f22e9.jpg",967,609,false],"kreeti-slider-full":["https:\/\/veritasinfo.org\/wp-content\/uploads\/2025\/09\/79121f1e-0dff-4815-85fe-f2870c5f22e9.jpg",967,609,false],"kreeti-featured":["https:\/\/veritasinfo.org\/wp-content\/uploads\/2025\/09\/79121f1e-0dff-4815-85fe-f2870c5f22e9.jpg",967,609,false],"kreeti-medium":["https:\/\/veritasinfo.org\/wp-content\/uploads\/2025\/09\/79121f1e-0dff-4815-85fe-f2870c5f22e9.jpg",720,453,false],"kreeti-medium-square":["https:\/\/veritasinfo.org\/wp-content\/uploads\/2025\/09\/79121f1e-0dff-4815-85fe-f2870c5f22e9.jpg",350,220,false]},"author_info":{"info":["US6"]},"category_info":"<a href=\"https:\/\/veritasinfo.org\/?cat=52\" rel=\"category\">Komunat<\/a> <a href=\"https:\/\/veritasinfo.org\/?cat=60\" rel=\"category\">Shoq\u00ebrore<\/a>","tag_info":"Shoq\u00ebrore","comment_count":"0","_links":{"self":[{"href":"https:\/\/veritasinfo.org\/index.php?rest_route=\/wp\/v2\/posts\/12583","targetHints":{"allow":["GET"]}}],"collection":[{"href":"https:\/\/veritasinfo.org\/index.php?rest_route=\/wp\/v2\/posts"}],"about":[{"href":"https:\/\/veritasinfo.org\/index.php?rest_route=\/wp\/v2\/types\/post"}],"author":[{"embeddable":true,"href":"https:\/\/veritasinfo.org\/index.php?rest_route=\/wp\/v2\/users\/7"}],"replies":[{"embeddable":true,"href":"https:\/\/veritasinfo.org\/index.php?rest_route=%2Fwp%2Fv2%2Fcomments&post=12583"}],"version-history":[{"count":1,"href":"https:\/\/veritasinfo.org\/index.php?rest_route=\/wp\/v2\/posts\/12583\/revisions"}],"predecessor-version":[{"id":12585,"href":"https:\/\/veritasinfo.org\/index.php?rest_route=\/wp\/v2\/posts\/12583\/revisions\/12585"}],"wp:featuredmedia":[{"embeddable":true,"href":"https:\/\/veritasinfo.org\/index.php?rest_route=\/wp\/v2\/media\/12584"}],"wp:attachment":[{"href":"https:\/\/veritasinfo.org\/index.php?rest_route=%2Fwp%2Fv2%2Fmedia&parent=12583"}],"wp:term":[{"taxonomy":"category","embeddable":true,"href":"https:\/\/veritasinfo.org\/index.php?rest_route=%2Fwp%2Fv2%2Fcategories&post=12583"},{"taxonomy":"post_tag","embeddable":true,"href":"https:\/\/veritasinfo.org\/index.php?rest_route=%2Fwp%2Fv2%2Ftags&post=12583"}],"curies":[{"name":"wp","href":"https:\/\/api.w.org\/{rel}","templated":true}]}}