{"id":1256,"date":"2025-06-22T10:44:38","date_gmt":"2025-06-22T08:44:38","guid":{"rendered":"https:\/\/veritasinfo.org\/?p=1256"},"modified":"2025-06-22T10:45:55","modified_gmt":"2025-06-22T08:45:55","slug":"prokurori-special-shume-shpejt-perfundon-hetimi-mbi-debimin-e-popullsise-civile-nga-kosova","status":"publish","type":"post","link":"https:\/\/veritasinfo.org\/?p=1256","title":{"rendered":"Prokurori Special: Shum\u00eb shpejt p\u00ebrfundon hetimi mbi d\u00ebbimin e popullsis\u00eb civile nga Kosova"},"content":{"rendered":"<p>Prishtine, 22.06.2025<\/p>\n<p>Prokurori Special, Ilir Morina, ka th\u00ebn\u00eb q\u00eb ata shum\u00eb shpejt do t\u00eb vijn\u00eb me rezultatet e hetimit t\u00eb d\u00ebbimit t\u00eb popullsis\u00eb civile nga territori i Kosov\u00ebs.<\/p>\n<p>\u201cGjithashtu, jemi aktualisht duke punuar edhe shum\u00eb shpejt presim t\u00eb p\u00ebrfundoj\u00eb rasti i d\u00ebbimit t\u00eb popullsis\u00eb civile n\u00eb gjith\u00eb territorin e Kosov\u00ebs\u201d, ka th\u00ebn\u00eb Morina n\u00eb Info Magazine t\u00eb Klan Kosov\u00ebs.<\/p>\n<p>\u201cDhe, rezultatet e k\u00ebtij hetimi do t\u2019i shihni shum\u00eb shpejt\u201d.<\/p>\n<p>\u201cJan\u00eb nj\u00eb mori masakrash t\u00eb m\u00ebdha ose raste t\u00eb m\u00ebdha t\u00eb cilat i kemi t\u00eb gjitha n\u00eb pun\u00eb, dhe p\u00ebr t\u00eb gjitha punojm\u00eb vazhdimisht\u201d.<\/p>\n<div class=\"code-block code-block-7\">\n<p>&nbsp;<\/p>\n<div id=\"beacon_7b75bb22e7\"><img decoding=\"async\" src=\"https:\/\/ads2.indeksonline.net\/www\/delivery\/lg.php?bannerid=0&amp;campaignid=0&amp;zoneid=218&amp;loc=https%3A%2F%2Findeksonline.net%2Fprokurori-special-shume-shpejt-perfundon-hetimi-mbi-debimin-e-popullsise-civile-nga-kosova%2F&amp;cb=7b75bb22e7\" alt=\"\" width=\"0\" height=\"0\" \/><\/div>\n<p>&nbsp;<\/p>\n<\/div>\n<p>Sipas Morin\u00ebs, bashk\u00ebpunimi me qytetar\u00ebt \u00ebsht\u00eb i mir\u00eb, porse sfid\u00eb mbesin d\u00ebhsmitar\u00ebt.<\/p>\n<p>\u201cBashk\u00ebpunimi me qytetar\u00eb \u00ebsht\u00eb i mir\u00eb, gjithmon\u00eb kur ne i ftojm\u00eb ose kur ata kan\u00eb informacion na kontaktojn\u00eb dhe kemi komunikim t\u00eb mir\u00eb\u201d.<\/p>\n<p>\u201cPor, sfida \u00ebsht\u00eb vet\u00ebm te provat kryesore, jan\u00eb d\u00ebshmitar\u00ebt, dhe kjo sfid\u00eb nuk \u00ebsht\u00eb p\u00ebr ne por \u00ebsht\u00eb edhe p\u00ebr shtetet n\u00eb regjion si\u00e7 jan\u00eb Serbia, Kroacia dhe Bosnja dhe Hercegovina\u201d.<\/p>\n<p>\u201cTani \u00ebsht\u00eb \u00e7\u00ebshtje e vler\u00ebsimit se sa d\u00ebshmitar\u00eb mbajn\u00eb mend p\u00ebr gjith\u00eb ato ngjarje q\u00eb kan\u00eb ndodhur para 25 vjet\u00ebsh\u201d.<\/p>\n<p>&nbsp;<\/p>\n","protected":false},"excerpt":{"rendered":"<p>Prishtine, 22.06.2025 Prokurori Special, Ilir Morina, ka th\u00ebn\u00eb q\u00eb ata shum\u00eb shpejt do t\u00eb vijn\u00eb me rezultatet e hetimit t\u00eb d\u00ebbimit t\u00eb popullsis\u00eb civile nga<\/p>\n","protected":false},"author":1,"featured_media":1257,"comment_status":"open","ping_status":"open","sticky":false,"template":"","format":"standard","meta":{"footnotes":""},"categories":[60],"tags":[],"class_list":["post-1256","post","type-post","status-publish","format-standard","has-post-thumbnail","hentry","category-shoqerore-sq"],"yoast_head":"<!-- This site is optimized with the Yoast SEO plugin v25.3.1 - https:\/\/yoast.com\/wordpress\/plugins\/seo\/ -->\n<title>Prokurori Special: Shum\u00eb shpejt p\u00ebrfundon hetimi mbi d\u00ebbimin e popullsis\u00eb civile nga Kosova -<\/title>\n<meta name=\"robots\" content=\"index, follow, max-snippet:-1, max-image-preview:large, max-video-preview:-1\" \/>\n<link rel=\"canonical\" href=\"https:\/\/veritasinfo.org\/?p=1256\" \/>\n<meta property=\"og:locale\" content=\"en_US\" \/>\n<meta property=\"og:type\" content=\"article\" \/>\n<meta property=\"og:title\" content=\"Prokurori Special: Shum\u00eb shpejt p\u00ebrfundon hetimi mbi d\u00ebbimin e popullsis\u00eb civile nga Kosova -\" \/>\n<meta property=\"og:description\" content=\"Prishtine, 22.06.2025 Prokurori Special, Ilir Morina, ka th\u00ebn\u00eb q\u00eb ata shum\u00eb shpejt do t\u00eb vijn\u00eb me rezultatet e hetimit t\u00eb d\u00ebbimit t\u00eb popullsis\u00eb civile nga\" \/>\n<meta property=\"og:url\" content=\"https:\/\/veritasinfo.org\/?p=1256\" \/>\n<meta property=\"article:published_time\" content=\"2025-06-22T08:44:38+00:00\" \/>\n<meta property=\"article:modified_time\" content=\"2025-06-22T08:45:55+00:00\" \/>\n<meta property=\"og:image\" content=\"https:\/\/veritasinfo.org\/wp-content\/uploads\/2025\/06\/IMG_1497.jpeg\" \/>\n\t<meta property=\"og:image:width\" content=\"770\" \/>\n\t<meta property=\"og:image:height\" content=\"407\" \/>\n\t<meta property=\"og:image:type\" content=\"image\/jpeg\" \/>\n<meta name=\"author\" content=\"admin\" \/>\n<meta name=\"twitter:card\" content=\"summary_large_image\" \/>\n<meta name=\"twitter:label1\" content=\"Written by\" \/>\n\t<meta name=\"twitter:data1\" content=\"admin\" \/>\n\t<meta name=\"twitter:label2\" content=\"Est. reading time\" \/>\n\t<meta name=\"twitter:data2\" content=\"2 minutes\" \/>\n<script type=\"application\/ld+json\" class=\"yoast-schema-graph\">{\"@context\":\"https:\/\/schema.org\",\"@graph\":[{\"@type\":\"WebPage\",\"@id\":\"https:\/\/veritasinfo.org\/?p=1256\",\"url\":\"https:\/\/veritasinfo.org\/?p=1256\",\"name\":\"Prokurori Special: Shum\u00eb shpejt p\u00ebrfundon hetimi mbi d\u00ebbimin e popullsis\u00eb civile nga Kosova -\",\"isPartOf\":{\"@id\":\"https:\/\/veritasinfo.org\/#website\"},\"primaryImageOfPage\":{\"@id\":\"https:\/\/veritasinfo.org\/?p=1256#primaryimage\"},\"image\":{\"@id\":\"https:\/\/veritasinfo.org\/?p=1256#primaryimage\"},\"thumbnailUrl\":\"https:\/\/veritasinfo.org\/wp-content\/uploads\/2025\/06\/IMG_1497.jpeg\",\"datePublished\":\"2025-06-22T08:44:38+00:00\",\"dateModified\":\"2025-06-22T08:45:55+00:00\",\"author\":{\"@id\":\"https:\/\/veritasinfo.org\/#\/schema\/person\/7701f8c088bece422266b100a712374f\"},\"breadcrumb\":{\"@id\":\"https:\/\/veritasinfo.org\/?p=1256#breadcrumb\"},\"inLanguage\":\"en-US\",\"potentialAction\":[{\"@type\":\"ReadAction\",\"target\":[\"https:\/\/veritasinfo.org\/?p=1256\"]}]},{\"@type\":\"ImageObject\",\"inLanguage\":\"en-US\",\"@id\":\"https:\/\/veritasinfo.org\/?p=1256#primaryimage\",\"url\":\"https:\/\/veritasinfo.org\/wp-content\/uploads\/2025\/06\/IMG_1497.jpeg\",\"contentUrl\":\"https:\/\/veritasinfo.org\/wp-content\/uploads\/2025\/06\/IMG_1497.jpeg\",\"width\":770,\"height\":407},{\"@type\":\"BreadcrumbList\",\"@id\":\"https:\/\/veritasinfo.org\/?p=1256#breadcrumb\",\"itemListElement\":[{\"@type\":\"ListItem\",\"position\":1,\"name\":\"Home\",\"item\":\"https:\/\/veritasinfo.org\/\"},{\"@type\":\"ListItem\",\"position\":2,\"name\":\"Prokurori Special: Shum\u00eb shpejt p\u00ebrfundon hetimi mbi d\u00ebbimin e popullsis\u00eb civile nga Kosova\"}]},{\"@type\":\"WebSite\",\"@id\":\"https:\/\/veritasinfo.org\/#website\",\"url\":\"https:\/\/veritasinfo.org\/\",\"name\":\"\",\"description\":\"\",\"potentialAction\":[{\"@type\":\"SearchAction\",\"target\":{\"@type\":\"EntryPoint\",\"urlTemplate\":\"https:\/\/veritasinfo.org\/?s={search_term_string}\"},\"query-input\":{\"@type\":\"PropertyValueSpecification\",\"valueRequired\":true,\"valueName\":\"search_term_string\"}}],\"inLanguage\":\"en-US\"},{\"@type\":\"Person\",\"@id\":\"https:\/\/veritasinfo.org\/#\/schema\/person\/7701f8c088bece422266b100a712374f\",\"name\":\"admin\",\"image\":{\"@type\":\"ImageObject\",\"inLanguage\":\"en-US\",\"@id\":\"https:\/\/veritasinfo.org\/#\/schema\/person\/image\/\",\"url\":\"https:\/\/secure.gravatar.com\/avatar\/ea53aa3bf6c9a12d5fde8ce4deff43fef3885ae33cf60184161a50d6987cfd2f?s=96&d=mm&r=g\",\"contentUrl\":\"https:\/\/secure.gravatar.com\/avatar\/ea53aa3bf6c9a12d5fde8ce4deff43fef3885ae33cf60184161a50d6987cfd2f?s=96&d=mm&r=g\",\"caption\":\"admin\"},\"sameAs\":[\"https:\/\/veritasinfo.org\"],\"url\":\"https:\/\/veritasinfo.org\/?author=1\"}]}<\/script>\n<!-- \/ Yoast SEO plugin. -->","yoast_head_json":{"title":"Prokurori Special: Shum\u00eb shpejt p\u00ebrfundon hetimi mbi d\u00ebbimin e popullsis\u00eb civile nga Kosova -","robots":{"index":"index","follow":"follow","max-snippet":"max-snippet:-1","max-image-preview":"max-image-preview:large","max-video-preview":"max-video-preview:-1"},"canonical":"https:\/\/veritasinfo.org\/?p=1256","og_locale":"en_US","og_type":"article","og_title":"Prokurori Special: Shum\u00eb shpejt p\u00ebrfundon hetimi mbi d\u00ebbimin e popullsis\u00eb civile nga Kosova -","og_description":"Prishtine, 22.06.2025 Prokurori Special, Ilir Morina, ka th\u00ebn\u00eb q\u00eb ata shum\u00eb shpejt do t\u00eb vijn\u00eb me rezultatet e hetimit t\u00eb d\u00ebbimit t\u00eb popullsis\u00eb civile nga","og_url":"https:\/\/veritasinfo.org\/?p=1256","article_published_time":"2025-06-22T08:44:38+00:00","article_modified_time":"2025-06-22T08:45:55+00:00","og_image":[{"width":770,"height":407,"url":"https:\/\/veritasinfo.org\/wp-content\/uploads\/2025\/06\/IMG_1497.jpeg","type":"image\/jpeg"}],"author":"admin","twitter_card":"summary_large_image","twitter_misc":{"Written by":"admin","Est. reading time":"2 minutes"},"schema":{"@context":"https:\/\/schema.org","@graph":[{"@type":"WebPage","@id":"https:\/\/veritasinfo.org\/?p=1256","url":"https:\/\/veritasinfo.org\/?p=1256","name":"Prokurori Special: Shum\u00eb shpejt p\u00ebrfundon hetimi mbi d\u00ebbimin e popullsis\u00eb civile nga Kosova -","isPartOf":{"@id":"https:\/\/veritasinfo.org\/#website"},"primaryImageOfPage":{"@id":"https:\/\/veritasinfo.org\/?p=1256#primaryimage"},"image":{"@id":"https:\/\/veritasinfo.org\/?p=1256#primaryimage"},"thumbnailUrl":"https:\/\/veritasinfo.org\/wp-content\/uploads\/2025\/06\/IMG_1497.jpeg","datePublished":"2025-06-22T08:44:38+00:00","dateModified":"2025-06-22T08:45:55+00:00","author":{"@id":"https:\/\/veritasinfo.org\/#\/schema\/person\/7701f8c088bece422266b100a712374f"},"breadcrumb":{"@id":"https:\/\/veritasinfo.org\/?p=1256#breadcrumb"},"inLanguage":"en-US","potentialAction":[{"@type":"ReadAction","target":["https:\/\/veritasinfo.org\/?p=1256"]}]},{"@type":"ImageObject","inLanguage":"en-US","@id":"https:\/\/veritasinfo.org\/?p=1256#primaryimage","url":"https:\/\/veritasinfo.org\/wp-content\/uploads\/2025\/06\/IMG_1497.jpeg","contentUrl":"https:\/\/veritasinfo.org\/wp-content\/uploads\/2025\/06\/IMG_1497.jpeg","width":770,"height":407},{"@type":"BreadcrumbList","@id":"https:\/\/veritasinfo.org\/?p=1256#breadcrumb","itemListElement":[{"@type":"ListItem","position":1,"name":"Home","item":"https:\/\/veritasinfo.org\/"},{"@type":"ListItem","position":2,"name":"Prokurori Special: Shum\u00eb shpejt p\u00ebrfundon hetimi mbi d\u00ebbimin e popullsis\u00eb civile nga Kosova"}]},{"@type":"WebSite","@id":"https:\/\/veritasinfo.org\/#website","url":"https:\/\/veritasinfo.org\/","name":"","description":"","potentialAction":[{"@type":"SearchAction","target":{"@type":"EntryPoint","urlTemplate":"https:\/\/veritasinfo.org\/?s={search_term_string}"},"query-input":{"@type":"PropertyValueSpecification","valueRequired":true,"valueName":"search_term_string"}}],"inLanguage":"en-US"},{"@type":"Person","@id":"https:\/\/veritasinfo.org\/#\/schema\/person\/7701f8c088bece422266b100a712374f","name":"admin","image":{"@type":"ImageObject","inLanguage":"en-US","@id":"https:\/\/veritasinfo.org\/#\/schema\/person\/image\/","url":"https:\/\/secure.gravatar.com\/avatar\/ea53aa3bf6c9a12d5fde8ce4deff43fef3885ae33cf60184161a50d6987cfd2f?s=96&d=mm&r=g","contentUrl":"https:\/\/secure.gravatar.com\/avatar\/ea53aa3bf6c9a12d5fde8ce4deff43fef3885ae33cf60184161a50d6987cfd2f?s=96&d=mm&r=g","caption":"admin"},"sameAs":["https:\/\/veritasinfo.org"],"url":"https:\/\/veritasinfo.org\/?author=1"}]}},"featured_image_urls":{"full":["https:\/\/veritasinfo.org\/wp-content\/uploads\/2025\/06\/IMG_1497.jpeg",770,407,false],"thumbnail":["https:\/\/veritasinfo.org\/wp-content\/uploads\/2025\/06\/IMG_1497-150x150.jpeg",150,150,true],"medium":["https:\/\/veritasinfo.org\/wp-content\/uploads\/2025\/06\/IMG_1497-300x159.jpeg",300,159,true],"medium_large":["https:\/\/veritasinfo.org\/wp-content\/uploads\/2025\/06\/IMG_1497-768x406.jpeg",640,338,true],"large":["https:\/\/veritasinfo.org\/wp-content\/uploads\/2025\/06\/IMG_1497.jpeg",640,338,false],"1536x1536":["https:\/\/veritasinfo.org\/wp-content\/uploads\/2025\/06\/IMG_1497.jpeg",770,407,false],"2048x2048":["https:\/\/veritasinfo.org\/wp-content\/uploads\/2025\/06\/IMG_1497.jpeg",770,407,false],"kreeti-slider-full":["https:\/\/veritasinfo.org\/wp-content\/uploads\/2025\/06\/IMG_1497.jpeg",770,407,false],"kreeti-featured":["https:\/\/veritasinfo.org\/wp-content\/uploads\/2025\/06\/IMG_1497.jpeg",770,407,false],"kreeti-medium":["https:\/\/veritasinfo.org\/wp-content\/uploads\/2025\/06\/IMG_1497.jpeg",720,381,false],"kreeti-medium-square":["https:\/\/veritasinfo.org\/wp-content\/uploads\/2025\/06\/IMG_1497.jpeg",350,185,false]},"author_info":{"info":["admin"]},"category_info":"<a href=\"https:\/\/veritasinfo.org\/?cat=60\" rel=\"category\">Shoq\u00ebrore<\/a>","tag_info":"Shoq\u00ebrore","comment_count":"0","_links":{"self":[{"href":"https:\/\/veritasinfo.org\/index.php?rest_route=\/wp\/v2\/posts\/1256","targetHints":{"allow":["GET"]}}],"collection":[{"href":"https:\/\/veritasinfo.org\/index.php?rest_route=\/wp\/v2\/posts"}],"about":[{"href":"https:\/\/veritasinfo.org\/index.php?rest_route=\/wp\/v2\/types\/post"}],"author":[{"embeddable":true,"href":"https:\/\/veritasinfo.org\/index.php?rest_route=\/wp\/v2\/users\/1"}],"replies":[{"embeddable":true,"href":"https:\/\/veritasinfo.org\/index.php?rest_route=%2Fwp%2Fv2%2Fcomments&post=1256"}],"version-history":[{"count":3,"href":"https:\/\/veritasinfo.org\/index.php?rest_route=\/wp\/v2\/posts\/1256\/revisions"}],"predecessor-version":[{"id":1260,"href":"https:\/\/veritasinfo.org\/index.php?rest_route=\/wp\/v2\/posts\/1256\/revisions\/1260"}],"wp:featuredmedia":[{"embeddable":true,"href":"https:\/\/veritasinfo.org\/index.php?rest_route=\/wp\/v2\/media\/1257"}],"wp:attachment":[{"href":"https:\/\/veritasinfo.org\/index.php?rest_route=%2Fwp%2Fv2%2Fmedia&parent=1256"}],"wp:term":[{"taxonomy":"category","embeddable":true,"href":"https:\/\/veritasinfo.org\/index.php?rest_route=%2Fwp%2Fv2%2Fcategories&post=1256"},{"taxonomy":"post_tag","embeddable":true,"href":"https:\/\/veritasinfo.org\/index.php?rest_route=%2Fwp%2Fv2%2Ftags&post=1256"}],"curies":[{"name":"wp","href":"https:\/\/api.w.org\/{rel}","templated":true}]}}