{"id":12555,"date":"2025-09-18T16:51:43","date_gmt":"2025-09-18T14:51:43","guid":{"rendered":"https:\/\/veritasinfo.org\/?p=12555"},"modified":"2025-09-18T16:51:43","modified_gmt":"2025-09-18T14:51:43","slug":"basha-dhe-malaj-diskutojne-per-mundesine-e-krijimit-te-nje-zyre-nderlidhese-mes-dy-parlamenteve","status":"publish","type":"post","link":"https:\/\/veritasinfo.org\/?p=12555","title":{"rendered":"Basha dhe Malaj diskutojn\u00eb p\u00ebr mund\u00ebsin\u00eb e krijimit t\u00eb nj\u00eb Zyre Nd\u00ebrlidh\u00ebse mes dy parlamenteve"},"content":{"rendered":"<p>Prishtin\u00eb, 18 shtator 2025<\/p>\n<p>Kryetari i Kuvendit t\u00eb Kosov\u00ebs, Dimal Basha, t\u00eb enjten ka mir\u00ebpritur n\u00eb takim ambasadorin e Shqip\u00ebris\u00eb n\u00eb Kosov\u00eb, Petrit Malaj.<\/p>\n<p>Sipas njoftimit, gjat\u00eb takimit, Basha dhe Malaj kan\u00eb diskutuar p\u00ebr iden\u00eb e mund\u00ebsis\u00eb s\u00eb krijimit t\u00eb nj\u00eb Zyreje Nd\u00ebrlidh\u00ebse n\u00eb kuvendet e t\u00eb dyja shteteve, ku deputet\u00ebt do t\u00eb informohen n\u00eb koh\u00eb reale p\u00ebr zhvillimet brenda institucioneve p\u00ebrkat\u00ebse, pastaj ku shk\u00ebmbehen njoftimet p\u00ebr q\u00ebndrimet e kuvendeve n\u00eb raport me temat e caktuara si dhe ku p\u00ebrdit\u00ebsohen lajmet lidhur me procedurat dhe iniciativat n\u00eb zhvillim me r\u00ebnd\u00ebsi p\u00ebr vendet tona.<\/p>\n<p>\u201cKjo do t\u00eb ndihmonte edhe n\u00eb m\u00ebsim reciprok nga p\u00ebrvoja e komisioneve parlamentare dhe trupat punuese t\u00eb dyja shteteve, ku shk\u00ebmbimi i praktikave m\u00eb t\u00eb mira dhe forcimi i bashk\u00ebpunimit nd\u00ebrinstitucional do t\u00eb leht\u00ebsonte adresimin e \u00e7\u00ebshtjeve t\u00eb p\u00ebrbashk\u00ebta p\u00ebr t\u00eb avancuar agjendat e zhvillimit t\u00eb dy kuvendeve\u201d, thuhet n\u00eb njoftim.<\/p>\n<p>N\u00eb takim, Basha ka theksuar r\u00ebnd\u00ebsin\u00eb e mb\u00ebshtetjes s\u00eb vazhdueshme t\u00eb Shqip\u00ebris\u00eb p\u00ebr procesin e integrimit t\u00eb Kosov\u00ebs n\u00eb Bashkimin Evropian, duke shprehur angazhimin serioz t\u00eb Kuvendit t\u00eb Kosov\u00ebs p\u00ebr t\u00eb avancuar n\u00eb k\u00ebt\u00eb drejtim.<\/p>\n<p>Ai gjithashtu ka uruar ambasadorin Malaj p\u00ebr hapjen e kat\u00ebr kapitujve n\u00eb negociatat p\u00ebr an\u00ebtar\u00ebsimin e Shqip\u00ebris\u00eb n\u00eb Bashkimin Evropian.<\/p>\n<p>\u201cN\u00eb k\u00ebt\u00eb kuad\u00ebr, Kryeparlamentari Basha k\u00ebrkoi gjithashtu mb\u00ebshtetje t\u00eb m\u00ebtejshme nga Shqip\u00ebria p\u00ebr t\u2019u p\u00ebrballur me sfidat q\u00eb Kosova po kalon, sidomos p\u00ebrball\u00eb agresionit t\u00eb vazhduesh\u00ebm nga Serbia, e cila, n\u00eb forma t\u00eb ndryshme nd\u00ebrmerr sulme diplomatike, propagandistike dhe destabilizuese ndaj Kosov\u00eb\u201d, theksohet n\u00eb njoftim.<\/p>\n<p>M\u00eb tej, Basha ka n\u00ebnvizuar se \u00ebsht\u00eb thelb\u00ebsore q\u00eb Shqip\u00ebria, n\u00eb takimet me partner\u00ebt nd\u00ebrkomb\u00ebtar\u00eb, t\u00eb insistoj\u00eb p\u00ebr largimin e masave t\u00eb padrejta ndaj Kosov\u00ebs dhe p\u00ebr nj\u00eb qasje t\u00eb drejt\u00eb e t\u00eb barabart\u00eb n\u00eb raport me shtetin dhe qytetar\u00ebt tan\u00eb.<\/p>\n<p>Nd\u00ebrkaq, n\u00eb fund t\u00eb takimit, Basha e ka fal\u00ebnderuar ambasadorin Malaj p\u00ebr angazhimin dhe kontributin e tij t\u00eb vazhduesh\u00ebm n\u00eb forcimin e marr\u00ebdh\u00ebnieve mes Kosov\u00ebs dhe Shqip\u00ebris\u00eb, duke n\u00ebnvizuar nevoj\u00ebn p\u00ebr nj\u00eb sinkronizim m\u00eb t\u00eb madh institucional n\u00eb t\u00eb gjitha nivelet, me q\u00ebllim t\u00eb p\u00ebrballimit t\u00eb sfidave t\u00eb p\u00ebrbashk\u00ebta dhe t\u00eb avancimit t\u00eb agjend\u00ebs evropiane t\u00eb t\u00eb dyja shteteve.<\/p>\n","protected":false},"excerpt":{"rendered":"<p>Prishtin\u00eb, 18 shtator 2025 Kryetari i Kuvendit t\u00eb Kosov\u00ebs, Dimal Basha, t\u00eb enjten ka mir\u00ebpritur n\u00eb takim ambasadorin e Shqip\u00ebris\u00eb n\u00eb Kosov\u00eb, Petrit Malaj. Sipas<\/p>\n","protected":false},"author":7,"featured_media":12556,"comment_status":"open","ping_status":"open","sticky":false,"template":"","format":"standard","meta":{"footnotes":""},"categories":[58],"tags":[],"class_list":["post-12555","post","type-post","status-publish","format-standard","has-post-thumbnail","hentry","category-politike-sq"],"yoast_head":"<!-- This site is optimized with the Yoast SEO plugin v25.3.1 - https:\/\/yoast.com\/wordpress\/plugins\/seo\/ -->\n<title>Basha dhe Malaj diskutojn\u00eb p\u00ebr mund\u00ebsin\u00eb e krijimit t\u00eb nj\u00eb Zyre Nd\u00ebrlidh\u00ebse mes dy parlamenteve -<\/title>\n<meta name=\"robots\" content=\"index, follow, max-snippet:-1, max-image-preview:large, max-video-preview:-1\" \/>\n<link rel=\"canonical\" href=\"https:\/\/veritasinfo.org\/?p=12555\" \/>\n<meta property=\"og:locale\" content=\"en_US\" \/>\n<meta property=\"og:type\" content=\"article\" \/>\n<meta property=\"og:title\" content=\"Basha dhe Malaj diskutojn\u00eb p\u00ebr mund\u00ebsin\u00eb e krijimit t\u00eb nj\u00eb Zyre Nd\u00ebrlidh\u00ebse mes dy parlamenteve -\" \/>\n<meta property=\"og:description\" content=\"Prishtin\u00eb, 18 shtator 2025 Kryetari i Kuvendit t\u00eb Kosov\u00ebs, Dimal Basha, t\u00eb enjten ka mir\u00ebpritur n\u00eb takim ambasadorin e Shqip\u00ebris\u00eb n\u00eb Kosov\u00eb, Petrit Malaj. Sipas\" \/>\n<meta property=\"og:url\" content=\"https:\/\/veritasinfo.org\/?p=12555\" \/>\n<meta property=\"article:published_time\" content=\"2025-09-18T14:51:43+00:00\" \/>\n<meta property=\"og:image\" content=\"https:\/\/veritasinfo.org\/wp-content\/uploads\/2025\/09\/548432100_1241230251381286_7431736204655638172_n.jpg\" \/>\n\t<meta property=\"og:image:width\" content=\"1586\" \/>\n\t<meta property=\"og:image:height\" content=\"901\" \/>\n\t<meta property=\"og:image:type\" content=\"image\/jpeg\" \/>\n<meta name=\"author\" content=\"US6\" \/>\n<meta name=\"twitter:card\" content=\"summary_large_image\" \/>\n<meta name=\"twitter:label1\" content=\"Written by\" \/>\n\t<meta name=\"twitter:data1\" content=\"US6\" \/>\n\t<meta name=\"twitter:label2\" content=\"Est. reading time\" \/>\n\t<meta name=\"twitter:data2\" content=\"2 minutes\" \/>\n<script type=\"application\/ld+json\" class=\"yoast-schema-graph\">{\"@context\":\"https:\/\/schema.org\",\"@graph\":[{\"@type\":\"WebPage\",\"@id\":\"https:\/\/veritasinfo.org\/?p=12555\",\"url\":\"https:\/\/veritasinfo.org\/?p=12555\",\"name\":\"Basha dhe Malaj diskutojn\u00eb p\u00ebr mund\u00ebsin\u00eb e krijimit t\u00eb nj\u00eb Zyre Nd\u00ebrlidh\u00ebse mes dy parlamenteve -\",\"isPartOf\":{\"@id\":\"https:\/\/veritasinfo.org\/#website\"},\"primaryImageOfPage\":{\"@id\":\"https:\/\/veritasinfo.org\/?p=12555#primaryimage\"},\"image\":{\"@id\":\"https:\/\/veritasinfo.org\/?p=12555#primaryimage\"},\"thumbnailUrl\":\"https:\/\/veritasinfo.org\/wp-content\/uploads\/2025\/09\/548432100_1241230251381286_7431736204655638172_n.jpg\",\"datePublished\":\"2025-09-18T14:51:43+00:00\",\"author\":{\"@id\":\"https:\/\/veritasinfo.org\/#\/schema\/person\/fe199eede04c3937362892b7444747cc\"},\"breadcrumb\":{\"@id\":\"https:\/\/veritasinfo.org\/?p=12555#breadcrumb\"},\"inLanguage\":\"en-US\",\"potentialAction\":[{\"@type\":\"ReadAction\",\"target\":[\"https:\/\/veritasinfo.org\/?p=12555\"]}]},{\"@type\":\"ImageObject\",\"inLanguage\":\"en-US\",\"@id\":\"https:\/\/veritasinfo.org\/?p=12555#primaryimage\",\"url\":\"https:\/\/veritasinfo.org\/wp-content\/uploads\/2025\/09\/548432100_1241230251381286_7431736204655638172_n.jpg\",\"contentUrl\":\"https:\/\/veritasinfo.org\/wp-content\/uploads\/2025\/09\/548432100_1241230251381286_7431736204655638172_n.jpg\",\"width\":1586,\"height\":901},{\"@type\":\"BreadcrumbList\",\"@id\":\"https:\/\/veritasinfo.org\/?p=12555#breadcrumb\",\"itemListElement\":[{\"@type\":\"ListItem\",\"position\":1,\"name\":\"Home\",\"item\":\"https:\/\/veritasinfo.org\/\"},{\"@type\":\"ListItem\",\"position\":2,\"name\":\"Basha dhe Malaj diskutojn\u00eb p\u00ebr mund\u00ebsin\u00eb e krijimit t\u00eb nj\u00eb Zyre Nd\u00ebrlidh\u00ebse mes dy parlamenteve\"}]},{\"@type\":\"WebSite\",\"@id\":\"https:\/\/veritasinfo.org\/#website\",\"url\":\"https:\/\/veritasinfo.org\/\",\"name\":\"\",\"description\":\"\",\"potentialAction\":[{\"@type\":\"SearchAction\",\"target\":{\"@type\":\"EntryPoint\",\"urlTemplate\":\"https:\/\/veritasinfo.org\/?s={search_term_string}\"},\"query-input\":{\"@type\":\"PropertyValueSpecification\",\"valueRequired\":true,\"valueName\":\"search_term_string\"}}],\"inLanguage\":\"en-US\"},{\"@type\":\"Person\",\"@id\":\"https:\/\/veritasinfo.org\/#\/schema\/person\/fe199eede04c3937362892b7444747cc\",\"name\":\"US6\",\"image\":{\"@type\":\"ImageObject\",\"inLanguage\":\"en-US\",\"@id\":\"https:\/\/veritasinfo.org\/#\/schema\/person\/image\/\",\"url\":\"https:\/\/secure.gravatar.com\/avatar\/cb16c3c31c9d23b9b8c705964598220b3014e42ff51eb540ff23cefa3ae8c15f?s=96&d=mm&r=g\",\"contentUrl\":\"https:\/\/secure.gravatar.com\/avatar\/cb16c3c31c9d23b9b8c705964598220b3014e42ff51eb540ff23cefa3ae8c15f?s=96&d=mm&r=g\",\"caption\":\"US6\"},\"url\":\"https:\/\/veritasinfo.org\/?author=7\"}]}<\/script>\n<!-- \/ Yoast SEO plugin. -->","yoast_head_json":{"title":"Basha dhe Malaj diskutojn\u00eb p\u00ebr mund\u00ebsin\u00eb e krijimit t\u00eb nj\u00eb Zyre Nd\u00ebrlidh\u00ebse mes dy parlamenteve -","robots":{"index":"index","follow":"follow","max-snippet":"max-snippet:-1","max-image-preview":"max-image-preview:large","max-video-preview":"max-video-preview:-1"},"canonical":"https:\/\/veritasinfo.org\/?p=12555","og_locale":"en_US","og_type":"article","og_title":"Basha dhe Malaj diskutojn\u00eb p\u00ebr mund\u00ebsin\u00eb e krijimit t\u00eb nj\u00eb Zyre Nd\u00ebrlidh\u00ebse mes dy parlamenteve -","og_description":"Prishtin\u00eb, 18 shtator 2025 Kryetari i Kuvendit t\u00eb Kosov\u00ebs, Dimal Basha, t\u00eb enjten ka mir\u00ebpritur n\u00eb takim ambasadorin e Shqip\u00ebris\u00eb n\u00eb Kosov\u00eb, Petrit Malaj. Sipas","og_url":"https:\/\/veritasinfo.org\/?p=12555","article_published_time":"2025-09-18T14:51:43+00:00","og_image":[{"width":1586,"height":901,"url":"https:\/\/veritasinfo.org\/wp-content\/uploads\/2025\/09\/548432100_1241230251381286_7431736204655638172_n.jpg","type":"image\/jpeg"}],"author":"US6","twitter_card":"summary_large_image","twitter_misc":{"Written by":"US6","Est. reading time":"2 minutes"},"schema":{"@context":"https:\/\/schema.org","@graph":[{"@type":"WebPage","@id":"https:\/\/veritasinfo.org\/?p=12555","url":"https:\/\/veritasinfo.org\/?p=12555","name":"Basha dhe Malaj diskutojn\u00eb p\u00ebr mund\u00ebsin\u00eb e krijimit t\u00eb nj\u00eb Zyre Nd\u00ebrlidh\u00ebse mes dy parlamenteve -","isPartOf":{"@id":"https:\/\/veritasinfo.org\/#website"},"primaryImageOfPage":{"@id":"https:\/\/veritasinfo.org\/?p=12555#primaryimage"},"image":{"@id":"https:\/\/veritasinfo.org\/?p=12555#primaryimage"},"thumbnailUrl":"https:\/\/veritasinfo.org\/wp-content\/uploads\/2025\/09\/548432100_1241230251381286_7431736204655638172_n.jpg","datePublished":"2025-09-18T14:51:43+00:00","author":{"@id":"https:\/\/veritasinfo.org\/#\/schema\/person\/fe199eede04c3937362892b7444747cc"},"breadcrumb":{"@id":"https:\/\/veritasinfo.org\/?p=12555#breadcrumb"},"inLanguage":"en-US","potentialAction":[{"@type":"ReadAction","target":["https:\/\/veritasinfo.org\/?p=12555"]}]},{"@type":"ImageObject","inLanguage":"en-US","@id":"https:\/\/veritasinfo.org\/?p=12555#primaryimage","url":"https:\/\/veritasinfo.org\/wp-content\/uploads\/2025\/09\/548432100_1241230251381286_7431736204655638172_n.jpg","contentUrl":"https:\/\/veritasinfo.org\/wp-content\/uploads\/2025\/09\/548432100_1241230251381286_7431736204655638172_n.jpg","width":1586,"height":901},{"@type":"BreadcrumbList","@id":"https:\/\/veritasinfo.org\/?p=12555#breadcrumb","itemListElement":[{"@type":"ListItem","position":1,"name":"Home","item":"https:\/\/veritasinfo.org\/"},{"@type":"ListItem","position":2,"name":"Basha dhe Malaj diskutojn\u00eb p\u00ebr mund\u00ebsin\u00eb e krijimit t\u00eb nj\u00eb Zyre Nd\u00ebrlidh\u00ebse mes dy parlamenteve"}]},{"@type":"WebSite","@id":"https:\/\/veritasinfo.org\/#website","url":"https:\/\/veritasinfo.org\/","name":"","description":"","potentialAction":[{"@type":"SearchAction","target":{"@type":"EntryPoint","urlTemplate":"https:\/\/veritasinfo.org\/?s={search_term_string}"},"query-input":{"@type":"PropertyValueSpecification","valueRequired":true,"valueName":"search_term_string"}}],"inLanguage":"en-US"},{"@type":"Person","@id":"https:\/\/veritasinfo.org\/#\/schema\/person\/fe199eede04c3937362892b7444747cc","name":"US6","image":{"@type":"ImageObject","inLanguage":"en-US","@id":"https:\/\/veritasinfo.org\/#\/schema\/person\/image\/","url":"https:\/\/secure.gravatar.com\/avatar\/cb16c3c31c9d23b9b8c705964598220b3014e42ff51eb540ff23cefa3ae8c15f?s=96&d=mm&r=g","contentUrl":"https:\/\/secure.gravatar.com\/avatar\/cb16c3c31c9d23b9b8c705964598220b3014e42ff51eb540ff23cefa3ae8c15f?s=96&d=mm&r=g","caption":"US6"},"url":"https:\/\/veritasinfo.org\/?author=7"}]}},"featured_image_urls":{"full":["https:\/\/veritasinfo.org\/wp-content\/uploads\/2025\/09\/548432100_1241230251381286_7431736204655638172_n.jpg",1586,901,false],"thumbnail":["https:\/\/veritasinfo.org\/wp-content\/uploads\/2025\/09\/548432100_1241230251381286_7431736204655638172_n-150x150.jpg",150,150,true],"medium":["https:\/\/veritasinfo.org\/wp-content\/uploads\/2025\/09\/548432100_1241230251381286_7431736204655638172_n-300x170.jpg",300,170,true],"medium_large":["https:\/\/veritasinfo.org\/wp-content\/uploads\/2025\/09\/548432100_1241230251381286_7431736204655638172_n-768x436.jpg",640,363,true],"large":["https:\/\/veritasinfo.org\/wp-content\/uploads\/2025\/09\/548432100_1241230251381286_7431736204655638172_n-1024x582.jpg",640,364,true],"1536x1536":["https:\/\/veritasinfo.org\/wp-content\/uploads\/2025\/09\/548432100_1241230251381286_7431736204655638172_n-1536x873.jpg",1536,873,true],"2048x2048":["https:\/\/veritasinfo.org\/wp-content\/uploads\/2025\/09\/548432100_1241230251381286_7431736204655638172_n.jpg",1586,901,false],"kreeti-slider-full":["https:\/\/veritasinfo.org\/wp-content\/uploads\/2025\/09\/548432100_1241230251381286_7431736204655638172_n.jpg",1267,720,false],"kreeti-featured":["https:\/\/veritasinfo.org\/wp-content\/uploads\/2025\/09\/548432100_1241230251381286_7431736204655638172_n.jpg",1024,582,false],"kreeti-medium":["https:\/\/veritasinfo.org\/wp-content\/uploads\/2025\/09\/548432100_1241230251381286_7431736204655638172_n.jpg",720,409,false],"kreeti-medium-square":["https:\/\/veritasinfo.org\/wp-content\/uploads\/2025\/09\/548432100_1241230251381286_7431736204655638172_n.jpg",350,199,false]},"author_info":{"info":["US6"]},"category_info":"<a href=\"https:\/\/veritasinfo.org\/?cat=58\" rel=\"category\">Politik\u00eb<\/a>","tag_info":"Politik\u00eb","comment_count":"0","_links":{"self":[{"href":"https:\/\/veritasinfo.org\/index.php?rest_route=\/wp\/v2\/posts\/12555","targetHints":{"allow":["GET"]}}],"collection":[{"href":"https:\/\/veritasinfo.org\/index.php?rest_route=\/wp\/v2\/posts"}],"about":[{"href":"https:\/\/veritasinfo.org\/index.php?rest_route=\/wp\/v2\/types\/post"}],"author":[{"embeddable":true,"href":"https:\/\/veritasinfo.org\/index.php?rest_route=\/wp\/v2\/users\/7"}],"replies":[{"embeddable":true,"href":"https:\/\/veritasinfo.org\/index.php?rest_route=%2Fwp%2Fv2%2Fcomments&post=12555"}],"version-history":[{"count":1,"href":"https:\/\/veritasinfo.org\/index.php?rest_route=\/wp\/v2\/posts\/12555\/revisions"}],"predecessor-version":[{"id":12557,"href":"https:\/\/veritasinfo.org\/index.php?rest_route=\/wp\/v2\/posts\/12555\/revisions\/12557"}],"wp:featuredmedia":[{"embeddable":true,"href":"https:\/\/veritasinfo.org\/index.php?rest_route=\/wp\/v2\/media\/12556"}],"wp:attachment":[{"href":"https:\/\/veritasinfo.org\/index.php?rest_route=%2Fwp%2Fv2%2Fmedia&parent=12555"}],"wp:term":[{"taxonomy":"category","embeddable":true,"href":"https:\/\/veritasinfo.org\/index.php?rest_route=%2Fwp%2Fv2%2Fcategories&post=12555"},{"taxonomy":"post_tag","embeddable":true,"href":"https:\/\/veritasinfo.org\/index.php?rest_route=%2Fwp%2Fv2%2Ftags&post=12555"}],"curies":[{"name":"wp","href":"https:\/\/api.w.org\/{rel}","templated":true}]}}