{"id":12549,"date":"2025-09-18T16:35:00","date_gmt":"2025-09-18T14:35:00","guid":{"rendered":"https:\/\/veritasinfo.org\/?p=12549"},"modified":"2025-09-18T16:35:53","modified_gmt":"2025-09-18T14:35:53","slug":"asambleja-e-okb-se-osmani-javen-tjeter-udheton-per-ne-nju-jork","status":"publish","type":"post","link":"https:\/\/veritasinfo.org\/?p=12549","title":{"rendered":"Asambleja e OKB-s\u00eb, Osmani jav\u00ebn tjet\u00ebr udh\u00ebton p\u00ebr n\u00eb Nju-Jork"},"content":{"rendered":"<p><strong>Prishtin\u00eb 18 Shtator 2025<\/strong><\/p>\n<p>Presidentja e Kosov\u00ebs, Vjosa Osmani, jav\u00ebn e ardhme do t\u00eb udh\u00ebtoj\u00eb p\u00ebr n\u00eb SHBA.<\/p>\n<p>Presidenca ka b\u00ebr\u00eb me dije se ky udh\u00ebtim ka t\u00eb b\u00ebj me fillimin e punimeve t\u00eb Asamblen\u00eb e P\u00ebrgjithshme t\u00eb Kombeve t\u00eb Bashkuara.<\/p>\n<p>&nbsp;<\/p>\n<article class=\"news-content\">Z\u00ebdh\u00ebn\u00ebsi i Presidenc\u00ebs, Bekim Kupina, ka treguar se gjat\u00eb q\u00ebndrimit n\u00eb Nju Jork Osmani do t\u00eb takohet me shum\u00eb homolog\u00eb t\u00eb saj.\u201cSikurse edhe \u00e7do vit, Presidentja Osmani do t\u00eb jet\u00eb n\u00eb Ne\u00eb York p\u00ebr takime me homolog\u00eb dhe aktivitete t\u00eb tjera zyrtare p\u00ebrgjat\u00eb Jav\u00ebs se Nivelit t\u00eb Lart\u00eb t\u00eb Asambles\u00eb s\u00eb P\u00ebrgjithshme t\u00eb Kombeve t\u00eb Bashkuara\u201d, ka th\u00ebn\u00eb Kupina p\u00ebr Express.<\/p>\n<\/article>\n<div id=\"euro-lab-1\" class=\"euro-lab d-flex\">\n<p>&nbsp;<\/p>\n<div id=\"beacon_10a24d4a12\"><img decoding=\"async\" src=\"https:\/\/ads.sindikata.org\/delivery\/lg.php?bannerid=29&amp;campaignid=12&amp;zoneid=2&amp;loc=https%3A%2F%2Fwww.zeri.info%2Faktuale%2F592718%2Fasambleja-e-okb-se-osmani-javen-tjeter-udheton-per-ne-nju-jork%2F&amp;cb=10a24d4a12\" alt=\"\" width=\"0\" height=\"0\" \/><\/div>\n<p>&nbsp;<\/p>\n<\/div>\n<div class=\"w-100 clear\">\n<div id=\"container-642831158377fb9eaebf8256d7232fc8\">\n<div class=\"container-642831158377fb9eaebf8256d7232fc8__stand-name\"><\/div>\n<div class=\"container-642831158377fb9eaebf8256d7232fc8__stand\">\n<div class=\"container-642831158377fb9eaebf8256d7232fc8__bn-container\">\n<div class=\"container-642831158377fb9eaebf8256d7232fc8__bn\">\n<div class=\"container-642831158377fb9eaebf8256d7232fc8__img-container\"><\/div>\n<\/div>\n<\/div>\n<\/div>\n<\/div>\n<\/div>\n<p>&nbsp;<\/p>\n<aside class=\"col-lg-3 col-12 offset-lg-1\">\n<div class=\"ads300x600 mgb-20 hidden-xs\">\n<div id=\"__zeri-ads-pa-6067x1\"><\/div>\n<\/div>\n<\/aside>\n","protected":false},"excerpt":{"rendered":"<p>Prishtin\u00eb 18 Shtator 2025 Presidentja e Kosov\u00ebs, Vjosa Osmani, jav\u00ebn e ardhme do t\u00eb udh\u00ebtoj\u00eb p\u00ebr n\u00eb SHBA. Presidenca ka b\u00ebr\u00eb me dije se ky<\/p>\n","protected":false},"author":6,"featured_media":12550,"comment_status":"open","ping_status":"open","sticky":false,"template":"","format":"standard","meta":{"footnotes":""},"categories":[60],"tags":[],"class_list":["post-12549","post","type-post","status-publish","format-standard","has-post-thumbnail","hentry","category-shoqerore-sq"],"yoast_head":"<!-- This site is optimized with the Yoast SEO plugin v25.3.1 - https:\/\/yoast.com\/wordpress\/plugins\/seo\/ -->\n<title>Asambleja e OKB-s\u00eb, Osmani jav\u00ebn tjet\u00ebr udh\u00ebton p\u00ebr n\u00eb Nju-Jork -<\/title>\n<meta name=\"robots\" content=\"index, follow, max-snippet:-1, max-image-preview:large, max-video-preview:-1\" \/>\n<link rel=\"canonical\" href=\"https:\/\/veritasinfo.org\/?p=12549\" \/>\n<meta property=\"og:locale\" content=\"en_US\" \/>\n<meta property=\"og:type\" content=\"article\" \/>\n<meta property=\"og:title\" content=\"Asambleja e OKB-s\u00eb, Osmani jav\u00ebn tjet\u00ebr udh\u00ebton p\u00ebr n\u00eb Nju-Jork -\" \/>\n<meta property=\"og:description\" content=\"Prishtin\u00eb 18 Shtator 2025 Presidentja e Kosov\u00ebs, Vjosa Osmani, jav\u00ebn e ardhme do t\u00eb udh\u00ebtoj\u00eb p\u00ebr n\u00eb SHBA. Presidenca ka b\u00ebr\u00eb me dije se ky\" \/>\n<meta property=\"og:url\" content=\"https:\/\/veritasinfo.org\/?p=12549\" \/>\n<meta property=\"article:published_time\" content=\"2025-09-18T14:35:00+00:00\" \/>\n<meta property=\"article:modified_time\" content=\"2025-09-18T14:35:53+00:00\" \/>\n<meta property=\"og:image\" content=\"https:\/\/veritasinfo.org\/wp-content\/uploads\/2025\/09\/1.-EP.jpeg\" \/>\n\t<meta property=\"og:image:width\" content=\"2048\" \/>\n\t<meta property=\"og:image:height\" content=\"1365\" \/>\n\t<meta property=\"og:image:type\" content=\"image\/jpeg\" \/>\n<meta name=\"author\" content=\"US5\" \/>\n<meta name=\"twitter:card\" content=\"summary_large_image\" \/>\n<meta name=\"twitter:label1\" content=\"Written by\" \/>\n\t<meta name=\"twitter:data1\" content=\"US5\" \/>\n\t<meta name=\"twitter:label2\" content=\"Est. reading time\" \/>\n\t<meta name=\"twitter:data2\" content=\"1 minute\" \/>\n<script type=\"application\/ld+json\" class=\"yoast-schema-graph\">{\"@context\":\"https:\/\/schema.org\",\"@graph\":[{\"@type\":\"WebPage\",\"@id\":\"https:\/\/veritasinfo.org\/?p=12549\",\"url\":\"https:\/\/veritasinfo.org\/?p=12549\",\"name\":\"Asambleja e OKB-s\u00eb, Osmani jav\u00ebn tjet\u00ebr udh\u00ebton p\u00ebr n\u00eb Nju-Jork -\",\"isPartOf\":{\"@id\":\"https:\/\/veritasinfo.org\/#website\"},\"primaryImageOfPage\":{\"@id\":\"https:\/\/veritasinfo.org\/?p=12549#primaryimage\"},\"image\":{\"@id\":\"https:\/\/veritasinfo.org\/?p=12549#primaryimage\"},\"thumbnailUrl\":\"https:\/\/veritasinfo.org\/wp-content\/uploads\/2025\/09\/1.-EP.jpeg\",\"datePublished\":\"2025-09-18T14:35:00+00:00\",\"dateModified\":\"2025-09-18T14:35:53+00:00\",\"author\":{\"@id\":\"https:\/\/veritasinfo.org\/#\/schema\/person\/bc442336e35414d04494ab8fb45db4c6\"},\"breadcrumb\":{\"@id\":\"https:\/\/veritasinfo.org\/?p=12549#breadcrumb\"},\"inLanguage\":\"en-US\",\"potentialAction\":[{\"@type\":\"ReadAction\",\"target\":[\"https:\/\/veritasinfo.org\/?p=12549\"]}]},{\"@type\":\"ImageObject\",\"inLanguage\":\"en-US\",\"@id\":\"https:\/\/veritasinfo.org\/?p=12549#primaryimage\",\"url\":\"https:\/\/veritasinfo.org\/wp-content\/uploads\/2025\/09\/1.-EP.jpeg\",\"contentUrl\":\"https:\/\/veritasinfo.org\/wp-content\/uploads\/2025\/09\/1.-EP.jpeg\",\"width\":2048,\"height\":1365},{\"@type\":\"BreadcrumbList\",\"@id\":\"https:\/\/veritasinfo.org\/?p=12549#breadcrumb\",\"itemListElement\":[{\"@type\":\"ListItem\",\"position\":1,\"name\":\"Home\",\"item\":\"https:\/\/veritasinfo.org\/\"},{\"@type\":\"ListItem\",\"position\":2,\"name\":\"Asambleja e OKB-s\u00eb, Osmani jav\u00ebn tjet\u00ebr udh\u00ebton p\u00ebr n\u00eb Nju-Jork\"}]},{\"@type\":\"WebSite\",\"@id\":\"https:\/\/veritasinfo.org\/#website\",\"url\":\"https:\/\/veritasinfo.org\/\",\"name\":\"\",\"description\":\"\",\"potentialAction\":[{\"@type\":\"SearchAction\",\"target\":{\"@type\":\"EntryPoint\",\"urlTemplate\":\"https:\/\/veritasinfo.org\/?s={search_term_string}\"},\"query-input\":{\"@type\":\"PropertyValueSpecification\",\"valueRequired\":true,\"valueName\":\"search_term_string\"}}],\"inLanguage\":\"en-US\"},{\"@type\":\"Person\",\"@id\":\"https:\/\/veritasinfo.org\/#\/schema\/person\/bc442336e35414d04494ab8fb45db4c6\",\"name\":\"US5\",\"image\":{\"@type\":\"ImageObject\",\"inLanguage\":\"en-US\",\"@id\":\"https:\/\/veritasinfo.org\/#\/schema\/person\/image\/\",\"url\":\"https:\/\/secure.gravatar.com\/avatar\/16a61e7272a0c5d001121ebb9e60e925d5816e4ac1e443ed3e640d9a6ae55d0c?s=96&d=mm&r=g\",\"contentUrl\":\"https:\/\/secure.gravatar.com\/avatar\/16a61e7272a0c5d001121ebb9e60e925d5816e4ac1e443ed3e640d9a6ae55d0c?s=96&d=mm&r=g\",\"caption\":\"US5\"},\"url\":\"https:\/\/veritasinfo.org\/?author=6\"}]}<\/script>\n<!-- \/ Yoast SEO plugin. -->","yoast_head_json":{"title":"Asambleja e OKB-s\u00eb, Osmani jav\u00ebn tjet\u00ebr udh\u00ebton p\u00ebr n\u00eb Nju-Jork -","robots":{"index":"index","follow":"follow","max-snippet":"max-snippet:-1","max-image-preview":"max-image-preview:large","max-video-preview":"max-video-preview:-1"},"canonical":"https:\/\/veritasinfo.org\/?p=12549","og_locale":"en_US","og_type":"article","og_title":"Asambleja e OKB-s\u00eb, Osmani jav\u00ebn tjet\u00ebr udh\u00ebton p\u00ebr n\u00eb Nju-Jork -","og_description":"Prishtin\u00eb 18 Shtator 2025 Presidentja e Kosov\u00ebs, Vjosa Osmani, jav\u00ebn e ardhme do t\u00eb udh\u00ebtoj\u00eb p\u00ebr n\u00eb SHBA. Presidenca ka b\u00ebr\u00eb me dije se ky","og_url":"https:\/\/veritasinfo.org\/?p=12549","article_published_time":"2025-09-18T14:35:00+00:00","article_modified_time":"2025-09-18T14:35:53+00:00","og_image":[{"width":2048,"height":1365,"url":"https:\/\/veritasinfo.org\/wp-content\/uploads\/2025\/09\/1.-EP.jpeg","type":"image\/jpeg"}],"author":"US5","twitter_card":"summary_large_image","twitter_misc":{"Written by":"US5","Est. reading time":"1 minute"},"schema":{"@context":"https:\/\/schema.org","@graph":[{"@type":"WebPage","@id":"https:\/\/veritasinfo.org\/?p=12549","url":"https:\/\/veritasinfo.org\/?p=12549","name":"Asambleja e OKB-s\u00eb, Osmani jav\u00ebn tjet\u00ebr udh\u00ebton p\u00ebr n\u00eb Nju-Jork -","isPartOf":{"@id":"https:\/\/veritasinfo.org\/#website"},"primaryImageOfPage":{"@id":"https:\/\/veritasinfo.org\/?p=12549#primaryimage"},"image":{"@id":"https:\/\/veritasinfo.org\/?p=12549#primaryimage"},"thumbnailUrl":"https:\/\/veritasinfo.org\/wp-content\/uploads\/2025\/09\/1.-EP.jpeg","datePublished":"2025-09-18T14:35:00+00:00","dateModified":"2025-09-18T14:35:53+00:00","author":{"@id":"https:\/\/veritasinfo.org\/#\/schema\/person\/bc442336e35414d04494ab8fb45db4c6"},"breadcrumb":{"@id":"https:\/\/veritasinfo.org\/?p=12549#breadcrumb"},"inLanguage":"en-US","potentialAction":[{"@type":"ReadAction","target":["https:\/\/veritasinfo.org\/?p=12549"]}]},{"@type":"ImageObject","inLanguage":"en-US","@id":"https:\/\/veritasinfo.org\/?p=12549#primaryimage","url":"https:\/\/veritasinfo.org\/wp-content\/uploads\/2025\/09\/1.-EP.jpeg","contentUrl":"https:\/\/veritasinfo.org\/wp-content\/uploads\/2025\/09\/1.-EP.jpeg","width":2048,"height":1365},{"@type":"BreadcrumbList","@id":"https:\/\/veritasinfo.org\/?p=12549#breadcrumb","itemListElement":[{"@type":"ListItem","position":1,"name":"Home","item":"https:\/\/veritasinfo.org\/"},{"@type":"ListItem","position":2,"name":"Asambleja e OKB-s\u00eb, Osmani jav\u00ebn tjet\u00ebr udh\u00ebton p\u00ebr n\u00eb Nju-Jork"}]},{"@type":"WebSite","@id":"https:\/\/veritasinfo.org\/#website","url":"https:\/\/veritasinfo.org\/","name":"","description":"","potentialAction":[{"@type":"SearchAction","target":{"@type":"EntryPoint","urlTemplate":"https:\/\/veritasinfo.org\/?s={search_term_string}"},"query-input":{"@type":"PropertyValueSpecification","valueRequired":true,"valueName":"search_term_string"}}],"inLanguage":"en-US"},{"@type":"Person","@id":"https:\/\/veritasinfo.org\/#\/schema\/person\/bc442336e35414d04494ab8fb45db4c6","name":"US5","image":{"@type":"ImageObject","inLanguage":"en-US","@id":"https:\/\/veritasinfo.org\/#\/schema\/person\/image\/","url":"https:\/\/secure.gravatar.com\/avatar\/16a61e7272a0c5d001121ebb9e60e925d5816e4ac1e443ed3e640d9a6ae55d0c?s=96&d=mm&r=g","contentUrl":"https:\/\/secure.gravatar.com\/avatar\/16a61e7272a0c5d001121ebb9e60e925d5816e4ac1e443ed3e640d9a6ae55d0c?s=96&d=mm&r=g","caption":"US5"},"url":"https:\/\/veritasinfo.org\/?author=6"}]}},"featured_image_urls":{"full":["https:\/\/veritasinfo.org\/wp-content\/uploads\/2025\/09\/1.-EP.jpeg",2048,1365,false],"thumbnail":["https:\/\/veritasinfo.org\/wp-content\/uploads\/2025\/09\/1.-EP-150x150.jpeg",150,150,true],"medium":["https:\/\/veritasinfo.org\/wp-content\/uploads\/2025\/09\/1.-EP-300x200.jpeg",300,200,true],"medium_large":["https:\/\/veritasinfo.org\/wp-content\/uploads\/2025\/09\/1.-EP-768x512.jpeg",640,427,true],"large":["https:\/\/veritasinfo.org\/wp-content\/uploads\/2025\/09\/1.-EP-1024x683.jpeg",640,427,true],"1536x1536":["https:\/\/veritasinfo.org\/wp-content\/uploads\/2025\/09\/1.-EP-1536x1024.jpeg",1536,1024,true],"2048x2048":["https:\/\/veritasinfo.org\/wp-content\/uploads\/2025\/09\/1.-EP.jpeg",2048,1365,false],"kreeti-slider-full":["https:\/\/veritasinfo.org\/wp-content\/uploads\/2025\/09\/1.-EP.jpeg",1080,720,false],"kreeti-featured":["https:\/\/veritasinfo.org\/wp-content\/uploads\/2025\/09\/1.-EP.jpeg",1024,683,false],"kreeti-medium":["https:\/\/veritasinfo.org\/wp-content\/uploads\/2025\/09\/1.-EP.jpeg",720,480,false],"kreeti-medium-square":["https:\/\/veritasinfo.org\/wp-content\/uploads\/2025\/09\/1.-EP.jpeg",350,233,false]},"author_info":{"info":["US5"]},"category_info":"<a href=\"https:\/\/veritasinfo.org\/?cat=60\" rel=\"category\">Shoq\u00ebrore<\/a>","tag_info":"Shoq\u00ebrore","comment_count":"0","_links":{"self":[{"href":"https:\/\/veritasinfo.org\/index.php?rest_route=\/wp\/v2\/posts\/12549","targetHints":{"allow":["GET"]}}],"collection":[{"href":"https:\/\/veritasinfo.org\/index.php?rest_route=\/wp\/v2\/posts"}],"about":[{"href":"https:\/\/veritasinfo.org\/index.php?rest_route=\/wp\/v2\/types\/post"}],"author":[{"embeddable":true,"href":"https:\/\/veritasinfo.org\/index.php?rest_route=\/wp\/v2\/users\/6"}],"replies":[{"embeddable":true,"href":"https:\/\/veritasinfo.org\/index.php?rest_route=%2Fwp%2Fv2%2Fcomments&post=12549"}],"version-history":[{"count":2,"href":"https:\/\/veritasinfo.org\/index.php?rest_route=\/wp\/v2\/posts\/12549\/revisions"}],"predecessor-version":[{"id":12552,"href":"https:\/\/veritasinfo.org\/index.php?rest_route=\/wp\/v2\/posts\/12549\/revisions\/12552"}],"wp:featuredmedia":[{"embeddable":true,"href":"https:\/\/veritasinfo.org\/index.php?rest_route=\/wp\/v2\/media\/12550"}],"wp:attachment":[{"href":"https:\/\/veritasinfo.org\/index.php?rest_route=%2Fwp%2Fv2%2Fmedia&parent=12549"}],"wp:term":[{"taxonomy":"category","embeddable":true,"href":"https:\/\/veritasinfo.org\/index.php?rest_route=%2Fwp%2Fv2%2Fcategories&post=12549"},{"taxonomy":"post_tag","embeddable":true,"href":"https:\/\/veritasinfo.org\/index.php?rest_route=%2Fwp%2Fv2%2Ftags&post=12549"}],"curies":[{"name":"wp","href":"https:\/\/api.w.org\/{rel}","templated":true}]}}