{"id":12535,"date":"2025-09-18T15:03:55","date_gmt":"2025-09-18T13:03:55","guid":{"rendered":"https:\/\/veritasinfo.org\/?p=12535"},"modified":"2025-09-18T15:07:09","modified_gmt":"2025-09-18T13:07:09","slug":"municion-dhe-pajisje-ushtarake-ne-veri-svecla-u-gjeten-ne-pronen-e-gandit-te-dyshuarit-kryesor-per-sulmin-ne-banjske","status":"publish","type":"post","link":"https:\/\/veritasinfo.org\/?p=12535","title":{"rendered":"Municion dhe pajisje ushtarake n\u00eb veri &#8211; Sve\u00e7la: U gjet\u00ebn n\u00eb pron\u00ebn e \u201cGandit\u201d, t\u00eb dyshuarit kryesor p\u00ebr sulmin n\u00eb Banjsk\u00eb"},"content":{"rendered":"<p>Banjsk\u00eb 18 Shtator 2025<\/p>\n<p>Ministri n\u00eb detyr\u00eb i Pun\u00ebve t\u00eb Brendshme, Xhelal Sve\u00e7la ka reaguar pas gjetjes s\u00eb<a class=\"rm-stats-tracked\" href=\"https:\/\/telegrafi.com\/policia-konfiskon-arme-e-municion-ne-veri-dyshohet-se-i-perkasin-nje-personi-te-kerkuar-per-sulmin-ne-banjske\/\" target=\"_blank\" rel=\"noopener\">\u00a0nj\u00eb arsenali t\u00eb arm\u00ebve n\u00eb veri t\u00eb vendit.<\/a><\/p>\n<p>Sipas Sve\u00e7l\u00ebs, n\u00eb pron\u00ebn e Nemanja Radivojeviq i njohur ndryshe si \u201cGandi\u201d, jan\u00eb gjetur municion, pajisje ushtarake dhe policore, si dhe veshje kamuflazhi \u2013 q\u00eb, sipas tij, p\u00ebrforcojn\u00eb akuzat se ky person ka qen\u00eb i p\u00ebrfshir\u00eb drejtp\u00ebrdrejt n\u00eb organizimin e sulmit n\u00eb Banjsk\u00eb ku mbeti i vrar\u00eb rreshteri Afrim Bunjaku.<\/p>\n<aside class=\"recirculation__module\">\n<div id=\"sRecirculation_Module_0_0_26_0_0_0_1\" class=\"recirculation_unit\">\n<div id=\"sRecirculation_Module_0_0_26_0_0_0_1_0\" class=\"recirculation_heading\">\n<div id=\"sRecirculation_Module_0_0_26_0_0_0_1_0_0\" class=\"text-element\">\u201cSot, n\u00eb pron\u00ebn e Nemanja Radivojeviq \u2013 i njohur si \u2018Gandi\u2019, jan\u00eb gjetur municion, pajisje ushtarake, policore dhe veshje kamuflazhi. Ky person \u00ebsht\u00eb i dyshuari kryesor p\u00ebr shp\u00ebrthimin e bomb\u00ebs q\u00eb mori jet\u00ebn e Heroit t\u00eb Kombit, Rreshterit policor Afrim Bunjaku,\u201d tha Sve\u00e7la.<\/div>\n<\/div>\n<\/div>\n<\/aside>\n","protected":false},"excerpt":{"rendered":"<p>Banjsk\u00eb 18 Shtator 2025 Ministri n\u00eb detyr\u00eb i Pun\u00ebve t\u00eb Brendshme, Xhelal Sve\u00e7la ka reaguar pas gjetjes s\u00eb\u00a0nj\u00eb arsenali t\u00eb arm\u00ebve n\u00eb veri t\u00eb vendit.<\/p>\n","protected":false},"author":6,"featured_media":12536,"comment_status":"open","ping_status":"open","sticky":false,"template":"","format":"standard","meta":{"footnotes":""},"categories":[60],"tags":[],"class_list":["post-12535","post","type-post","status-publish","format-standard","has-post-thumbnail","hentry","category-shoqerore-sq"],"yoast_head":"<!-- This site is optimized with the Yoast SEO plugin v25.3.1 - https:\/\/yoast.com\/wordpress\/plugins\/seo\/ -->\n<title>Municion dhe pajisje ushtarake n\u00eb veri - Sve\u00e7la: U gjet\u00ebn n\u00eb pron\u00ebn e \u201cGandit\u201d, t\u00eb dyshuarit kryesor p\u00ebr sulmin n\u00eb Banjsk\u00eb -<\/title>\n<meta name=\"robots\" content=\"index, follow, max-snippet:-1, max-image-preview:large, max-video-preview:-1\" \/>\n<link rel=\"canonical\" href=\"https:\/\/veritasinfo.org\/?p=12535\" \/>\n<meta property=\"og:locale\" content=\"en_US\" \/>\n<meta property=\"og:type\" content=\"article\" \/>\n<meta property=\"og:title\" content=\"Municion dhe pajisje ushtarake n\u00eb veri - Sve\u00e7la: U gjet\u00ebn n\u00eb pron\u00ebn e \u201cGandit\u201d, t\u00eb dyshuarit kryesor p\u00ebr sulmin n\u00eb Banjsk\u00eb -\" \/>\n<meta property=\"og:description\" content=\"Banjsk\u00eb 18 Shtator 2025 Ministri n\u00eb detyr\u00eb i Pun\u00ebve t\u00eb Brendshme, Xhelal Sve\u00e7la ka reaguar pas gjetjes s\u00eb\u00a0nj\u00eb arsenali t\u00eb arm\u00ebve n\u00eb veri t\u00eb vendit.\" \/>\n<meta property=\"og:url\" content=\"https:\/\/veritasinfo.org\/?p=12535\" \/>\n<meta property=\"article:published_time\" content=\"2025-09-18T13:03:55+00:00\" \/>\n<meta property=\"article:modified_time\" content=\"2025-09-18T13:07:09+00:00\" \/>\n<meta property=\"og:image\" content=\"https:\/\/veritasinfo.org\/wp-content\/uploads\/2025\/09\/banj.webp\" \/>\n\t<meta property=\"og:image:width\" content=\"1245\" \/>\n\t<meta property=\"og:image:height\" content=\"700\" \/>\n\t<meta property=\"og:image:type\" content=\"image\/webp\" \/>\n<meta name=\"author\" content=\"US5\" \/>\n<meta name=\"twitter:card\" content=\"summary_large_image\" \/>\n<meta name=\"twitter:label1\" content=\"Written by\" \/>\n\t<meta name=\"twitter:data1\" content=\"US5\" \/>\n\t<meta name=\"twitter:label2\" content=\"Est. reading time\" \/>\n\t<meta name=\"twitter:data2\" content=\"1 minute\" \/>\n<script type=\"application\/ld+json\" class=\"yoast-schema-graph\">{\"@context\":\"https:\/\/schema.org\",\"@graph\":[{\"@type\":\"WebPage\",\"@id\":\"https:\/\/veritasinfo.org\/?p=12535\",\"url\":\"https:\/\/veritasinfo.org\/?p=12535\",\"name\":\"Municion dhe pajisje ushtarake n\u00eb veri - Sve\u00e7la: U gjet\u00ebn n\u00eb pron\u00ebn e \u201cGandit\u201d, t\u00eb dyshuarit kryesor p\u00ebr sulmin n\u00eb Banjsk\u00eb -\",\"isPartOf\":{\"@id\":\"https:\/\/veritasinfo.org\/#website\"},\"primaryImageOfPage\":{\"@id\":\"https:\/\/veritasinfo.org\/?p=12535#primaryimage\"},\"image\":{\"@id\":\"https:\/\/veritasinfo.org\/?p=12535#primaryimage\"},\"thumbnailUrl\":\"https:\/\/veritasinfo.org\/wp-content\/uploads\/2025\/09\/banj.webp\",\"datePublished\":\"2025-09-18T13:03:55+00:00\",\"dateModified\":\"2025-09-18T13:07:09+00:00\",\"author\":{\"@id\":\"https:\/\/veritasinfo.org\/#\/schema\/person\/bc442336e35414d04494ab8fb45db4c6\"},\"breadcrumb\":{\"@id\":\"https:\/\/veritasinfo.org\/?p=12535#breadcrumb\"},\"inLanguage\":\"en-US\",\"potentialAction\":[{\"@type\":\"ReadAction\",\"target\":[\"https:\/\/veritasinfo.org\/?p=12535\"]}]},{\"@type\":\"ImageObject\",\"inLanguage\":\"en-US\",\"@id\":\"https:\/\/veritasinfo.org\/?p=12535#primaryimage\",\"url\":\"https:\/\/veritasinfo.org\/wp-content\/uploads\/2025\/09\/banj.webp\",\"contentUrl\":\"https:\/\/veritasinfo.org\/wp-content\/uploads\/2025\/09\/banj.webp\",\"width\":1245,\"height\":700},{\"@type\":\"BreadcrumbList\",\"@id\":\"https:\/\/veritasinfo.org\/?p=12535#breadcrumb\",\"itemListElement\":[{\"@type\":\"ListItem\",\"position\":1,\"name\":\"Home\",\"item\":\"https:\/\/veritasinfo.org\/\"},{\"@type\":\"ListItem\",\"position\":2,\"name\":\"Municion dhe pajisje ushtarake n\u00eb veri &#8211; Sve\u00e7la: U gjet\u00ebn n\u00eb pron\u00ebn e \u201cGandit\u201d, t\u00eb dyshuarit kryesor p\u00ebr sulmin n\u00eb Banjsk\u00eb\"}]},{\"@type\":\"WebSite\",\"@id\":\"https:\/\/veritasinfo.org\/#website\",\"url\":\"https:\/\/veritasinfo.org\/\",\"name\":\"\",\"description\":\"\",\"potentialAction\":[{\"@type\":\"SearchAction\",\"target\":{\"@type\":\"EntryPoint\",\"urlTemplate\":\"https:\/\/veritasinfo.org\/?s={search_term_string}\"},\"query-input\":{\"@type\":\"PropertyValueSpecification\",\"valueRequired\":true,\"valueName\":\"search_term_string\"}}],\"inLanguage\":\"en-US\"},{\"@type\":\"Person\",\"@id\":\"https:\/\/veritasinfo.org\/#\/schema\/person\/bc442336e35414d04494ab8fb45db4c6\",\"name\":\"US5\",\"image\":{\"@type\":\"ImageObject\",\"inLanguage\":\"en-US\",\"@id\":\"https:\/\/veritasinfo.org\/#\/schema\/person\/image\/\",\"url\":\"https:\/\/secure.gravatar.com\/avatar\/16a61e7272a0c5d001121ebb9e60e925d5816e4ac1e443ed3e640d9a6ae55d0c?s=96&d=mm&r=g\",\"contentUrl\":\"https:\/\/secure.gravatar.com\/avatar\/16a61e7272a0c5d001121ebb9e60e925d5816e4ac1e443ed3e640d9a6ae55d0c?s=96&d=mm&r=g\",\"caption\":\"US5\"},\"url\":\"https:\/\/veritasinfo.org\/?author=6\"}]}<\/script>\n<!-- \/ Yoast SEO plugin. -->","yoast_head_json":{"title":"Municion dhe pajisje ushtarake n\u00eb veri - Sve\u00e7la: U gjet\u00ebn n\u00eb pron\u00ebn e \u201cGandit\u201d, t\u00eb dyshuarit kryesor p\u00ebr sulmin n\u00eb Banjsk\u00eb -","robots":{"index":"index","follow":"follow","max-snippet":"max-snippet:-1","max-image-preview":"max-image-preview:large","max-video-preview":"max-video-preview:-1"},"canonical":"https:\/\/veritasinfo.org\/?p=12535","og_locale":"en_US","og_type":"article","og_title":"Municion dhe pajisje ushtarake n\u00eb veri - Sve\u00e7la: U gjet\u00ebn n\u00eb pron\u00ebn e \u201cGandit\u201d, t\u00eb dyshuarit kryesor p\u00ebr sulmin n\u00eb Banjsk\u00eb -","og_description":"Banjsk\u00eb 18 Shtator 2025 Ministri n\u00eb detyr\u00eb i Pun\u00ebve t\u00eb Brendshme, Xhelal Sve\u00e7la ka reaguar pas gjetjes s\u00eb\u00a0nj\u00eb arsenali t\u00eb arm\u00ebve n\u00eb veri t\u00eb vendit.","og_url":"https:\/\/veritasinfo.org\/?p=12535","article_published_time":"2025-09-18T13:03:55+00:00","article_modified_time":"2025-09-18T13:07:09+00:00","og_image":[{"width":1245,"height":700,"url":"https:\/\/veritasinfo.org\/wp-content\/uploads\/2025\/09\/banj.webp","type":"image\/webp"}],"author":"US5","twitter_card":"summary_large_image","twitter_misc":{"Written by":"US5","Est. reading time":"1 minute"},"schema":{"@context":"https:\/\/schema.org","@graph":[{"@type":"WebPage","@id":"https:\/\/veritasinfo.org\/?p=12535","url":"https:\/\/veritasinfo.org\/?p=12535","name":"Municion dhe pajisje ushtarake n\u00eb veri - Sve\u00e7la: U gjet\u00ebn n\u00eb pron\u00ebn e \u201cGandit\u201d, t\u00eb dyshuarit kryesor p\u00ebr sulmin n\u00eb Banjsk\u00eb -","isPartOf":{"@id":"https:\/\/veritasinfo.org\/#website"},"primaryImageOfPage":{"@id":"https:\/\/veritasinfo.org\/?p=12535#primaryimage"},"image":{"@id":"https:\/\/veritasinfo.org\/?p=12535#primaryimage"},"thumbnailUrl":"https:\/\/veritasinfo.org\/wp-content\/uploads\/2025\/09\/banj.webp","datePublished":"2025-09-18T13:03:55+00:00","dateModified":"2025-09-18T13:07:09+00:00","author":{"@id":"https:\/\/veritasinfo.org\/#\/schema\/person\/bc442336e35414d04494ab8fb45db4c6"},"breadcrumb":{"@id":"https:\/\/veritasinfo.org\/?p=12535#breadcrumb"},"inLanguage":"en-US","potentialAction":[{"@type":"ReadAction","target":["https:\/\/veritasinfo.org\/?p=12535"]}]},{"@type":"ImageObject","inLanguage":"en-US","@id":"https:\/\/veritasinfo.org\/?p=12535#primaryimage","url":"https:\/\/veritasinfo.org\/wp-content\/uploads\/2025\/09\/banj.webp","contentUrl":"https:\/\/veritasinfo.org\/wp-content\/uploads\/2025\/09\/banj.webp","width":1245,"height":700},{"@type":"BreadcrumbList","@id":"https:\/\/veritasinfo.org\/?p=12535#breadcrumb","itemListElement":[{"@type":"ListItem","position":1,"name":"Home","item":"https:\/\/veritasinfo.org\/"},{"@type":"ListItem","position":2,"name":"Municion dhe pajisje ushtarake n\u00eb veri &#8211; Sve\u00e7la: U gjet\u00ebn n\u00eb pron\u00ebn e \u201cGandit\u201d, t\u00eb dyshuarit kryesor p\u00ebr sulmin n\u00eb Banjsk\u00eb"}]},{"@type":"WebSite","@id":"https:\/\/veritasinfo.org\/#website","url":"https:\/\/veritasinfo.org\/","name":"","description":"","potentialAction":[{"@type":"SearchAction","target":{"@type":"EntryPoint","urlTemplate":"https:\/\/veritasinfo.org\/?s={search_term_string}"},"query-input":{"@type":"PropertyValueSpecification","valueRequired":true,"valueName":"search_term_string"}}],"inLanguage":"en-US"},{"@type":"Person","@id":"https:\/\/veritasinfo.org\/#\/schema\/person\/bc442336e35414d04494ab8fb45db4c6","name":"US5","image":{"@type":"ImageObject","inLanguage":"en-US","@id":"https:\/\/veritasinfo.org\/#\/schema\/person\/image\/","url":"https:\/\/secure.gravatar.com\/avatar\/16a61e7272a0c5d001121ebb9e60e925d5816e4ac1e443ed3e640d9a6ae55d0c?s=96&d=mm&r=g","contentUrl":"https:\/\/secure.gravatar.com\/avatar\/16a61e7272a0c5d001121ebb9e60e925d5816e4ac1e443ed3e640d9a6ae55d0c?s=96&d=mm&r=g","caption":"US5"},"url":"https:\/\/veritasinfo.org\/?author=6"}]}},"featured_image_urls":{"full":["https:\/\/veritasinfo.org\/wp-content\/uploads\/2025\/09\/banj.webp",1245,700,false],"thumbnail":["https:\/\/veritasinfo.org\/wp-content\/uploads\/2025\/09\/banj-150x150.webp",150,150,true],"medium":["https:\/\/veritasinfo.org\/wp-content\/uploads\/2025\/09\/banj-300x169.webp",300,169,true],"medium_large":["https:\/\/veritasinfo.org\/wp-content\/uploads\/2025\/09\/banj-768x432.webp",640,360,true],"large":["https:\/\/veritasinfo.org\/wp-content\/uploads\/2025\/09\/banj-1024x576.webp",640,360,true],"1536x1536":["https:\/\/veritasinfo.org\/wp-content\/uploads\/2025\/09\/banj.webp",1245,700,false],"2048x2048":["https:\/\/veritasinfo.org\/wp-content\/uploads\/2025\/09\/banj.webp",1245,700,false],"kreeti-slider-full":["https:\/\/veritasinfo.org\/wp-content\/uploads\/2025\/09\/banj.webp",1245,700,false],"kreeti-featured":["https:\/\/veritasinfo.org\/wp-content\/uploads\/2025\/09\/banj.webp",1024,576,false],"kreeti-medium":["https:\/\/veritasinfo.org\/wp-content\/uploads\/2025\/09\/banj.webp",720,405,false],"kreeti-medium-square":["https:\/\/veritasinfo.org\/wp-content\/uploads\/2025\/09\/banj.webp",350,197,false]},"author_info":{"info":["US5"]},"category_info":"<a href=\"https:\/\/veritasinfo.org\/?cat=60\" rel=\"category\">Shoq\u00ebrore<\/a>","tag_info":"Shoq\u00ebrore","comment_count":"0","_links":{"self":[{"href":"https:\/\/veritasinfo.org\/index.php?rest_route=\/wp\/v2\/posts\/12535","targetHints":{"allow":["GET"]}}],"collection":[{"href":"https:\/\/veritasinfo.org\/index.php?rest_route=\/wp\/v2\/posts"}],"about":[{"href":"https:\/\/veritasinfo.org\/index.php?rest_route=\/wp\/v2\/types\/post"}],"author":[{"embeddable":true,"href":"https:\/\/veritasinfo.org\/index.php?rest_route=\/wp\/v2\/users\/6"}],"replies":[{"embeddable":true,"href":"https:\/\/veritasinfo.org\/index.php?rest_route=%2Fwp%2Fv2%2Fcomments&post=12535"}],"version-history":[{"count":1,"href":"https:\/\/veritasinfo.org\/index.php?rest_route=\/wp\/v2\/posts\/12535\/revisions"}],"predecessor-version":[{"id":12537,"href":"https:\/\/veritasinfo.org\/index.php?rest_route=\/wp\/v2\/posts\/12535\/revisions\/12537"}],"wp:featuredmedia":[{"embeddable":true,"href":"https:\/\/veritasinfo.org\/index.php?rest_route=\/wp\/v2\/media\/12536"}],"wp:attachment":[{"href":"https:\/\/veritasinfo.org\/index.php?rest_route=%2Fwp%2Fv2%2Fmedia&parent=12535"}],"wp:term":[{"taxonomy":"category","embeddable":true,"href":"https:\/\/veritasinfo.org\/index.php?rest_route=%2Fwp%2Fv2%2Fcategories&post=12535"},{"taxonomy":"post_tag","embeddable":true,"href":"https:\/\/veritasinfo.org\/index.php?rest_route=%2Fwp%2Fv2%2Ftags&post=12535"}],"curies":[{"name":"wp","href":"https:\/\/api.w.org\/{rel}","templated":true}]}}