{"id":12525,"date":"2025-09-18T12:59:43","date_gmt":"2025-09-18T10:59:43","guid":{"rendered":"https:\/\/veritasinfo.org\/?p=12525"},"modified":"2025-09-18T12:59:43","modified_gmt":"2025-09-18T10:59:43","slug":"kerstiq-per-sa-kohe-qe-vucic-eshte-ne-pushtet-lista-serbe-do-te-fitoje-gjithmone-serbet-ne-kosove-jane-te-shantazhuar","status":"publish","type":"post","link":"https:\/\/veritasinfo.org\/?p=12525","title":{"rendered":"K\u00ebrstiq: P\u00ebr sa koh\u00eb q\u00eb Vu\u00e7i\u00e7 \u00ebsht\u00eb n\u00eb pushtet, Lista Serbe do t\u00eb fitoj\u00eb gjithmon\u00eb \u2013 Serb\u00ebt n\u00eb Kosov\u00eb jan\u00eb t\u00eb shantazhuar"},"content":{"rendered":"<p><strong>Prishtin\u00eb 18 Shtator 2025<\/strong><\/p>\n<p><strong>Zgjedhjet lokale t\u00eb 12 tetorit n\u00eb kat\u00ebr komunat veriore t\u00eb Kosov\u00ebs pritet t\u00eb sjellin fitoren e List\u00ebs Serbe, raporton GazetaBlic.<\/strong><\/p>\n<p>Gazetari serb, Branislav K\u00ebrstiq, n\u00eb nj\u00eb prononcim p\u00ebr<strong>\u00a0GazetaBlic,<\/strong>\u00a0thot\u00eb se p\u00ebr sa koh\u00eb q\u00eb Vu\u00e7i\u00e7 \u00ebsht\u00eb n\u00eb pushtet n\u00eb Beograd, Lista Serbe do t\u00eb fitoj\u00eb gjithmon\u00eb zgjedhjet n\u00eb Kosov\u00eb.<\/p>\n<div id=\"quads-ad2574962\" class=\"quads-location quads-ad2574962 \"><ins id=\"revive-0-3\" data-revive-zoneid=\"28\" data-revive-id=\"59f901ca39662e9350e0db7529861518\" data-revive-seq=\"3\" data-revive-loaded=\"1\"><\/p>\n<div id=\"beacon_73e6ab4fb3\"><img decoding=\"async\" src=\"https:\/\/gazetablic.com\/ads\/www\/delivery\/lg.php?bannerid=0&amp;campaignid=0&amp;zoneid=28&amp;loc=https%3A%2F%2Fgazetablic.com%2Fgggazetari-serb-per-sa-kohe-qe-vucic-eshte-ne-pushtet-lista-serbe-do-te-fitoje-gjithmone-serbet-ne-kosove-jane-te-shantazhuar%2F&amp;referer=https%3A%2F%2Fgazetablic.com%2F&amp;cb=73e6ab4fb3\" alt=\"\" width=\"0\" height=\"0\" \/><\/div>\n<p><\/ins><\/div>\n<p>Ai thot\u00eb se p\u00ebr m\u00eb shum\u00eb se nj\u00eb dekad\u00eb, serb\u00ebt e Kosov\u00ebs jan\u00eb b\u00ebr\u00eb viktima t\u00eb nj\u00eb sistemi t\u00eb nd\u00ebrtuar mbi shantazhe dhe k\u00ebrc\u00ebnime nga autoritetet serbe.<\/p>\n<p>Sipas tij, rreth 70 p\u00ebrqind e serb\u00ebve n\u00eb Kosov\u00eb jan\u00eb ekonomikisht t\u00eb varur nga buxheti i Serbis\u00eb dhe p\u00ebr k\u00ebt\u00eb arsye, pavar\u00ebsisht zhg\u00ebnjimit, detyrohen t\u00eb votojn\u00eb p\u00ebr List\u00ebn Serbe.<\/p>\n<div id=\"quads-ad2574962\" class=\"quads-location quads-ad2574962 \"><ins id=\"revive-0-4\" data-revive-zoneid=\"28\" data-revive-id=\"59f901ca39662e9350e0db7529861518\" data-revive-seq=\"4\" data-revive-loaded=\"1\"><\/p>\n<div id=\"beacon_df55e869ff\"><img decoding=\"async\" src=\"https:\/\/gazetablic.com\/ads\/www\/delivery\/lg.php?bannerid=0&amp;campaignid=0&amp;zoneid=28&amp;loc=https%3A%2F%2Fgazetablic.com%2Fgggazetari-serb-per-sa-kohe-qe-vucic-eshte-ne-pushtet-lista-serbe-do-te-fitoje-gjithmone-serbet-ne-kosove-jane-te-shantazhuar%2F&amp;referer=https%3A%2F%2Fgazetablic.com%2F&amp;cb=df55e869ff\" alt=\"\" width=\"0\" height=\"0\" \/><\/div>\n<p><\/ins><\/div>\n<p>\u201cFatkeq\u00ebsisht, p\u00ebr sa koh\u00eb q\u00eb Vu\u00e7i\u00e7 \u00ebsht\u00eb n\u00eb pushtet n\u00eb Beograd, Lista Serbe do t\u00eb fitoj\u00eb gjithmon\u00eb zgjedhjet n\u00eb Kosov\u00eb. P\u00ebr m\u00eb shum\u00eb se nj\u00eb dekad\u00eb, serb\u00ebt e Kosov\u00ebs kan\u00eb qen\u00eb viktima t\u00eb mekanizmave t\u00eb vendosur t\u00eb shantazhit dhe k\u00ebrc\u00ebnimeve nga Beogradi\u201d, tha ai.<\/p>\n<p>Sipas tij, rreth 70 p\u00ebrqind e serb\u00ebve n\u00eb Kosov\u00eb jan\u00eb ekonomikisht t\u00eb varur nga buxheti i Serbis\u00eb dhe p\u00ebr k\u00ebt\u00eb arsye, pavar\u00ebsisht zhg\u00ebnjimit, detyrohen t\u00eb votojn\u00eb p\u00ebr List\u00ebn Serbe.<\/p>\n<div id=\"quads-ad2574962\" class=\"quads-location quads-ad2574962 \"><ins id=\"revive-0-5\" data-revive-zoneid=\"28\" data-revive-id=\"59f901ca39662e9350e0db7529861518\" data-revive-seq=\"5\" data-revive-loaded=\"1\"><\/p>\n<div id=\"beacon_2ed5a64d31\"><img decoding=\"async\" src=\"https:\/\/gazetablic.com\/ads\/www\/delivery\/lg.php?bannerid=0&amp;campaignid=0&amp;zoneid=28&amp;loc=https%3A%2F%2Fgazetablic.com%2Fgggazetari-serb-per-sa-kohe-qe-vucic-eshte-ne-pushtet-lista-serbe-do-te-fitoje-gjithmone-serbet-ne-kosove-jane-te-shantazhuar%2F&amp;referer=https%3A%2F%2Fgazetablic.com%2F&amp;cb=2ed5a64d31\" alt=\"\" width=\"0\" height=\"0\" \/><\/div>\n<p><\/ins><\/div>\n<p>\u201cPas 12 vitesh, elektorati serb \u00ebsht\u00eb i anestezuar p\u00ebr shkak t\u00eb mb\u00ebshtetjes financiare dhe \u00ebsht\u00eb fjal\u00eb p\u00ebr fjal\u00eb i varur nga buxheti shtet\u00ebror serb. Serb\u00ebve n\u00eb Kosov\u00eb u \u00ebsht\u00eb e qart\u00eb se Kabineti i Presidentit t\u00eb Serbis\u00eb dhe Lista Serbe nuk i mbrojn\u00eb interesat e tyre, por fakti \u00ebsht\u00eb se m\u00eb shum\u00eb se 70 p\u00ebrqind e serb\u00ebve jan\u00eb t\u00eb lidhur ekzistencialisht me buxhetin e Serbis\u00eb\u201d, u shpreh tutje.<\/p>\n<p>P\u00ebr fund, ai e p\u00ebrshkruan situat\u00ebn si nj\u00eb \u201cvet\u00ebvrasje politike\u201d t\u00eb serb\u00ebve t\u00eb Kosov\u00ebs, t\u00eb cil\u00ebt sipas tij, do t\u00eb p\u00ebrjetojn\u00eb \u201ceutanazin\u00eb politike\u201d p\u00ebr shkak t\u00eb zgjedhjeve t\u00eb diktuara nga Beogradi dhe mb\u00ebshtetjes p\u00ebr nj\u00eb list\u00eb q\u00eb ai e cil\u00ebson si \u201ckriminale\u201d.<\/p>\n<div id=\"quads-ad2574962\" class=\"quads-location quads-ad2574962 \"><ins id=\"revive-0-6\" data-revive-zoneid=\"28\" data-revive-id=\"59f901ca39662e9350e0db7529861518\" data-revive-seq=\"6\" data-revive-loaded=\"1\"><\/p>\n<div id=\"beacon_b6183ed9d9\"><img loading=\"lazy\" decoding=\"async\" src=\"https:\/\/gazetablic.com\/ads\/www\/delivery\/lg.php?bannerid=0&amp;campaignid=0&amp;zoneid=28&amp;loc=https%3A%2F%2Fgazetablic.com%2Fgggazetari-serb-per-sa-kohe-qe-vucic-eshte-ne-pushtet-lista-serbe-do-te-fitoje-gjithmone-serbet-ne-kosove-jane-te-shantazhuar%2F&amp;referer=https%3A%2F%2Fgazetablic.com%2F&amp;cb=b6183ed9d9\" alt=\"\" width=\"0\" height=\"0\" \/><\/div>\n<p><\/ins><\/div>\n<p>\u201cTrupi votues vet\u00ebvras\u00ebs i serb\u00ebve t\u00eb Kosov\u00ebs, n\u00eb fund t\u00eb fundit, do t\u00eb p\u00ebrjetoj\u00eb eutanazin\u00eb, sepse p\u00ebr m\u00eb shum\u00eb se nj\u00eb dekad\u00eb, n\u00ebn presionin e regjimit n\u00eb Beograd, ata kan\u00eb votuar p\u00ebr list\u00ebn kriminale serbe.<\/p>\n","protected":false},"excerpt":{"rendered":"<p>Prishtin\u00eb 18 Shtator 2025 Zgjedhjet lokale t\u00eb 12 tetorit n\u00eb kat\u00ebr komunat veriore t\u00eb Kosov\u00ebs pritet t\u00eb sjellin fitoren e List\u00ebs Serbe, raporton GazetaBlic. Gazetari<\/p>\n","protected":false},"author":6,"featured_media":12526,"comment_status":"open","ping_status":"open","sticky":false,"template":"","format":"standard","meta":{"footnotes":""},"categories":[60],"tags":[],"class_list":["post-12525","post","type-post","status-publish","format-standard","has-post-thumbnail","hentry","category-shoqerore-sq"],"yoast_head":"<!-- This site is optimized with the Yoast SEO plugin v25.3.1 - https:\/\/yoast.com\/wordpress\/plugins\/seo\/ -->\n<title>K\u00ebrstiq: P\u00ebr sa koh\u00eb q\u00eb Vu\u00e7i\u00e7 \u00ebsht\u00eb n\u00eb pushtet, Lista Serbe do t\u00eb fitoj\u00eb gjithmon\u00eb \u2013 Serb\u00ebt n\u00eb Kosov\u00eb jan\u00eb t\u00eb shantazhuar -<\/title>\n<meta name=\"robots\" content=\"index, follow, max-snippet:-1, max-image-preview:large, max-video-preview:-1\" \/>\n<link rel=\"canonical\" href=\"https:\/\/veritasinfo.org\/?p=12525\" \/>\n<meta property=\"og:locale\" content=\"en_US\" \/>\n<meta property=\"og:type\" content=\"article\" \/>\n<meta property=\"og:title\" content=\"K\u00ebrstiq: P\u00ebr sa koh\u00eb q\u00eb Vu\u00e7i\u00e7 \u00ebsht\u00eb n\u00eb pushtet, Lista Serbe do t\u00eb fitoj\u00eb gjithmon\u00eb \u2013 Serb\u00ebt n\u00eb Kosov\u00eb jan\u00eb t\u00eb shantazhuar -\" \/>\n<meta property=\"og:description\" content=\"Prishtin\u00eb 18 Shtator 2025 Zgjedhjet lokale t\u00eb 12 tetorit n\u00eb kat\u00ebr komunat veriore t\u00eb Kosov\u00ebs pritet t\u00eb sjellin fitoren e List\u00ebs Serbe, raporton GazetaBlic. Gazetari\" \/>\n<meta property=\"og:url\" content=\"https:\/\/veritasinfo.org\/?p=12525\" \/>\n<meta property=\"article:published_time\" content=\"2025-09-18T10:59:43+00:00\" \/>\n<meta property=\"og:image\" content=\"https:\/\/veritasinfo.org\/wp-content\/uploads\/2025\/09\/kerstiq.jpeg\" \/>\n\t<meta property=\"og:image:width\" content=\"1604\" \/>\n\t<meta property=\"og:image:height\" content=\"902\" \/>\n\t<meta property=\"og:image:type\" content=\"image\/jpeg\" \/>\n<meta name=\"author\" content=\"US5\" \/>\n<meta name=\"twitter:card\" content=\"summary_large_image\" \/>\n<meta name=\"twitter:label1\" content=\"Written by\" \/>\n\t<meta name=\"twitter:data1\" content=\"US5\" \/>\n\t<meta name=\"twitter:label2\" content=\"Est. reading time\" \/>\n\t<meta name=\"twitter:data2\" content=\"3 minutes\" \/>\n<script type=\"application\/ld+json\" class=\"yoast-schema-graph\">{\"@context\":\"https:\/\/schema.org\",\"@graph\":[{\"@type\":\"WebPage\",\"@id\":\"https:\/\/veritasinfo.org\/?p=12525\",\"url\":\"https:\/\/veritasinfo.org\/?p=12525\",\"name\":\"K\u00ebrstiq: P\u00ebr sa koh\u00eb q\u00eb Vu\u00e7i\u00e7 \u00ebsht\u00eb n\u00eb pushtet, Lista Serbe do t\u00eb fitoj\u00eb gjithmon\u00eb \u2013 Serb\u00ebt n\u00eb Kosov\u00eb jan\u00eb t\u00eb shantazhuar -\",\"isPartOf\":{\"@id\":\"https:\/\/veritasinfo.org\/#website\"},\"primaryImageOfPage\":{\"@id\":\"https:\/\/veritasinfo.org\/?p=12525#primaryimage\"},\"image\":{\"@id\":\"https:\/\/veritasinfo.org\/?p=12525#primaryimage\"},\"thumbnailUrl\":\"https:\/\/veritasinfo.org\/wp-content\/uploads\/2025\/09\/kerstiq.jpeg\",\"datePublished\":\"2025-09-18T10:59:43+00:00\",\"author\":{\"@id\":\"https:\/\/veritasinfo.org\/#\/schema\/person\/bc442336e35414d04494ab8fb45db4c6\"},\"breadcrumb\":{\"@id\":\"https:\/\/veritasinfo.org\/?p=12525#breadcrumb\"},\"inLanguage\":\"en-US\",\"potentialAction\":[{\"@type\":\"ReadAction\",\"target\":[\"https:\/\/veritasinfo.org\/?p=12525\"]}]},{\"@type\":\"ImageObject\",\"inLanguage\":\"en-US\",\"@id\":\"https:\/\/veritasinfo.org\/?p=12525#primaryimage\",\"url\":\"https:\/\/veritasinfo.org\/wp-content\/uploads\/2025\/09\/kerstiq.jpeg\",\"contentUrl\":\"https:\/\/veritasinfo.org\/wp-content\/uploads\/2025\/09\/kerstiq.jpeg\",\"width\":1604,\"height\":902,\"caption\":\"Screenshot\"},{\"@type\":\"BreadcrumbList\",\"@id\":\"https:\/\/veritasinfo.org\/?p=12525#breadcrumb\",\"itemListElement\":[{\"@type\":\"ListItem\",\"position\":1,\"name\":\"Home\",\"item\":\"https:\/\/veritasinfo.org\/\"},{\"@type\":\"ListItem\",\"position\":2,\"name\":\"K\u00ebrstiq: P\u00ebr sa koh\u00eb q\u00eb Vu\u00e7i\u00e7 \u00ebsht\u00eb n\u00eb pushtet, Lista Serbe do t\u00eb fitoj\u00eb gjithmon\u00eb \u2013 Serb\u00ebt n\u00eb Kosov\u00eb jan\u00eb t\u00eb shantazhuar\"}]},{\"@type\":\"WebSite\",\"@id\":\"https:\/\/veritasinfo.org\/#website\",\"url\":\"https:\/\/veritasinfo.org\/\",\"name\":\"\",\"description\":\"\",\"potentialAction\":[{\"@type\":\"SearchAction\",\"target\":{\"@type\":\"EntryPoint\",\"urlTemplate\":\"https:\/\/veritasinfo.org\/?s={search_term_string}\"},\"query-input\":{\"@type\":\"PropertyValueSpecification\",\"valueRequired\":true,\"valueName\":\"search_term_string\"}}],\"inLanguage\":\"en-US\"},{\"@type\":\"Person\",\"@id\":\"https:\/\/veritasinfo.org\/#\/schema\/person\/bc442336e35414d04494ab8fb45db4c6\",\"name\":\"US5\",\"image\":{\"@type\":\"ImageObject\",\"inLanguage\":\"en-US\",\"@id\":\"https:\/\/veritasinfo.org\/#\/schema\/person\/image\/\",\"url\":\"https:\/\/secure.gravatar.com\/avatar\/16a61e7272a0c5d001121ebb9e60e925d5816e4ac1e443ed3e640d9a6ae55d0c?s=96&d=mm&r=g\",\"contentUrl\":\"https:\/\/secure.gravatar.com\/avatar\/16a61e7272a0c5d001121ebb9e60e925d5816e4ac1e443ed3e640d9a6ae55d0c?s=96&d=mm&r=g\",\"caption\":\"US5\"},\"url\":\"https:\/\/veritasinfo.org\/?author=6\"}]}<\/script>\n<!-- \/ Yoast SEO plugin. -->","yoast_head_json":{"title":"K\u00ebrstiq: P\u00ebr sa koh\u00eb q\u00eb Vu\u00e7i\u00e7 \u00ebsht\u00eb n\u00eb pushtet, Lista Serbe do t\u00eb fitoj\u00eb gjithmon\u00eb \u2013 Serb\u00ebt n\u00eb Kosov\u00eb jan\u00eb t\u00eb shantazhuar -","robots":{"index":"index","follow":"follow","max-snippet":"max-snippet:-1","max-image-preview":"max-image-preview:large","max-video-preview":"max-video-preview:-1"},"canonical":"https:\/\/veritasinfo.org\/?p=12525","og_locale":"en_US","og_type":"article","og_title":"K\u00ebrstiq: P\u00ebr sa koh\u00eb q\u00eb Vu\u00e7i\u00e7 \u00ebsht\u00eb n\u00eb pushtet, Lista Serbe do t\u00eb fitoj\u00eb gjithmon\u00eb \u2013 Serb\u00ebt n\u00eb Kosov\u00eb jan\u00eb t\u00eb shantazhuar -","og_description":"Prishtin\u00eb 18 Shtator 2025 Zgjedhjet lokale t\u00eb 12 tetorit n\u00eb kat\u00ebr komunat veriore t\u00eb Kosov\u00ebs pritet t\u00eb sjellin fitoren e List\u00ebs Serbe, raporton GazetaBlic. Gazetari","og_url":"https:\/\/veritasinfo.org\/?p=12525","article_published_time":"2025-09-18T10:59:43+00:00","og_image":[{"width":1604,"height":902,"url":"https:\/\/veritasinfo.org\/wp-content\/uploads\/2025\/09\/kerstiq.jpeg","type":"image\/jpeg"}],"author":"US5","twitter_card":"summary_large_image","twitter_misc":{"Written by":"US5","Est. reading time":"3 minutes"},"schema":{"@context":"https:\/\/schema.org","@graph":[{"@type":"WebPage","@id":"https:\/\/veritasinfo.org\/?p=12525","url":"https:\/\/veritasinfo.org\/?p=12525","name":"K\u00ebrstiq: P\u00ebr sa koh\u00eb q\u00eb Vu\u00e7i\u00e7 \u00ebsht\u00eb n\u00eb pushtet, Lista Serbe do t\u00eb fitoj\u00eb gjithmon\u00eb \u2013 Serb\u00ebt n\u00eb Kosov\u00eb jan\u00eb t\u00eb shantazhuar -","isPartOf":{"@id":"https:\/\/veritasinfo.org\/#website"},"primaryImageOfPage":{"@id":"https:\/\/veritasinfo.org\/?p=12525#primaryimage"},"image":{"@id":"https:\/\/veritasinfo.org\/?p=12525#primaryimage"},"thumbnailUrl":"https:\/\/veritasinfo.org\/wp-content\/uploads\/2025\/09\/kerstiq.jpeg","datePublished":"2025-09-18T10:59:43+00:00","author":{"@id":"https:\/\/veritasinfo.org\/#\/schema\/person\/bc442336e35414d04494ab8fb45db4c6"},"breadcrumb":{"@id":"https:\/\/veritasinfo.org\/?p=12525#breadcrumb"},"inLanguage":"en-US","potentialAction":[{"@type":"ReadAction","target":["https:\/\/veritasinfo.org\/?p=12525"]}]},{"@type":"ImageObject","inLanguage":"en-US","@id":"https:\/\/veritasinfo.org\/?p=12525#primaryimage","url":"https:\/\/veritasinfo.org\/wp-content\/uploads\/2025\/09\/kerstiq.jpeg","contentUrl":"https:\/\/veritasinfo.org\/wp-content\/uploads\/2025\/09\/kerstiq.jpeg","width":1604,"height":902,"caption":"Screenshot"},{"@type":"BreadcrumbList","@id":"https:\/\/veritasinfo.org\/?p=12525#breadcrumb","itemListElement":[{"@type":"ListItem","position":1,"name":"Home","item":"https:\/\/veritasinfo.org\/"},{"@type":"ListItem","position":2,"name":"K\u00ebrstiq: P\u00ebr sa koh\u00eb q\u00eb Vu\u00e7i\u00e7 \u00ebsht\u00eb n\u00eb pushtet, Lista Serbe do t\u00eb fitoj\u00eb gjithmon\u00eb \u2013 Serb\u00ebt n\u00eb Kosov\u00eb jan\u00eb t\u00eb shantazhuar"}]},{"@type":"WebSite","@id":"https:\/\/veritasinfo.org\/#website","url":"https:\/\/veritasinfo.org\/","name":"","description":"","potentialAction":[{"@type":"SearchAction","target":{"@type":"EntryPoint","urlTemplate":"https:\/\/veritasinfo.org\/?s={search_term_string}"},"query-input":{"@type":"PropertyValueSpecification","valueRequired":true,"valueName":"search_term_string"}}],"inLanguage":"en-US"},{"@type":"Person","@id":"https:\/\/veritasinfo.org\/#\/schema\/person\/bc442336e35414d04494ab8fb45db4c6","name":"US5","image":{"@type":"ImageObject","inLanguage":"en-US","@id":"https:\/\/veritasinfo.org\/#\/schema\/person\/image\/","url":"https:\/\/secure.gravatar.com\/avatar\/16a61e7272a0c5d001121ebb9e60e925d5816e4ac1e443ed3e640d9a6ae55d0c?s=96&d=mm&r=g","contentUrl":"https:\/\/secure.gravatar.com\/avatar\/16a61e7272a0c5d001121ebb9e60e925d5816e4ac1e443ed3e640d9a6ae55d0c?s=96&d=mm&r=g","caption":"US5"},"url":"https:\/\/veritasinfo.org\/?author=6"}]}},"featured_image_urls":{"full":["https:\/\/veritasinfo.org\/wp-content\/uploads\/2025\/09\/kerstiq.jpeg",1604,902,false],"thumbnail":["https:\/\/veritasinfo.org\/wp-content\/uploads\/2025\/09\/kerstiq-150x150.jpeg",150,150,true],"medium":["https:\/\/veritasinfo.org\/wp-content\/uploads\/2025\/09\/kerstiq-300x169.jpeg",300,169,true],"medium_large":["https:\/\/veritasinfo.org\/wp-content\/uploads\/2025\/09\/kerstiq-768x432.jpeg",640,360,true],"large":["https:\/\/veritasinfo.org\/wp-content\/uploads\/2025\/09\/kerstiq-1024x576.jpeg",640,360,true],"1536x1536":["https:\/\/veritasinfo.org\/wp-content\/uploads\/2025\/09\/kerstiq-1536x864.jpeg",1536,864,true],"2048x2048":["https:\/\/veritasinfo.org\/wp-content\/uploads\/2025\/09\/kerstiq.jpeg",1604,902,false],"kreeti-slider-full":["https:\/\/veritasinfo.org\/wp-content\/uploads\/2025\/09\/kerstiq.jpeg",1280,720,false],"kreeti-featured":["https:\/\/veritasinfo.org\/wp-content\/uploads\/2025\/09\/kerstiq.jpeg",1024,576,false],"kreeti-medium":["https:\/\/veritasinfo.org\/wp-content\/uploads\/2025\/09\/kerstiq.jpeg",720,405,false],"kreeti-medium-square":["https:\/\/veritasinfo.org\/wp-content\/uploads\/2025\/09\/kerstiq.jpeg",350,197,false]},"author_info":{"info":["US5"]},"category_info":"<a href=\"https:\/\/veritasinfo.org\/?cat=60\" rel=\"category\">Shoq\u00ebrore<\/a>","tag_info":"Shoq\u00ebrore","comment_count":"0","_links":{"self":[{"href":"https:\/\/veritasinfo.org\/index.php?rest_route=\/wp\/v2\/posts\/12525","targetHints":{"allow":["GET"]}}],"collection":[{"href":"https:\/\/veritasinfo.org\/index.php?rest_route=\/wp\/v2\/posts"}],"about":[{"href":"https:\/\/veritasinfo.org\/index.php?rest_route=\/wp\/v2\/types\/post"}],"author":[{"embeddable":true,"href":"https:\/\/veritasinfo.org\/index.php?rest_route=\/wp\/v2\/users\/6"}],"replies":[{"embeddable":true,"href":"https:\/\/veritasinfo.org\/index.php?rest_route=%2Fwp%2Fv2%2Fcomments&post=12525"}],"version-history":[{"count":1,"href":"https:\/\/veritasinfo.org\/index.php?rest_route=\/wp\/v2\/posts\/12525\/revisions"}],"predecessor-version":[{"id":12527,"href":"https:\/\/veritasinfo.org\/index.php?rest_route=\/wp\/v2\/posts\/12525\/revisions\/12527"}],"wp:featuredmedia":[{"embeddable":true,"href":"https:\/\/veritasinfo.org\/index.php?rest_route=\/wp\/v2\/media\/12526"}],"wp:attachment":[{"href":"https:\/\/veritasinfo.org\/index.php?rest_route=%2Fwp%2Fv2%2Fmedia&parent=12525"}],"wp:term":[{"taxonomy":"category","embeddable":true,"href":"https:\/\/veritasinfo.org\/index.php?rest_route=%2Fwp%2Fv2%2Fcategories&post=12525"},{"taxonomy":"post_tag","embeddable":true,"href":"https:\/\/veritasinfo.org\/index.php?rest_route=%2Fwp%2Fv2%2Ftags&post=12525"}],"curies":[{"name":"wp","href":"https:\/\/api.w.org\/{rel}","templated":true}]}}