{"id":12507,"date":"2025-09-18T11:36:31","date_gmt":"2025-09-18T09:36:31","guid":{"rendered":"https:\/\/veritasinfo.org\/?p=12507"},"modified":"2025-09-18T11:36:31","modified_gmt":"2025-09-18T09:36:31","slug":"gjeneral-jashari-kosova-duhet-te-jete-pjese-e-plote-e-kartes-se-adriatikut","status":"publish","type":"post","link":"https:\/\/veritasinfo.org\/?p=12507","title":{"rendered":"Gjeneral Jashari: Kosova duhet t\u00eb jet\u00eb pjes\u00eb e plot\u00eb e Kart\u00ebs s\u00eb Adriatikut"},"content":{"rendered":"<p>Prishtin\u00eb, 18 shtator 2025<\/p>\n<p>Komandanti i Forc\u00ebs s\u00eb Siguris\u00eb s\u00eb Kosov\u00ebs (FSK), gjenerallejt\u00ebnant Bashkim Jashari, ka marr\u00eb pjes\u00eb n\u00eb Konferenc\u00ebn e 28-t\u00eb t\u00eb Kart\u00ebs s\u00eb Adriatikut A5, e mbajtur n\u00eb Tiran\u00eb, ku u diskutua p\u00ebr forcimin e siguris\u00eb rajonale dhe sfidat e p\u00ebrbashk\u00ebta t\u00eb Ballkanit Per\u00ebndimor.<\/p>\n<p>Konferenca u udh\u00ebhoq nga komandanti i Komand\u00ebs Amerikane p\u00ebr Evrop\u00eb (EUCOM) dhe nj\u00ebkoh\u00ebsisht komandanti suprem i Forcave Aleate p\u00ebr Evrop\u00eb (SACEUR), nd\u00ebrsa bashk\u00ebkryesohej nga Shqip\u00ebria dhe Bosnj\u00eb e Hercegovina.<\/p>\n<p>N\u00eb punimet e saj mor\u00ebn pjes\u00eb shefat e mbrojtjes t\u00eb vendeve t\u00eb rajonit dhe adjutant\u00ebt e p\u00ebrgjithsh\u00ebm t\u00eb gardave komb\u00ebtare t\u00eb shteteve partnere.<\/p>\n<p>N\u00eb adresimin e tij, gjeneral Jashari theksoi nevoj\u00ebn e an\u00ebtar\u00ebsimit t\u00eb plot\u00eb t\u00eb Kosov\u00ebs n\u00eb k\u00ebt\u00eb nism\u00eb, duke vler\u00ebsuar se ky hap do t\u00eb sillte m\u00eb shum\u00eb paqe dhe siguri n\u00eb Ballkanin Per\u00ebndimor.<\/p>\n<p>N\u00eb kuad\u00ebr t\u00eb konferenc\u00ebs, ai zhvilloi takime bilaterale me komandantin e EUCOM-it dhe SACEUR-in, gjeneral Alexus G. Grynkewich, si edhe me shefin e Shtabit t\u00eb P\u00ebrgjithsh\u00ebm t\u00eb Forcave t\u00eb Armatosura t\u00eb Shqip\u00ebris\u00eb, gjenerallejt\u00ebnant Arben Kingjin.<\/p>\n<p>N\u00eb p\u00ebrfundim, shtetet pjes\u00ebmarr\u00ebse u pajtuan se nisma t\u00eb tilla jan\u00eb t\u00eb domosdoshme p\u00ebr forcimin e bashk\u00ebpunimit dhe adresimin e sfidave t\u00eb p\u00ebrbashk\u00ebta t\u00eb siguris\u00eb n\u00eb rajon.<\/p>\n<p>&nbsp;<\/p>\n","protected":false},"excerpt":{"rendered":"<p>Prishtin\u00eb, 18 shtator 2025 Komandanti i Forc\u00ebs s\u00eb Siguris\u00eb s\u00eb Kosov\u00ebs (FSK), gjenerallejt\u00ebnant Bashkim Jashari, ka marr\u00eb pjes\u00eb n\u00eb Konferenc\u00ebn e 28-t\u00eb t\u00eb Kart\u00ebs s\u00eb<\/p>\n","protected":false},"author":7,"featured_media":12508,"comment_status":"open","ping_status":"open","sticky":false,"template":"","format":"standard","meta":{"footnotes":""},"categories":[60],"tags":[],"class_list":["post-12507","post","type-post","status-publish","format-standard","has-post-thumbnail","hentry","category-shoqerore-sq"],"yoast_head":"<!-- This site is optimized with the Yoast SEO plugin v25.3.1 - https:\/\/yoast.com\/wordpress\/plugins\/seo\/ -->\n<title>Gjeneral Jashari: Kosova duhet t\u00eb jet\u00eb pjes\u00eb e plot\u00eb e Kart\u00ebs s\u00eb Adriatikut -<\/title>\n<meta name=\"robots\" content=\"index, follow, max-snippet:-1, max-image-preview:large, max-video-preview:-1\" \/>\n<link rel=\"canonical\" href=\"https:\/\/veritasinfo.org\/?p=12507\" \/>\n<meta property=\"og:locale\" content=\"en_US\" \/>\n<meta property=\"og:type\" content=\"article\" \/>\n<meta property=\"og:title\" content=\"Gjeneral Jashari: Kosova duhet t\u00eb jet\u00eb pjes\u00eb e plot\u00eb e Kart\u00ebs s\u00eb Adriatikut -\" \/>\n<meta property=\"og:description\" content=\"Prishtin\u00eb, 18 shtator 2025 Komandanti i Forc\u00ebs s\u00eb Siguris\u00eb s\u00eb Kosov\u00ebs (FSK), gjenerallejt\u00ebnant Bashkim Jashari, ka marr\u00eb pjes\u00eb n\u00eb Konferenc\u00ebn e 28-t\u00eb t\u00eb Kart\u00ebs s\u00eb\" \/>\n<meta property=\"og:url\" content=\"https:\/\/veritasinfo.org\/?p=12507\" \/>\n<meta property=\"article:published_time\" content=\"2025-09-18T09:36:31+00:00\" \/>\n<meta property=\"og:image\" content=\"https:\/\/veritasinfo.org\/wp-content\/uploads\/2025\/09\/547584453_1160414739601432_286367879322057794_n.jpg\" \/>\n\t<meta property=\"og:image:width\" content=\"1280\" \/>\n\t<meta property=\"og:image:height\" content=\"853\" \/>\n\t<meta property=\"og:image:type\" content=\"image\/jpeg\" \/>\n<meta name=\"author\" content=\"US6\" \/>\n<meta name=\"twitter:card\" content=\"summary_large_image\" \/>\n<meta name=\"twitter:label1\" content=\"Written by\" \/>\n\t<meta name=\"twitter:data1\" content=\"US6\" \/>\n\t<meta name=\"twitter:label2\" content=\"Est. reading time\" \/>\n\t<meta name=\"twitter:data2\" content=\"2 minutes\" \/>\n<script type=\"application\/ld+json\" class=\"yoast-schema-graph\">{\"@context\":\"https:\/\/schema.org\",\"@graph\":[{\"@type\":\"WebPage\",\"@id\":\"https:\/\/veritasinfo.org\/?p=12507\",\"url\":\"https:\/\/veritasinfo.org\/?p=12507\",\"name\":\"Gjeneral Jashari: Kosova duhet t\u00eb jet\u00eb pjes\u00eb e plot\u00eb e Kart\u00ebs s\u00eb Adriatikut -\",\"isPartOf\":{\"@id\":\"https:\/\/veritasinfo.org\/#website\"},\"primaryImageOfPage\":{\"@id\":\"https:\/\/veritasinfo.org\/?p=12507#primaryimage\"},\"image\":{\"@id\":\"https:\/\/veritasinfo.org\/?p=12507#primaryimage\"},\"thumbnailUrl\":\"https:\/\/veritasinfo.org\/wp-content\/uploads\/2025\/09\/547584453_1160414739601432_286367879322057794_n.jpg\",\"datePublished\":\"2025-09-18T09:36:31+00:00\",\"author\":{\"@id\":\"https:\/\/veritasinfo.org\/#\/schema\/person\/fe199eede04c3937362892b7444747cc\"},\"breadcrumb\":{\"@id\":\"https:\/\/veritasinfo.org\/?p=12507#breadcrumb\"},\"inLanguage\":\"en-US\",\"potentialAction\":[{\"@type\":\"ReadAction\",\"target\":[\"https:\/\/veritasinfo.org\/?p=12507\"]}]},{\"@type\":\"ImageObject\",\"inLanguage\":\"en-US\",\"@id\":\"https:\/\/veritasinfo.org\/?p=12507#primaryimage\",\"url\":\"https:\/\/veritasinfo.org\/wp-content\/uploads\/2025\/09\/547584453_1160414739601432_286367879322057794_n.jpg\",\"contentUrl\":\"https:\/\/veritasinfo.org\/wp-content\/uploads\/2025\/09\/547584453_1160414739601432_286367879322057794_n.jpg\",\"width\":1280,\"height\":853},{\"@type\":\"BreadcrumbList\",\"@id\":\"https:\/\/veritasinfo.org\/?p=12507#breadcrumb\",\"itemListElement\":[{\"@type\":\"ListItem\",\"position\":1,\"name\":\"Home\",\"item\":\"https:\/\/veritasinfo.org\/\"},{\"@type\":\"ListItem\",\"position\":2,\"name\":\"Gjeneral Jashari: Kosova duhet t\u00eb jet\u00eb pjes\u00eb e plot\u00eb e Kart\u00ebs s\u00eb Adriatikut\"}]},{\"@type\":\"WebSite\",\"@id\":\"https:\/\/veritasinfo.org\/#website\",\"url\":\"https:\/\/veritasinfo.org\/\",\"name\":\"\",\"description\":\"\",\"potentialAction\":[{\"@type\":\"SearchAction\",\"target\":{\"@type\":\"EntryPoint\",\"urlTemplate\":\"https:\/\/veritasinfo.org\/?s={search_term_string}\"},\"query-input\":{\"@type\":\"PropertyValueSpecification\",\"valueRequired\":true,\"valueName\":\"search_term_string\"}}],\"inLanguage\":\"en-US\"},{\"@type\":\"Person\",\"@id\":\"https:\/\/veritasinfo.org\/#\/schema\/person\/fe199eede04c3937362892b7444747cc\",\"name\":\"US6\",\"image\":{\"@type\":\"ImageObject\",\"inLanguage\":\"en-US\",\"@id\":\"https:\/\/veritasinfo.org\/#\/schema\/person\/image\/\",\"url\":\"https:\/\/secure.gravatar.com\/avatar\/cb16c3c31c9d23b9b8c705964598220b3014e42ff51eb540ff23cefa3ae8c15f?s=96&d=mm&r=g\",\"contentUrl\":\"https:\/\/secure.gravatar.com\/avatar\/cb16c3c31c9d23b9b8c705964598220b3014e42ff51eb540ff23cefa3ae8c15f?s=96&d=mm&r=g\",\"caption\":\"US6\"},\"url\":\"https:\/\/veritasinfo.org\/?author=7\"}]}<\/script>\n<!-- \/ Yoast SEO plugin. -->","yoast_head_json":{"title":"Gjeneral Jashari: Kosova duhet t\u00eb jet\u00eb pjes\u00eb e plot\u00eb e Kart\u00ebs s\u00eb Adriatikut -","robots":{"index":"index","follow":"follow","max-snippet":"max-snippet:-1","max-image-preview":"max-image-preview:large","max-video-preview":"max-video-preview:-1"},"canonical":"https:\/\/veritasinfo.org\/?p=12507","og_locale":"en_US","og_type":"article","og_title":"Gjeneral Jashari: Kosova duhet t\u00eb jet\u00eb pjes\u00eb e plot\u00eb e Kart\u00ebs s\u00eb Adriatikut -","og_description":"Prishtin\u00eb, 18 shtator 2025 Komandanti i Forc\u00ebs s\u00eb Siguris\u00eb s\u00eb Kosov\u00ebs (FSK), gjenerallejt\u00ebnant Bashkim Jashari, ka marr\u00eb pjes\u00eb n\u00eb Konferenc\u00ebn e 28-t\u00eb t\u00eb Kart\u00ebs s\u00eb","og_url":"https:\/\/veritasinfo.org\/?p=12507","article_published_time":"2025-09-18T09:36:31+00:00","og_image":[{"width":1280,"height":853,"url":"https:\/\/veritasinfo.org\/wp-content\/uploads\/2025\/09\/547584453_1160414739601432_286367879322057794_n.jpg","type":"image\/jpeg"}],"author":"US6","twitter_card":"summary_large_image","twitter_misc":{"Written by":"US6","Est. reading time":"2 minutes"},"schema":{"@context":"https:\/\/schema.org","@graph":[{"@type":"WebPage","@id":"https:\/\/veritasinfo.org\/?p=12507","url":"https:\/\/veritasinfo.org\/?p=12507","name":"Gjeneral Jashari: Kosova duhet t\u00eb jet\u00eb pjes\u00eb e plot\u00eb e Kart\u00ebs s\u00eb Adriatikut -","isPartOf":{"@id":"https:\/\/veritasinfo.org\/#website"},"primaryImageOfPage":{"@id":"https:\/\/veritasinfo.org\/?p=12507#primaryimage"},"image":{"@id":"https:\/\/veritasinfo.org\/?p=12507#primaryimage"},"thumbnailUrl":"https:\/\/veritasinfo.org\/wp-content\/uploads\/2025\/09\/547584453_1160414739601432_286367879322057794_n.jpg","datePublished":"2025-09-18T09:36:31+00:00","author":{"@id":"https:\/\/veritasinfo.org\/#\/schema\/person\/fe199eede04c3937362892b7444747cc"},"breadcrumb":{"@id":"https:\/\/veritasinfo.org\/?p=12507#breadcrumb"},"inLanguage":"en-US","potentialAction":[{"@type":"ReadAction","target":["https:\/\/veritasinfo.org\/?p=12507"]}]},{"@type":"ImageObject","inLanguage":"en-US","@id":"https:\/\/veritasinfo.org\/?p=12507#primaryimage","url":"https:\/\/veritasinfo.org\/wp-content\/uploads\/2025\/09\/547584453_1160414739601432_286367879322057794_n.jpg","contentUrl":"https:\/\/veritasinfo.org\/wp-content\/uploads\/2025\/09\/547584453_1160414739601432_286367879322057794_n.jpg","width":1280,"height":853},{"@type":"BreadcrumbList","@id":"https:\/\/veritasinfo.org\/?p=12507#breadcrumb","itemListElement":[{"@type":"ListItem","position":1,"name":"Home","item":"https:\/\/veritasinfo.org\/"},{"@type":"ListItem","position":2,"name":"Gjeneral Jashari: Kosova duhet t\u00eb jet\u00eb pjes\u00eb e plot\u00eb e Kart\u00ebs s\u00eb Adriatikut"}]},{"@type":"WebSite","@id":"https:\/\/veritasinfo.org\/#website","url":"https:\/\/veritasinfo.org\/","name":"","description":"","potentialAction":[{"@type":"SearchAction","target":{"@type":"EntryPoint","urlTemplate":"https:\/\/veritasinfo.org\/?s={search_term_string}"},"query-input":{"@type":"PropertyValueSpecification","valueRequired":true,"valueName":"search_term_string"}}],"inLanguage":"en-US"},{"@type":"Person","@id":"https:\/\/veritasinfo.org\/#\/schema\/person\/fe199eede04c3937362892b7444747cc","name":"US6","image":{"@type":"ImageObject","inLanguage":"en-US","@id":"https:\/\/veritasinfo.org\/#\/schema\/person\/image\/","url":"https:\/\/secure.gravatar.com\/avatar\/cb16c3c31c9d23b9b8c705964598220b3014e42ff51eb540ff23cefa3ae8c15f?s=96&d=mm&r=g","contentUrl":"https:\/\/secure.gravatar.com\/avatar\/cb16c3c31c9d23b9b8c705964598220b3014e42ff51eb540ff23cefa3ae8c15f?s=96&d=mm&r=g","caption":"US6"},"url":"https:\/\/veritasinfo.org\/?author=7"}]}},"featured_image_urls":{"full":["https:\/\/veritasinfo.org\/wp-content\/uploads\/2025\/09\/547584453_1160414739601432_286367879322057794_n.jpg",1280,853,false],"thumbnail":["https:\/\/veritasinfo.org\/wp-content\/uploads\/2025\/09\/547584453_1160414739601432_286367879322057794_n-150x150.jpg",150,150,true],"medium":["https:\/\/veritasinfo.org\/wp-content\/uploads\/2025\/09\/547584453_1160414739601432_286367879322057794_n-300x200.jpg",300,200,true],"medium_large":["https:\/\/veritasinfo.org\/wp-content\/uploads\/2025\/09\/547584453_1160414739601432_286367879322057794_n-768x512.jpg",640,427,true],"large":["https:\/\/veritasinfo.org\/wp-content\/uploads\/2025\/09\/547584453_1160414739601432_286367879322057794_n-1024x682.jpg",640,426,true],"1536x1536":["https:\/\/veritasinfo.org\/wp-content\/uploads\/2025\/09\/547584453_1160414739601432_286367879322057794_n.jpg",1280,853,false],"2048x2048":["https:\/\/veritasinfo.org\/wp-content\/uploads\/2025\/09\/547584453_1160414739601432_286367879322057794_n.jpg",1280,853,false],"kreeti-slider-full":["https:\/\/veritasinfo.org\/wp-content\/uploads\/2025\/09\/547584453_1160414739601432_286367879322057794_n.jpg",1080,720,false],"kreeti-featured":["https:\/\/veritasinfo.org\/wp-content\/uploads\/2025\/09\/547584453_1160414739601432_286367879322057794_n.jpg",1024,682,false],"kreeti-medium":["https:\/\/veritasinfo.org\/wp-content\/uploads\/2025\/09\/547584453_1160414739601432_286367879322057794_n.jpg",720,480,false],"kreeti-medium-square":["https:\/\/veritasinfo.org\/wp-content\/uploads\/2025\/09\/547584453_1160414739601432_286367879322057794_n.jpg",350,233,false]},"author_info":{"info":["US6"]},"category_info":"<a href=\"https:\/\/veritasinfo.org\/?cat=60\" rel=\"category\">Shoq\u00ebrore<\/a>","tag_info":"Shoq\u00ebrore","comment_count":"0","_links":{"self":[{"href":"https:\/\/veritasinfo.org\/index.php?rest_route=\/wp\/v2\/posts\/12507","targetHints":{"allow":["GET"]}}],"collection":[{"href":"https:\/\/veritasinfo.org\/index.php?rest_route=\/wp\/v2\/posts"}],"about":[{"href":"https:\/\/veritasinfo.org\/index.php?rest_route=\/wp\/v2\/types\/post"}],"author":[{"embeddable":true,"href":"https:\/\/veritasinfo.org\/index.php?rest_route=\/wp\/v2\/users\/7"}],"replies":[{"embeddable":true,"href":"https:\/\/veritasinfo.org\/index.php?rest_route=%2Fwp%2Fv2%2Fcomments&post=12507"}],"version-history":[{"count":1,"href":"https:\/\/veritasinfo.org\/index.php?rest_route=\/wp\/v2\/posts\/12507\/revisions"}],"predecessor-version":[{"id":12509,"href":"https:\/\/veritasinfo.org\/index.php?rest_route=\/wp\/v2\/posts\/12507\/revisions\/12509"}],"wp:featuredmedia":[{"embeddable":true,"href":"https:\/\/veritasinfo.org\/index.php?rest_route=\/wp\/v2\/media\/12508"}],"wp:attachment":[{"href":"https:\/\/veritasinfo.org\/index.php?rest_route=%2Fwp%2Fv2%2Fmedia&parent=12507"}],"wp:term":[{"taxonomy":"category","embeddable":true,"href":"https:\/\/veritasinfo.org\/index.php?rest_route=%2Fwp%2Fv2%2Fcategories&post=12507"},{"taxonomy":"post_tag","embeddable":true,"href":"https:\/\/veritasinfo.org\/index.php?rest_route=%2Fwp%2Fv2%2Ftags&post=12507"}],"curies":[{"name":"wp","href":"https:\/\/api.w.org\/{rel}","templated":true}]}}