{"id":12495,"date":"2025-09-18T10:12:56","date_gmt":"2025-09-18T08:12:56","guid":{"rendered":"https:\/\/veritasinfo.org\/?p=12495"},"modified":"2025-09-18T10:12:56","modified_gmt":"2025-09-18T08:12:56","slug":"shtyhet-seanca-ndaj-simiq-dhe-vukasinoviq-avokati-i-te-akuzuarit-pretendon-qe-nuk-pranoi-shkresat","status":"publish","type":"post","link":"https:\/\/veritasinfo.org\/?p=12495","title":{"rendered":"Shtyhet seanca ndaj Simiq dhe Vukasinoviq, avokati i t\u00eb akuzuarit pretendon q\u00eb nuk pranoi shkresat"},"content":{"rendered":"<p>Leposaviq 18 Shtator 2025<\/p>\n<p>\u00cbsht\u00eb shtyr\u00eb Seanca fillestare ndaj n\u00ebnkryetarit t\u00eb List\u00ebs Serbe, Slavko Simiq, dhe Urosh Vukasinoviq, t\u00eb cil\u00ebt akuzohen se nxit\u00ebn protestuesit q\u00eb t\u00eb sulmonin gazetar\u00ebt shqiptar\u00eb gjat\u00eb tensioneve n\u00eb Leposaviq, m\u00eb 16 qershor t\u00eb vitit 2023, \u00ebsht\u00eb shtyr\u00eb.<\/p>\n<p>Arsyeja e shtyrjes erdhi pas ankesave t\u00eb avokat\u00ebve t\u00eb t\u00eb akuzuarve, t\u00eb cil\u00ebt pretenduan se nj\u00ebri nga klient\u00ebt nuk ka pranuar fare shkresat nga prokurori, nd\u00ebrsa tjetri i ka pranuar vet\u00ebm pjes\u00ebrisht raporton Ekonomia Online.<\/p>\n<p>Prokurorja e rastit, Ajtene Zoni, tha se avokati i t\u00eb akuzuarve \u00ebsht\u00eb njoftuar disa her\u00eb p\u00ebrmes telefonit p\u00ebr t\u00eb marr\u00eb shkresat e l\u00ebnd\u00ebs, por nuk ka ardhur t\u2019i marr\u00eb.<\/p>\n<p>\u201cProkuror disa her\u00eb e ka thirr avokatin p\u00ebrmes telefonit q\u00eb shkresat e l\u00ebnd\u00ebs t\u00eb vij\u00eb t\u2019i marr n\u00eb prokurori por q\u00eb i nj\u00ebjti nuk ka ardh\u00eb t\u2019i marr, t\u00eb nj\u00ebjt\u00ebn arsye pse prokuroria nuk e din. Me qen\u00eb se i nj\u00ebjti nuk i ka marr shkresat e l\u00ebnd\u00ebs un\u00eb sot i kam sjellur me vete p\u00ebr t\u00eb d\u00ebshmuar se t\u00eb nj\u00ebjtat jan\u00eb t\u00eb gatshme, dhe t\u00eb nj\u00ebjtin e kemi flet\u00eb d\u00ebrguesin e p\u00ebrgatitur ku jan\u00eb p\u00ebrfshir\u00eb t\u00eb gjitha shkresat e l\u00ebnd\u00ebs dhe CD,\u201d tha ajo.<\/p>\n<p>N\u00eb an\u00ebn tjet\u00ebr, avokati i t\u00eb akuzuarit, Dejan Vasiq, i hodhi posht\u00eb pretendimet e prokuroris\u00eb, duke theksuar se nuk \u00ebsht\u00eb kontaktuar asnj\u00ebher\u00eb p\u00ebr t\u2019i marr\u00eb shkresat dhe se ato nuk jan\u00eb t\u00eb plota.<\/p>\n<p>\u201cAsnj\u00ebher\u00eb nuk m\u00eb kan\u00eb thirrur prokuroria p\u00ebr t\u00eb shkuar mi marr shkresat e l\u00ebnd\u00ebs. N\u00eb an\u00ebn tjet\u00ebr pse prokuroria nuk i ka d\u00ebrguar me post\u00eb. E treta shikoni shkresat e prokuroris\u00eb, shikoni edhe shkresat e juaja, edhe na tregoni se a jan\u00eb krejt shkresat e l\u00ebnd\u00ebs q\u00eb duhet t\u2019i pranoj prokuroria, shikoni,\u201d tha ai.<\/p>\n<p>Pas d\u00ebgjimit t\u00eb pal\u00ebve, gjyqtarja Shqipe Sejdiu njoftoi se p\u00ebr shkak t\u00eb rrethanave t\u00eb krijuara, seanca e sotme fillestare shtyhet.<\/p>\n<p>\u201cP\u00ebr k\u00ebto arsye dhe rrethanat, gjykata nxjerr aktvendim q\u00eb t\u00eb shtyhet seanca fillestare e sotme, kjo seanc\u00eb shtyhet m\u00eb 9 tetor n\u00eb or\u00ebn 13:30,\u201d tha ajo.<\/p>\n","protected":false},"excerpt":{"rendered":"<p>Leposaviq 18 Shtator 2025 \u00cbsht\u00eb shtyr\u00eb Seanca fillestare ndaj n\u00ebnkryetarit t\u00eb List\u00ebs Serbe, Slavko Simiq, dhe Urosh Vukasinoviq, t\u00eb cil\u00ebt akuzohen se nxit\u00ebn protestuesit q\u00eb<\/p>\n","protected":false},"author":6,"featured_media":12496,"comment_status":"open","ping_status":"open","sticky":false,"template":"","format":"standard","meta":{"footnotes":""},"categories":[60],"tags":[],"class_list":["post-12495","post","type-post","status-publish","format-standard","has-post-thumbnail","hentry","category-shoqerore-sq"],"yoast_head":"<!-- This site is optimized with the Yoast SEO plugin v25.3.1 - https:\/\/yoast.com\/wordpress\/plugins\/seo\/ -->\n<title>Shtyhet seanca ndaj Simiq dhe Vukasinoviq, avokati i t\u00eb akuzuarit pretendon q\u00eb nuk pranoi shkresat -<\/title>\n<meta name=\"robots\" content=\"index, follow, max-snippet:-1, max-image-preview:large, max-video-preview:-1\" \/>\n<link rel=\"canonical\" href=\"https:\/\/veritasinfo.org\/?p=12495\" \/>\n<meta property=\"og:locale\" content=\"en_US\" \/>\n<meta property=\"og:type\" content=\"article\" \/>\n<meta property=\"og:title\" content=\"Shtyhet seanca ndaj Simiq dhe Vukasinoviq, avokati i t\u00eb akuzuarit pretendon q\u00eb nuk pranoi shkresat -\" \/>\n<meta property=\"og:description\" content=\"Leposaviq 18 Shtator 2025 \u00cbsht\u00eb shtyr\u00eb Seanca fillestare ndaj n\u00ebnkryetarit t\u00eb List\u00ebs Serbe, Slavko Simiq, dhe Urosh Vukasinoviq, t\u00eb cil\u00ebt akuzohen se nxit\u00ebn protestuesit q\u00eb\" \/>\n<meta property=\"og:url\" content=\"https:\/\/veritasinfo.org\/?p=12495\" \/>\n<meta property=\"article:published_time\" content=\"2025-09-18T08:12:56+00:00\" \/>\n<meta property=\"og:image\" content=\"https:\/\/veritasinfo.org\/wp-content\/uploads\/2025\/09\/704393-ijnzqOlgZJ.jpg\" \/>\n\t<meta property=\"og:image:width\" content=\"780\" \/>\n\t<meta property=\"og:image:height\" content=\"500\" \/>\n\t<meta property=\"og:image:type\" content=\"image\/jpeg\" \/>\n<meta name=\"author\" content=\"US5\" \/>\n<meta name=\"twitter:card\" content=\"summary_large_image\" \/>\n<meta name=\"twitter:label1\" content=\"Written by\" \/>\n\t<meta name=\"twitter:data1\" content=\"US5\" \/>\n\t<meta name=\"twitter:label2\" content=\"Est. reading time\" \/>\n\t<meta name=\"twitter:data2\" content=\"2 minutes\" \/>\n<script type=\"application\/ld+json\" class=\"yoast-schema-graph\">{\"@context\":\"https:\/\/schema.org\",\"@graph\":[{\"@type\":\"WebPage\",\"@id\":\"https:\/\/veritasinfo.org\/?p=12495\",\"url\":\"https:\/\/veritasinfo.org\/?p=12495\",\"name\":\"Shtyhet seanca ndaj Simiq dhe Vukasinoviq, avokati i t\u00eb akuzuarit pretendon q\u00eb nuk pranoi shkresat -\",\"isPartOf\":{\"@id\":\"https:\/\/veritasinfo.org\/#website\"},\"primaryImageOfPage\":{\"@id\":\"https:\/\/veritasinfo.org\/?p=12495#primaryimage\"},\"image\":{\"@id\":\"https:\/\/veritasinfo.org\/?p=12495#primaryimage\"},\"thumbnailUrl\":\"https:\/\/veritasinfo.org\/wp-content\/uploads\/2025\/09\/704393-ijnzqOlgZJ.jpg\",\"datePublished\":\"2025-09-18T08:12:56+00:00\",\"author\":{\"@id\":\"https:\/\/veritasinfo.org\/#\/schema\/person\/bc442336e35414d04494ab8fb45db4c6\"},\"breadcrumb\":{\"@id\":\"https:\/\/veritasinfo.org\/?p=12495#breadcrumb\"},\"inLanguage\":\"en-US\",\"potentialAction\":[{\"@type\":\"ReadAction\",\"target\":[\"https:\/\/veritasinfo.org\/?p=12495\"]}]},{\"@type\":\"ImageObject\",\"inLanguage\":\"en-US\",\"@id\":\"https:\/\/veritasinfo.org\/?p=12495#primaryimage\",\"url\":\"https:\/\/veritasinfo.org\/wp-content\/uploads\/2025\/09\/704393-ijnzqOlgZJ.jpg\",\"contentUrl\":\"https:\/\/veritasinfo.org\/wp-content\/uploads\/2025\/09\/704393-ijnzqOlgZJ.jpg\",\"width\":780,\"height\":500},{\"@type\":\"BreadcrumbList\",\"@id\":\"https:\/\/veritasinfo.org\/?p=12495#breadcrumb\",\"itemListElement\":[{\"@type\":\"ListItem\",\"position\":1,\"name\":\"Home\",\"item\":\"https:\/\/veritasinfo.org\/\"},{\"@type\":\"ListItem\",\"position\":2,\"name\":\"Shtyhet seanca ndaj Simiq dhe Vukasinoviq, avokati i t\u00eb akuzuarit pretendon q\u00eb nuk pranoi shkresat\"}]},{\"@type\":\"WebSite\",\"@id\":\"https:\/\/veritasinfo.org\/#website\",\"url\":\"https:\/\/veritasinfo.org\/\",\"name\":\"\",\"description\":\"\",\"potentialAction\":[{\"@type\":\"SearchAction\",\"target\":{\"@type\":\"EntryPoint\",\"urlTemplate\":\"https:\/\/veritasinfo.org\/?s={search_term_string}\"},\"query-input\":{\"@type\":\"PropertyValueSpecification\",\"valueRequired\":true,\"valueName\":\"search_term_string\"}}],\"inLanguage\":\"en-US\"},{\"@type\":\"Person\",\"@id\":\"https:\/\/veritasinfo.org\/#\/schema\/person\/bc442336e35414d04494ab8fb45db4c6\",\"name\":\"US5\",\"image\":{\"@type\":\"ImageObject\",\"inLanguage\":\"en-US\",\"@id\":\"https:\/\/veritasinfo.org\/#\/schema\/person\/image\/\",\"url\":\"https:\/\/secure.gravatar.com\/avatar\/16a61e7272a0c5d001121ebb9e60e925d5816e4ac1e443ed3e640d9a6ae55d0c?s=96&d=mm&r=g\",\"contentUrl\":\"https:\/\/secure.gravatar.com\/avatar\/16a61e7272a0c5d001121ebb9e60e925d5816e4ac1e443ed3e640d9a6ae55d0c?s=96&d=mm&r=g\",\"caption\":\"US5\"},\"url\":\"https:\/\/veritasinfo.org\/?author=6\"}]}<\/script>\n<!-- \/ Yoast SEO plugin. -->","yoast_head_json":{"title":"Shtyhet seanca ndaj Simiq dhe Vukasinoviq, avokati i t\u00eb akuzuarit pretendon q\u00eb nuk pranoi shkresat -","robots":{"index":"index","follow":"follow","max-snippet":"max-snippet:-1","max-image-preview":"max-image-preview:large","max-video-preview":"max-video-preview:-1"},"canonical":"https:\/\/veritasinfo.org\/?p=12495","og_locale":"en_US","og_type":"article","og_title":"Shtyhet seanca ndaj Simiq dhe Vukasinoviq, avokati i t\u00eb akuzuarit pretendon q\u00eb nuk pranoi shkresat -","og_description":"Leposaviq 18 Shtator 2025 \u00cbsht\u00eb shtyr\u00eb Seanca fillestare ndaj n\u00ebnkryetarit t\u00eb List\u00ebs Serbe, Slavko Simiq, dhe Urosh Vukasinoviq, t\u00eb cil\u00ebt akuzohen se nxit\u00ebn protestuesit q\u00eb","og_url":"https:\/\/veritasinfo.org\/?p=12495","article_published_time":"2025-09-18T08:12:56+00:00","og_image":[{"width":780,"height":500,"url":"https:\/\/veritasinfo.org\/wp-content\/uploads\/2025\/09\/704393-ijnzqOlgZJ.jpg","type":"image\/jpeg"}],"author":"US5","twitter_card":"summary_large_image","twitter_misc":{"Written by":"US5","Est. reading time":"2 minutes"},"schema":{"@context":"https:\/\/schema.org","@graph":[{"@type":"WebPage","@id":"https:\/\/veritasinfo.org\/?p=12495","url":"https:\/\/veritasinfo.org\/?p=12495","name":"Shtyhet seanca ndaj Simiq dhe Vukasinoviq, avokati i t\u00eb akuzuarit pretendon q\u00eb nuk pranoi shkresat -","isPartOf":{"@id":"https:\/\/veritasinfo.org\/#website"},"primaryImageOfPage":{"@id":"https:\/\/veritasinfo.org\/?p=12495#primaryimage"},"image":{"@id":"https:\/\/veritasinfo.org\/?p=12495#primaryimage"},"thumbnailUrl":"https:\/\/veritasinfo.org\/wp-content\/uploads\/2025\/09\/704393-ijnzqOlgZJ.jpg","datePublished":"2025-09-18T08:12:56+00:00","author":{"@id":"https:\/\/veritasinfo.org\/#\/schema\/person\/bc442336e35414d04494ab8fb45db4c6"},"breadcrumb":{"@id":"https:\/\/veritasinfo.org\/?p=12495#breadcrumb"},"inLanguage":"en-US","potentialAction":[{"@type":"ReadAction","target":["https:\/\/veritasinfo.org\/?p=12495"]}]},{"@type":"ImageObject","inLanguage":"en-US","@id":"https:\/\/veritasinfo.org\/?p=12495#primaryimage","url":"https:\/\/veritasinfo.org\/wp-content\/uploads\/2025\/09\/704393-ijnzqOlgZJ.jpg","contentUrl":"https:\/\/veritasinfo.org\/wp-content\/uploads\/2025\/09\/704393-ijnzqOlgZJ.jpg","width":780,"height":500},{"@type":"BreadcrumbList","@id":"https:\/\/veritasinfo.org\/?p=12495#breadcrumb","itemListElement":[{"@type":"ListItem","position":1,"name":"Home","item":"https:\/\/veritasinfo.org\/"},{"@type":"ListItem","position":2,"name":"Shtyhet seanca ndaj Simiq dhe Vukasinoviq, avokati i t\u00eb akuzuarit pretendon q\u00eb nuk pranoi shkresat"}]},{"@type":"WebSite","@id":"https:\/\/veritasinfo.org\/#website","url":"https:\/\/veritasinfo.org\/","name":"","description":"","potentialAction":[{"@type":"SearchAction","target":{"@type":"EntryPoint","urlTemplate":"https:\/\/veritasinfo.org\/?s={search_term_string}"},"query-input":{"@type":"PropertyValueSpecification","valueRequired":true,"valueName":"search_term_string"}}],"inLanguage":"en-US"},{"@type":"Person","@id":"https:\/\/veritasinfo.org\/#\/schema\/person\/bc442336e35414d04494ab8fb45db4c6","name":"US5","image":{"@type":"ImageObject","inLanguage":"en-US","@id":"https:\/\/veritasinfo.org\/#\/schema\/person\/image\/","url":"https:\/\/secure.gravatar.com\/avatar\/16a61e7272a0c5d001121ebb9e60e925d5816e4ac1e443ed3e640d9a6ae55d0c?s=96&d=mm&r=g","contentUrl":"https:\/\/secure.gravatar.com\/avatar\/16a61e7272a0c5d001121ebb9e60e925d5816e4ac1e443ed3e640d9a6ae55d0c?s=96&d=mm&r=g","caption":"US5"},"url":"https:\/\/veritasinfo.org\/?author=6"}]}},"featured_image_urls":{"full":["https:\/\/veritasinfo.org\/wp-content\/uploads\/2025\/09\/704393-ijnzqOlgZJ.jpg",780,500,false],"thumbnail":["https:\/\/veritasinfo.org\/wp-content\/uploads\/2025\/09\/704393-ijnzqOlgZJ-150x150.jpg",150,150,true],"medium":["https:\/\/veritasinfo.org\/wp-content\/uploads\/2025\/09\/704393-ijnzqOlgZJ-300x192.jpg",300,192,true],"medium_large":["https:\/\/veritasinfo.org\/wp-content\/uploads\/2025\/09\/704393-ijnzqOlgZJ-768x492.jpg",640,410,true],"large":["https:\/\/veritasinfo.org\/wp-content\/uploads\/2025\/09\/704393-ijnzqOlgZJ.jpg",640,410,false],"1536x1536":["https:\/\/veritasinfo.org\/wp-content\/uploads\/2025\/09\/704393-ijnzqOlgZJ.jpg",780,500,false],"2048x2048":["https:\/\/veritasinfo.org\/wp-content\/uploads\/2025\/09\/704393-ijnzqOlgZJ.jpg",780,500,false],"kreeti-slider-full":["https:\/\/veritasinfo.org\/wp-content\/uploads\/2025\/09\/704393-ijnzqOlgZJ.jpg",780,500,false],"kreeti-featured":["https:\/\/veritasinfo.org\/wp-content\/uploads\/2025\/09\/704393-ijnzqOlgZJ.jpg",780,500,false],"kreeti-medium":["https:\/\/veritasinfo.org\/wp-content\/uploads\/2025\/09\/704393-ijnzqOlgZJ.jpg",720,462,false],"kreeti-medium-square":["https:\/\/veritasinfo.org\/wp-content\/uploads\/2025\/09\/704393-ijnzqOlgZJ.jpg",350,224,false]},"author_info":{"info":["US5"]},"category_info":"<a href=\"https:\/\/veritasinfo.org\/?cat=60\" rel=\"category\">Shoq\u00ebrore<\/a>","tag_info":"Shoq\u00ebrore","comment_count":"0","_links":{"self":[{"href":"https:\/\/veritasinfo.org\/index.php?rest_route=\/wp\/v2\/posts\/12495","targetHints":{"allow":["GET"]}}],"collection":[{"href":"https:\/\/veritasinfo.org\/index.php?rest_route=\/wp\/v2\/posts"}],"about":[{"href":"https:\/\/veritasinfo.org\/index.php?rest_route=\/wp\/v2\/types\/post"}],"author":[{"embeddable":true,"href":"https:\/\/veritasinfo.org\/index.php?rest_route=\/wp\/v2\/users\/6"}],"replies":[{"embeddable":true,"href":"https:\/\/veritasinfo.org\/index.php?rest_route=%2Fwp%2Fv2%2Fcomments&post=12495"}],"version-history":[{"count":1,"href":"https:\/\/veritasinfo.org\/index.php?rest_route=\/wp\/v2\/posts\/12495\/revisions"}],"predecessor-version":[{"id":12497,"href":"https:\/\/veritasinfo.org\/index.php?rest_route=\/wp\/v2\/posts\/12495\/revisions\/12497"}],"wp:featuredmedia":[{"embeddable":true,"href":"https:\/\/veritasinfo.org\/index.php?rest_route=\/wp\/v2\/media\/12496"}],"wp:attachment":[{"href":"https:\/\/veritasinfo.org\/index.php?rest_route=%2Fwp%2Fv2%2Fmedia&parent=12495"}],"wp:term":[{"taxonomy":"category","embeddable":true,"href":"https:\/\/veritasinfo.org\/index.php?rest_route=%2Fwp%2Fv2%2Fcategories&post=12495"},{"taxonomy":"post_tag","embeddable":true,"href":"https:\/\/veritasinfo.org\/index.php?rest_route=%2Fwp%2Fv2%2Ftags&post=12495"}],"curies":[{"name":"wp","href":"https:\/\/api.w.org\/{rel}","templated":true}]}}