{"id":12479,"date":"2025-09-18T09:30:26","date_gmt":"2025-09-18T07:30:26","guid":{"rendered":"https:\/\/veritasinfo.org\/?p=12479"},"modified":"2025-09-18T09:30:26","modified_gmt":"2025-09-18T07:30:26","slug":"arrestohet-zevendeskryetarja-e-komunes-se-leposaviqit-dyshohet-per-sulm-ndaj-nje-punonjeseje","status":"publish","type":"post","link":"https:\/\/veritasinfo.org\/?p=12479","title":{"rendered":"Arrestohet z\u00ebvend\u00ebskryetarja e Komun\u00ebs s\u00eb Leposaviqit, dyshohet p\u00ebr sulm ndaj nj\u00eb punonj\u00ebseje"},"content":{"rendered":"<p>Leposaviq, 18 shtator 2025<\/p>\n<p>Z\u00ebvend\u00ebskryetarja e Komun\u00ebs s\u00eb Leposaviqit \u00ebsht\u00eb arrestuar nga Policia e Kosov\u00ebs.<\/p>\n<p>E nj\u00ebjta dyshohet se ka sulmuar fizikisht nj\u00eb punonj\u00ebse, e cila kishte k\u00ebrkuar t\u00eb largohet nga puna.<\/p>\n<p>Policia n\u00eb raportin ditor ka b\u00ebr\u00eb t\u00eb ditur se me vendim t\u00eb prokurorit pal\u00ebt jan\u00eb liruar pas intervistimit.<\/p>\n<p>\u201c\u00cbsht\u00eb arrestuar e dyshuara fem\u00ebr kosovare- z\u00ebvend\u00ebs kryetare e komun\u00ebs, pasi q\u00eb dyshohet se n\u00eb objektin e komun\u00ebs, ka sulmuar fizikisht viktim\u00ebn fem\u00ebr kosovare, e cila kishte k\u00ebrkuar vendim mbi largimin nga puna. Me vendim t\u00eb prokurorit, pas intervistimit pal\u00ebt jan\u00eb liruar dhe rasti shkon n\u00eb procedur\u00eb t\u00eb rregullt\u201d, thuhet n\u00eb njoftim.<\/p>\n<p>&nbsp;<\/p>\n","protected":false},"excerpt":{"rendered":"<p>Leposaviq, 18 shtator 2025 Z\u00ebvend\u00ebskryetarja e Komun\u00ebs s\u00eb Leposaviqit \u00ebsht\u00eb arrestuar nga Policia e Kosov\u00ebs. E nj\u00ebjta dyshohet se ka sulmuar fizikisht nj\u00eb punonj\u00ebse, e<\/p>\n","protected":false},"author":7,"featured_media":12480,"comment_status":"open","ping_status":"open","sticky":false,"template":"","format":"standard","meta":{"footnotes":""},"categories":[52],"tags":[],"class_list":["post-12479","post","type-post","status-publish","format-standard","has-post-thumbnail","hentry","category-komunat-sq"],"yoast_head":"<!-- This site is optimized with the Yoast SEO plugin v25.3.1 - https:\/\/yoast.com\/wordpress\/plugins\/seo\/ -->\n<title>Arrestohet z\u00ebvend\u00ebskryetarja e Komun\u00ebs s\u00eb Leposaviqit, dyshohet p\u00ebr sulm ndaj nj\u00eb punonj\u00ebseje -<\/title>\n<meta name=\"robots\" content=\"index, follow, max-snippet:-1, max-image-preview:large, max-video-preview:-1\" \/>\n<link rel=\"canonical\" href=\"https:\/\/veritasinfo.org\/?p=12479\" \/>\n<meta property=\"og:locale\" content=\"en_US\" \/>\n<meta property=\"og:type\" content=\"article\" \/>\n<meta property=\"og:title\" content=\"Arrestohet z\u00ebvend\u00ebskryetarja e Komun\u00ebs s\u00eb Leposaviqit, dyshohet p\u00ebr sulm ndaj nj\u00eb punonj\u00ebseje -\" \/>\n<meta property=\"og:description\" content=\"Leposaviq, 18 shtator 2025 Z\u00ebvend\u00ebskryetarja e Komun\u00ebs s\u00eb Leposaviqit \u00ebsht\u00eb arrestuar nga Policia e Kosov\u00ebs. E nj\u00ebjta dyshohet se ka sulmuar fizikisht nj\u00eb punonj\u00ebse, e\" \/>\n<meta property=\"og:url\" content=\"https:\/\/veritasinfo.org\/?p=12479\" \/>\n<meta property=\"article:published_time\" content=\"2025-09-18T07:30:26+00:00\" \/>\n<meta property=\"og:image\" content=\"https:\/\/veritasinfo.org\/wp-content\/uploads\/2025\/09\/leposaviq.jpg\" \/>\n\t<meta property=\"og:image:width\" content=\"850\" \/>\n\t<meta property=\"og:image:height\" content=\"638\" \/>\n\t<meta property=\"og:image:type\" content=\"image\/jpeg\" \/>\n<meta name=\"author\" content=\"US6\" \/>\n<meta name=\"twitter:card\" content=\"summary_large_image\" \/>\n<meta name=\"twitter:label1\" content=\"Written by\" \/>\n\t<meta name=\"twitter:data1\" content=\"US6\" \/>\n\t<meta name=\"twitter:label2\" content=\"Est. reading time\" \/>\n\t<meta name=\"twitter:data2\" content=\"1 minute\" \/>\n<script type=\"application\/ld+json\" class=\"yoast-schema-graph\">{\"@context\":\"https:\/\/schema.org\",\"@graph\":[{\"@type\":\"WebPage\",\"@id\":\"https:\/\/veritasinfo.org\/?p=12479\",\"url\":\"https:\/\/veritasinfo.org\/?p=12479\",\"name\":\"Arrestohet z\u00ebvend\u00ebskryetarja e Komun\u00ebs s\u00eb Leposaviqit, dyshohet p\u00ebr sulm ndaj nj\u00eb punonj\u00ebseje -\",\"isPartOf\":{\"@id\":\"https:\/\/veritasinfo.org\/#website\"},\"primaryImageOfPage\":{\"@id\":\"https:\/\/veritasinfo.org\/?p=12479#primaryimage\"},\"image\":{\"@id\":\"https:\/\/veritasinfo.org\/?p=12479#primaryimage\"},\"thumbnailUrl\":\"https:\/\/veritasinfo.org\/wp-content\/uploads\/2025\/09\/leposaviq.jpg\",\"datePublished\":\"2025-09-18T07:30:26+00:00\",\"author\":{\"@id\":\"https:\/\/veritasinfo.org\/#\/schema\/person\/fe199eede04c3937362892b7444747cc\"},\"breadcrumb\":{\"@id\":\"https:\/\/veritasinfo.org\/?p=12479#breadcrumb\"},\"inLanguage\":\"en-US\",\"potentialAction\":[{\"@type\":\"ReadAction\",\"target\":[\"https:\/\/veritasinfo.org\/?p=12479\"]}]},{\"@type\":\"ImageObject\",\"inLanguage\":\"en-US\",\"@id\":\"https:\/\/veritasinfo.org\/?p=12479#primaryimage\",\"url\":\"https:\/\/veritasinfo.org\/wp-content\/uploads\/2025\/09\/leposaviq.jpg\",\"contentUrl\":\"https:\/\/veritasinfo.org\/wp-content\/uploads\/2025\/09\/leposaviq.jpg\",\"width\":850,\"height\":638},{\"@type\":\"BreadcrumbList\",\"@id\":\"https:\/\/veritasinfo.org\/?p=12479#breadcrumb\",\"itemListElement\":[{\"@type\":\"ListItem\",\"position\":1,\"name\":\"Home\",\"item\":\"https:\/\/veritasinfo.org\/\"},{\"@type\":\"ListItem\",\"position\":2,\"name\":\"Arrestohet z\u00ebvend\u00ebskryetarja e Komun\u00ebs s\u00eb Leposaviqit, dyshohet p\u00ebr sulm ndaj nj\u00eb punonj\u00ebseje\"}]},{\"@type\":\"WebSite\",\"@id\":\"https:\/\/veritasinfo.org\/#website\",\"url\":\"https:\/\/veritasinfo.org\/\",\"name\":\"\",\"description\":\"\",\"potentialAction\":[{\"@type\":\"SearchAction\",\"target\":{\"@type\":\"EntryPoint\",\"urlTemplate\":\"https:\/\/veritasinfo.org\/?s={search_term_string}\"},\"query-input\":{\"@type\":\"PropertyValueSpecification\",\"valueRequired\":true,\"valueName\":\"search_term_string\"}}],\"inLanguage\":\"en-US\"},{\"@type\":\"Person\",\"@id\":\"https:\/\/veritasinfo.org\/#\/schema\/person\/fe199eede04c3937362892b7444747cc\",\"name\":\"US6\",\"image\":{\"@type\":\"ImageObject\",\"inLanguage\":\"en-US\",\"@id\":\"https:\/\/veritasinfo.org\/#\/schema\/person\/image\/\",\"url\":\"https:\/\/secure.gravatar.com\/avatar\/cb16c3c31c9d23b9b8c705964598220b3014e42ff51eb540ff23cefa3ae8c15f?s=96&d=mm&r=g\",\"contentUrl\":\"https:\/\/secure.gravatar.com\/avatar\/cb16c3c31c9d23b9b8c705964598220b3014e42ff51eb540ff23cefa3ae8c15f?s=96&d=mm&r=g\",\"caption\":\"US6\"},\"url\":\"https:\/\/veritasinfo.org\/?author=7\"}]}<\/script>\n<!-- \/ Yoast SEO plugin. -->","yoast_head_json":{"title":"Arrestohet z\u00ebvend\u00ebskryetarja e Komun\u00ebs s\u00eb Leposaviqit, dyshohet p\u00ebr sulm ndaj nj\u00eb punonj\u00ebseje -","robots":{"index":"index","follow":"follow","max-snippet":"max-snippet:-1","max-image-preview":"max-image-preview:large","max-video-preview":"max-video-preview:-1"},"canonical":"https:\/\/veritasinfo.org\/?p=12479","og_locale":"en_US","og_type":"article","og_title":"Arrestohet z\u00ebvend\u00ebskryetarja e Komun\u00ebs s\u00eb Leposaviqit, dyshohet p\u00ebr sulm ndaj nj\u00eb punonj\u00ebseje -","og_description":"Leposaviq, 18 shtator 2025 Z\u00ebvend\u00ebskryetarja e Komun\u00ebs s\u00eb Leposaviqit \u00ebsht\u00eb arrestuar nga Policia e Kosov\u00ebs. E nj\u00ebjta dyshohet se ka sulmuar fizikisht nj\u00eb punonj\u00ebse, e","og_url":"https:\/\/veritasinfo.org\/?p=12479","article_published_time":"2025-09-18T07:30:26+00:00","og_image":[{"width":850,"height":638,"url":"https:\/\/veritasinfo.org\/wp-content\/uploads\/2025\/09\/leposaviq.jpg","type":"image\/jpeg"}],"author":"US6","twitter_card":"summary_large_image","twitter_misc":{"Written by":"US6","Est. reading time":"1 minute"},"schema":{"@context":"https:\/\/schema.org","@graph":[{"@type":"WebPage","@id":"https:\/\/veritasinfo.org\/?p=12479","url":"https:\/\/veritasinfo.org\/?p=12479","name":"Arrestohet z\u00ebvend\u00ebskryetarja e Komun\u00ebs s\u00eb Leposaviqit, dyshohet p\u00ebr sulm ndaj nj\u00eb punonj\u00ebseje -","isPartOf":{"@id":"https:\/\/veritasinfo.org\/#website"},"primaryImageOfPage":{"@id":"https:\/\/veritasinfo.org\/?p=12479#primaryimage"},"image":{"@id":"https:\/\/veritasinfo.org\/?p=12479#primaryimage"},"thumbnailUrl":"https:\/\/veritasinfo.org\/wp-content\/uploads\/2025\/09\/leposaviq.jpg","datePublished":"2025-09-18T07:30:26+00:00","author":{"@id":"https:\/\/veritasinfo.org\/#\/schema\/person\/fe199eede04c3937362892b7444747cc"},"breadcrumb":{"@id":"https:\/\/veritasinfo.org\/?p=12479#breadcrumb"},"inLanguage":"en-US","potentialAction":[{"@type":"ReadAction","target":["https:\/\/veritasinfo.org\/?p=12479"]}]},{"@type":"ImageObject","inLanguage":"en-US","@id":"https:\/\/veritasinfo.org\/?p=12479#primaryimage","url":"https:\/\/veritasinfo.org\/wp-content\/uploads\/2025\/09\/leposaviq.jpg","contentUrl":"https:\/\/veritasinfo.org\/wp-content\/uploads\/2025\/09\/leposaviq.jpg","width":850,"height":638},{"@type":"BreadcrumbList","@id":"https:\/\/veritasinfo.org\/?p=12479#breadcrumb","itemListElement":[{"@type":"ListItem","position":1,"name":"Home","item":"https:\/\/veritasinfo.org\/"},{"@type":"ListItem","position":2,"name":"Arrestohet z\u00ebvend\u00ebskryetarja e Komun\u00ebs s\u00eb Leposaviqit, dyshohet p\u00ebr sulm ndaj nj\u00eb punonj\u00ebseje"}]},{"@type":"WebSite","@id":"https:\/\/veritasinfo.org\/#website","url":"https:\/\/veritasinfo.org\/","name":"","description":"","potentialAction":[{"@type":"SearchAction","target":{"@type":"EntryPoint","urlTemplate":"https:\/\/veritasinfo.org\/?s={search_term_string}"},"query-input":{"@type":"PropertyValueSpecification","valueRequired":true,"valueName":"search_term_string"}}],"inLanguage":"en-US"},{"@type":"Person","@id":"https:\/\/veritasinfo.org\/#\/schema\/person\/fe199eede04c3937362892b7444747cc","name":"US6","image":{"@type":"ImageObject","inLanguage":"en-US","@id":"https:\/\/veritasinfo.org\/#\/schema\/person\/image\/","url":"https:\/\/secure.gravatar.com\/avatar\/cb16c3c31c9d23b9b8c705964598220b3014e42ff51eb540ff23cefa3ae8c15f?s=96&d=mm&r=g","contentUrl":"https:\/\/secure.gravatar.com\/avatar\/cb16c3c31c9d23b9b8c705964598220b3014e42ff51eb540ff23cefa3ae8c15f?s=96&d=mm&r=g","caption":"US6"},"url":"https:\/\/veritasinfo.org\/?author=7"}]}},"featured_image_urls":{"full":["https:\/\/veritasinfo.org\/wp-content\/uploads\/2025\/09\/leposaviq.jpg",850,638,false],"thumbnail":["https:\/\/veritasinfo.org\/wp-content\/uploads\/2025\/09\/leposaviq-150x150.jpg",150,150,true],"medium":["https:\/\/veritasinfo.org\/wp-content\/uploads\/2025\/09\/leposaviq-300x225.jpg",300,225,true],"medium_large":["https:\/\/veritasinfo.org\/wp-content\/uploads\/2025\/09\/leposaviq-768x576.jpg",640,480,true],"large":["https:\/\/veritasinfo.org\/wp-content\/uploads\/2025\/09\/leposaviq.jpg",640,480,false],"1536x1536":["https:\/\/veritasinfo.org\/wp-content\/uploads\/2025\/09\/leposaviq.jpg",850,638,false],"2048x2048":["https:\/\/veritasinfo.org\/wp-content\/uploads\/2025\/09\/leposaviq.jpg",850,638,false],"kreeti-slider-full":["https:\/\/veritasinfo.org\/wp-content\/uploads\/2025\/09\/leposaviq.jpg",850,638,false],"kreeti-featured":["https:\/\/veritasinfo.org\/wp-content\/uploads\/2025\/09\/leposaviq.jpg",850,638,false],"kreeti-medium":["https:\/\/veritasinfo.org\/wp-content\/uploads\/2025\/09\/leposaviq.jpg",706,530,false],"kreeti-medium-square":["https:\/\/veritasinfo.org\/wp-content\/uploads\/2025\/09\/leposaviq.jpg",350,263,false]},"author_info":{"info":["US6"]},"category_info":"<a href=\"https:\/\/veritasinfo.org\/?cat=52\" rel=\"category\">Komunat<\/a>","tag_info":"Komunat","comment_count":"0","_links":{"self":[{"href":"https:\/\/veritasinfo.org\/index.php?rest_route=\/wp\/v2\/posts\/12479","targetHints":{"allow":["GET"]}}],"collection":[{"href":"https:\/\/veritasinfo.org\/index.php?rest_route=\/wp\/v2\/posts"}],"about":[{"href":"https:\/\/veritasinfo.org\/index.php?rest_route=\/wp\/v2\/types\/post"}],"author":[{"embeddable":true,"href":"https:\/\/veritasinfo.org\/index.php?rest_route=\/wp\/v2\/users\/7"}],"replies":[{"embeddable":true,"href":"https:\/\/veritasinfo.org\/index.php?rest_route=%2Fwp%2Fv2%2Fcomments&post=12479"}],"version-history":[{"count":1,"href":"https:\/\/veritasinfo.org\/index.php?rest_route=\/wp\/v2\/posts\/12479\/revisions"}],"predecessor-version":[{"id":12481,"href":"https:\/\/veritasinfo.org\/index.php?rest_route=\/wp\/v2\/posts\/12479\/revisions\/12481"}],"wp:featuredmedia":[{"embeddable":true,"href":"https:\/\/veritasinfo.org\/index.php?rest_route=\/wp\/v2\/media\/12480"}],"wp:attachment":[{"href":"https:\/\/veritasinfo.org\/index.php?rest_route=%2Fwp%2Fv2%2Fmedia&parent=12479"}],"wp:term":[{"taxonomy":"category","embeddable":true,"href":"https:\/\/veritasinfo.org\/index.php?rest_route=%2Fwp%2Fv2%2Fcategories&post=12479"},{"taxonomy":"post_tag","embeddable":true,"href":"https:\/\/veritasinfo.org\/index.php?rest_route=%2Fwp%2Fv2%2Ftags&post=12479"}],"curies":[{"name":"wp","href":"https:\/\/api.w.org\/{rel}","templated":true}]}}